{"id":199527,"date":"2016-09-02T08:21:09","date_gmt":"2016-09-02T08:21:09","guid":{"rendered":"https:\/\/eenewseurope.artwhere.co\/microcontroleurs-avec-e-flash-en-technologie-28-nm-pour-lautomobile\/"},"modified":"2016-09-02T08:21:09","modified_gmt":"2016-09-02T08:21:09","slug":"microcontroleurs-avec-e-flash-en-technologie-28-nm-pour-lautomobile","status":"publish","type":"post","link":"https:\/\/www.ecinews.fr\/fr\/microcontroleurs-avec-e-flash-en-technologie-28-nm-pour-lautomobile\/","title":{"rendered":"Microcontr\u00f4leurs avec e-flash en technologie 28 nm pour l\u2019automobile"},"content":{"rendered":"<p>Renesas et TSMC ont d\u00e9j\u00e0 collabor\u00e9 sur les microcontr\u00f4leurs avec de la m\u00e9moire Flash int\u00e9gr\u00e9e depuis la g\u00e9n\u00e9ration en&nbsp;technologie 90 nm. Ils ont continu\u00e9 ensuite avec la production en 40 nm et sur leur lanc\u00e9e, les deux parenaires \u00e9tendent leur collaboration \u00e0 la technologie 28 nm. Gr\u00e2ce \u00e0 cette collaboration, la technologie m\u00e9tal-oxyde-nitrure-oxyde-silicium (monos) eFlash tr\u00e8s fiable et rapide de Renesas va se combiner avec les microcontroleurs haute performance et faible consommation&nbsp;de TSMC, pour de multiples applications en automobile &nbsp;telles que la gestion des capteurs,&nbsp;la gestion des diff\u00e9rentes unit\u00e9s de contr\u00f4le \u00e9lectronique, la gestion de la consommation de carburant pour les v\u00e9hicules verts, ou encore le contr\u00f4le des onduleurs sur les v\u00e9hicules \u00e9lectriques.<\/p>\n<p>Il y a par ailleurs un besoin de m\u00e9moire flash de grande capacit\u00e9 pour r\u00e9pondre de mani\u00e8re plus pr\u00e9cise aux r\u00e8glements et aux normes environnementales de divers pays. La technologie d\u2019int\u00e9gration de m\u00e9moire flash dans un microcontr\u00f4leur, avec des performances \u00e9lev\u00e9es et une excellente s\u00e9curit\u00e9 de fonctionnement&nbsp;est \u00e9galement adapt\u00e9e aux besoins de&nbsp;l&rsquo;industrie 4.0. Cette technologie en 28 nm r\u00e9pondra&nbsp;aux besoins de la prochaine g\u00e9n\u00e9ration d\u2019informatique automobile en multipliant par 4 la capacit\u00e9 m\u00e9moire embarqu\u00e9e, par rapport \u00e0 la technologie 40 nm. Ces nouveaux microcontr\u00f4leurs utilisent plusieurs c\u0153urs de processeurs, une s\u00e9curit\u00e9 augment\u00e9e et le support d&rsquo;interface multiples<\/p>\n<p>La technologie M\u00e9tal-oxyde-nitrure-oxyde-silicium (monos) de Renesas qui int\u00e8gre la flash est une structure dans laquelle chaque transistor de la cellule flash est constitu\u00e9 de trois couches d&rsquo;oxyde, de nitrure et d&rsquo;oxyde sur une base de silicium, avec en t\u00eate une porte de commande.<\/p>\n<p>Renesas a plus de deux d\u00e9cennies d&rsquo;exp\u00e9rience dans l&rsquo;utilisation de la technologie monos en m\u00e9moire flash.<\/p>\n<p>Renesas;&nbsp;<a href=\"http:\/\/renesas.com\/\">renesas.com<\/a>&nbsp; &nbsp; &nbsp;&#8211; &nbsp; &nbsp; TSMC;&nbsp;<a href=\"http:\/\/www.tsmc.com\/\">www.tsmc.com<\/a><\/p>\n","protected":false},"excerpt":{"rendered":"<p>Renesas Electronics et TSMC ont annonc\u00e9 qu&rsquo;ils vont collaborer pour la fabrication de microcontrolleurs en technologie 28 nm embarquant une m\u00e9moire flash (eFlash), pour la prochaine g\u00e9n\u00e9ration de v\u00e9hicules autonomes. Les MCU pour l&rsquo;automobile bas\u00e9 sur cette nouvelle technologie de processus 28 nm sont pr\u00e9vus pour un \u00e9chantillonnage d\u00e8s 2017 avec une production en volume en 2020<\/p>\n","protected":false},"author":11,"featured_media":199528,"comment_status":"closed","ping_status":"closed","sticky":false,"template":"","format":"standard","meta":{"_acf_changed":false,"footnotes":""},"categories":[883],"tags":[891,905,906],"domains":[47],"ppma_author":[1143],"class_list":["post-199527","post","type-post","status-publish","format-standard","has-post-thumbnail","hentry","category-technologies","tag-automotive-fr","tag-memory-data-storage-fr","tag-mpus-mcus-fr","domains-electronique-eci"],"acf":[],"yoast_head":"<title>Microcontr\u00f4leurs avec e-flash en technologie 28 nm pour l\u2019au...<\/title>\n<meta name=\"description\" content=\"Renesas Electronics et TSMC ont annonc\u00e9 qu&#039;ils vont collaborer pour la fabrication de microcontrolleurs en technologie 28 nm embarquant une m\u00e9moire flash...\" \/>\n<meta name=\"robots\" content=\"index, follow, max-snippet:-1, max-image-preview:large, max-video-preview:-1\" \/>\n<link rel=\"canonical\" href=\"https:\/\/www.ecinews.fr\/fr\/wp-json\/wp\/v2\/posts\/199527\/\" \/>\n<meta property=\"og:locale\" content=\"fr_FR\" \/>\n<meta property=\"og:type\" content=\"article\" \/>\n<meta property=\"og:title\" content=\"Microcontr\u00f4leurs avec e-flash en technologie 28 nm pour l\u2019automobile\" \/>\n<meta property=\"og:description\" content=\"Renesas Electronics et TSMC ont annonc\u00e9 qu&#039;ils vont collaborer pour la fabrication de microcontrolleurs en technologie 28 nm embarquant une m\u00e9moire flash (eFlash), pour la prochaine g\u00e9n\u00e9ration de v\u00e9hicules autonomes. Les MCU pour l&#039;automobile bas\u00e9 sur cette nouvelle technologie de processus 28 nm sont pr\u00e9vus pour un \u00e9chantillonnage d\u00e8s 2017 avec une production en volume en 2020\" \/>\n<meta property=\"og:url\" content=\"https:\/\/www.ecinews.fr\/fr\/wp-json\/wp\/v2\/posts\/199527\/\" \/>\n<meta property=\"og:site_name\" content=\"EENewsEurope\" \/>\n<meta property=\"article:published_time\" content=\"2016-09-02T08:21:09+00:00\" \/>\n<meta property=\"og:image\" content=\"https:\/\/www.ecinews.fr\/wp-content\/uploads\/import\/default\/files\/sites\/default\/files\/images\/renesas_tsmc.jpg\" \/>\n\t<meta property=\"og:image:width\" content=\"864\" \/>\n\t<meta property=\"og:image:height\" content=\"300\" \/>\n\t<meta property=\"og:image:type\" content=\"image\/jpeg\" \/>\n<meta name=\"author\" content=\"Daniel Cardon\" \/>\n<meta name=\"twitter:card\" content=\"summary_large_image\" \/>\n<meta name=\"twitter:label1\" content=\"Written by\" \/>\n\t<meta name=\"twitter:data1\" content=\"Daniel Cardon\" \/>\n\t<meta name=\"twitter:label2\" content=\"Est. reading time\" \/>\n\t<meta name=\"twitter:data2\" content=\"2 minutes\" \/>\n<script type=\"application\/ld+json\" class=\"yoast-schema-graph\">{\"@context\":\"https:\/\/schema.org\",\"@graph\":[{\"@type\":\"Article\",\"@id\":\"https:\/\/www.ecinews.fr\/fr\/microcontroleurs-avec-e-flash-en-technologie-28-nm-pour-lautomobile\/#article\",\"isPartOf\":{\"@id\":\"https:\/\/www.ecinews.fr\/fr\/microcontroleurs-avec-e-flash-en-technologie-28-nm-pour-lautomobile\/\"},\"author\":{\"name\":\"Daniel Cardon\",\"@id\":\"https:\/\/www.ecinews.fr\/fr\/#\/schema\/person\/93c44cde463762f40a8236eaa44c1c17\"},\"headline\":\"Microcontr\u00f4leurs avec e-flash en technologie 28 nm pour l\u2019automobile\",\"datePublished\":\"2016-09-02T08:21:09+00:00\",\"dateModified\":\"2016-09-02T08:21:09+00:00\",\"mainEntityOfPage\":{\"@id\":\"https:\/\/www.ecinews.fr\/fr\/microcontroleurs-avec-e-flash-en-technologie-28-nm-pour-lautomobile\/\"},\"wordCount\":348,\"publisher\":{\"@id\":\"https:\/\/www.ecinews.fr\/fr\/#organization\"},\"keywords\":[\"Automotive\",\"Memory &amp; Data Storage\",\"MPUs\/MCUs\"],\"articleSection\":[\"Technologies\"],\"inLanguage\":\"fr-FR\"},{\"@type\":\"WebPage\",\"@id\":\"https:\/\/www.ecinews.fr\/fr\/microcontroleurs-avec-e-flash-en-technologie-28-nm-pour-lautomobile\/\",\"url\":\"https:\/\/www.ecinews.fr\/fr\/microcontroleurs-avec-e-flash-en-technologie-28-nm-pour-lautomobile\/\",\"name\":\"Microcontr\u00f4leurs avec e-flash en technologie 28 nm pour l\u2019automobile -\",\"isPartOf\":{\"@id\":\"https:\/\/www.ecinews.fr\/fr\/#website\"},\"datePublished\":\"2016-09-02T08:21:09+00:00\",\"dateModified\":\"2016-09-02T08:21:09+00:00\",\"breadcrumb\":{\"@id\":\"https:\/\/www.ecinews.fr\/fr\/microcontroleurs-avec-e-flash-en-technologie-28-nm-pour-lautomobile\/#breadcrumb\"},\"inLanguage\":\"fr-FR\",\"potentialAction\":[{\"@type\":\"ReadAction\",\"target\":[\"https:\/\/www.ecinews.fr\/fr\/microcontroleurs-avec-e-flash-en-technologie-28-nm-pour-lautomobile\/\"]}]},{\"@type\":\"BreadcrumbList\",\"@id\":\"https:\/\/www.ecinews.fr\/fr\/microcontroleurs-avec-e-flash-en-technologie-28-nm-pour-lautomobile\/#breadcrumb\",\"itemListElement\":[{\"@type\":\"ListItem\",\"position\":1,\"name\":\"Home\",\"item\":\"https:\/\/www.ecinews.fr\/fr\/\"},{\"@type\":\"ListItem\",\"position\":2,\"name\":\"Microcontr\u00f4leurs avec e-flash en technologie 28 nm pour l\u2019automobile\"}]},{\"@type\":\"WebSite\",\"@id\":\"https:\/\/www.ecinews.fr\/fr\/#website\",\"url\":\"https:\/\/www.ecinews.fr\/fr\/\",\"name\":\"EENewsEurope\",\"description\":\"Just another WordPress site\",\"publisher\":{\"@id\":\"https:\/\/www.ecinews.fr\/fr\/#organization\"},\"potentialAction\":[{\"@type\":\"SearchAction\",\"target\":{\"@type\":\"EntryPoint\",\"urlTemplate\":\"https:\/\/www.ecinews.fr\/fr\/?s={search_term_string}\"},\"query-input\":\"required name=search_term_string\"}],\"inLanguage\":\"fr-FR\"},{\"@type\":\"Organization\",\"@id\":\"https:\/\/www.ecinews.fr\/fr\/#organization\",\"name\":\"EENewsEurope\",\"url\":\"https:\/\/www.ecinews.fr\/fr\/\",\"logo\":{\"@type\":\"ImageObject\",\"inLanguage\":\"fr-FR\",\"@id\":\"https:\/\/www.ecinews.fr\/fr\/#\/schema\/logo\/image\/\",\"url\":\"https:\/\/www.ecinews.fr\/wp-content\/uploads\/2022\/02\/logo-1.jpg\",\"contentUrl\":\"https:\/\/www.ecinews.fr\/wp-content\/uploads\/2022\/02\/logo-1.jpg\",\"width\":283,\"height\":113,\"caption\":\"EENewsEurope\"},\"image\":{\"@id\":\"https:\/\/www.ecinews.fr\/fr\/#\/schema\/logo\/image\/\"}},{\"@type\":\"Person\",\"@id\":\"https:\/\/www.ecinews.fr\/fr\/#\/schema\/person\/93c44cde463762f40a8236eaa44c1c17\",\"name\":\"Daniel Cardon\",\"image\":{\"@type\":\"ImageObject\",\"inLanguage\":\"fr-FR\",\"@id\":\"https:\/\/www.ecinews.fr\/fr\/#\/schema\/person\/image\/2b243f6bcc1cff7d86aadfb2cd0bd870\",\"url\":\"https:\/\/secure.gravatar.com\/avatar\/de9edc136dfc061ad4778e04635baefa?s=96&d=mm&r=g\",\"contentUrl\":\"https:\/\/secure.gravatar.com\/avatar\/de9edc136dfc061ad4778e04635baefa?s=96&d=mm&r=g\",\"caption\":\"Daniel Cardon\"}}]}<\/script>","yoast_head_json":{"title":"Microcontr\u00f4leurs avec e-flash en technologie 28 nm pour l\u2019au...","description":"Renesas Electronics et TSMC ont annonc\u00e9 qu'ils vont collaborer pour la fabrication de microcontrolleurs en technologie 28 nm embarquant une m\u00e9moire flash...","robots":{"index":"index","follow":"follow","max-snippet":"max-snippet:-1","max-image-preview":"max-image-preview:large","max-video-preview":"max-video-preview:-1"},"canonical":"https:\/\/www.ecinews.fr\/fr\/wp-json\/wp\/v2\/posts\/199527\/","og_locale":"fr_FR","og_type":"article","og_title":"Microcontr\u00f4leurs avec e-flash en technologie 28 nm pour l\u2019automobile","og_description":"Renesas Electronics et TSMC ont annonc\u00e9 qu'ils vont collaborer pour la fabrication de microcontrolleurs en technologie 28 nm embarquant une m\u00e9moire flash (eFlash), pour la prochaine g\u00e9n\u00e9ration de v\u00e9hicules autonomes. Les MCU pour l'automobile bas\u00e9 sur cette nouvelle technologie de processus 28 nm sont pr\u00e9vus pour un \u00e9chantillonnage d\u00e8s 2017 avec une production en volume en 2020","og_url":"https:\/\/www.ecinews.fr\/fr\/wp-json\/wp\/v2\/posts\/199527\/","og_site_name":"EENewsEurope","article_published_time":"2016-09-02T08:21:09+00:00","og_image":[{"width":864,"height":300,"url":"https:\/\/www.ecinews.fr\/wp-content\/uploads\/import\/default\/files\/sites\/default\/files\/images\/renesas_tsmc.jpg","type":"image\/jpeg"}],"author":"Daniel Cardon","twitter_card":"summary_large_image","twitter_misc":{"Written by":"Daniel Cardon","Est. reading time":"2 minutes"},"schema":{"@context":"https:\/\/schema.org","@graph":[{"@type":"Article","@id":"https:\/\/www.ecinews.fr\/fr\/microcontroleurs-avec-e-flash-en-technologie-28-nm-pour-lautomobile\/#article","isPartOf":{"@id":"https:\/\/www.ecinews.fr\/fr\/microcontroleurs-avec-e-flash-en-technologie-28-nm-pour-lautomobile\/"},"author":{"name":"Daniel Cardon","@id":"https:\/\/www.ecinews.fr\/fr\/#\/schema\/person\/93c44cde463762f40a8236eaa44c1c17"},"headline":"Microcontr\u00f4leurs avec e-flash en technologie 28 nm pour l\u2019automobile","datePublished":"2016-09-02T08:21:09+00:00","dateModified":"2016-09-02T08:21:09+00:00","mainEntityOfPage":{"@id":"https:\/\/www.ecinews.fr\/fr\/microcontroleurs-avec-e-flash-en-technologie-28-nm-pour-lautomobile\/"},"wordCount":348,"publisher":{"@id":"https:\/\/www.ecinews.fr\/fr\/#organization"},"keywords":["Automotive","Memory &amp; Data Storage","MPUs\/MCUs"],"articleSection":["Technologies"],"inLanguage":"fr-FR"},{"@type":"WebPage","@id":"https:\/\/www.ecinews.fr\/fr\/microcontroleurs-avec-e-flash-en-technologie-28-nm-pour-lautomobile\/","url":"https:\/\/www.ecinews.fr\/fr\/microcontroleurs-avec-e-flash-en-technologie-28-nm-pour-lautomobile\/","name":"Microcontr\u00f4leurs avec e-flash en technologie 28 nm pour l\u2019automobile -","isPartOf":{"@id":"https:\/\/www.ecinews.fr\/fr\/#website"},"datePublished":"2016-09-02T08:21:09+00:00","dateModified":"2016-09-02T08:21:09+00:00","breadcrumb":{"@id":"https:\/\/www.ecinews.fr\/fr\/microcontroleurs-avec-e-flash-en-technologie-28-nm-pour-lautomobile\/#breadcrumb"},"inLanguage":"fr-FR","potentialAction":[{"@type":"ReadAction","target":["https:\/\/www.ecinews.fr\/fr\/microcontroleurs-avec-e-flash-en-technologie-28-nm-pour-lautomobile\/"]}]},{"@type":"BreadcrumbList","@id":"https:\/\/www.ecinews.fr\/fr\/microcontroleurs-avec-e-flash-en-technologie-28-nm-pour-lautomobile\/#breadcrumb","itemListElement":[{"@type":"ListItem","position":1,"name":"Home","item":"https:\/\/www.ecinews.fr\/fr\/"},{"@type":"ListItem","position":2,"name":"Microcontr\u00f4leurs avec e-flash en technologie 28 nm pour l\u2019automobile"}]},{"@type":"WebSite","@id":"https:\/\/www.ecinews.fr\/fr\/#website","url":"https:\/\/www.ecinews.fr\/fr\/","name":"EENewsEurope","description":"Just another WordPress site","publisher":{"@id":"https:\/\/www.ecinews.fr\/fr\/#organization"},"potentialAction":[{"@type":"SearchAction","target":{"@type":"EntryPoint","urlTemplate":"https:\/\/www.ecinews.fr\/fr\/?s={search_term_string}"},"query-input":"required name=search_term_string"}],"inLanguage":"fr-FR"},{"@type":"Organization","@id":"https:\/\/www.ecinews.fr\/fr\/#organization","name":"EENewsEurope","url":"https:\/\/www.ecinews.fr\/fr\/","logo":{"@type":"ImageObject","inLanguage":"fr-FR","@id":"https:\/\/www.ecinews.fr\/fr\/#\/schema\/logo\/image\/","url":"https:\/\/www.ecinews.fr\/wp-content\/uploads\/2022\/02\/logo-1.jpg","contentUrl":"https:\/\/www.ecinews.fr\/wp-content\/uploads\/2022\/02\/logo-1.jpg","width":283,"height":113,"caption":"EENewsEurope"},"image":{"@id":"https:\/\/www.ecinews.fr\/fr\/#\/schema\/logo\/image\/"}},{"@type":"Person","@id":"https:\/\/www.ecinews.fr\/fr\/#\/schema\/person\/93c44cde463762f40a8236eaa44c1c17","name":"Daniel Cardon","image":{"@type":"ImageObject","inLanguage":"fr-FR","@id":"https:\/\/www.ecinews.fr\/fr\/#\/schema\/person\/image\/2b243f6bcc1cff7d86aadfb2cd0bd870","url":"https:\/\/secure.gravatar.com\/avatar\/de9edc136dfc061ad4778e04635baefa?s=96&d=mm&r=g","contentUrl":"https:\/\/secure.gravatar.com\/avatar\/de9edc136dfc061ad4778e04635baefa?s=96&d=mm&r=g","caption":"Daniel Cardon"}}]}},"authors":[{"term_id":1143,"user_id":11,"is_guest":0,"slug":"danielcardon","display_name":"Daniel Cardon","avatar_url":"https:\/\/secure.gravatar.com\/avatar\/de9edc136dfc061ad4778e04635baefa?s=96&d=mm&r=g","0":null,"1":"","2":"","3":"","4":"","5":"","6":"","7":"","8":""}],"_links":{"self":[{"href":"https:\/\/www.ecinews.fr\/fr\/wp-json\/wp\/v2\/posts\/199527"}],"collection":[{"href":"https:\/\/www.ecinews.fr\/fr\/wp-json\/wp\/v2\/posts"}],"about":[{"href":"https:\/\/www.ecinews.fr\/fr\/wp-json\/wp\/v2\/types\/post"}],"author":[{"embeddable":true,"href":"https:\/\/www.ecinews.fr\/fr\/wp-json\/wp\/v2\/users\/11"}],"replies":[{"embeddable":true,"href":"https:\/\/www.ecinews.fr\/fr\/wp-json\/wp\/v2\/comments?post=199527"}],"version-history":[{"count":0,"href":"https:\/\/www.ecinews.fr\/fr\/wp-json\/wp\/v2\/posts\/199527\/revisions"}],"wp:featuredmedia":[{"embeddable":true,"href":"https:\/\/www.ecinews.fr\/fr\/wp-json\/wp\/v2\/media\/199528"}],"wp:attachment":[{"href":"https:\/\/www.ecinews.fr\/fr\/wp-json\/wp\/v2\/media?parent=199527"}],"wp:term":[{"taxonomy":"category","embeddable":true,"href":"https:\/\/www.ecinews.fr\/fr\/wp-json\/wp\/v2\/categories?post=199527"},{"taxonomy":"post_tag","embeddable":true,"href":"https:\/\/www.ecinews.fr\/fr\/wp-json\/wp\/v2\/tags?post=199527"},{"taxonomy":"domains","embeddable":true,"href":"https:\/\/www.ecinews.fr\/fr\/wp-json\/wp\/v2\/domains?post=199527"},{"taxonomy":"author","embeddable":true,"href":"https:\/\/www.ecinews.fr\/fr\/wp-json\/wp\/v2\/ppma_author?post=199527"}],"curies":[{"name":"wp","href":"https:\/\/api.w.org\/{rel}","templated":true}]}}