{"id":199455,"date":"2016-09-07T00:00:00","date_gmt":"2016-09-07T00:00:00","guid":{"rendered":"https:\/\/eenewseurope.artwhere.co\/des-bornes-de-recharge-de-vehicules-electriques-gerees-wi-fi\/"},"modified":"2016-09-07T00:00:00","modified_gmt":"2016-09-07T00:00:00","slug":"des-bornes-de-recharge-de-vehicules-electriques-gerees-wi-fi","status":"publish","type":"post","link":"https:\/\/www.ecinews.fr\/fr\/des-bornes-de-recharge-de-vehicules-electriques-gerees-wi-fi\/","title":{"rendered":"Des bornes de recharge de v\u00e9hicules \u00e9lectriques g\u00e9r\u00e9es Wi-Fi"},"content":{"rendered":"<p>Les avanc\u00e9es technologiques relatives aux batteries et l\u2019\u00e9volution des r\u00e9glementations entra\u00eenent une augmentation du nombre de v\u00e9hicules \u00e9lectriques dans le monde. Cependant, les constructeurs ont besoin de davantage de bornes pour faciliter la recharge des v\u00e9hicules aux conducteurs. Cette conception de r\u00e9f\u00e9rence utilise la technologie propri\u00e9taire de microcontr\u00f4leur sans fil Wi-Fi SimpleLink permettant aux concepteurs de cr\u00e9er des bornes intelligentes lan\u00e7ant la recharge en heures creuses ou notifiant les bornes disponibles.<\/p>\n<p>L\u2019un des obstacles \u00e0 l\u2019adoption g\u00e9n\u00e9ralis\u00e9e des bornes de recharge pour v\u00e9hicules \u00e9lectriques est le temps de charge n\u00e9cessaire. Cette conception de r\u00e9f\u00e9rence autorise une recharge de niveau&nbsp;1, compatible avec les sorties \u00e9lectriques domestiques, ou de niveau&nbsp;2, pour un courant d\u2019intensit\u00e9 plus \u00e9lev\u00e9e, de 15&nbsp;A \u00e0 30&nbsp;A et plus, propos\u00e9 dans les b\u00e2timents commerciaux. Avec une borne de recharge de niveau&nbsp;2, le propri\u00e9taire doit compter jusqu\u2019\u00e0 huit heures pour recharger compl\u00e8tement le v\u00e9hicule et peut ainsi le laisser branch\u00e9 pendant sa journ\u00e9e de travail. <\/p>\n<p>Cette ann\u00e9e, sera \u00e9galement pr\u00e9sent\u00e9e une conception de r\u00e9f\u00e9rence de chargeur de niveau&nbsp;3 en courant continu, compatible avec une tension de 600&nbsp;V et une intensit\u00e9 de 400&nbsp;A, afin de r\u00e9duire le temps de charge \u00e0 seulement 20&nbsp;\u00e0 30&nbsp;minutes, le temps de d\u00e9jeuner dans un restaurant disposant du Wi-Fi et d\u2019une borne pour recharger le v\u00e9hicule.  <\/p>\n<p><a href=\"http:\/\/www.ti.com\/tool\/tidc-evse-wifi\" target=\"_blank\" rel=\"noopener\">www.ti.com\/tool\/tidc-evse-wifi<\/a><\/p>\n","protected":false},"excerpt":{"rendered":"<p>Gr\u00e2ce \u00e0 la conception de r\u00e9f\u00e9rence d\u00e9velopp\u00e9e par Texas Instruments, les bornes de recharge pour v\u00e9hicules \u00e9lectriques pourront d\u00e9sormais \u00eatre dot\u00e9es de la connectivit\u00e9 Wi-Fi. Les utilisateurs pourront ainsi surveiller et commander la recharge de leur v\u00e9hicule depuis tout point d\u2019acc\u00e8s Wi-Fi, ouvrant la voie \u00e0 des dizaines d\u2019applications allant de la domotique \u00e0 la recherche de bornes de recharge publiques \u00e0 proximit\u00e9. <\/p>\n","protected":false},"author":9,"featured_media":199456,"comment_status":"closed","ping_status":"closed","sticky":false,"template":"","format":"standard","meta":{"_acf_changed":false,"footnotes":""},"categories":[],"tags":[895],"domains":[47],"ppma_author":[1141],"class_list":["post-199455","post","type-post","status-publish","format-standard","has-post-thumbnail","hentry","tag-developmentkits-fr","domains-electronique-eci"],"acf":[],"yoast_head":"<title>Des bornes de recharge de v\u00e9hicules \u00e9lectriques g\u00e9r\u00e9es Wi-Fi ...<\/title>\n<meta name=\"description\" content=\"Gr\u00e2ce \u00e0 la conception de r\u00e9f\u00e9rence d\u00e9velopp\u00e9e par Texas Instruments, les bornes de recharge pour v\u00e9hicules \u00e9lectriques pourront d\u00e9sormais \u00eatre...\" \/>\n<meta name=\"robots\" content=\"index, follow, max-snippet:-1, max-image-preview:large, max-video-preview:-1\" \/>\n<link rel=\"canonical\" href=\"https:\/\/www.ecinews.fr\/fr\/wp-json\/wp\/v2\/posts\/199455\/\" \/>\n<meta property=\"og:locale\" content=\"fr_FR\" \/>\n<meta property=\"og:type\" content=\"article\" \/>\n<meta property=\"og:title\" content=\"Des bornes de recharge de v\u00e9hicules \u00e9lectriques g\u00e9r\u00e9es Wi-Fi\" \/>\n<meta property=\"og:description\" content=\"Gr\u00e2ce \u00e0 la conception de r\u00e9f\u00e9rence d\u00e9velopp\u00e9e par Texas Instruments, les bornes de recharge pour v\u00e9hicules \u00e9lectriques pourront d\u00e9sormais \u00eatre dot\u00e9es de la connectivit\u00e9 Wi-Fi. Les utilisateurs pourront ainsi surveiller et commander la recharge de leur v\u00e9hicule depuis tout point d\u2019acc\u00e8s Wi-Fi, ouvrant la voie \u00e0 des dizaines d\u2019applications allant de la domotique \u00e0 la recherche de bornes de recharge publiques \u00e0 proximit\u00e9.\" \/>\n<meta property=\"og:url\" content=\"https:\/\/www.ecinews.fr\/fr\/wp-json\/wp\/v2\/posts\/199455\/\" \/>\n<meta property=\"og:site_name\" content=\"EENewsEurope\" \/>\n<meta property=\"article:published_time\" content=\"2016-09-07T00:00:00+00:00\" \/>\n<meta property=\"og:image\" content=\"https:\/\/www.ecinews.fr\/wp-content\/uploads\/import\/default\/files\/sites\/default\/files\/images\/eci8020_texas_evse_wifi_npr_r.jpg\" \/>\n\t<meta property=\"og:image:width\" content=\"2540\" \/>\n\t<meta property=\"og:image:height\" content=\"1864\" \/>\n\t<meta property=\"og:image:type\" content=\"image\/jpeg\" \/>\n<meta name=\"author\" content=\"Alain Dieul\" \/>\n<meta name=\"twitter:card\" content=\"summary_large_image\" \/>\n<meta name=\"twitter:label1\" content=\"Written by\" \/>\n\t<meta name=\"twitter:data1\" content=\"Alain Dieul\" \/>\n\t<meta name=\"twitter:label2\" content=\"Est. reading time\" \/>\n\t<meta name=\"twitter:data2\" content=\"1 minute\" \/>\n<script type=\"application\/ld+json\" class=\"yoast-schema-graph\">{\"@context\":\"https:\/\/schema.org\",\"@graph\":[{\"@type\":\"Article\",\"@id\":\"https:\/\/www.ecinews.fr\/fr\/des-bornes-de-recharge-de-vehicules-electriques-gerees-wi-fi\/#article\",\"isPartOf\":{\"@id\":\"https:\/\/www.ecinews.fr\/fr\/des-bornes-de-recharge-de-vehicules-electriques-gerees-wi-fi\/\"},\"author\":{\"name\":\"Alain Dieul\",\"@id\":\"https:\/\/www.ecinews.fr\/fr\/#\/schema\/person\/568c789a4794bd460460501ba91f5daf\"},\"headline\":\"Des bornes de recharge de v\u00e9hicules \u00e9lectriques g\u00e9r\u00e9es Wi-Fi\",\"datePublished\":\"2016-09-07T00:00:00+00:00\",\"dateModified\":\"2016-09-07T00:00:00+00:00\",\"mainEntityOfPage\":{\"@id\":\"https:\/\/www.ecinews.fr\/fr\/des-bornes-de-recharge-de-vehicules-electriques-gerees-wi-fi\/\"},\"wordCount\":270,\"publisher\":{\"@id\":\"https:\/\/www.ecinews.fr\/fr\/#organization\"},\"keywords\":[\"DevelopmentKits\"],\"inLanguage\":\"fr-FR\"},{\"@type\":\"WebPage\",\"@id\":\"https:\/\/www.ecinews.fr\/fr\/des-bornes-de-recharge-de-vehicules-electriques-gerees-wi-fi\/\",\"url\":\"https:\/\/www.ecinews.fr\/fr\/des-bornes-de-recharge-de-vehicules-electriques-gerees-wi-fi\/\",\"name\":\"Des bornes de recharge de v\u00e9hicules \u00e9lectriques g\u00e9r\u00e9es Wi-Fi -\",\"isPartOf\":{\"@id\":\"https:\/\/www.ecinews.fr\/fr\/#website\"},\"datePublished\":\"2016-09-07T00:00:00+00:00\",\"dateModified\":\"2016-09-07T00:00:00+00:00\",\"breadcrumb\":{\"@id\":\"https:\/\/www.ecinews.fr\/fr\/des-bornes-de-recharge-de-vehicules-electriques-gerees-wi-fi\/#breadcrumb\"},\"inLanguage\":\"fr-FR\",\"potentialAction\":[{\"@type\":\"ReadAction\",\"target\":[\"https:\/\/www.ecinews.fr\/fr\/des-bornes-de-recharge-de-vehicules-electriques-gerees-wi-fi\/\"]}]},{\"@type\":\"BreadcrumbList\",\"@id\":\"https:\/\/www.ecinews.fr\/fr\/des-bornes-de-recharge-de-vehicules-electriques-gerees-wi-fi\/#breadcrumb\",\"itemListElement\":[{\"@type\":\"ListItem\",\"position\":1,\"name\":\"Home\",\"item\":\"https:\/\/www.ecinews.fr\/fr\/\"},{\"@type\":\"ListItem\",\"position\":2,\"name\":\"Des bornes de recharge de v\u00e9hicules \u00e9lectriques g\u00e9r\u00e9es Wi-Fi\"}]},{\"@type\":\"WebSite\",\"@id\":\"https:\/\/www.ecinews.fr\/fr\/#website\",\"url\":\"https:\/\/www.ecinews.fr\/fr\/\",\"name\":\"EENewsEurope\",\"description\":\"Just another WordPress site\",\"publisher\":{\"@id\":\"https:\/\/www.ecinews.fr\/fr\/#organization\"},\"potentialAction\":[{\"@type\":\"SearchAction\",\"target\":{\"@type\":\"EntryPoint\",\"urlTemplate\":\"https:\/\/www.ecinews.fr\/fr\/?s={search_term_string}\"},\"query-input\":\"required name=search_term_string\"}],\"inLanguage\":\"fr-FR\"},{\"@type\":\"Organization\",\"@id\":\"https:\/\/www.ecinews.fr\/fr\/#organization\",\"name\":\"EENewsEurope\",\"url\":\"https:\/\/www.ecinews.fr\/fr\/\",\"logo\":{\"@type\":\"ImageObject\",\"inLanguage\":\"fr-FR\",\"@id\":\"https:\/\/www.ecinews.fr\/fr\/#\/schema\/logo\/image\/\",\"url\":\"https:\/\/www.ecinews.fr\/wp-content\/uploads\/2022\/02\/logo-1.jpg\",\"contentUrl\":\"https:\/\/www.ecinews.fr\/wp-content\/uploads\/2022\/02\/logo-1.jpg\",\"width\":283,\"height\":113,\"caption\":\"EENewsEurope\"},\"image\":{\"@id\":\"https:\/\/www.ecinews.fr\/fr\/#\/schema\/logo\/image\/\"}},{\"@type\":\"Person\",\"@id\":\"https:\/\/www.ecinews.fr\/fr\/#\/schema\/person\/568c789a4794bd460460501ba91f5daf\",\"name\":\"Alain Dieul\",\"image\":{\"@type\":\"ImageObject\",\"inLanguage\":\"fr-FR\",\"@id\":\"https:\/\/www.ecinews.fr\/fr\/#\/schema\/person\/image\/6d32dc651fbcef3b338066625b118364\",\"url\":\"https:\/\/secure.gravatar.com\/avatar\/93708ec89b35deb10f4cfbfe144b4e07?s=96&d=mm&r=g\",\"contentUrl\":\"https:\/\/secure.gravatar.com\/avatar\/93708ec89b35deb10f4cfbfe144b4e07?s=96&d=mm&r=g\",\"caption\":\"Alain Dieul\"}}]}<\/script>","yoast_head_json":{"title":"Des bornes de recharge de v\u00e9hicules \u00e9lectriques g\u00e9r\u00e9es Wi-Fi ...","description":"Gr\u00e2ce \u00e0 la conception de r\u00e9f\u00e9rence d\u00e9velopp\u00e9e par Texas Instruments, les bornes de recharge pour v\u00e9hicules \u00e9lectriques pourront d\u00e9sormais \u00eatre...","robots":{"index":"index","follow":"follow","max-snippet":"max-snippet:-1","max-image-preview":"max-image-preview:large","max-video-preview":"max-video-preview:-1"},"canonical":"https:\/\/www.ecinews.fr\/fr\/wp-json\/wp\/v2\/posts\/199455\/","og_locale":"fr_FR","og_type":"article","og_title":"Des bornes de recharge de v\u00e9hicules \u00e9lectriques g\u00e9r\u00e9es Wi-Fi","og_description":"Gr\u00e2ce \u00e0 la conception de r\u00e9f\u00e9rence d\u00e9velopp\u00e9e par Texas Instruments, les bornes de recharge pour v\u00e9hicules \u00e9lectriques pourront d\u00e9sormais \u00eatre dot\u00e9es de la connectivit\u00e9 Wi-Fi. Les utilisateurs pourront ainsi surveiller et commander la recharge de leur v\u00e9hicule depuis tout point d\u2019acc\u00e8s Wi-Fi, ouvrant la voie \u00e0 des dizaines d\u2019applications allant de la domotique \u00e0 la recherche de bornes de recharge publiques \u00e0 proximit\u00e9.","og_url":"https:\/\/www.ecinews.fr\/fr\/wp-json\/wp\/v2\/posts\/199455\/","og_site_name":"EENewsEurope","article_published_time":"2016-09-07T00:00:00+00:00","og_image":[{"width":2540,"height":1864,"url":"https:\/\/www.ecinews.fr\/wp-content\/uploads\/import\/default\/files\/sites\/default\/files\/images\/eci8020_texas_evse_wifi_npr_r.jpg","type":"image\/jpeg"}],"author":"Alain Dieul","twitter_card":"summary_large_image","twitter_misc":{"Written by":"Alain Dieul","Est. reading time":"1 minute"},"schema":{"@context":"https:\/\/schema.org","@graph":[{"@type":"Article","@id":"https:\/\/www.ecinews.fr\/fr\/des-bornes-de-recharge-de-vehicules-electriques-gerees-wi-fi\/#article","isPartOf":{"@id":"https:\/\/www.ecinews.fr\/fr\/des-bornes-de-recharge-de-vehicules-electriques-gerees-wi-fi\/"},"author":{"name":"Alain Dieul","@id":"https:\/\/www.ecinews.fr\/fr\/#\/schema\/person\/568c789a4794bd460460501ba91f5daf"},"headline":"Des bornes de recharge de v\u00e9hicules \u00e9lectriques g\u00e9r\u00e9es Wi-Fi","datePublished":"2016-09-07T00:00:00+00:00","dateModified":"2016-09-07T00:00:00+00:00","mainEntityOfPage":{"@id":"https:\/\/www.ecinews.fr\/fr\/des-bornes-de-recharge-de-vehicules-electriques-gerees-wi-fi\/"},"wordCount":270,"publisher":{"@id":"https:\/\/www.ecinews.fr\/fr\/#organization"},"keywords":["DevelopmentKits"],"inLanguage":"fr-FR"},{"@type":"WebPage","@id":"https:\/\/www.ecinews.fr\/fr\/des-bornes-de-recharge-de-vehicules-electriques-gerees-wi-fi\/","url":"https:\/\/www.ecinews.fr\/fr\/des-bornes-de-recharge-de-vehicules-electriques-gerees-wi-fi\/","name":"Des bornes de recharge de v\u00e9hicules \u00e9lectriques g\u00e9r\u00e9es Wi-Fi -","isPartOf":{"@id":"https:\/\/www.ecinews.fr\/fr\/#website"},"datePublished":"2016-09-07T00:00:00+00:00","dateModified":"2016-09-07T00:00:00+00:00","breadcrumb":{"@id":"https:\/\/www.ecinews.fr\/fr\/des-bornes-de-recharge-de-vehicules-electriques-gerees-wi-fi\/#breadcrumb"},"inLanguage":"fr-FR","potentialAction":[{"@type":"ReadAction","target":["https:\/\/www.ecinews.fr\/fr\/des-bornes-de-recharge-de-vehicules-electriques-gerees-wi-fi\/"]}]},{"@type":"BreadcrumbList","@id":"https:\/\/www.ecinews.fr\/fr\/des-bornes-de-recharge-de-vehicules-electriques-gerees-wi-fi\/#breadcrumb","itemListElement":[{"@type":"ListItem","position":1,"name":"Home","item":"https:\/\/www.ecinews.fr\/fr\/"},{"@type":"ListItem","position":2,"name":"Des bornes de recharge de v\u00e9hicules \u00e9lectriques g\u00e9r\u00e9es Wi-Fi"}]},{"@type":"WebSite","@id":"https:\/\/www.ecinews.fr\/fr\/#website","url":"https:\/\/www.ecinews.fr\/fr\/","name":"EENewsEurope","description":"Just another WordPress site","publisher":{"@id":"https:\/\/www.ecinews.fr\/fr\/#organization"},"potentialAction":[{"@type":"SearchAction","target":{"@type":"EntryPoint","urlTemplate":"https:\/\/www.ecinews.fr\/fr\/?s={search_term_string}"},"query-input":"required name=search_term_string"}],"inLanguage":"fr-FR"},{"@type":"Organization","@id":"https:\/\/www.ecinews.fr\/fr\/#organization","name":"EENewsEurope","url":"https:\/\/www.ecinews.fr\/fr\/","logo":{"@type":"ImageObject","inLanguage":"fr-FR","@id":"https:\/\/www.ecinews.fr\/fr\/#\/schema\/logo\/image\/","url":"https:\/\/www.ecinews.fr\/wp-content\/uploads\/2022\/02\/logo-1.jpg","contentUrl":"https:\/\/www.ecinews.fr\/wp-content\/uploads\/2022\/02\/logo-1.jpg","width":283,"height":113,"caption":"EENewsEurope"},"image":{"@id":"https:\/\/www.ecinews.fr\/fr\/#\/schema\/logo\/image\/"}},{"@type":"Person","@id":"https:\/\/www.ecinews.fr\/fr\/#\/schema\/person\/568c789a4794bd460460501ba91f5daf","name":"Alain Dieul","image":{"@type":"ImageObject","inLanguage":"fr-FR","@id":"https:\/\/www.ecinews.fr\/fr\/#\/schema\/person\/image\/6d32dc651fbcef3b338066625b118364","url":"https:\/\/secure.gravatar.com\/avatar\/93708ec89b35deb10f4cfbfe144b4e07?s=96&d=mm&r=g","contentUrl":"https:\/\/secure.gravatar.com\/avatar\/93708ec89b35deb10f4cfbfe144b4e07?s=96&d=mm&r=g","caption":"Alain Dieul"}}]}},"authors":[{"term_id":1141,"user_id":9,"is_guest":0,"slug":"alaindieul","display_name":"Alain Dieul","avatar_url":"https:\/\/secure.gravatar.com\/avatar\/93708ec89b35deb10f4cfbfe144b4e07?s=96&d=mm&r=g","0":null,"1":"","2":"","3":"","4":"","5":"","6":"","7":"","8":""}],"_links":{"self":[{"href":"https:\/\/www.ecinews.fr\/fr\/wp-json\/wp\/v2\/posts\/199455"}],"collection":[{"href":"https:\/\/www.ecinews.fr\/fr\/wp-json\/wp\/v2\/posts"}],"about":[{"href":"https:\/\/www.ecinews.fr\/fr\/wp-json\/wp\/v2\/types\/post"}],"author":[{"embeddable":true,"href":"https:\/\/www.ecinews.fr\/fr\/wp-json\/wp\/v2\/users\/9"}],"replies":[{"embeddable":true,"href":"https:\/\/www.ecinews.fr\/fr\/wp-json\/wp\/v2\/comments?post=199455"}],"version-history":[{"count":0,"href":"https:\/\/www.ecinews.fr\/fr\/wp-json\/wp\/v2\/posts\/199455\/revisions"}],"wp:featuredmedia":[{"embeddable":true,"href":"https:\/\/www.ecinews.fr\/fr\/wp-json\/wp\/v2\/media\/199456"}],"wp:attachment":[{"href":"https:\/\/www.ecinews.fr\/fr\/wp-json\/wp\/v2\/media?parent=199455"}],"wp:term":[{"taxonomy":"category","embeddable":true,"href":"https:\/\/www.ecinews.fr\/fr\/wp-json\/wp\/v2\/categories?post=199455"},{"taxonomy":"post_tag","embeddable":true,"href":"https:\/\/www.ecinews.fr\/fr\/wp-json\/wp\/v2\/tags?post=199455"},{"taxonomy":"domains","embeddable":true,"href":"https:\/\/www.ecinews.fr\/fr\/wp-json\/wp\/v2\/domains?post=199455"},{"taxonomy":"author","embeddable":true,"href":"https:\/\/www.ecinews.fr\/fr\/wp-json\/wp\/v2\/ppma_author?post=199455"}],"curies":[{"name":"wp","href":"https:\/\/api.w.org\/{rel}","templated":true}]}}