{"id":198939,"date":"2016-09-12T00:00:00","date_gmt":"2016-09-12T00:00:00","guid":{"rendered":"https:\/\/eenewseurope.artwhere.co\/modules-led-a-spectre-de-couleurs-proche-de-celui-du-soleil\/"},"modified":"2016-09-12T00:00:00","modified_gmt":"2016-09-12T00:00:00","slug":"modules-led-a-spectre-de-couleurs-proche-de-celui-du-soleil","status":"publish","type":"post","link":"https:\/\/www.ecinews.fr\/fr\/modules-led-a-spectre-de-couleurs-proche-de-celui-du-soleil\/","title":{"rendered":"Modules LED \u00e0 spectre de couleurs proche de celui du soleil"},"content":{"rendered":"<p>Constitu\u00e9s des toutes derni\u00e8res diodes \u00e9lectroluminescentes (LED), ces modules assurent une inspection quasi-parfaite des couleurs, proc\u00e9dure notamment r\u00e9pandue dans le cadre de la production de peinture, d\u2019impressions commerciales ou encore, de teintes pour l\u2019industrie automobile. De plus, ils fournissent une solution d\u2019\u00e9clairage particuli\u00e8rement bien adapt\u00e9e pour les blocs op\u00e9ratoires des h\u00f4pitaux et les mus\u00e9es des beaux-arts qui requi\u00e8rent une identification des couleurs tr\u00e8s pr\u00e9cise.<\/p>\n<p>Con\u00e7us sur mesure, ces modules s\u2019adaptent \u00e0 de multiples applications et exigences sp\u00e9cifiques. En outre, gr\u00e2ce aux technologies propri\u00e9taires de simulation des propri\u00e9t\u00e9s thermiques et optiques, ils offrent une large gamme de spectres lumineux et de rendus de couleurs. L\u2019entreprise s\u2019est bas\u00e9e sur un savant m\u00e9lange de substances luminescentes, un design unique, ainsi que des mat\u00e9riaux c\u00e9ramiques extr\u00eamement r\u00e9fl\u00e9chissants afin de cr\u00e9er un spectre de lumi\u00e8re adapt\u00e9 \u00e0 tous les besoins des utilisateurs et d\u2019apporter un produit de meilleure qualit\u00e9.<\/p>\n<p>La totale adaptabilit\u00e9 de ces modules LED, qui est n\u00e9cessaire pour une reproduction quasi-parfaite des couleurs, constitue un point fort suppl\u00e9mentaire.<\/p>\n<p><a href=\"http:\/\/www.kyocera.fr\/\" target=\"_blank\" rel=\"noopener\">www.kyocera.fr<\/a><\/p>\n","protected":false},"excerpt":{"rendered":"<p>Procurant un excellent rendu de couleurs et s\u2019adaptant \u00e0 diverses applications, les modules LED de Kyocera proposent des solutions d\u2019\u00e9clairage uniques, au spectre de couleurs proche de celui de la lumi\u00e8re naturelle du soleil. <\/p>\n","protected":false},"author":9,"featured_media":198940,"comment_status":"closed","ping_status":"closed","sticky":false,"template":"","format":"standard","meta":{"_acf_changed":false,"footnotes":""},"categories":[881],"tags":[892],"domains":[47],"ppma_author":[1141],"class_list":["post-198939","post","type-post","status-publish","format-standard","has-post-thumbnail","hentry","category-nouveaux-produits","tag-ledlighting-fr","domains-electronique-eci"],"acf":[],"yoast_head":"<title>Modules LED \u00e0 spectre de couleurs proche de celui du soleil ...<\/title>\n<meta name=\"description\" content=\"Procurant un excellent rendu de couleurs et s\u2019adaptant \u00e0 diverses applications, les modules LED de Kyocera proposent des solutions d\u2019\u00e9clairage uniques,...\" \/>\n<meta name=\"robots\" content=\"index, follow, max-snippet:-1, max-image-preview:large, max-video-preview:-1\" \/>\n<link rel=\"canonical\" href=\"https:\/\/www.ecinews.fr\/fr\/wp-json\/wp\/v2\/posts\/198939\/\" \/>\n<meta property=\"og:locale\" content=\"fr_FR\" \/>\n<meta property=\"og:type\" content=\"article\" \/>\n<meta property=\"og:title\" content=\"Modules LED \u00e0 spectre de couleurs proche de celui du soleil\" \/>\n<meta property=\"og:description\" content=\"Procurant un excellent rendu de couleurs et s\u2019adaptant \u00e0 diverses applications, les modules LED de Kyocera proposent des solutions d\u2019\u00e9clairage uniques, au spectre de couleurs proche de celui de la lumi\u00e8re naturelle du soleil.\" \/>\n<meta property=\"og:url\" content=\"https:\/\/www.ecinews.fr\/fr\/wp-json\/wp\/v2\/posts\/198939\/\" \/>\n<meta property=\"og:site_name\" content=\"EENewsEurope\" \/>\n<meta property=\"article:published_time\" content=\"2016-09-12T00:00:00+00:00\" \/>\n<meta property=\"og:image\" content=\"https:\/\/www.ecinews.fr\/wp-content\/uploads\/import\/default\/files\/sites\/default\/files\/images\/eci8028_kyocera_led_module.jpg\" \/>\n\t<meta property=\"og:image:width\" content=\"1024\" \/>\n\t<meta property=\"og:image:height\" content=\"683\" \/>\n\t<meta property=\"og:image:type\" content=\"image\/jpeg\" \/>\n<meta name=\"author\" content=\"Alain Dieul\" \/>\n<meta name=\"twitter:card\" content=\"summary_large_image\" \/>\n<meta name=\"twitter:label1\" content=\"Written by\" \/>\n\t<meta name=\"twitter:data1\" content=\"Alain Dieul\" \/>\n\t<meta name=\"twitter:label2\" content=\"Est. reading time\" \/>\n\t<meta name=\"twitter:data2\" content=\"1 minute\" \/>\n<script type=\"application\/ld+json\" class=\"yoast-schema-graph\">{\"@context\":\"https:\/\/schema.org\",\"@graph\":[{\"@type\":\"Article\",\"@id\":\"https:\/\/www.ecinews.fr\/fr\/modules-led-a-spectre-de-couleurs-proche-de-celui-du-soleil\/#article\",\"isPartOf\":{\"@id\":\"https:\/\/www.ecinews.fr\/fr\/modules-led-a-spectre-de-couleurs-proche-de-celui-du-soleil\/\"},\"author\":{\"name\":\"Alain Dieul\",\"@id\":\"https:\/\/www.ecinews.fr\/fr\/#\/schema\/person\/568c789a4794bd460460501ba91f5daf\"},\"headline\":\"Modules LED \u00e0 spectre de couleurs proche de celui du soleil\",\"datePublished\":\"2016-09-12T00:00:00+00:00\",\"dateModified\":\"2016-09-12T00:00:00+00:00\",\"mainEntityOfPage\":{\"@id\":\"https:\/\/www.ecinews.fr\/fr\/modules-led-a-spectre-de-couleurs-proche-de-celui-du-soleil\/\"},\"wordCount\":212,\"publisher\":{\"@id\":\"https:\/\/www.ecinews.fr\/fr\/#organization\"},\"keywords\":[\"LEDlighting\"],\"articleSection\":[\"Nouveaux produits\"],\"inLanguage\":\"fr-FR\"},{\"@type\":\"WebPage\",\"@id\":\"https:\/\/www.ecinews.fr\/fr\/modules-led-a-spectre-de-couleurs-proche-de-celui-du-soleil\/\",\"url\":\"https:\/\/www.ecinews.fr\/fr\/modules-led-a-spectre-de-couleurs-proche-de-celui-du-soleil\/\",\"name\":\"Modules LED \u00e0 spectre de couleurs proche de celui du soleil -\",\"isPartOf\":{\"@id\":\"https:\/\/www.ecinews.fr\/fr\/#website\"},\"datePublished\":\"2016-09-12T00:00:00+00:00\",\"dateModified\":\"2016-09-12T00:00:00+00:00\",\"breadcrumb\":{\"@id\":\"https:\/\/www.ecinews.fr\/fr\/modules-led-a-spectre-de-couleurs-proche-de-celui-du-soleil\/#breadcrumb\"},\"inLanguage\":\"fr-FR\",\"potentialAction\":[{\"@type\":\"ReadAction\",\"target\":[\"https:\/\/www.ecinews.fr\/fr\/modules-led-a-spectre-de-couleurs-proche-de-celui-du-soleil\/\"]}]},{\"@type\":\"BreadcrumbList\",\"@id\":\"https:\/\/www.ecinews.fr\/fr\/modules-led-a-spectre-de-couleurs-proche-de-celui-du-soleil\/#breadcrumb\",\"itemListElement\":[{\"@type\":\"ListItem\",\"position\":1,\"name\":\"Home\",\"item\":\"https:\/\/www.ecinews.fr\/fr\/\"},{\"@type\":\"ListItem\",\"position\":2,\"name\":\"Modules LED \u00e0 spectre de couleurs proche de celui du soleil\"}]},{\"@type\":\"WebSite\",\"@id\":\"https:\/\/www.ecinews.fr\/fr\/#website\",\"url\":\"https:\/\/www.ecinews.fr\/fr\/\",\"name\":\"EENewsEurope\",\"description\":\"Just another WordPress site\",\"publisher\":{\"@id\":\"https:\/\/www.ecinews.fr\/fr\/#organization\"},\"potentialAction\":[{\"@type\":\"SearchAction\",\"target\":{\"@type\":\"EntryPoint\",\"urlTemplate\":\"https:\/\/www.ecinews.fr\/fr\/?s={search_term_string}\"},\"query-input\":\"required name=search_term_string\"}],\"inLanguage\":\"fr-FR\"},{\"@type\":\"Organization\",\"@id\":\"https:\/\/www.ecinews.fr\/fr\/#organization\",\"name\":\"EENewsEurope\",\"url\":\"https:\/\/www.ecinews.fr\/fr\/\",\"logo\":{\"@type\":\"ImageObject\",\"inLanguage\":\"fr-FR\",\"@id\":\"https:\/\/www.ecinews.fr\/fr\/#\/schema\/logo\/image\/\",\"url\":\"https:\/\/www.ecinews.fr\/wp-content\/uploads\/2022\/02\/logo-1.jpg\",\"contentUrl\":\"https:\/\/www.ecinews.fr\/wp-content\/uploads\/2022\/02\/logo-1.jpg\",\"width\":283,\"height\":113,\"caption\":\"EENewsEurope\"},\"image\":{\"@id\":\"https:\/\/www.ecinews.fr\/fr\/#\/schema\/logo\/image\/\"}},{\"@type\":\"Person\",\"@id\":\"https:\/\/www.ecinews.fr\/fr\/#\/schema\/person\/568c789a4794bd460460501ba91f5daf\",\"name\":\"Alain Dieul\",\"image\":{\"@type\":\"ImageObject\",\"inLanguage\":\"fr-FR\",\"@id\":\"https:\/\/www.ecinews.fr\/fr\/#\/schema\/person\/image\/6d32dc651fbcef3b338066625b118364\",\"url\":\"https:\/\/secure.gravatar.com\/avatar\/93708ec89b35deb10f4cfbfe144b4e07?s=96&d=mm&r=g\",\"contentUrl\":\"https:\/\/secure.gravatar.com\/avatar\/93708ec89b35deb10f4cfbfe144b4e07?s=96&d=mm&r=g\",\"caption\":\"Alain Dieul\"}}]}<\/script>","yoast_head_json":{"title":"Modules LED \u00e0 spectre de couleurs proche de celui du soleil ...","description":"Procurant un excellent rendu de couleurs et s\u2019adaptant \u00e0 diverses applications, les modules LED de Kyocera proposent des solutions d\u2019\u00e9clairage uniques,...","robots":{"index":"index","follow":"follow","max-snippet":"max-snippet:-1","max-image-preview":"max-image-preview:large","max-video-preview":"max-video-preview:-1"},"canonical":"https:\/\/www.ecinews.fr\/fr\/wp-json\/wp\/v2\/posts\/198939\/","og_locale":"fr_FR","og_type":"article","og_title":"Modules LED \u00e0 spectre de couleurs proche de celui du soleil","og_description":"Procurant un excellent rendu de couleurs et s\u2019adaptant \u00e0 diverses applications, les modules LED de Kyocera proposent des solutions d\u2019\u00e9clairage uniques, au spectre de couleurs proche de celui de la lumi\u00e8re naturelle du soleil.","og_url":"https:\/\/www.ecinews.fr\/fr\/wp-json\/wp\/v2\/posts\/198939\/","og_site_name":"EENewsEurope","article_published_time":"2016-09-12T00:00:00+00:00","og_image":[{"width":1024,"height":683,"url":"https:\/\/www.ecinews.fr\/wp-content\/uploads\/import\/default\/files\/sites\/default\/files\/images\/eci8028_kyocera_led_module.jpg","type":"image\/jpeg"}],"author":"Alain Dieul","twitter_card":"summary_large_image","twitter_misc":{"Written by":"Alain Dieul","Est. reading time":"1 minute"},"schema":{"@context":"https:\/\/schema.org","@graph":[{"@type":"Article","@id":"https:\/\/www.ecinews.fr\/fr\/modules-led-a-spectre-de-couleurs-proche-de-celui-du-soleil\/#article","isPartOf":{"@id":"https:\/\/www.ecinews.fr\/fr\/modules-led-a-spectre-de-couleurs-proche-de-celui-du-soleil\/"},"author":{"name":"Alain Dieul","@id":"https:\/\/www.ecinews.fr\/fr\/#\/schema\/person\/568c789a4794bd460460501ba91f5daf"},"headline":"Modules LED \u00e0 spectre de couleurs proche de celui du soleil","datePublished":"2016-09-12T00:00:00+00:00","dateModified":"2016-09-12T00:00:00+00:00","mainEntityOfPage":{"@id":"https:\/\/www.ecinews.fr\/fr\/modules-led-a-spectre-de-couleurs-proche-de-celui-du-soleil\/"},"wordCount":212,"publisher":{"@id":"https:\/\/www.ecinews.fr\/fr\/#organization"},"keywords":["LEDlighting"],"articleSection":["Nouveaux produits"],"inLanguage":"fr-FR"},{"@type":"WebPage","@id":"https:\/\/www.ecinews.fr\/fr\/modules-led-a-spectre-de-couleurs-proche-de-celui-du-soleil\/","url":"https:\/\/www.ecinews.fr\/fr\/modules-led-a-spectre-de-couleurs-proche-de-celui-du-soleil\/","name":"Modules LED \u00e0 spectre de couleurs proche de celui du soleil -","isPartOf":{"@id":"https:\/\/www.ecinews.fr\/fr\/#website"},"datePublished":"2016-09-12T00:00:00+00:00","dateModified":"2016-09-12T00:00:00+00:00","breadcrumb":{"@id":"https:\/\/www.ecinews.fr\/fr\/modules-led-a-spectre-de-couleurs-proche-de-celui-du-soleil\/#breadcrumb"},"inLanguage":"fr-FR","potentialAction":[{"@type":"ReadAction","target":["https:\/\/www.ecinews.fr\/fr\/modules-led-a-spectre-de-couleurs-proche-de-celui-du-soleil\/"]}]},{"@type":"BreadcrumbList","@id":"https:\/\/www.ecinews.fr\/fr\/modules-led-a-spectre-de-couleurs-proche-de-celui-du-soleil\/#breadcrumb","itemListElement":[{"@type":"ListItem","position":1,"name":"Home","item":"https:\/\/www.ecinews.fr\/fr\/"},{"@type":"ListItem","position":2,"name":"Modules LED \u00e0 spectre de couleurs proche de celui du soleil"}]},{"@type":"WebSite","@id":"https:\/\/www.ecinews.fr\/fr\/#website","url":"https:\/\/www.ecinews.fr\/fr\/","name":"EENewsEurope","description":"Just another WordPress site","publisher":{"@id":"https:\/\/www.ecinews.fr\/fr\/#organization"},"potentialAction":[{"@type":"SearchAction","target":{"@type":"EntryPoint","urlTemplate":"https:\/\/www.ecinews.fr\/fr\/?s={search_term_string}"},"query-input":"required name=search_term_string"}],"inLanguage":"fr-FR"},{"@type":"Organization","@id":"https:\/\/www.ecinews.fr\/fr\/#organization","name":"EENewsEurope","url":"https:\/\/www.ecinews.fr\/fr\/","logo":{"@type":"ImageObject","inLanguage":"fr-FR","@id":"https:\/\/www.ecinews.fr\/fr\/#\/schema\/logo\/image\/","url":"https:\/\/www.ecinews.fr\/wp-content\/uploads\/2022\/02\/logo-1.jpg","contentUrl":"https:\/\/www.ecinews.fr\/wp-content\/uploads\/2022\/02\/logo-1.jpg","width":283,"height":113,"caption":"EENewsEurope"},"image":{"@id":"https:\/\/www.ecinews.fr\/fr\/#\/schema\/logo\/image\/"}},{"@type":"Person","@id":"https:\/\/www.ecinews.fr\/fr\/#\/schema\/person\/568c789a4794bd460460501ba91f5daf","name":"Alain Dieul","image":{"@type":"ImageObject","inLanguage":"fr-FR","@id":"https:\/\/www.ecinews.fr\/fr\/#\/schema\/person\/image\/6d32dc651fbcef3b338066625b118364","url":"https:\/\/secure.gravatar.com\/avatar\/93708ec89b35deb10f4cfbfe144b4e07?s=96&d=mm&r=g","contentUrl":"https:\/\/secure.gravatar.com\/avatar\/93708ec89b35deb10f4cfbfe144b4e07?s=96&d=mm&r=g","caption":"Alain Dieul"}}]}},"authors":[{"term_id":1141,"user_id":9,"is_guest":0,"slug":"alaindieul","display_name":"Alain Dieul","avatar_url":"https:\/\/secure.gravatar.com\/avatar\/93708ec89b35deb10f4cfbfe144b4e07?s=96&d=mm&r=g","0":null,"1":"","2":"","3":"","4":"","5":"","6":"","7":"","8":""}],"_links":{"self":[{"href":"https:\/\/www.ecinews.fr\/fr\/wp-json\/wp\/v2\/posts\/198939"}],"collection":[{"href":"https:\/\/www.ecinews.fr\/fr\/wp-json\/wp\/v2\/posts"}],"about":[{"href":"https:\/\/www.ecinews.fr\/fr\/wp-json\/wp\/v2\/types\/post"}],"author":[{"embeddable":true,"href":"https:\/\/www.ecinews.fr\/fr\/wp-json\/wp\/v2\/users\/9"}],"replies":[{"embeddable":true,"href":"https:\/\/www.ecinews.fr\/fr\/wp-json\/wp\/v2\/comments?post=198939"}],"version-history":[{"count":0,"href":"https:\/\/www.ecinews.fr\/fr\/wp-json\/wp\/v2\/posts\/198939\/revisions"}],"wp:featuredmedia":[{"embeddable":true,"href":"https:\/\/www.ecinews.fr\/fr\/wp-json\/wp\/v2\/media\/198940"}],"wp:attachment":[{"href":"https:\/\/www.ecinews.fr\/fr\/wp-json\/wp\/v2\/media?parent=198939"}],"wp:term":[{"taxonomy":"category","embeddable":true,"href":"https:\/\/www.ecinews.fr\/fr\/wp-json\/wp\/v2\/categories?post=198939"},{"taxonomy":"post_tag","embeddable":true,"href":"https:\/\/www.ecinews.fr\/fr\/wp-json\/wp\/v2\/tags?post=198939"},{"taxonomy":"domains","embeddable":true,"href":"https:\/\/www.ecinews.fr\/fr\/wp-json\/wp\/v2\/domains?post=198939"},{"taxonomy":"author","embeddable":true,"href":"https:\/\/www.ecinews.fr\/fr\/wp-json\/wp\/v2\/ppma_author?post=198939"}],"curies":[{"name":"wp","href":"https:\/\/api.w.org\/{rel}","templated":true}]}}