{"id":197996,"date":"2016-09-22T03:00:00","date_gmt":"2016-09-22T03:00:00","guid":{"rendered":"https:\/\/eenewseurope.artwhere.co\/alimentation-configurable-et-programmable-numeriquement\/"},"modified":"2016-09-22T03:00:00","modified_gmt":"2016-09-22T03:00:00","slug":"alimentation-configurable-et-programmable-numeriquement","status":"publish","type":"post","link":"https:\/\/www.ecinews.fr\/fr\/alimentation-configurable-et-programmable-numeriquement\/","title":{"rendered":"Alimentation configurable et programmable num\u00e9riquement"},"content":{"rendered":"<p>Ces alimentations ont \u00e9t\u00e9 con\u00e7ues dans l\u2019optique de disposer d\u2019un rendement tr\u00e8s \u00e9lev\u00e9 et de pr\u00e9senter un bruit de ventilation le plus faible possible. Elles peuvent fournir jusqu&rsquo;\u00e0 850 W \u00e0 partir d&rsquo;une tension d&rsquo;entr\u00e9e universelle 110 V ou jusqu&rsquo;\u00e0 1200 W sous 220 V.<br \/>\nLes quatre emplacements de modules de sortie fournissent dix-neuf options de tensions de sortie nominale allant de +3,3 V \u00e0 +60 V DC. Les choix de tensions de sortie sont obtenus \u00e0 partir d\u2019un des quatre modules \u00e0 commande num\u00e9rique qui offrent une large plage de r\u00e9glage de tension.<\/p>\n<p>Cette approche procure une flexibilit\u00e9 optimale et permet le r\u00e9glage et le choix des modules de sortie par l&rsquo;utilisateur pour adapter le produit \u00e0 son application finale. Cela autorise \u00e9galement une gestion optimale des stocks de modules pour r\u00e9pondre rapidement aux besoins des utilisateurs dans les centres de configuration pr\u00e9sents dans les usines de ce constructeur.<\/p>\n<p>Les ventilateurs de refroidissement sont positionn\u00e9s au milieu du produit pour r\u00e9duire au maximum le bruit audible. De plus les utilisateurs peuvent choisir le sens de rotation du ventilateur afin d\u2019optimiser la direction du flux d&rsquo;air en fonction de leur application. La puissance nominale de sortie n\u2019est pas affect\u00e9e par la direction du flux d&rsquo;air.<\/p>\n<p>Cette plate-forme supporte, \u00e0 la fois, des commandes analogiques et num\u00e9riques. Les commandes analogiques comprennent les signaux de AC OK (global), DC OK (module global et local), le contr\u00f4le On\/Off \u00e0 distance, le r\u00e9glage de la tension (global et local), ainsi que le renvoi d\u2019information des diff\u00e9rents r\u00e9glages.<br \/>\nLes fonctions de contr\u00f4le num\u00e9riques utilisent le protocole standard de commande PMBus qui assure la gestion compl\u00e8te de l\u2019alimentation et reprend les fonctions analogiques en ajoutant un contr\u00f4le des surtensions, de la temp\u00e9rature et des informations sur l\u2019\u00e9tat du ventilateur.<\/p>\n<hr \/>\n<p>Une interface utilisateur graphique (GUI) facilite le contr\u00f4le en temps r\u00e9el et la programmation de l\u2019alimentation au travers une interface I2C en utilisant les commandes PMBus. Ainsi, les utilisateurs de l&rsquo;interface peuvent affiner la configuration des modules pendant la phase de d\u00e9veloppement du syst\u00e8me.<\/p>\n<p>Cette plate-forme d\u2019alimentation est conforme aux normes internationales m\u00e9dicales et informatiques, normes d&rsquo;homologation de s\u00e9curit\u00e9 IEC\/EN\/ANSI\/AAMI 60601-1 et IEC\/EN\/UL 60950-1. Elle dispose d\u2019une isolation 2 x MOPP selon la 3e \u00e9dition de la norme de s\u00e9curit\u00e9 m\u00e9dicale.<\/p>\n<p><a href=\"http:\/\/www.xppower.com\/Product\/nanofleX-Series\" target=\"_blank\" rel=\"noopener\">www.xppower.com\/Product\/nanofleX-Series<\/a><\/p>\n","protected":false},"excerpt":{"rendered":"<p>Modulaire, configurable et programmable \u00e0 contr\u00f4le num\u00e9rique, l\u2019alimentation AC-DC s\u00e9rie nanofleX de XP Power est constitu\u00e9e d\u2019un ch\u00e2ssis compact au format 1U assurant une int\u00e9gration ais\u00e9e qui peut accueillir jusqu&rsquo;\u00e0 quatre modules de tension de sortie, s\u00e9lectionn\u00e9s par l\u2019utilisateur et configur\u00e9s en usine.<\/p>\n","protected":false},"author":9,"featured_media":197997,"comment_status":"closed","ping_status":"closed","sticky":false,"template":"","format":"standard","meta":{"_acf_changed":false,"footnotes":""},"categories":[881],"tags":[909],"domains":[47],"ppma_author":[1141],"class_list":["post-197996","post","type-post","status-publish","format-standard","has-post-thumbnail","hentry","category-nouveaux-produits","tag-batteries-power-supplies-fr","domains-electronique-eci"],"acf":[],"yoast_head":"<title>Alimentation configurable et programmable num\u00e9riquement ...<\/title>\n<meta name=\"description\" content=\"Modulaire, configurable et programmable \u00e0 contr\u00f4le num\u00e9rique, l\u2019alimentation AC-DC s\u00e9rie nanofleX de XP Power est constitu\u00e9e d\u2019un ch\u00e2ssis compact...\" \/>\n<meta name=\"robots\" content=\"index, follow, max-snippet:-1, max-image-preview:large, max-video-preview:-1\" \/>\n<link rel=\"canonical\" href=\"https:\/\/www.ecinews.fr\/fr\/wp-json\/wp\/v2\/posts\/197996\/\" \/>\n<meta property=\"og:locale\" content=\"fr_FR\" \/>\n<meta property=\"og:type\" content=\"article\" \/>\n<meta property=\"og:title\" content=\"Alimentation configurable et programmable num\u00e9riquement\" \/>\n<meta property=\"og:description\" content=\"Modulaire, configurable et programmable \u00e0 contr\u00f4le num\u00e9rique, l\u2019alimentation AC-DC s\u00e9rie nanofleX de XP Power est constitu\u00e9e d\u2019un ch\u00e2ssis compact au format 1U assurant une int\u00e9gration ais\u00e9e qui peut accueillir jusqu&#039;\u00e0 quatre modules de tension de sortie, s\u00e9lectionn\u00e9s par l\u2019utilisateur et configur\u00e9s en usine.\" \/>\n<meta property=\"og:url\" content=\"https:\/\/www.ecinews.fr\/fr\/wp-json\/wp\/v2\/posts\/197996\/\" \/>\n<meta property=\"og:site_name\" content=\"EENewsEurope\" \/>\n<meta property=\"article:published_time\" content=\"2016-09-22T03:00:00+00:00\" \/>\n<meta property=\"og:image\" content=\"https:\/\/www.ecinews.fr\/wp-content\/uploads\/import\/default\/files\/sites\/default\/files\/images\/eci8051_xp_power_xpe0211a_alim_nanoflex_r.jpg\" \/>\n\t<meta property=\"og:image:width\" content=\"1500\" \/>\n\t<meta property=\"og:image:height\" content=\"1091\" \/>\n\t<meta property=\"og:image:type\" content=\"image\/jpeg\" \/>\n<meta name=\"author\" content=\"Alain Dieul\" \/>\n<meta name=\"twitter:card\" content=\"summary_large_image\" \/>\n<meta name=\"twitter:label1\" content=\"Written by\" \/>\n\t<meta name=\"twitter:data1\" content=\"Alain Dieul\" \/>\n\t<meta name=\"twitter:label2\" content=\"Est. reading time\" \/>\n\t<meta name=\"twitter:data2\" content=\"2 minutes\" \/>\n<script type=\"application\/ld+json\" class=\"yoast-schema-graph\">{\"@context\":\"https:\/\/schema.org\",\"@graph\":[{\"@type\":\"Article\",\"@id\":\"https:\/\/www.ecinews.fr\/fr\/alimentation-configurable-et-programmable-numeriquement\/#article\",\"isPartOf\":{\"@id\":\"https:\/\/www.ecinews.fr\/fr\/alimentation-configurable-et-programmable-numeriquement\/\"},\"author\":{\"name\":\"Alain Dieul\",\"@id\":\"https:\/\/www.ecinews.fr\/fr\/#\/schema\/person\/568c789a4794bd460460501ba91f5daf\"},\"headline\":\"Alimentation configurable et programmable num\u00e9riquement\",\"datePublished\":\"2016-09-22T03:00:00+00:00\",\"dateModified\":\"2016-09-22T03:00:00+00:00\",\"mainEntityOfPage\":{\"@id\":\"https:\/\/www.ecinews.fr\/fr\/alimentation-configurable-et-programmable-numeriquement\/\"},\"wordCount\":426,\"publisher\":{\"@id\":\"https:\/\/www.ecinews.fr\/fr\/#organization\"},\"keywords\":[\"Batteries \/ Power Supplies\"],\"articleSection\":[\"Nouveaux produits\"],\"inLanguage\":\"fr-FR\"},{\"@type\":\"WebPage\",\"@id\":\"https:\/\/www.ecinews.fr\/fr\/alimentation-configurable-et-programmable-numeriquement\/\",\"url\":\"https:\/\/www.ecinews.fr\/fr\/alimentation-configurable-et-programmable-numeriquement\/\",\"name\":\"Alimentation configurable et programmable num\u00e9riquement -\",\"isPartOf\":{\"@id\":\"https:\/\/www.ecinews.fr\/fr\/#website\"},\"datePublished\":\"2016-09-22T03:00:00+00:00\",\"dateModified\":\"2016-09-22T03:00:00+00:00\",\"breadcrumb\":{\"@id\":\"https:\/\/www.ecinews.fr\/fr\/alimentation-configurable-et-programmable-numeriquement\/#breadcrumb\"},\"inLanguage\":\"fr-FR\",\"potentialAction\":[{\"@type\":\"ReadAction\",\"target\":[\"https:\/\/www.ecinews.fr\/fr\/alimentation-configurable-et-programmable-numeriquement\/\"]}]},{\"@type\":\"BreadcrumbList\",\"@id\":\"https:\/\/www.ecinews.fr\/fr\/alimentation-configurable-et-programmable-numeriquement\/#breadcrumb\",\"itemListElement\":[{\"@type\":\"ListItem\",\"position\":1,\"name\":\"Home\",\"item\":\"https:\/\/www.ecinews.fr\/fr\/\"},{\"@type\":\"ListItem\",\"position\":2,\"name\":\"Alimentation configurable et programmable num\u00e9riquement\"}]},{\"@type\":\"WebSite\",\"@id\":\"https:\/\/www.ecinews.fr\/fr\/#website\",\"url\":\"https:\/\/www.ecinews.fr\/fr\/\",\"name\":\"EENewsEurope\",\"description\":\"Just another WordPress site\",\"publisher\":{\"@id\":\"https:\/\/www.ecinews.fr\/fr\/#organization\"},\"potentialAction\":[{\"@type\":\"SearchAction\",\"target\":{\"@type\":\"EntryPoint\",\"urlTemplate\":\"https:\/\/www.ecinews.fr\/fr\/?s={search_term_string}\"},\"query-input\":\"required name=search_term_string\"}],\"inLanguage\":\"fr-FR\"},{\"@type\":\"Organization\",\"@id\":\"https:\/\/www.ecinews.fr\/fr\/#organization\",\"name\":\"EENewsEurope\",\"url\":\"https:\/\/www.ecinews.fr\/fr\/\",\"logo\":{\"@type\":\"ImageObject\",\"inLanguage\":\"fr-FR\",\"@id\":\"https:\/\/www.ecinews.fr\/fr\/#\/schema\/logo\/image\/\",\"url\":\"https:\/\/www.ecinews.fr\/wp-content\/uploads\/2022\/02\/logo-1.jpg\",\"contentUrl\":\"https:\/\/www.ecinews.fr\/wp-content\/uploads\/2022\/02\/logo-1.jpg\",\"width\":283,\"height\":113,\"caption\":\"EENewsEurope\"},\"image\":{\"@id\":\"https:\/\/www.ecinews.fr\/fr\/#\/schema\/logo\/image\/\"}},{\"@type\":\"Person\",\"@id\":\"https:\/\/www.ecinews.fr\/fr\/#\/schema\/person\/568c789a4794bd460460501ba91f5daf\",\"name\":\"Alain Dieul\",\"image\":{\"@type\":\"ImageObject\",\"inLanguage\":\"fr-FR\",\"@id\":\"https:\/\/www.ecinews.fr\/fr\/#\/schema\/person\/image\/6d32dc651fbcef3b338066625b118364\",\"url\":\"https:\/\/secure.gravatar.com\/avatar\/93708ec89b35deb10f4cfbfe144b4e07?s=96&d=mm&r=g\",\"contentUrl\":\"https:\/\/secure.gravatar.com\/avatar\/93708ec89b35deb10f4cfbfe144b4e07?s=96&d=mm&r=g\",\"caption\":\"Alain Dieul\"}}]}<\/script>","yoast_head_json":{"title":"Alimentation configurable et programmable num\u00e9riquement ...","description":"Modulaire, configurable et programmable \u00e0 contr\u00f4le num\u00e9rique, l\u2019alimentation AC-DC s\u00e9rie nanofleX de XP Power est constitu\u00e9e d\u2019un ch\u00e2ssis compact...","robots":{"index":"index","follow":"follow","max-snippet":"max-snippet:-1","max-image-preview":"max-image-preview:large","max-video-preview":"max-video-preview:-1"},"canonical":"https:\/\/www.ecinews.fr\/fr\/wp-json\/wp\/v2\/posts\/197996\/","og_locale":"fr_FR","og_type":"article","og_title":"Alimentation configurable et programmable num\u00e9riquement","og_description":"Modulaire, configurable et programmable \u00e0 contr\u00f4le num\u00e9rique, l\u2019alimentation AC-DC s\u00e9rie nanofleX de XP Power est constitu\u00e9e d\u2019un ch\u00e2ssis compact au format 1U assurant une int\u00e9gration ais\u00e9e qui peut accueillir jusqu'\u00e0 quatre modules de tension de sortie, s\u00e9lectionn\u00e9s par l\u2019utilisateur et configur\u00e9s en usine.","og_url":"https:\/\/www.ecinews.fr\/fr\/wp-json\/wp\/v2\/posts\/197996\/","og_site_name":"EENewsEurope","article_published_time":"2016-09-22T03:00:00+00:00","og_image":[{"width":1500,"height":1091,"url":"https:\/\/www.ecinews.fr\/wp-content\/uploads\/import\/default\/files\/sites\/default\/files\/images\/eci8051_xp_power_xpe0211a_alim_nanoflex_r.jpg","type":"image\/jpeg"}],"author":"Alain Dieul","twitter_card":"summary_large_image","twitter_misc":{"Written by":"Alain Dieul","Est. reading time":"2 minutes"},"schema":{"@context":"https:\/\/schema.org","@graph":[{"@type":"Article","@id":"https:\/\/www.ecinews.fr\/fr\/alimentation-configurable-et-programmable-numeriquement\/#article","isPartOf":{"@id":"https:\/\/www.ecinews.fr\/fr\/alimentation-configurable-et-programmable-numeriquement\/"},"author":{"name":"Alain Dieul","@id":"https:\/\/www.ecinews.fr\/fr\/#\/schema\/person\/568c789a4794bd460460501ba91f5daf"},"headline":"Alimentation configurable et programmable num\u00e9riquement","datePublished":"2016-09-22T03:00:00+00:00","dateModified":"2016-09-22T03:00:00+00:00","mainEntityOfPage":{"@id":"https:\/\/www.ecinews.fr\/fr\/alimentation-configurable-et-programmable-numeriquement\/"},"wordCount":426,"publisher":{"@id":"https:\/\/www.ecinews.fr\/fr\/#organization"},"keywords":["Batteries \/ Power Supplies"],"articleSection":["Nouveaux produits"],"inLanguage":"fr-FR"},{"@type":"WebPage","@id":"https:\/\/www.ecinews.fr\/fr\/alimentation-configurable-et-programmable-numeriquement\/","url":"https:\/\/www.ecinews.fr\/fr\/alimentation-configurable-et-programmable-numeriquement\/","name":"Alimentation configurable et programmable num\u00e9riquement -","isPartOf":{"@id":"https:\/\/www.ecinews.fr\/fr\/#website"},"datePublished":"2016-09-22T03:00:00+00:00","dateModified":"2016-09-22T03:00:00+00:00","breadcrumb":{"@id":"https:\/\/www.ecinews.fr\/fr\/alimentation-configurable-et-programmable-numeriquement\/#breadcrumb"},"inLanguage":"fr-FR","potentialAction":[{"@type":"ReadAction","target":["https:\/\/www.ecinews.fr\/fr\/alimentation-configurable-et-programmable-numeriquement\/"]}]},{"@type":"BreadcrumbList","@id":"https:\/\/www.ecinews.fr\/fr\/alimentation-configurable-et-programmable-numeriquement\/#breadcrumb","itemListElement":[{"@type":"ListItem","position":1,"name":"Home","item":"https:\/\/www.ecinews.fr\/fr\/"},{"@type":"ListItem","position":2,"name":"Alimentation configurable et programmable num\u00e9riquement"}]},{"@type":"WebSite","@id":"https:\/\/www.ecinews.fr\/fr\/#website","url":"https:\/\/www.ecinews.fr\/fr\/","name":"EENewsEurope","description":"Just another WordPress site","publisher":{"@id":"https:\/\/www.ecinews.fr\/fr\/#organization"},"potentialAction":[{"@type":"SearchAction","target":{"@type":"EntryPoint","urlTemplate":"https:\/\/www.ecinews.fr\/fr\/?s={search_term_string}"},"query-input":"required name=search_term_string"}],"inLanguage":"fr-FR"},{"@type":"Organization","@id":"https:\/\/www.ecinews.fr\/fr\/#organization","name":"EENewsEurope","url":"https:\/\/www.ecinews.fr\/fr\/","logo":{"@type":"ImageObject","inLanguage":"fr-FR","@id":"https:\/\/www.ecinews.fr\/fr\/#\/schema\/logo\/image\/","url":"https:\/\/www.ecinews.fr\/wp-content\/uploads\/2022\/02\/logo-1.jpg","contentUrl":"https:\/\/www.ecinews.fr\/wp-content\/uploads\/2022\/02\/logo-1.jpg","width":283,"height":113,"caption":"EENewsEurope"},"image":{"@id":"https:\/\/www.ecinews.fr\/fr\/#\/schema\/logo\/image\/"}},{"@type":"Person","@id":"https:\/\/www.ecinews.fr\/fr\/#\/schema\/person\/568c789a4794bd460460501ba91f5daf","name":"Alain Dieul","image":{"@type":"ImageObject","inLanguage":"fr-FR","@id":"https:\/\/www.ecinews.fr\/fr\/#\/schema\/person\/image\/6d32dc651fbcef3b338066625b118364","url":"https:\/\/secure.gravatar.com\/avatar\/93708ec89b35deb10f4cfbfe144b4e07?s=96&d=mm&r=g","contentUrl":"https:\/\/secure.gravatar.com\/avatar\/93708ec89b35deb10f4cfbfe144b4e07?s=96&d=mm&r=g","caption":"Alain Dieul"}}]}},"authors":[{"term_id":1141,"user_id":9,"is_guest":0,"slug":"alaindieul","display_name":"Alain Dieul","avatar_url":"https:\/\/secure.gravatar.com\/avatar\/93708ec89b35deb10f4cfbfe144b4e07?s=96&d=mm&r=g","0":null,"1":"","2":"","3":"","4":"","5":"","6":"","7":"","8":""}],"_links":{"self":[{"href":"https:\/\/www.ecinews.fr\/fr\/wp-json\/wp\/v2\/posts\/197996"}],"collection":[{"href":"https:\/\/www.ecinews.fr\/fr\/wp-json\/wp\/v2\/posts"}],"about":[{"href":"https:\/\/www.ecinews.fr\/fr\/wp-json\/wp\/v2\/types\/post"}],"author":[{"embeddable":true,"href":"https:\/\/www.ecinews.fr\/fr\/wp-json\/wp\/v2\/users\/9"}],"replies":[{"embeddable":true,"href":"https:\/\/www.ecinews.fr\/fr\/wp-json\/wp\/v2\/comments?post=197996"}],"version-history":[{"count":0,"href":"https:\/\/www.ecinews.fr\/fr\/wp-json\/wp\/v2\/posts\/197996\/revisions"}],"wp:featuredmedia":[{"embeddable":true,"href":"https:\/\/www.ecinews.fr\/fr\/wp-json\/wp\/v2\/media\/197997"}],"wp:attachment":[{"href":"https:\/\/www.ecinews.fr\/fr\/wp-json\/wp\/v2\/media?parent=197996"}],"wp:term":[{"taxonomy":"category","embeddable":true,"href":"https:\/\/www.ecinews.fr\/fr\/wp-json\/wp\/v2\/categories?post=197996"},{"taxonomy":"post_tag","embeddable":true,"href":"https:\/\/www.ecinews.fr\/fr\/wp-json\/wp\/v2\/tags?post=197996"},{"taxonomy":"domains","embeddable":true,"href":"https:\/\/www.ecinews.fr\/fr\/wp-json\/wp\/v2\/domains?post=197996"},{"taxonomy":"author","embeddable":true,"href":"https:\/\/www.ecinews.fr\/fr\/wp-json\/wp\/v2\/ppma_author?post=197996"}],"curies":[{"name":"wp","href":"https:\/\/api.w.org\/{rel}","templated":true}]}}