{"id":196895,"date":"2016-10-03T02:00:00","date_gmt":"2016-10-03T02:00:00","guid":{"rendered":"https:\/\/eenewseurope.artwhere.co\/solution-de-recharge-sans-fil-pour-les-dispositifs-medicaux-et-portables-sur-soi\/"},"modified":"2016-10-03T02:00:00","modified_gmt":"2016-10-03T02:00:00","slug":"solution-de-recharge-sans-fil-pour-les-dispositifs-medicaux-et-portables-sur-soi","status":"publish","type":"post","link":"https:\/\/www.ecinews.fr\/fr\/solution-de-recharge-sans-fil-pour-les-dispositifs-medicaux-et-portables-sur-soi\/","title":{"rendered":"Solution de recharge sans fil pour les dispositifs m\u00e9dicaux et portables sur soi"},"content":{"rendered":"<p>La technologie de recharge sans fil \u00e9limine la n\u00e9cessit\u00e9 de changer les piles ou de connecter un c\u00e2ble d&rsquo;alimentation. Cette commodit\u00e9 est tr\u00e8s s\u00e9duisante pour une vari\u00e9t\u00e9 d&rsquo;applications, tels que les smartphones et les appareils portables, et est particuli\u00e8rement int\u00e9ressante pour les applications de faible puissance telles que des proth\u00e8ses auditives qui requi\u00e8rent de petits facteurs de forme.<\/p>\n<p>Malgr\u00e9 qu\u2019il soit difficile d&rsquo;adopter la technologie de recharge sans fil dans des applications de faible puissance utilisant des batteries secondaires lithium-ion (Li-ion) compactes, notamment en raison de la taille de l&rsquo;antenne normalis\u00e9e, des forts courants de charge et de la dispersion de chaleur d\u00e9licate, cette solution combine l\u2019expertise des syst\u00e8mes de recharge sans fil de ce constructeur avec ses microcontr\u00f4leurs (MCU) tr\u00e8s r\u00e9put\u00e9s pour permettre \u00e0 tous les composants cl\u00e9 du syst\u00e8me de se loger dans un espace restreint afin de faciliter l\u2019impl\u00e9mentation de la conception.<\/p>\n<p>Tr\u00e8s compact, le circuit r\u00e9cepteur de puissance int\u00e8gre toutes les fonctions n\u00e9cessaires \u00e0 la recharge sans fil dans un bo\u00eetier de dimensions 3,22 x 2,77 mm. Il comporte un circuit redresseur synchrone qui redresse la puissance AC utilis\u00e9e pour exciter la bobine d&rsquo;antenne r\u00e9ceptrice en un courant continu, et un circuit de contr\u00f4le de la charge pour g\u00e9rer une batterie Li-ion secondaire. Un convertisseur A\/N \u00e0 12 bits est utilis\u00e9 pour surveiller la tension et le courant de la batterie pendant la recharge, et ces donn\u00e9es sont fournies au transmetteur de puissance pour maintenir le niveau de puissance de charge optimale. Des fonctions de protection pour la batterie et un r\u00e9gulateur DC\/DC font \u00e9galement partie de la puce unique.<\/p>\n<p>Les applications de faible puissance telles que les syst\u00e8mes portables sur soi et les appareils auditifs utilisent g\u00e9n\u00e9ralement des batteries compactes de faibles capacit\u00e9s, ce qui rend crucial le facteur rendement. Le convertisseur DC\/DC int\u00e9gr\u00e9 atteint le remarquable rendement de 85% lorsque le syst\u00e8me fonctionne \u00e0 un faible niveau de charge, de l&rsquo;ordre de 1 mA, ce qui permet de prolonger la dur\u00e9e de vie de la batterie.<\/p>\n<hr \/>\n<p>Le transmetteur de puissance int\u00e8gre de tous les circuits n\u00e9cessaires pour la transmission d&rsquo;\u00e9nergie sans fil et le soutien pour une unique tension d&rsquo;alimentation de 5 V pour les batteries mobiles.<br \/>\nD&rsquo;une mani\u00e8re g\u00e9n\u00e9rale, la transmission d&rsquo;\u00e9nergie sans contact implique l&rsquo;application d&rsquo;un courant alternatif de 125 kHz \u00e0 la bobine d&rsquo;antenne du transmetteur pour exciter celle du r\u00e9cepteur et g\u00e9n\u00e9rer de l&rsquo;\u00e9nergie alternative. Le transmetteur pilote un circuit en pont et contr\u00f4le le courant alternatif afin d&rsquo;obtenir la valeur de puissance de transmission requise par le r\u00e9cepteur d&rsquo;\u00e9nergie. Il inclut une fonction de protection contre les surintensit\u00e9s du circuit pont et une fonction de protection \u00e0 deux lignes contre la surchauffe externe. Les fabricants de syst\u00e8mes peuvent modifier les valeurs des param\u00e8tres en programmant les registres de lecture avec les donn\u00e9es EEPROM externes via une interface I2C pour r\u00e9pondre aux besoins de l&rsquo;application. De plus, ils peuvent adapter encore plus la solution \u00e0 leurs besoins en connectant un microcontr\u00f4leur externe.<\/p>\n<p>Le MOSFET de puissance \u03bcPA2690T1R propri\u00e9taire est recommand\u00e9 pour la configuration du circuit pont. Quand il est combin\u00e9 avec le transmetteur, le fabricant du syst\u00e8me peut choisir entre les configurations en demi-pont ou en pont suivant le niveau de puissance requis.<\/p>\n<p><a href=\"http:\/\/www.renesas.com\/\" target=\"_blank\" rel=\"noopener\">www.renesas.com<\/a><\/p>\n","protected":false},"excerpt":{"rendered":"<p>Combinant toutes les fonctions n\u00e9cessaires pour une recharge sans fil et sans contact, la solution de Renesas Electronics est destin\u00e9e aux applications de faible puissance, tels que les proth\u00e8ses auditives et autres appareils portables qui n\u00e9cessitent d\u2019\u00eatre r\u00e9sistants \u00e0 l&rsquo;eau et \u00e0 la poussi\u00e8re. Elle se compose d&rsquo;un circuit int\u00e9gr\u00e9 r\u00e9cepteur de puissance RAA457100 et d\u2019un circuit transmetteur de puissance RAA458100.<\/p>\n","protected":false},"author":9,"featured_media":196896,"comment_status":"closed","ping_status":"closed","sticky":false,"template":"","format":"standard","meta":{"_acf_changed":false,"footnotes":""},"categories":[881],"tags":[890,915],"domains":[47],"ppma_author":[1141],"class_list":["post-196895","post","type-post","status-publish","format-standard","has-post-thumbnail","hentry","category-nouveaux-produits","tag-powermanagement-fr","tag-wireless-communications-fr","domains-electronique-eci"],"acf":[],"yoast_head":"<title>Solution de recharge sans fil pour les dispositifs m\u00e9dicaux et...<\/title>\n<meta name=\"description\" content=\"Combinant toutes les fonctions n\u00e9cessaires pour une recharge sans fil et sans contact, la solution de Renesas Electronics est destin\u00e9e aux applications de...\" \/>\n<meta name=\"robots\" content=\"index, follow, max-snippet:-1, max-image-preview:large, max-video-preview:-1\" \/>\n<link rel=\"canonical\" href=\"https:\/\/www.ecinews.fr\/fr\/wp-json\/wp\/v2\/posts\/196895\/\" \/>\n<meta property=\"og:locale\" content=\"fr_FR\" \/>\n<meta property=\"og:type\" content=\"article\" \/>\n<meta property=\"og:title\" content=\"Solution de recharge sans fil pour les dispositifs m\u00e9dicaux et portables sur soi\" \/>\n<meta property=\"og:description\" content=\"Combinant toutes les fonctions n\u00e9cessaires pour une recharge sans fil et sans contact, la solution de Renesas Electronics est destin\u00e9e aux applications de faible puissance, tels que les proth\u00e8ses auditives et autres appareils portables qui n\u00e9cessitent d\u2019\u00eatre r\u00e9sistants \u00e0 l&#039;eau et \u00e0 la poussi\u00e8re. Elle se compose d&#039;un circuit int\u00e9gr\u00e9 r\u00e9cepteur de puissance RAA457100 et d\u2019un circuit transmetteur de puissance RAA458100.\" \/>\n<meta property=\"og:url\" content=\"https:\/\/www.ecinews.fr\/fr\/wp-json\/wp\/v2\/posts\/196895\/\" \/>\n<meta property=\"og:site_name\" content=\"EENewsEurope\" \/>\n<meta property=\"article:published_time\" content=\"2016-10-03T02:00:00+00:00\" \/>\n<meta property=\"og:image\" content=\"https:\/\/www.ecinews.fr\/wp-content\/uploads\/import\/default\/files\/sites\/default\/files\/images\/eci8077_ren0654_wirelesschargesolution.jpg\" \/>\n\t<meta property=\"og:image:width\" content=\"1000\" \/>\n\t<meta property=\"og:image:height\" content=\"700\" \/>\n\t<meta property=\"og:image:type\" content=\"image\/jpeg\" \/>\n<meta name=\"author\" content=\"Alain Dieul\" \/>\n<meta name=\"twitter:card\" content=\"summary_large_image\" \/>\n<meta name=\"twitter:label1\" content=\"Written by\" \/>\n\t<meta name=\"twitter:data1\" content=\"Alain Dieul\" \/>\n\t<meta name=\"twitter:label2\" content=\"Est. reading time\" \/>\n\t<meta name=\"twitter:data2\" content=\"3 minutes\" \/>\n<script type=\"application\/ld+json\" class=\"yoast-schema-graph\">{\"@context\":\"https:\/\/schema.org\",\"@graph\":[{\"@type\":\"Article\",\"@id\":\"https:\/\/www.ecinews.fr\/fr\/solution-de-recharge-sans-fil-pour-les-dispositifs-medicaux-et-portables-sur-soi\/#article\",\"isPartOf\":{\"@id\":\"https:\/\/www.ecinews.fr\/fr\/solution-de-recharge-sans-fil-pour-les-dispositifs-medicaux-et-portables-sur-soi\/\"},\"author\":{\"name\":\"Alain Dieul\",\"@id\":\"https:\/\/www.eenewseurope.com\/en\/#\/schema\/person\/568c789a4794bd460460501ba91f5daf\"},\"headline\":\"Solution de recharge sans fil pour les dispositifs m\u00e9dicaux et portables sur soi\",\"datePublished\":\"2016-10-03T02:00:00+00:00\",\"dateModified\":\"2016-10-03T02:00:00+00:00\",\"mainEntityOfPage\":{\"@id\":\"https:\/\/www.ecinews.fr\/fr\/solution-de-recharge-sans-fil-pour-les-dispositifs-medicaux-et-portables-sur-soi\/\"},\"wordCount\":616,\"publisher\":{\"@id\":\"https:\/\/www.eenewseurope.com\/en\/#organization\"},\"keywords\":[\"PowerManagement\",\"Wireless Communications\"],\"articleSection\":[\"Nouveaux produits\"],\"inLanguage\":\"fr-FR\"},{\"@type\":\"WebPage\",\"@id\":\"https:\/\/www.ecinews.fr\/fr\/solution-de-recharge-sans-fil-pour-les-dispositifs-medicaux-et-portables-sur-soi\/\",\"url\":\"https:\/\/www.ecinews.fr\/fr\/solution-de-recharge-sans-fil-pour-les-dispositifs-medicaux-et-portables-sur-soi\/\",\"name\":\"Solution de recharge sans fil pour les dispositifs m\u00e9dicaux et portables sur soi -\",\"isPartOf\":{\"@id\":\"https:\/\/www.eenewseurope.com\/en\/#website\"},\"datePublished\":\"2016-10-03T02:00:00+00:00\",\"dateModified\":\"2016-10-03T02:00:00+00:00\",\"breadcrumb\":{\"@id\":\"https:\/\/www.ecinews.fr\/fr\/solution-de-recharge-sans-fil-pour-les-dispositifs-medicaux-et-portables-sur-soi\/#breadcrumb\"},\"inLanguage\":\"fr-FR\",\"potentialAction\":[{\"@type\":\"ReadAction\",\"target\":[\"https:\/\/www.ecinews.fr\/fr\/solution-de-recharge-sans-fil-pour-les-dispositifs-medicaux-et-portables-sur-soi\/\"]}]},{\"@type\":\"BreadcrumbList\",\"@id\":\"https:\/\/www.ecinews.fr\/fr\/solution-de-recharge-sans-fil-pour-les-dispositifs-medicaux-et-portables-sur-soi\/#breadcrumb\",\"itemListElement\":[{\"@type\":\"ListItem\",\"position\":1,\"name\":\"Home\",\"item\":\"https:\/\/www.ecinews.fr\/fr\/\"},{\"@type\":\"ListItem\",\"position\":2,\"name\":\"Solution de recharge sans fil pour les dispositifs m\u00e9dicaux et portables sur soi\"}]},{\"@type\":\"WebSite\",\"@id\":\"https:\/\/www.eenewseurope.com\/en\/#website\",\"url\":\"https:\/\/www.eenewseurope.com\/en\/\",\"name\":\"EENewsEurope\",\"description\":\"Just another WordPress site\",\"publisher\":{\"@id\":\"https:\/\/www.eenewseurope.com\/en\/#organization\"},\"potentialAction\":[{\"@type\":\"SearchAction\",\"target\":{\"@type\":\"EntryPoint\",\"urlTemplate\":\"https:\/\/www.eenewseurope.com\/en\/?s={search_term_string}\"},\"query-input\":\"required name=search_term_string\"}],\"inLanguage\":\"fr-FR\"},{\"@type\":\"Organization\",\"@id\":\"https:\/\/www.eenewseurope.com\/en\/#organization\",\"name\":\"EENewsEurope\",\"url\":\"https:\/\/www.eenewseurope.com\/en\/\",\"logo\":{\"@type\":\"ImageObject\",\"inLanguage\":\"fr-FR\",\"@id\":\"https:\/\/www.eenewseurope.com\/en\/#\/schema\/logo\/image\/\",\"url\":\"https:\/\/www.ecinews.fr\/wp-content\/uploads\/2022\/02\/logo-1.jpg\",\"contentUrl\":\"https:\/\/www.ecinews.fr\/wp-content\/uploads\/2022\/02\/logo-1.jpg\",\"width\":283,\"height\":113,\"caption\":\"EENewsEurope\"},\"image\":{\"@id\":\"https:\/\/www.eenewseurope.com\/en\/#\/schema\/logo\/image\/\"}},{\"@type\":\"Person\",\"@id\":\"https:\/\/www.eenewseurope.com\/en\/#\/schema\/person\/568c789a4794bd460460501ba91f5daf\",\"name\":\"Alain Dieul\",\"image\":{\"@type\":\"ImageObject\",\"inLanguage\":\"fr-FR\",\"@id\":\"https:\/\/www.eenewseurope.com\/en\/#\/schema\/person\/image\/6d32dc651fbcef3b338066625b118364\",\"url\":\"https:\/\/secure.gravatar.com\/avatar\/93708ec89b35deb10f4cfbfe144b4e07?s=96&d=mm&r=g\",\"contentUrl\":\"https:\/\/secure.gravatar.com\/avatar\/93708ec89b35deb10f4cfbfe144b4e07?s=96&d=mm&r=g\",\"caption\":\"Alain Dieul\"}}]}<\/script>","yoast_head_json":{"title":"Solution de recharge sans fil pour les dispositifs m\u00e9dicaux et...","description":"Combinant toutes les fonctions n\u00e9cessaires pour une recharge sans fil et sans contact, la solution de Renesas Electronics est destin\u00e9e aux applications de...","robots":{"index":"index","follow":"follow","max-snippet":"max-snippet:-1","max-image-preview":"max-image-preview:large","max-video-preview":"max-video-preview:-1"},"canonical":"https:\/\/www.ecinews.fr\/fr\/wp-json\/wp\/v2\/posts\/196895\/","og_locale":"fr_FR","og_type":"article","og_title":"Solution de recharge sans fil pour les dispositifs m\u00e9dicaux et portables sur soi","og_description":"Combinant toutes les fonctions n\u00e9cessaires pour une recharge sans fil et sans contact, la solution de Renesas Electronics est destin\u00e9e aux applications de faible puissance, tels que les proth\u00e8ses auditives et autres appareils portables qui n\u00e9cessitent d\u2019\u00eatre r\u00e9sistants \u00e0 l'eau et \u00e0 la poussi\u00e8re. Elle se compose d'un circuit int\u00e9gr\u00e9 r\u00e9cepteur de puissance RAA457100 et d\u2019un circuit transmetteur de puissance RAA458100.","og_url":"https:\/\/www.ecinews.fr\/fr\/wp-json\/wp\/v2\/posts\/196895\/","og_site_name":"EENewsEurope","article_published_time":"2016-10-03T02:00:00+00:00","og_image":[{"width":1000,"height":700,"url":"https:\/\/www.ecinews.fr\/wp-content\/uploads\/import\/default\/files\/sites\/default\/files\/images\/eci8077_ren0654_wirelesschargesolution.jpg","type":"image\/jpeg"}],"author":"Alain Dieul","twitter_card":"summary_large_image","twitter_misc":{"Written by":"Alain Dieul","Est. reading time":"3 minutes"},"schema":{"@context":"https:\/\/schema.org","@graph":[{"@type":"Article","@id":"https:\/\/www.ecinews.fr\/fr\/solution-de-recharge-sans-fil-pour-les-dispositifs-medicaux-et-portables-sur-soi\/#article","isPartOf":{"@id":"https:\/\/www.ecinews.fr\/fr\/solution-de-recharge-sans-fil-pour-les-dispositifs-medicaux-et-portables-sur-soi\/"},"author":{"name":"Alain Dieul","@id":"https:\/\/www.eenewseurope.com\/en\/#\/schema\/person\/568c789a4794bd460460501ba91f5daf"},"headline":"Solution de recharge sans fil pour les dispositifs m\u00e9dicaux et portables sur soi","datePublished":"2016-10-03T02:00:00+00:00","dateModified":"2016-10-03T02:00:00+00:00","mainEntityOfPage":{"@id":"https:\/\/www.ecinews.fr\/fr\/solution-de-recharge-sans-fil-pour-les-dispositifs-medicaux-et-portables-sur-soi\/"},"wordCount":616,"publisher":{"@id":"https:\/\/www.eenewseurope.com\/en\/#organization"},"keywords":["PowerManagement","Wireless Communications"],"articleSection":["Nouveaux produits"],"inLanguage":"fr-FR"},{"@type":"WebPage","@id":"https:\/\/www.ecinews.fr\/fr\/solution-de-recharge-sans-fil-pour-les-dispositifs-medicaux-et-portables-sur-soi\/","url":"https:\/\/www.ecinews.fr\/fr\/solution-de-recharge-sans-fil-pour-les-dispositifs-medicaux-et-portables-sur-soi\/","name":"Solution de recharge sans fil pour les dispositifs m\u00e9dicaux et portables sur soi -","isPartOf":{"@id":"https:\/\/www.eenewseurope.com\/en\/#website"},"datePublished":"2016-10-03T02:00:00+00:00","dateModified":"2016-10-03T02:00:00+00:00","breadcrumb":{"@id":"https:\/\/www.ecinews.fr\/fr\/solution-de-recharge-sans-fil-pour-les-dispositifs-medicaux-et-portables-sur-soi\/#breadcrumb"},"inLanguage":"fr-FR","potentialAction":[{"@type":"ReadAction","target":["https:\/\/www.ecinews.fr\/fr\/solution-de-recharge-sans-fil-pour-les-dispositifs-medicaux-et-portables-sur-soi\/"]}]},{"@type":"BreadcrumbList","@id":"https:\/\/www.ecinews.fr\/fr\/solution-de-recharge-sans-fil-pour-les-dispositifs-medicaux-et-portables-sur-soi\/#breadcrumb","itemListElement":[{"@type":"ListItem","position":1,"name":"Home","item":"https:\/\/www.ecinews.fr\/fr\/"},{"@type":"ListItem","position":2,"name":"Solution de recharge sans fil pour les dispositifs m\u00e9dicaux et portables sur soi"}]},{"@type":"WebSite","@id":"https:\/\/www.eenewseurope.com\/en\/#website","url":"https:\/\/www.eenewseurope.com\/en\/","name":"EENewsEurope","description":"Just another WordPress site","publisher":{"@id":"https:\/\/www.eenewseurope.com\/en\/#organization"},"potentialAction":[{"@type":"SearchAction","target":{"@type":"EntryPoint","urlTemplate":"https:\/\/www.eenewseurope.com\/en\/?s={search_term_string}"},"query-input":"required name=search_term_string"}],"inLanguage":"fr-FR"},{"@type":"Organization","@id":"https:\/\/www.eenewseurope.com\/en\/#organization","name":"EENewsEurope","url":"https:\/\/www.eenewseurope.com\/en\/","logo":{"@type":"ImageObject","inLanguage":"fr-FR","@id":"https:\/\/www.eenewseurope.com\/en\/#\/schema\/logo\/image\/","url":"https:\/\/www.ecinews.fr\/wp-content\/uploads\/2022\/02\/logo-1.jpg","contentUrl":"https:\/\/www.ecinews.fr\/wp-content\/uploads\/2022\/02\/logo-1.jpg","width":283,"height":113,"caption":"EENewsEurope"},"image":{"@id":"https:\/\/www.eenewseurope.com\/en\/#\/schema\/logo\/image\/"}},{"@type":"Person","@id":"https:\/\/www.eenewseurope.com\/en\/#\/schema\/person\/568c789a4794bd460460501ba91f5daf","name":"Alain Dieul","image":{"@type":"ImageObject","inLanguage":"fr-FR","@id":"https:\/\/www.eenewseurope.com\/en\/#\/schema\/person\/image\/6d32dc651fbcef3b338066625b118364","url":"https:\/\/secure.gravatar.com\/avatar\/93708ec89b35deb10f4cfbfe144b4e07?s=96&d=mm&r=g","contentUrl":"https:\/\/secure.gravatar.com\/avatar\/93708ec89b35deb10f4cfbfe144b4e07?s=96&d=mm&r=g","caption":"Alain Dieul"}}]}},"authors":[{"term_id":1141,"user_id":9,"is_guest":0,"slug":"alaindieul","display_name":"Alain Dieul","avatar_url":"https:\/\/secure.gravatar.com\/avatar\/93708ec89b35deb10f4cfbfe144b4e07?s=96&d=mm&r=g","0":null,"1":"","2":"","3":"","4":"","5":"","6":"","7":"","8":""}],"_links":{"self":[{"href":"https:\/\/www.ecinews.fr\/fr\/wp-json\/wp\/v2\/posts\/196895"}],"collection":[{"href":"https:\/\/www.ecinews.fr\/fr\/wp-json\/wp\/v2\/posts"}],"about":[{"href":"https:\/\/www.ecinews.fr\/fr\/wp-json\/wp\/v2\/types\/post"}],"author":[{"embeddable":true,"href":"https:\/\/www.ecinews.fr\/fr\/wp-json\/wp\/v2\/users\/9"}],"replies":[{"embeddable":true,"href":"https:\/\/www.ecinews.fr\/fr\/wp-json\/wp\/v2\/comments?post=196895"}],"version-history":[{"count":0,"href":"https:\/\/www.ecinews.fr\/fr\/wp-json\/wp\/v2\/posts\/196895\/revisions"}],"wp:featuredmedia":[{"embeddable":true,"href":"https:\/\/www.ecinews.fr\/fr\/wp-json\/wp\/v2\/media\/196896"}],"wp:attachment":[{"href":"https:\/\/www.ecinews.fr\/fr\/wp-json\/wp\/v2\/media?parent=196895"}],"wp:term":[{"taxonomy":"category","embeddable":true,"href":"https:\/\/www.ecinews.fr\/fr\/wp-json\/wp\/v2\/categories?post=196895"},{"taxonomy":"post_tag","embeddable":true,"href":"https:\/\/www.ecinews.fr\/fr\/wp-json\/wp\/v2\/tags?post=196895"},{"taxonomy":"domains","embeddable":true,"href":"https:\/\/www.ecinews.fr\/fr\/wp-json\/wp\/v2\/domains?post=196895"},{"taxonomy":"author","embeddable":true,"href":"https:\/\/www.ecinews.fr\/fr\/wp-json\/wp\/v2\/ppma_author?post=196895"}],"curies":[{"name":"wp","href":"https:\/\/api.w.org\/{rel}","templated":true}]}}