{"id":194390,"date":"2016-10-21T01:00:00","date_gmt":"2016-10-21T01:00:00","guid":{"rendered":"https:\/\/eenewseurope.artwhere.co\/solution-de-modem-plc-accelerant-le-temps-de-mise-sur-le-marche\/"},"modified":"2016-10-21T01:00:00","modified_gmt":"2016-10-21T01:00:00","slug":"solution-de-modem-plc-accelerant-le-temps-de-mise-sur-le-marche","status":"publish","type":"post","link":"https:\/\/www.ecinews.fr\/fr\/solution-de-modem-plc-accelerant-le-temps-de-mise-sur-le-marche\/","title":{"rendered":"Solution de modem PLC acc\u00e9l\u00e9rant le temps de mise sur le march\u00e9"},"content":{"rendered":"<p>Cette plate-forme compl\u00e8te int\u00e8gre un logiciel enti\u00e8rement qualifi\u00e9, une famille \u00e9volutive de microcontr\u00f4leurs (MCU), des outils de d\u00e9veloppement unifi\u00e9s pour des applications embarqu\u00e9es et pour l&rsquo;IoT. Elle a \u00e9t\u00e9 con\u00e7ue pour acc\u00e9l\u00e9rer les d\u00e9lais de commercialisation, r\u00e9duire le co\u00fbt total d\u2019exploitation, et assurer une plus grande diff\u00e9renciation. Cette adaptation se concr\u00e9tise par le lancement d&rsquo;un VSA (Verified Software Add-on) muni de la pile de protocoles G3-PLC.<\/p>\n<p>Selon le niveau de performance requis pour le produit final, les concepteurs de syst\u00e8mes peuvent choisir parmi une large gamme de MCU Synergy, \u00e9volutifs et compatibles, allant de l&rsquo;ARM Cortex M0+ \u00e0 32 MHz, 128 Ko de flash et 16 Ko de SRAM, jusqu&rsquo;\u00e0 l&rsquo;ARM Cortex M4 \u00e0 240 MHz, 4 Mo de flash et 640 Ko de SRAM. La combinaison de ces MCU avec la troisi\u00e8me g\u00e9n\u00e9ration du modem PLC mono puce permet aux ing\u00e9nieurs de r\u00e9aliser une conception de syst\u00e8me extr\u00eamement modulaire, flexible et au co\u00fbt optimis\u00e9. Toutes modifications ou refontes n\u00e9cessaires peuvent \u00eatre effectu\u00e9es d&rsquo;une mani\u00e8re extr\u00eamement rentable, en impliquant le strict minimum au niveau d\u00e9veloppement, tests et certification, et surtout en assurant le minimum de risque. Les concepteurs de syst\u00e8me peuvent ainsi obtenir une mise sur le march\u00e9 exceptionnellement pr\u00e9coce, et consacrer plus de temps \u00e0 l&rsquo;innovation et \u00e0 la diff\u00e9renciation.<\/p>\n<p>Cette solution de modem PLC mono puce se distingue par sa robustesse et sa flexibilit\u00e9. Elle prend en charge toutes les normes du protocole PLC tels que PRIME 1.3.6 et PRIME 1.4 avec une couverture compl\u00e8te, ainsi que le G3-PLC, pour toutes les bandes de fr\u00e9quences mondiales, y compris CENELEC A, FCC et ARIB. Pour des applications IoT plus complexes, la solution permet m\u00eame aux concepteurs de syst\u00e8mes d\u2019impl\u00e9menter une communication \u00e0 double voie. La qualit\u00e9 exceptionnelle du signal, une large plage dynamique et une remarquable immunit\u00e9 au bruit sont obtenus gr\u00e2ce \u00e0 l\u2019\u00e9tage d\u2019entr\u00e9e analogique embarqu\u00e9 et \u00e0 d\u2019excellents algorithmes DSP qui peuvent g\u00e9rer des profils sp\u00e9cifiques de bruit \u00e0 large spectre.<\/p>\n<hr \/>\n<p>Le module PLC compact, dot\u00e9 d\u2019une interface Pmod, utilisant le modem PLC mono puce R9A06G037GNP propri\u00e9taire, peut \u00eatre combin\u00e9 \u00e0 tout kit de d\u00e9veloppement Synergy pour former un environnement complet d&rsquo;\u00e9valuation et de d\u00e9veloppement. Le module Pmod, d\u00e9velopp\u00e9 par Digilent, est une interface standard ouverte assurant la connexion des modules p\u00e9riph\u00e9riques, \u00e0 basse fr\u00e9quence et \u00e0 nombre limit\u00e9 de broches d&rsquo;E\/S, \u00e0 des cartes contr\u00f4leurs h\u00f4tes.<\/p>\n<p>\u00ab\u00a0Nos clients sont confront\u00e9s \u00e0 la complexit\u00e9 croissante des solutions en particulier dans le segment de l&rsquo;\u00e9nergie intelligente. En parall\u00e8le, il existe aussi une demande croissante pour r\u00e9duire les temps de d\u00e9veloppement, sans parler de la forte pression sur les co\u00fbts,\u00a0\u00bb explique Niels Trapp, Directeur Senior, Segment Solutions, Industrial &amp; Communications Business Group \u00e0 Renesas Electronics Europe. \u00ab\u00a0Renesas satisfait ces exigences en cr\u00e9ant un concept de syst\u00e8me pour des solutions de modem G3-PLC, permettant aux clients de se concentrer sur leur principale comp\u00e9tence, l&rsquo;application elle-m\u00eame.\u00a0\u00bb<\/p>\n<p>Le lancement officiel du VSA G3-PLC et du module de PLC Pmod aura lieu lors de l\u2019European Utility Week du 15 au 17 novembre 2016 \u00e0 Barcelone, o\u00f9 Renesas pr\u00e9sentera des solutions de derni\u00e8re g\u00e9n\u00e9ration pour les technologies de mesure et de communication sur le stand 3G141.<\/p>\n<p><a href=\"http:\/\/www.renesas.com\/\" target=\"_blank\" rel=\"noopener\">www.renesas.com<\/a><\/p>\n","protected":false},"excerpt":{"rendered":"<p>L\u2019adaptation de la solution mono puce de modem PLC (Powerline Communication) de Renesas Electronics sur sa plate-forme de d\u00e9veloppement Synergy \u00e9limine la plupart des obstacles auxquels les ing\u00e9nieurs sont confront\u00e9s lors de la conception de compteurs intelligents et de produits connect\u00e9s.<\/p>\n","protected":false},"author":9,"featured_media":194391,"comment_status":"closed","ping_status":"closed","sticky":false,"template":"","format":"standard","meta":{"_acf_changed":false,"footnotes":""},"categories":[881],"tags":[895],"domains":[47],"ppma_author":[1141],"class_list":["post-194390","post","type-post","status-publish","format-standard","has-post-thumbnail","hentry","category-nouveaux-produits","tag-developmentkits-fr","domains-electronique-eci"],"acf":[],"yoast_head":"<title>Solution de modem PLC acc\u00e9l\u00e9rant le temps de mise sur le marc...<\/title>\n<meta name=\"description\" content=\"L\u2019adaptation de la solution mono puce de modem PLC (Powerline Communication) de Renesas Electronics sur sa plate-forme de d\u00e9veloppement Synergy \u00e9limine...\" \/>\n<meta name=\"robots\" content=\"index, follow, max-snippet:-1, max-image-preview:large, max-video-preview:-1\" \/>\n<link rel=\"canonical\" href=\"https:\/\/www.ecinews.fr\/fr\/wp-json\/wp\/v2\/posts\/194390\/\" \/>\n<meta property=\"og:locale\" content=\"fr_FR\" \/>\n<meta property=\"og:type\" content=\"article\" \/>\n<meta property=\"og:title\" content=\"Solution de modem PLC acc\u00e9l\u00e9rant le temps de mise sur le march\u00e9\" \/>\n<meta property=\"og:description\" content=\"L\u2019adaptation de la solution mono puce de modem PLC (Powerline Communication) de Renesas Electronics sur sa plate-forme de d\u00e9veloppement Synergy \u00e9limine la plupart des obstacles auxquels les ing\u00e9nieurs sont confront\u00e9s lors de la conception de compteurs intelligents et de produits connect\u00e9s.\" \/>\n<meta property=\"og:url\" content=\"https:\/\/www.ecinews.fr\/fr\/wp-json\/wp\/v2\/posts\/194390\/\" \/>\n<meta property=\"og:site_name\" content=\"EENewsEurope\" \/>\n<meta property=\"article:published_time\" content=\"2016-10-21T01:00:00+00:00\" \/>\n<meta property=\"og:image\" content=\"https:\/\/www.eenewseurope.com\/wp-content\/uploads\/import\/default\/files\/sites\/default\/files\/images\/eci8130_renesas_ren0651_board_pmod_plc_r_0-scaled.jpg\" \/>\n\t<meta property=\"og:image:width\" content=\"2560\" \/>\n\t<meta property=\"og:image:height\" content=\"1747\" \/>\n\t<meta property=\"og:image:type\" content=\"image\/jpeg\" \/>\n<meta name=\"author\" content=\"Alain Dieul\" \/>\n<meta name=\"twitter:card\" content=\"summary_large_image\" \/>\n<meta name=\"twitter:label1\" content=\"Written by\" \/>\n\t<meta name=\"twitter:data1\" content=\"Alain Dieul\" \/>\n\t<meta name=\"twitter:label2\" content=\"Est. reading time\" \/>\n\t<meta name=\"twitter:data2\" content=\"3 minutes\" \/>\n<script type=\"application\/ld+json\" class=\"yoast-schema-graph\">{\"@context\":\"https:\/\/schema.org\",\"@graph\":[{\"@type\":\"Article\",\"@id\":\"https:\/\/www.eenewseurope.com\/fr\/solution-de-modem-plc-accelerant-le-temps-de-mise-sur-le-marche\/#article\",\"isPartOf\":{\"@id\":\"https:\/\/www.eenewseurope.com\/fr\/solution-de-modem-plc-accelerant-le-temps-de-mise-sur-le-marche\/\"},\"author\":{\"name\":\"Alain Dieul\",\"@id\":\"https:\/\/www.ecinews.fr\/fr\/#\/schema\/person\/568c789a4794bd460460501ba91f5daf\"},\"headline\":\"Solution de modem PLC acc\u00e9l\u00e9rant le temps de mise sur le march\u00e9\",\"datePublished\":\"2016-10-21T01:00:00+00:00\",\"dateModified\":\"2016-10-21T01:00:00+00:00\",\"mainEntityOfPage\":{\"@id\":\"https:\/\/www.eenewseurope.com\/fr\/solution-de-modem-plc-accelerant-le-temps-de-mise-sur-le-marche\/\"},\"wordCount\":601,\"publisher\":{\"@id\":\"https:\/\/www.ecinews.fr\/fr\/#organization\"},\"keywords\":[\"DevelopmentKits\"],\"articleSection\":[\"Nouveaux produits\"],\"inLanguage\":\"fr-FR\"},{\"@type\":\"WebPage\",\"@id\":\"https:\/\/www.eenewseurope.com\/fr\/solution-de-modem-plc-accelerant-le-temps-de-mise-sur-le-marche\/\",\"url\":\"https:\/\/www.eenewseurope.com\/fr\/solution-de-modem-plc-accelerant-le-temps-de-mise-sur-le-marche\/\",\"name\":\"Solution de modem PLC acc\u00e9l\u00e9rant le temps de mise sur le march\u00e9 -\",\"isPartOf\":{\"@id\":\"https:\/\/www.ecinews.fr\/fr\/#website\"},\"datePublished\":\"2016-10-21T01:00:00+00:00\",\"dateModified\":\"2016-10-21T01:00:00+00:00\",\"breadcrumb\":{\"@id\":\"https:\/\/www.eenewseurope.com\/fr\/solution-de-modem-plc-accelerant-le-temps-de-mise-sur-le-marche\/#breadcrumb\"},\"inLanguage\":\"fr-FR\",\"potentialAction\":[{\"@type\":\"ReadAction\",\"target\":[\"https:\/\/www.eenewseurope.com\/fr\/solution-de-modem-plc-accelerant-le-temps-de-mise-sur-le-marche\/\"]}]},{\"@type\":\"BreadcrumbList\",\"@id\":\"https:\/\/www.eenewseurope.com\/fr\/solution-de-modem-plc-accelerant-le-temps-de-mise-sur-le-marche\/#breadcrumb\",\"itemListElement\":[{\"@type\":\"ListItem\",\"position\":1,\"name\":\"Home\",\"item\":\"https:\/\/www.ecinews.fr\/fr\/\"},{\"@type\":\"ListItem\",\"position\":2,\"name\":\"Solution de modem PLC acc\u00e9l\u00e9rant le temps de mise sur le march\u00e9\"}]},{\"@type\":\"WebSite\",\"@id\":\"https:\/\/www.ecinews.fr\/fr\/#website\",\"url\":\"https:\/\/www.ecinews.fr\/fr\/\",\"name\":\"EENewsEurope\",\"description\":\"Just another WordPress site\",\"publisher\":{\"@id\":\"https:\/\/www.ecinews.fr\/fr\/#organization\"},\"potentialAction\":[{\"@type\":\"SearchAction\",\"target\":{\"@type\":\"EntryPoint\",\"urlTemplate\":\"https:\/\/www.ecinews.fr\/fr\/?s={search_term_string}\"},\"query-input\":\"required name=search_term_string\"}],\"inLanguage\":\"fr-FR\"},{\"@type\":\"Organization\",\"@id\":\"https:\/\/www.ecinews.fr\/fr\/#organization\",\"name\":\"EENewsEurope\",\"url\":\"https:\/\/www.ecinews.fr\/fr\/\",\"logo\":{\"@type\":\"ImageObject\",\"inLanguage\":\"fr-FR\",\"@id\":\"https:\/\/www.ecinews.fr\/fr\/#\/schema\/logo\/image\/\",\"url\":\"https:\/\/www.ecinews.fr\/wp-content\/uploads\/2022\/02\/logo-1.jpg\",\"contentUrl\":\"https:\/\/www.ecinews.fr\/wp-content\/uploads\/2022\/02\/logo-1.jpg\",\"width\":283,\"height\":113,\"caption\":\"EENewsEurope\"},\"image\":{\"@id\":\"https:\/\/www.ecinews.fr\/fr\/#\/schema\/logo\/image\/\"}},{\"@type\":\"Person\",\"@id\":\"https:\/\/www.ecinews.fr\/fr\/#\/schema\/person\/568c789a4794bd460460501ba91f5daf\",\"name\":\"Alain Dieul\",\"image\":{\"@type\":\"ImageObject\",\"inLanguage\":\"fr-FR\",\"@id\":\"https:\/\/www.ecinews.fr\/fr\/#\/schema\/person\/image\/6d32dc651fbcef3b338066625b118364\",\"url\":\"https:\/\/secure.gravatar.com\/avatar\/93708ec89b35deb10f4cfbfe144b4e07?s=96&d=mm&r=g\",\"contentUrl\":\"https:\/\/secure.gravatar.com\/avatar\/93708ec89b35deb10f4cfbfe144b4e07?s=96&d=mm&r=g\",\"caption\":\"Alain Dieul\"}}]}<\/script>","yoast_head_json":{"title":"Solution de modem PLC acc\u00e9l\u00e9rant le temps de mise sur le marc...","description":"L\u2019adaptation de la solution mono puce de modem PLC (Powerline Communication) de Renesas Electronics sur sa plate-forme de d\u00e9veloppement Synergy \u00e9limine...","robots":{"index":"index","follow":"follow","max-snippet":"max-snippet:-1","max-image-preview":"max-image-preview:large","max-video-preview":"max-video-preview:-1"},"canonical":"https:\/\/www.ecinews.fr\/fr\/wp-json\/wp\/v2\/posts\/194390\/","og_locale":"fr_FR","og_type":"article","og_title":"Solution de modem PLC acc\u00e9l\u00e9rant le temps de mise sur le march\u00e9","og_description":"L\u2019adaptation de la solution mono puce de modem PLC (Powerline Communication) de Renesas Electronics sur sa plate-forme de d\u00e9veloppement Synergy \u00e9limine la plupart des obstacles auxquels les ing\u00e9nieurs sont confront\u00e9s lors de la conception de compteurs intelligents et de produits connect\u00e9s.","og_url":"https:\/\/www.ecinews.fr\/fr\/wp-json\/wp\/v2\/posts\/194390\/","og_site_name":"EENewsEurope","article_published_time":"2016-10-21T01:00:00+00:00","og_image":[{"width":2560,"height":1747,"url":"https:\/\/www.eenewseurope.com\/wp-content\/uploads\/import\/default\/files\/sites\/default\/files\/images\/eci8130_renesas_ren0651_board_pmod_plc_r_0-scaled.jpg","type":"image\/jpeg"}],"author":"Alain Dieul","twitter_card":"summary_large_image","twitter_misc":{"Written by":"Alain Dieul","Est. reading time":"3 minutes"},"schema":{"@context":"https:\/\/schema.org","@graph":[{"@type":"Article","@id":"https:\/\/www.eenewseurope.com\/fr\/solution-de-modem-plc-accelerant-le-temps-de-mise-sur-le-marche\/#article","isPartOf":{"@id":"https:\/\/www.eenewseurope.com\/fr\/solution-de-modem-plc-accelerant-le-temps-de-mise-sur-le-marche\/"},"author":{"name":"Alain Dieul","@id":"https:\/\/www.ecinews.fr\/fr\/#\/schema\/person\/568c789a4794bd460460501ba91f5daf"},"headline":"Solution de modem PLC acc\u00e9l\u00e9rant le temps de mise sur le march\u00e9","datePublished":"2016-10-21T01:00:00+00:00","dateModified":"2016-10-21T01:00:00+00:00","mainEntityOfPage":{"@id":"https:\/\/www.eenewseurope.com\/fr\/solution-de-modem-plc-accelerant-le-temps-de-mise-sur-le-marche\/"},"wordCount":601,"publisher":{"@id":"https:\/\/www.ecinews.fr\/fr\/#organization"},"keywords":["DevelopmentKits"],"articleSection":["Nouveaux produits"],"inLanguage":"fr-FR"},{"@type":"WebPage","@id":"https:\/\/www.eenewseurope.com\/fr\/solution-de-modem-plc-accelerant-le-temps-de-mise-sur-le-marche\/","url":"https:\/\/www.eenewseurope.com\/fr\/solution-de-modem-plc-accelerant-le-temps-de-mise-sur-le-marche\/","name":"Solution de modem PLC acc\u00e9l\u00e9rant le temps de mise sur le march\u00e9 -","isPartOf":{"@id":"https:\/\/www.ecinews.fr\/fr\/#website"},"datePublished":"2016-10-21T01:00:00+00:00","dateModified":"2016-10-21T01:00:00+00:00","breadcrumb":{"@id":"https:\/\/www.eenewseurope.com\/fr\/solution-de-modem-plc-accelerant-le-temps-de-mise-sur-le-marche\/#breadcrumb"},"inLanguage":"fr-FR","potentialAction":[{"@type":"ReadAction","target":["https:\/\/www.eenewseurope.com\/fr\/solution-de-modem-plc-accelerant-le-temps-de-mise-sur-le-marche\/"]}]},{"@type":"BreadcrumbList","@id":"https:\/\/www.eenewseurope.com\/fr\/solution-de-modem-plc-accelerant-le-temps-de-mise-sur-le-marche\/#breadcrumb","itemListElement":[{"@type":"ListItem","position":1,"name":"Home","item":"https:\/\/www.ecinews.fr\/fr\/"},{"@type":"ListItem","position":2,"name":"Solution de modem PLC acc\u00e9l\u00e9rant le temps de mise sur le march\u00e9"}]},{"@type":"WebSite","@id":"https:\/\/www.ecinews.fr\/fr\/#website","url":"https:\/\/www.ecinews.fr\/fr\/","name":"EENewsEurope","description":"Just another WordPress site","publisher":{"@id":"https:\/\/www.ecinews.fr\/fr\/#organization"},"potentialAction":[{"@type":"SearchAction","target":{"@type":"EntryPoint","urlTemplate":"https:\/\/www.ecinews.fr\/fr\/?s={search_term_string}"},"query-input":"required name=search_term_string"}],"inLanguage":"fr-FR"},{"@type":"Organization","@id":"https:\/\/www.ecinews.fr\/fr\/#organization","name":"EENewsEurope","url":"https:\/\/www.ecinews.fr\/fr\/","logo":{"@type":"ImageObject","inLanguage":"fr-FR","@id":"https:\/\/www.ecinews.fr\/fr\/#\/schema\/logo\/image\/","url":"https:\/\/www.ecinews.fr\/wp-content\/uploads\/2022\/02\/logo-1.jpg","contentUrl":"https:\/\/www.ecinews.fr\/wp-content\/uploads\/2022\/02\/logo-1.jpg","width":283,"height":113,"caption":"EENewsEurope"},"image":{"@id":"https:\/\/www.ecinews.fr\/fr\/#\/schema\/logo\/image\/"}},{"@type":"Person","@id":"https:\/\/www.ecinews.fr\/fr\/#\/schema\/person\/568c789a4794bd460460501ba91f5daf","name":"Alain Dieul","image":{"@type":"ImageObject","inLanguage":"fr-FR","@id":"https:\/\/www.ecinews.fr\/fr\/#\/schema\/person\/image\/6d32dc651fbcef3b338066625b118364","url":"https:\/\/secure.gravatar.com\/avatar\/93708ec89b35deb10f4cfbfe144b4e07?s=96&d=mm&r=g","contentUrl":"https:\/\/secure.gravatar.com\/avatar\/93708ec89b35deb10f4cfbfe144b4e07?s=96&d=mm&r=g","caption":"Alain Dieul"}}]}},"authors":[{"term_id":1141,"user_id":9,"is_guest":0,"slug":"alaindieul","display_name":"Alain Dieul","avatar_url":"https:\/\/secure.gravatar.com\/avatar\/93708ec89b35deb10f4cfbfe144b4e07?s=96&d=mm&r=g","0":null,"1":"","2":"","3":"","4":"","5":"","6":"","7":"","8":""}],"_links":{"self":[{"href":"https:\/\/www.ecinews.fr\/fr\/wp-json\/wp\/v2\/posts\/194390"}],"collection":[{"href":"https:\/\/www.ecinews.fr\/fr\/wp-json\/wp\/v2\/posts"}],"about":[{"href":"https:\/\/www.ecinews.fr\/fr\/wp-json\/wp\/v2\/types\/post"}],"author":[{"embeddable":true,"href":"https:\/\/www.ecinews.fr\/fr\/wp-json\/wp\/v2\/users\/9"}],"replies":[{"embeddable":true,"href":"https:\/\/www.ecinews.fr\/fr\/wp-json\/wp\/v2\/comments?post=194390"}],"version-history":[{"count":0,"href":"https:\/\/www.ecinews.fr\/fr\/wp-json\/wp\/v2\/posts\/194390\/revisions"}],"wp:featuredmedia":[{"embeddable":true,"href":"https:\/\/www.ecinews.fr\/fr\/wp-json\/wp\/v2\/media\/194391"}],"wp:attachment":[{"href":"https:\/\/www.ecinews.fr\/fr\/wp-json\/wp\/v2\/media?parent=194390"}],"wp:term":[{"taxonomy":"category","embeddable":true,"href":"https:\/\/www.ecinews.fr\/fr\/wp-json\/wp\/v2\/categories?post=194390"},{"taxonomy":"post_tag","embeddable":true,"href":"https:\/\/www.ecinews.fr\/fr\/wp-json\/wp\/v2\/tags?post=194390"},{"taxonomy":"domains","embeddable":true,"href":"https:\/\/www.ecinews.fr\/fr\/wp-json\/wp\/v2\/domains?post=194390"},{"taxonomy":"author","embeddable":true,"href":"https:\/\/www.ecinews.fr\/fr\/wp-json\/wp\/v2\/ppma_author?post=194390"}],"curies":[{"name":"wp","href":"https:\/\/api.w.org\/{rel}","templated":true}]}}