{"id":193090,"date":"2016-11-04T07:00:00","date_gmt":"2016-11-04T07:00:00","guid":{"rendered":"https:\/\/eenewseurope.artwhere.co\/solution-embarquee-pour-accelerer-le-developpement-des-vehicules-autonomes\/"},"modified":"2016-11-04T07:00:00","modified_gmt":"2016-11-04T07:00:00","slug":"solution-embarquee-pour-accelerer-le-developpement-des-vehicules-autonomes","status":"publish","type":"post","link":"https:\/\/www.ecinews.fr\/fr\/solution-embarquee-pour-accelerer-le-developpement-des-vehicules-autonomes\/","title":{"rendered":"Solution embarqu\u00e9e pour acc\u00e9l\u00e9rer le d\u00e9veloppement des v\u00e9hicules autonomes"},"content":{"rendered":"<p>Int\u00e9gr\u00e9 dans un robuste bo\u00eetier, ce kit permet le d\u00e9veloppement et la v\u00e9rification des logiciels que les d\u00e9veloppeurs des Tier-1 et des OEM utilisent pour leurs ECU. Pour fournit simultan\u00e9ment la puissance de calcul \u00e9lev\u00e9e requise pour la conduite autonome et un niveau de s\u00fbret\u00e9 de fonctionnement et de qualit\u00e9 \u00e9lev\u00e9, il connecte deux SoC R-Car H3 et un MCU RH850 P1H-C de la gamme au travers des interfaces \u00e0 haute vitesse. Il assure \u00e9galement la connexion \u00e0 des p\u00e9riph\u00e9riques utilisant plusieurs interfaces externes, tels que CAN-FD, FlexRay et Ethernet. Gr\u00e2ce \u00e0 son utilisation dans le v\u00e9hicule, il facilite l\u2019\u00e9valuation des logiciels des ECU. La conception robuste et compacte du bo\u00eetier autorise aussi bien des tests en laboratoire que des essais en conduite qui r\u00e9pondent aux contraintes automobiles, celles-ci \u00e9tant r\u00e9put\u00e9es pour \u00eatre exigeantes en termes de temp\u00e9rature de fonctionnement, de faible consommation d&rsquo;\u00e9nergie et d\u2019encombrement.<\/p>\n<p>Conforme \u00e0 la norme ISO 26262 ASIL-B, le SoC R-Car H3 est bas\u00e9 sur des c\u0153urs ARM Cortex-A57\/A53. Il peut \u00eatre utilis\u00e9 comme calculateur automobile pour des syst\u00e8mes prenant en charge la s\u00fbret\u00e9 de conduite et des syst\u00e8mes d&rsquo;info-divertissement embarqu\u00e9s, et atteint des performances de calcul de plus de 40.000 DMIPS pour am\u00e9liorer la puissance de traitement.<br \/>\nEn outre, ce SoC dispose de c\u0153urs de traitement graphique puissants PowerVR GX6650, fournis par Imagination Technologies, et un c\u0153ur IMP-X5 propri\u00e9taire visant le calcul parall\u00e8le et optimis\u00e9 pour le traitement d\u2019image par ordinateur et le \u00abdeep learning\u00bb, ceci pour assurer la puissance de calcul n\u00e9cessaire \u00e0 la conduite autonome.<\/p>\n<p>Conforme \u00e0 la norme ISO 26262 ASIL-D et int\u00e9grant un module hardware de s\u00e9curit\u00e9 (HSM), le MCU RH850\/P1H-C dispose d&rsquo;une grande capacit\u00e9 de m\u00e9moire, d&rsquo;un processeur \u00e0 hautes performances d\u2019une puissance de calcul de 1344 DMIPS et de fonctions vari\u00e9es pour les r\u00e9seaux de communication, le tout sur une unique puce.<\/p>\n<hr \/>\n<p>Le d\u00e9veloppement des syst\u00e8mes de conduite autonomes implique un processus continu de collecte et d&rsquo;analyse des donn\u00e9es de test dans un environnement connect\u00e9 \u00e0 divers capteurs, ce qui n\u00e9cessite le support de bandes passantes \u00e9lev\u00e9es. Le kit prend donc en charge plusieurs interfaces, dont cinq ports Ethernet Broad R-Reach \u00e0 100 Mb, un port gigabit Ethernet et un contr\u00f4leur A\/N muni de CAN-FD et FlexRay. En outre, jusqu&rsquo;\u00e0 16 entr\u00e9es de cam\u00e9ra permettent la connexion directe et le traitement de l&rsquo;image par le SoC.<br \/>\nCette approche multi-interface assure une nouvelle g\u00e9n\u00e9ration d&rsquo;applications, combinant les donn\u00e9es de cam\u00e9ras 360\u00b0 avec des objets pr\u00e9trait\u00e9s issus de \u00ablidars\u00bb, de radars et de cam\u00e9ras frontales, afin de fournir une vue compl\u00e8te et pr\u00e9cise de l&rsquo;environnement du v\u00e9hicule et garantir la s\u00fbret\u00e9 de la conduite.<\/p>\n<p>La fonction d&rsquo;enregistrement de donn\u00e9es est compl\u00e9t\u00e9e par un support de stockage SSD ainsi que par un port USB 3.0 pour permettre l&rsquo;enregistrement des donn\u00e9es des tests de conduite. Il fournit \u00e9galement une sortie HDMI pour la visualisation.<\/p>\n<p>Ce kit de d\u00e9veloppement est accompagn\u00e9 par un environnement logiciel bas\u00e9 sur Yocto Linux pour le SoC ainsi que par les logiciels requis pour le MCU. Des logiciels suppl\u00e9mentaires seront propos\u00e9s pour permettre aux d\u00e9veloppeurs d&rsquo;accro\u00eetre encore plus leur efficacit\u00e9.<\/p>\n<p><a href=\"http:\/\/www.renesas.com\/\" target=\"_blank\" rel=\"noopener\">www.renesas.com<\/a><\/p>\n","protected":false},"excerpt":{"rendered":"<p>Pour r\u00e9duire le temps de d\u00e9veloppement des unit\u00e9s de contr\u00f4le \u00e9lectronique (ECU) en offrant une puissance de calcul tr\u00e8s \u00e9lev\u00e9e et la s\u00fbret\u00e9 de fonctionnement requise en automobile, Renesas Electronics introduit son kit de d\u00e9veloppement Highly Automated Driving (HAD). Il est bas\u00e9 sur deux R-Car H3 Starter Kit Premier et un microcontr\u00f4leur (MCU) RH850\/P1H-C propri\u00e9taires qui sont respectivement conformes \u00e0 la norme de s\u00fbret\u00e9 de fonctionnement ISO 26262 ASIL-B et \u00e0 la norme ISO 26262 ASIL-D.<\/p>\n","protected":false},"author":9,"featured_media":193091,"comment_status":"closed","ping_status":"closed","sticky":false,"template":"","format":"standard","meta":{"_acf_changed":false,"footnotes":""},"categories":[881],"tags":[891,895],"domains":[47],"ppma_author":[1141],"class_list":["post-193090","post","type-post","status-publish","format-standard","has-post-thumbnail","hentry","category-nouveaux-produits","tag-automotive-fr","tag-developmentkits-fr","domains-electronique-eci"],"acf":[],"yoast_head":"<title>Solution embarqu\u00e9e pour acc\u00e9l\u00e9rer le d\u00e9veloppement des v\u00e9h...<\/title>\n<meta name=\"description\" content=\"Pour r\u00e9duire le temps de d\u00e9veloppement des unit\u00e9s de contr\u00f4le \u00e9lectronique (ECU) en offrant une puissance de calcul tr\u00e8s \u00e9lev\u00e9e et la s\u00fbret\u00e9 de...\" \/>\n<meta name=\"robots\" content=\"index, follow, max-snippet:-1, max-image-preview:large, max-video-preview:-1\" \/>\n<link rel=\"canonical\" href=\"https:\/\/www.ecinews.fr\/fr\/wp-json\/wp\/v2\/posts\/193090\/\" \/>\n<meta property=\"og:locale\" content=\"fr_FR\" \/>\n<meta property=\"og:type\" content=\"article\" \/>\n<meta property=\"og:title\" content=\"Solution embarqu\u00e9e pour acc\u00e9l\u00e9rer le d\u00e9veloppement des v\u00e9hicules autonomes\" \/>\n<meta property=\"og:description\" content=\"Pour r\u00e9duire le temps de d\u00e9veloppement des unit\u00e9s de contr\u00f4le \u00e9lectronique (ECU) en offrant une puissance de calcul tr\u00e8s \u00e9lev\u00e9e et la s\u00fbret\u00e9 de fonctionnement requise en automobile, Renesas Electronics introduit son kit de d\u00e9veloppement Highly Automated Driving (HAD). Il est bas\u00e9 sur deux R-Car H3 Starter Kit Premier et un microcontr\u00f4leur (MCU) RH850\/P1H-C propri\u00e9taires qui sont respectivement conformes \u00e0 la norme de s\u00fbret\u00e9 de fonctionnement ISO 26262 ASIL-B et \u00e0 la norme ISO 26262 ASIL-D.\" \/>\n<meta property=\"og:url\" content=\"https:\/\/www.ecinews.fr\/fr\/wp-json\/wp\/v2\/posts\/193090\/\" \/>\n<meta property=\"og:site_name\" content=\"EENewsEurope\" \/>\n<meta property=\"article:published_time\" content=\"2016-11-04T07:00:00+00:00\" \/>\n<meta property=\"og:image\" content=\"https:\/\/www.ecinews.fr\/wp-content\/uploads\/import\/default\/files\/sites\/default\/files\/images\/eci8150_ren0646_renesas_had_kit.jpg\" \/>\n\t<meta property=\"og:image:width\" content=\"1000\" \/>\n\t<meta property=\"og:image:height\" content=\"700\" \/>\n\t<meta property=\"og:image:type\" content=\"image\/jpeg\" \/>\n<meta name=\"author\" content=\"Alain Dieul\" \/>\n<meta name=\"twitter:card\" content=\"summary_large_image\" \/>\n<meta name=\"twitter:label1\" content=\"Written by\" \/>\n\t<meta name=\"twitter:data1\" content=\"Alain Dieul\" \/>\n\t<meta name=\"twitter:label2\" content=\"Est. reading time\" \/>\n\t<meta name=\"twitter:data2\" content=\"3 minutes\" \/>\n<script type=\"application\/ld+json\" class=\"yoast-schema-graph\">{\"@context\":\"https:\/\/schema.org\",\"@graph\":[{\"@type\":\"Article\",\"@id\":\"https:\/\/www.ecinews.fr\/fr\/solution-embarquee-pour-accelerer-le-developpement-des-vehicules-autonomes\/#article\",\"isPartOf\":{\"@id\":\"https:\/\/www.ecinews.fr\/fr\/solution-embarquee-pour-accelerer-le-developpement-des-vehicules-autonomes\/\"},\"author\":{\"name\":\"Alain Dieul\",\"@id\":\"https:\/\/www.ecinews.fr\/fr\/#\/schema\/person\/568c789a4794bd460460501ba91f5daf\"},\"headline\":\"Solution embarqu\u00e9e pour acc\u00e9l\u00e9rer le d\u00e9veloppement des v\u00e9hicules autonomes\",\"datePublished\":\"2016-11-04T07:00:00+00:00\",\"dateModified\":\"2016-11-04T07:00:00+00:00\",\"mainEntityOfPage\":{\"@id\":\"https:\/\/www.ecinews.fr\/fr\/solution-embarquee-pour-accelerer-le-developpement-des-vehicules-autonomes\/\"},\"wordCount\":593,\"publisher\":{\"@id\":\"https:\/\/www.ecinews.fr\/fr\/#organization\"},\"keywords\":[\"Automotive\",\"DevelopmentKits\"],\"articleSection\":[\"Nouveaux produits\"],\"inLanguage\":\"fr-FR\"},{\"@type\":\"WebPage\",\"@id\":\"https:\/\/www.ecinews.fr\/fr\/solution-embarquee-pour-accelerer-le-developpement-des-vehicules-autonomes\/\",\"url\":\"https:\/\/www.ecinews.fr\/fr\/solution-embarquee-pour-accelerer-le-developpement-des-vehicules-autonomes\/\",\"name\":\"Solution embarqu\u00e9e pour acc\u00e9l\u00e9rer le d\u00e9veloppement des v\u00e9hicules autonomes -\",\"isPartOf\":{\"@id\":\"https:\/\/www.ecinews.fr\/fr\/#website\"},\"datePublished\":\"2016-11-04T07:00:00+00:00\",\"dateModified\":\"2016-11-04T07:00:00+00:00\",\"breadcrumb\":{\"@id\":\"https:\/\/www.ecinews.fr\/fr\/solution-embarquee-pour-accelerer-le-developpement-des-vehicules-autonomes\/#breadcrumb\"},\"inLanguage\":\"fr-FR\",\"potentialAction\":[{\"@type\":\"ReadAction\",\"target\":[\"https:\/\/www.ecinews.fr\/fr\/solution-embarquee-pour-accelerer-le-developpement-des-vehicules-autonomes\/\"]}]},{\"@type\":\"BreadcrumbList\",\"@id\":\"https:\/\/www.ecinews.fr\/fr\/solution-embarquee-pour-accelerer-le-developpement-des-vehicules-autonomes\/#breadcrumb\",\"itemListElement\":[{\"@type\":\"ListItem\",\"position\":1,\"name\":\"Home\",\"item\":\"https:\/\/www.ecinews.fr\/fr\/\"},{\"@type\":\"ListItem\",\"position\":2,\"name\":\"Solution embarqu\u00e9e pour acc\u00e9l\u00e9rer le d\u00e9veloppement des v\u00e9hicules autonomes\"}]},{\"@type\":\"WebSite\",\"@id\":\"https:\/\/www.ecinews.fr\/fr\/#website\",\"url\":\"https:\/\/www.ecinews.fr\/fr\/\",\"name\":\"EENewsEurope\",\"description\":\"Just another WordPress site\",\"publisher\":{\"@id\":\"https:\/\/www.ecinews.fr\/fr\/#organization\"},\"potentialAction\":[{\"@type\":\"SearchAction\",\"target\":{\"@type\":\"EntryPoint\",\"urlTemplate\":\"https:\/\/www.ecinews.fr\/fr\/?s={search_term_string}\"},\"query-input\":\"required name=search_term_string\"}],\"inLanguage\":\"fr-FR\"},{\"@type\":\"Organization\",\"@id\":\"https:\/\/www.ecinews.fr\/fr\/#organization\",\"name\":\"EENewsEurope\",\"url\":\"https:\/\/www.ecinews.fr\/fr\/\",\"logo\":{\"@type\":\"ImageObject\",\"inLanguage\":\"fr-FR\",\"@id\":\"https:\/\/www.ecinews.fr\/fr\/#\/schema\/logo\/image\/\",\"url\":\"https:\/\/www.ecinews.fr\/wp-content\/uploads\/2022\/02\/logo-1.jpg\",\"contentUrl\":\"https:\/\/www.ecinews.fr\/wp-content\/uploads\/2022\/02\/logo-1.jpg\",\"width\":283,\"height\":113,\"caption\":\"EENewsEurope\"},\"image\":{\"@id\":\"https:\/\/www.ecinews.fr\/fr\/#\/schema\/logo\/image\/\"}},{\"@type\":\"Person\",\"@id\":\"https:\/\/www.ecinews.fr\/fr\/#\/schema\/person\/568c789a4794bd460460501ba91f5daf\",\"name\":\"Alain Dieul\",\"image\":{\"@type\":\"ImageObject\",\"inLanguage\":\"fr-FR\",\"@id\":\"https:\/\/www.ecinews.fr\/fr\/#\/schema\/person\/image\/6d32dc651fbcef3b338066625b118364\",\"url\":\"https:\/\/secure.gravatar.com\/avatar\/93708ec89b35deb10f4cfbfe144b4e07?s=96&d=mm&r=g\",\"contentUrl\":\"https:\/\/secure.gravatar.com\/avatar\/93708ec89b35deb10f4cfbfe144b4e07?s=96&d=mm&r=g\",\"caption\":\"Alain Dieul\"}}]}<\/script>","yoast_head_json":{"title":"Solution embarqu\u00e9e pour acc\u00e9l\u00e9rer le d\u00e9veloppement des v\u00e9h...","description":"Pour r\u00e9duire le temps de d\u00e9veloppement des unit\u00e9s de contr\u00f4le \u00e9lectronique (ECU) en offrant une puissance de calcul tr\u00e8s \u00e9lev\u00e9e et la s\u00fbret\u00e9 de...","robots":{"index":"index","follow":"follow","max-snippet":"max-snippet:-1","max-image-preview":"max-image-preview:large","max-video-preview":"max-video-preview:-1"},"canonical":"https:\/\/www.ecinews.fr\/fr\/wp-json\/wp\/v2\/posts\/193090\/","og_locale":"fr_FR","og_type":"article","og_title":"Solution embarqu\u00e9e pour acc\u00e9l\u00e9rer le d\u00e9veloppement des v\u00e9hicules autonomes","og_description":"Pour r\u00e9duire le temps de d\u00e9veloppement des unit\u00e9s de contr\u00f4le \u00e9lectronique (ECU) en offrant une puissance de calcul tr\u00e8s \u00e9lev\u00e9e et la s\u00fbret\u00e9 de fonctionnement requise en automobile, Renesas Electronics introduit son kit de d\u00e9veloppement Highly Automated Driving (HAD). Il est bas\u00e9 sur deux R-Car H3 Starter Kit Premier et un microcontr\u00f4leur (MCU) RH850\/P1H-C propri\u00e9taires qui sont respectivement conformes \u00e0 la norme de s\u00fbret\u00e9 de fonctionnement ISO 26262 ASIL-B et \u00e0 la norme ISO 26262 ASIL-D.","og_url":"https:\/\/www.ecinews.fr\/fr\/wp-json\/wp\/v2\/posts\/193090\/","og_site_name":"EENewsEurope","article_published_time":"2016-11-04T07:00:00+00:00","og_image":[{"width":1000,"height":700,"url":"https:\/\/www.ecinews.fr\/wp-content\/uploads\/import\/default\/files\/sites\/default\/files\/images\/eci8150_ren0646_renesas_had_kit.jpg","type":"image\/jpeg"}],"author":"Alain Dieul","twitter_card":"summary_large_image","twitter_misc":{"Written by":"Alain Dieul","Est. reading time":"3 minutes"},"schema":{"@context":"https:\/\/schema.org","@graph":[{"@type":"Article","@id":"https:\/\/www.ecinews.fr\/fr\/solution-embarquee-pour-accelerer-le-developpement-des-vehicules-autonomes\/#article","isPartOf":{"@id":"https:\/\/www.ecinews.fr\/fr\/solution-embarquee-pour-accelerer-le-developpement-des-vehicules-autonomes\/"},"author":{"name":"Alain Dieul","@id":"https:\/\/www.ecinews.fr\/fr\/#\/schema\/person\/568c789a4794bd460460501ba91f5daf"},"headline":"Solution embarqu\u00e9e pour acc\u00e9l\u00e9rer le d\u00e9veloppement des v\u00e9hicules autonomes","datePublished":"2016-11-04T07:00:00+00:00","dateModified":"2016-11-04T07:00:00+00:00","mainEntityOfPage":{"@id":"https:\/\/www.ecinews.fr\/fr\/solution-embarquee-pour-accelerer-le-developpement-des-vehicules-autonomes\/"},"wordCount":593,"publisher":{"@id":"https:\/\/www.ecinews.fr\/fr\/#organization"},"keywords":["Automotive","DevelopmentKits"],"articleSection":["Nouveaux produits"],"inLanguage":"fr-FR"},{"@type":"WebPage","@id":"https:\/\/www.ecinews.fr\/fr\/solution-embarquee-pour-accelerer-le-developpement-des-vehicules-autonomes\/","url":"https:\/\/www.ecinews.fr\/fr\/solution-embarquee-pour-accelerer-le-developpement-des-vehicules-autonomes\/","name":"Solution embarqu\u00e9e pour acc\u00e9l\u00e9rer le d\u00e9veloppement des v\u00e9hicules autonomes -","isPartOf":{"@id":"https:\/\/www.ecinews.fr\/fr\/#website"},"datePublished":"2016-11-04T07:00:00+00:00","dateModified":"2016-11-04T07:00:00+00:00","breadcrumb":{"@id":"https:\/\/www.ecinews.fr\/fr\/solution-embarquee-pour-accelerer-le-developpement-des-vehicules-autonomes\/#breadcrumb"},"inLanguage":"fr-FR","potentialAction":[{"@type":"ReadAction","target":["https:\/\/www.ecinews.fr\/fr\/solution-embarquee-pour-accelerer-le-developpement-des-vehicules-autonomes\/"]}]},{"@type":"BreadcrumbList","@id":"https:\/\/www.ecinews.fr\/fr\/solution-embarquee-pour-accelerer-le-developpement-des-vehicules-autonomes\/#breadcrumb","itemListElement":[{"@type":"ListItem","position":1,"name":"Home","item":"https:\/\/www.ecinews.fr\/fr\/"},{"@type":"ListItem","position":2,"name":"Solution embarqu\u00e9e pour acc\u00e9l\u00e9rer le d\u00e9veloppement des v\u00e9hicules autonomes"}]},{"@type":"WebSite","@id":"https:\/\/www.ecinews.fr\/fr\/#website","url":"https:\/\/www.ecinews.fr\/fr\/","name":"EENewsEurope","description":"Just another WordPress site","publisher":{"@id":"https:\/\/www.ecinews.fr\/fr\/#organization"},"potentialAction":[{"@type":"SearchAction","target":{"@type":"EntryPoint","urlTemplate":"https:\/\/www.ecinews.fr\/fr\/?s={search_term_string}"},"query-input":"required name=search_term_string"}],"inLanguage":"fr-FR"},{"@type":"Organization","@id":"https:\/\/www.ecinews.fr\/fr\/#organization","name":"EENewsEurope","url":"https:\/\/www.ecinews.fr\/fr\/","logo":{"@type":"ImageObject","inLanguage":"fr-FR","@id":"https:\/\/www.ecinews.fr\/fr\/#\/schema\/logo\/image\/","url":"https:\/\/www.ecinews.fr\/wp-content\/uploads\/2022\/02\/logo-1.jpg","contentUrl":"https:\/\/www.ecinews.fr\/wp-content\/uploads\/2022\/02\/logo-1.jpg","width":283,"height":113,"caption":"EENewsEurope"},"image":{"@id":"https:\/\/www.ecinews.fr\/fr\/#\/schema\/logo\/image\/"}},{"@type":"Person","@id":"https:\/\/www.ecinews.fr\/fr\/#\/schema\/person\/568c789a4794bd460460501ba91f5daf","name":"Alain Dieul","image":{"@type":"ImageObject","inLanguage":"fr-FR","@id":"https:\/\/www.ecinews.fr\/fr\/#\/schema\/person\/image\/6d32dc651fbcef3b338066625b118364","url":"https:\/\/secure.gravatar.com\/avatar\/93708ec89b35deb10f4cfbfe144b4e07?s=96&d=mm&r=g","contentUrl":"https:\/\/secure.gravatar.com\/avatar\/93708ec89b35deb10f4cfbfe144b4e07?s=96&d=mm&r=g","caption":"Alain Dieul"}}]}},"authors":[{"term_id":1141,"user_id":9,"is_guest":0,"slug":"alaindieul","display_name":"Alain Dieul","avatar_url":"https:\/\/secure.gravatar.com\/avatar\/93708ec89b35deb10f4cfbfe144b4e07?s=96&d=mm&r=g","0":null,"1":"","2":"","3":"","4":"","5":"","6":"","7":"","8":""}],"_links":{"self":[{"href":"https:\/\/www.ecinews.fr\/fr\/wp-json\/wp\/v2\/posts\/193090"}],"collection":[{"href":"https:\/\/www.ecinews.fr\/fr\/wp-json\/wp\/v2\/posts"}],"about":[{"href":"https:\/\/www.ecinews.fr\/fr\/wp-json\/wp\/v2\/types\/post"}],"author":[{"embeddable":true,"href":"https:\/\/www.ecinews.fr\/fr\/wp-json\/wp\/v2\/users\/9"}],"replies":[{"embeddable":true,"href":"https:\/\/www.ecinews.fr\/fr\/wp-json\/wp\/v2\/comments?post=193090"}],"version-history":[{"count":0,"href":"https:\/\/www.ecinews.fr\/fr\/wp-json\/wp\/v2\/posts\/193090\/revisions"}],"wp:featuredmedia":[{"embeddable":true,"href":"https:\/\/www.ecinews.fr\/fr\/wp-json\/wp\/v2\/media\/193091"}],"wp:attachment":[{"href":"https:\/\/www.ecinews.fr\/fr\/wp-json\/wp\/v2\/media?parent=193090"}],"wp:term":[{"taxonomy":"category","embeddable":true,"href":"https:\/\/www.ecinews.fr\/fr\/wp-json\/wp\/v2\/categories?post=193090"},{"taxonomy":"post_tag","embeddable":true,"href":"https:\/\/www.ecinews.fr\/fr\/wp-json\/wp\/v2\/tags?post=193090"},{"taxonomy":"domains","embeddable":true,"href":"https:\/\/www.ecinews.fr\/fr\/wp-json\/wp\/v2\/domains?post=193090"},{"taxonomy":"author","embeddable":true,"href":"https:\/\/www.ecinews.fr\/fr\/wp-json\/wp\/v2\/ppma_author?post=193090"}],"curies":[{"name":"wp","href":"https:\/\/api.w.org\/{rel}","templated":true}]}}