{"id":190156,"date":"2016-11-25T00:18:37","date_gmt":"2016-11-25T00:18:37","guid":{"rendered":"https:\/\/eenewseurope.artwhere.co\/partenariat-exclusif-entre-safran-is-et-interpol-pour-la-reconnaissance-faciale\/"},"modified":"2016-11-25T00:18:37","modified_gmt":"2016-11-25T00:18:37","slug":"partenariat-exclusif-entre-safran-is-et-interpol-pour-la-reconnaissance-faciale","status":"publish","type":"post","link":"https:\/\/www.ecinews.fr\/fr\/partenariat-exclusif-entre-safran-is-et-interpol-pour-la-reconnaissance-faciale\/","title":{"rendered":"Partenariat exclusif entre Safran I&amp;S et Interpol pour la reconnaissance faciale"},"content":{"rendered":"<p>En 2012,<strong>&nbsp;Interpo<\/strong>l et <strong>Safran Identity &amp; Security&nbsp;<\/strong>avaient conclu un&nbsp;accord de partenariat strat\u00e9gique dans le domaine de la biom\u00e9trie. Dans le cadre de ce partenariat, Safran a fourni \u00e0 Interpol un&nbsp;syst\u00e8me de reconnaissance faciale automatis\u00e9&nbsp;qui permet de comparer une image \u00e0 une base de donn\u00e9es, dans le but d&rsquo;identifier une personne recherch\u00e9e ou disparue.<\/p>\n<p>Satisfait par le syst\u00e8me tant au plan technique que fonctionnel, Interpol accorde aujourd&rsquo;hui \u00e0&nbsp;Safran l&rsquo;exclusivit\u00e9 dans ce domaine. Un choix qui prouve la maturit\u00e9 de la&nbsp;reconnaissance faciale&nbsp;en tant que&nbsp;solution biom\u00e9trique pour l&rsquo;identification des personnes dans le cadre d&rsquo;enqu\u00eates.<\/p>\n<p>Pour Samuel Fringant directeur de la division S\u00e9curit\u00e9 de Safran Identity &amp; Security :\u00a0\u00bb Le choix d&rsquo;interpol prouve l&rsquo;excellence de notre solution de reconnaissance faciale tant du point de vue de la pr\u00e9cision que de l&rsquo;ergonomie. Facile \u00e0 utiliser, notre syst\u00e8me permet en outre d&rsquo;augmenter la productivit\u00e9 des experts : un point capital pour nos clients. D&rsquo;ores et d\u00e9j\u00e0 leader dans le domaine de l&#8217;empreinte digitale, nous confirmons ainsi notre position en reconnaissance faciale, v\u00e9ritable axe de d\u00e9veloppement strat\u00e9gique pour nous\u00a0\u00bb.<\/p>\n<p><a href=\"http:\/\/www.safran-group.com\/fr\/securite\/securite-publique\">http:\/\/www.safran-group.com\/fr\/securite\/securite-publique<\/a><\/p>\n<p>&nbsp;<\/p>\n","protected":false},"excerpt":{"rendered":"<p>Safran Identity &amp; Security devient le fournisseur exclusif de solutions de reconnaissance faciale d\u2019Interpol. Sa solution est mise d\u00e8s \u00e0 pr\u00e9sent \u00e0 la disposition des 190 \u00c9tats membres de l&rsquo;organisation.<\/p>\n","protected":false},"author":11,"featured_media":190157,"comment_status":"closed","ping_status":"closed","sticky":false,"template":"","format":"standard","meta":{"_acf_changed":false,"footnotes":""},"categories":[],"tags":[893],"domains":[47],"ppma_author":[1143],"class_list":["post-190156","post","type-post","status-publish","format-standard","has-post-thumbnail","hentry","tag-authentication-encryption-fr","domains-electronique-eci"],"acf":[],"yoast_head":"<title>Partenariat exclusif entre Safran I&amp;S et Interpol pour la recon...<\/title>\n<meta name=\"description\" content=\"Safran Identity &amp; Security devient le fournisseur exclusif de solutions de reconnaissance faciale d\u2019Interpol. Sa solution est mise d\u00e8s \u00e0 pr\u00e9sent \u00e0...\" \/>\n<meta name=\"robots\" content=\"index, follow, max-snippet:-1, max-image-preview:large, max-video-preview:-1\" \/>\n<link rel=\"canonical\" href=\"https:\/\/www.ecinews.fr\/fr\/wp-json\/wp\/v2\/posts\/190156\/\" \/>\n<meta property=\"og:locale\" content=\"fr_FR\" \/>\n<meta property=\"og:type\" content=\"article\" \/>\n<meta property=\"og:title\" content=\"Partenariat exclusif entre Safran I&amp;S et Interpol pour la reconnaissance faciale\" \/>\n<meta property=\"og:description\" content=\"Safran Identity &amp; Security devient le fournisseur exclusif de solutions de reconnaissance faciale d\u2019Interpol. Sa solution est mise d\u00e8s \u00e0 pr\u00e9sent \u00e0 la disposition des 190 \u00c9tats membres de l&#039;organisation.\" \/>\n<meta property=\"og:url\" content=\"https:\/\/www.ecinews.fr\/fr\/wp-json\/wp\/v2\/posts\/190156\/\" \/>\n<meta property=\"og:site_name\" content=\"EENewsEurope\" \/>\n<meta property=\"article:published_time\" content=\"2016-11-25T00:18:37+00:00\" \/>\n<meta property=\"og:image\" content=\"https:\/\/www.ecinews.fr\/wp-content\/uploads\/import\/default\/files\/sites\/default\/files\/images\/safran_identite.jpg\" \/>\n\t<meta property=\"og:image:width\" content=\"316\" \/>\n\t<meta property=\"og:image:height\" content=\"285\" \/>\n\t<meta property=\"og:image:type\" content=\"image\/jpeg\" \/>\n<meta name=\"author\" content=\"Daniel Cardon\" \/>\n<meta name=\"twitter:card\" content=\"summary_large_image\" \/>\n<meta name=\"twitter:label1\" content=\"Written by\" \/>\n\t<meta name=\"twitter:data1\" content=\"Daniel Cardon\" \/>\n\t<meta name=\"twitter:label2\" content=\"Est. reading time\" \/>\n\t<meta name=\"twitter:data2\" content=\"1 minute\" \/>\n<script type=\"application\/ld+json\" class=\"yoast-schema-graph\">{\"@context\":\"https:\/\/schema.org\",\"@graph\":[{\"@type\":\"Article\",\"@id\":\"https:\/\/www.ecinews.fr\/fr\/partenariat-exclusif-entre-safran-is-et-interpol-pour-la-reconnaissance-faciale\/#article\",\"isPartOf\":{\"@id\":\"https:\/\/www.ecinews.fr\/fr\/partenariat-exclusif-entre-safran-is-et-interpol-pour-la-reconnaissance-faciale\/\"},\"author\":{\"name\":\"Daniel Cardon\",\"@id\":\"https:\/\/www.ecinews.fr\/fr\/#\/schema\/person\/93c44cde463762f40a8236eaa44c1c17\"},\"headline\":\"Partenariat exclusif entre Safran I&amp;S et Interpol pour la reconnaissance faciale\",\"datePublished\":\"2016-11-25T00:18:37+00:00\",\"dateModified\":\"2016-11-25T00:18:37+00:00\",\"mainEntityOfPage\":{\"@id\":\"https:\/\/www.ecinews.fr\/fr\/partenariat-exclusif-entre-safran-is-et-interpol-pour-la-reconnaissance-faciale\/\"},\"wordCount\":230,\"publisher\":{\"@id\":\"https:\/\/www.ecinews.fr\/fr\/#organization\"},\"keywords\":[\"Authentication &amp; Encryption\"],\"inLanguage\":\"fr-FR\"},{\"@type\":\"WebPage\",\"@id\":\"https:\/\/www.ecinews.fr\/fr\/partenariat-exclusif-entre-safran-is-et-interpol-pour-la-reconnaissance-faciale\/\",\"url\":\"https:\/\/www.ecinews.fr\/fr\/partenariat-exclusif-entre-safran-is-et-interpol-pour-la-reconnaissance-faciale\/\",\"name\":\"Partenariat exclusif entre Safran I&amp;S et Interpol pour la reconnaissance faciale -\",\"isPartOf\":{\"@id\":\"https:\/\/www.ecinews.fr\/fr\/#website\"},\"datePublished\":\"2016-11-25T00:18:37+00:00\",\"dateModified\":\"2016-11-25T00:18:37+00:00\",\"breadcrumb\":{\"@id\":\"https:\/\/www.ecinews.fr\/fr\/partenariat-exclusif-entre-safran-is-et-interpol-pour-la-reconnaissance-faciale\/#breadcrumb\"},\"inLanguage\":\"fr-FR\",\"potentialAction\":[{\"@type\":\"ReadAction\",\"target\":[\"https:\/\/www.ecinews.fr\/fr\/partenariat-exclusif-entre-safran-is-et-interpol-pour-la-reconnaissance-faciale\/\"]}]},{\"@type\":\"BreadcrumbList\",\"@id\":\"https:\/\/www.ecinews.fr\/fr\/partenariat-exclusif-entre-safran-is-et-interpol-pour-la-reconnaissance-faciale\/#breadcrumb\",\"itemListElement\":[{\"@type\":\"ListItem\",\"position\":1,\"name\":\"Home\",\"item\":\"https:\/\/www.ecinews.fr\/fr\/\"},{\"@type\":\"ListItem\",\"position\":2,\"name\":\"Partenariat exclusif entre Safran I&amp;S et Interpol pour la reconnaissance faciale\"}]},{\"@type\":\"WebSite\",\"@id\":\"https:\/\/www.ecinews.fr\/fr\/#website\",\"url\":\"https:\/\/www.ecinews.fr\/fr\/\",\"name\":\"EENewsEurope\",\"description\":\"Just another WordPress site\",\"publisher\":{\"@id\":\"https:\/\/www.ecinews.fr\/fr\/#organization\"},\"potentialAction\":[{\"@type\":\"SearchAction\",\"target\":{\"@type\":\"EntryPoint\",\"urlTemplate\":\"https:\/\/www.ecinews.fr\/fr\/?s={search_term_string}\"},\"query-input\":\"required name=search_term_string\"}],\"inLanguage\":\"fr-FR\"},{\"@type\":\"Organization\",\"@id\":\"https:\/\/www.ecinews.fr\/fr\/#organization\",\"name\":\"EENewsEurope\",\"url\":\"https:\/\/www.ecinews.fr\/fr\/\",\"logo\":{\"@type\":\"ImageObject\",\"inLanguage\":\"fr-FR\",\"@id\":\"https:\/\/www.ecinews.fr\/fr\/#\/schema\/logo\/image\/\",\"url\":\"https:\/\/www.ecinews.fr\/wp-content\/uploads\/2022\/02\/logo-1.jpg\",\"contentUrl\":\"https:\/\/www.ecinews.fr\/wp-content\/uploads\/2022\/02\/logo-1.jpg\",\"width\":283,\"height\":113,\"caption\":\"EENewsEurope\"},\"image\":{\"@id\":\"https:\/\/www.ecinews.fr\/fr\/#\/schema\/logo\/image\/\"}},{\"@type\":\"Person\",\"@id\":\"https:\/\/www.ecinews.fr\/fr\/#\/schema\/person\/93c44cde463762f40a8236eaa44c1c17\",\"name\":\"Daniel Cardon\",\"image\":{\"@type\":\"ImageObject\",\"inLanguage\":\"fr-FR\",\"@id\":\"https:\/\/www.ecinews.fr\/fr\/#\/schema\/person\/image\/2b243f6bcc1cff7d86aadfb2cd0bd870\",\"url\":\"https:\/\/secure.gravatar.com\/avatar\/de9edc136dfc061ad4778e04635baefa?s=96&d=mm&r=g\",\"contentUrl\":\"https:\/\/secure.gravatar.com\/avatar\/de9edc136dfc061ad4778e04635baefa?s=96&d=mm&r=g\",\"caption\":\"Daniel Cardon\"}}]}<\/script>","yoast_head_json":{"title":"Partenariat exclusif entre Safran I&S et Interpol pour la recon...","description":"Safran Identity &amp; Security devient le fournisseur exclusif de solutions de reconnaissance faciale d\u2019Interpol. Sa solution est mise d\u00e8s \u00e0 pr\u00e9sent \u00e0...","robots":{"index":"index","follow":"follow","max-snippet":"max-snippet:-1","max-image-preview":"max-image-preview:large","max-video-preview":"max-video-preview:-1"},"canonical":"https:\/\/www.ecinews.fr\/fr\/wp-json\/wp\/v2\/posts\/190156\/","og_locale":"fr_FR","og_type":"article","og_title":"Partenariat exclusif entre Safran I&amp;S et Interpol pour la reconnaissance faciale","og_description":"Safran Identity &amp; Security devient le fournisseur exclusif de solutions de reconnaissance faciale d\u2019Interpol. Sa solution est mise d\u00e8s \u00e0 pr\u00e9sent \u00e0 la disposition des 190 \u00c9tats membres de l'organisation.","og_url":"https:\/\/www.ecinews.fr\/fr\/wp-json\/wp\/v2\/posts\/190156\/","og_site_name":"EENewsEurope","article_published_time":"2016-11-25T00:18:37+00:00","og_image":[{"width":316,"height":285,"url":"https:\/\/www.ecinews.fr\/wp-content\/uploads\/import\/default\/files\/sites\/default\/files\/images\/safran_identite.jpg","type":"image\/jpeg"}],"author":"Daniel Cardon","twitter_card":"summary_large_image","twitter_misc":{"Written by":"Daniel Cardon","Est. reading time":"1 minute"},"schema":{"@context":"https:\/\/schema.org","@graph":[{"@type":"Article","@id":"https:\/\/www.ecinews.fr\/fr\/partenariat-exclusif-entre-safran-is-et-interpol-pour-la-reconnaissance-faciale\/#article","isPartOf":{"@id":"https:\/\/www.ecinews.fr\/fr\/partenariat-exclusif-entre-safran-is-et-interpol-pour-la-reconnaissance-faciale\/"},"author":{"name":"Daniel Cardon","@id":"https:\/\/www.ecinews.fr\/fr\/#\/schema\/person\/93c44cde463762f40a8236eaa44c1c17"},"headline":"Partenariat exclusif entre Safran I&amp;S et Interpol pour la reconnaissance faciale","datePublished":"2016-11-25T00:18:37+00:00","dateModified":"2016-11-25T00:18:37+00:00","mainEntityOfPage":{"@id":"https:\/\/www.ecinews.fr\/fr\/partenariat-exclusif-entre-safran-is-et-interpol-pour-la-reconnaissance-faciale\/"},"wordCount":230,"publisher":{"@id":"https:\/\/www.ecinews.fr\/fr\/#organization"},"keywords":["Authentication &amp; Encryption"],"inLanguage":"fr-FR"},{"@type":"WebPage","@id":"https:\/\/www.ecinews.fr\/fr\/partenariat-exclusif-entre-safran-is-et-interpol-pour-la-reconnaissance-faciale\/","url":"https:\/\/www.ecinews.fr\/fr\/partenariat-exclusif-entre-safran-is-et-interpol-pour-la-reconnaissance-faciale\/","name":"Partenariat exclusif entre Safran I&amp;S et Interpol pour la reconnaissance faciale -","isPartOf":{"@id":"https:\/\/www.ecinews.fr\/fr\/#website"},"datePublished":"2016-11-25T00:18:37+00:00","dateModified":"2016-11-25T00:18:37+00:00","breadcrumb":{"@id":"https:\/\/www.ecinews.fr\/fr\/partenariat-exclusif-entre-safran-is-et-interpol-pour-la-reconnaissance-faciale\/#breadcrumb"},"inLanguage":"fr-FR","potentialAction":[{"@type":"ReadAction","target":["https:\/\/www.ecinews.fr\/fr\/partenariat-exclusif-entre-safran-is-et-interpol-pour-la-reconnaissance-faciale\/"]}]},{"@type":"BreadcrumbList","@id":"https:\/\/www.ecinews.fr\/fr\/partenariat-exclusif-entre-safran-is-et-interpol-pour-la-reconnaissance-faciale\/#breadcrumb","itemListElement":[{"@type":"ListItem","position":1,"name":"Home","item":"https:\/\/www.ecinews.fr\/fr\/"},{"@type":"ListItem","position":2,"name":"Partenariat exclusif entre Safran I&amp;S et Interpol pour la reconnaissance faciale"}]},{"@type":"WebSite","@id":"https:\/\/www.ecinews.fr\/fr\/#website","url":"https:\/\/www.ecinews.fr\/fr\/","name":"EENewsEurope","description":"Just another WordPress site","publisher":{"@id":"https:\/\/www.ecinews.fr\/fr\/#organization"},"potentialAction":[{"@type":"SearchAction","target":{"@type":"EntryPoint","urlTemplate":"https:\/\/www.ecinews.fr\/fr\/?s={search_term_string}"},"query-input":"required name=search_term_string"}],"inLanguage":"fr-FR"},{"@type":"Organization","@id":"https:\/\/www.ecinews.fr\/fr\/#organization","name":"EENewsEurope","url":"https:\/\/www.ecinews.fr\/fr\/","logo":{"@type":"ImageObject","inLanguage":"fr-FR","@id":"https:\/\/www.ecinews.fr\/fr\/#\/schema\/logo\/image\/","url":"https:\/\/www.ecinews.fr\/wp-content\/uploads\/2022\/02\/logo-1.jpg","contentUrl":"https:\/\/www.ecinews.fr\/wp-content\/uploads\/2022\/02\/logo-1.jpg","width":283,"height":113,"caption":"EENewsEurope"},"image":{"@id":"https:\/\/www.ecinews.fr\/fr\/#\/schema\/logo\/image\/"}},{"@type":"Person","@id":"https:\/\/www.ecinews.fr\/fr\/#\/schema\/person\/93c44cde463762f40a8236eaa44c1c17","name":"Daniel Cardon","image":{"@type":"ImageObject","inLanguage":"fr-FR","@id":"https:\/\/www.ecinews.fr\/fr\/#\/schema\/person\/image\/2b243f6bcc1cff7d86aadfb2cd0bd870","url":"https:\/\/secure.gravatar.com\/avatar\/de9edc136dfc061ad4778e04635baefa?s=96&d=mm&r=g","contentUrl":"https:\/\/secure.gravatar.com\/avatar\/de9edc136dfc061ad4778e04635baefa?s=96&d=mm&r=g","caption":"Daniel Cardon"}}]}},"authors":[{"term_id":1143,"user_id":11,"is_guest":0,"slug":"danielcardon","display_name":"Daniel Cardon","avatar_url":"https:\/\/secure.gravatar.com\/avatar\/de9edc136dfc061ad4778e04635baefa?s=96&d=mm&r=g","0":null,"1":"","2":"","3":"","4":"","5":"","6":"","7":"","8":""}],"_links":{"self":[{"href":"https:\/\/www.ecinews.fr\/fr\/wp-json\/wp\/v2\/posts\/190156"}],"collection":[{"href":"https:\/\/www.ecinews.fr\/fr\/wp-json\/wp\/v2\/posts"}],"about":[{"href":"https:\/\/www.ecinews.fr\/fr\/wp-json\/wp\/v2\/types\/post"}],"author":[{"embeddable":true,"href":"https:\/\/www.ecinews.fr\/fr\/wp-json\/wp\/v2\/users\/11"}],"replies":[{"embeddable":true,"href":"https:\/\/www.ecinews.fr\/fr\/wp-json\/wp\/v2\/comments?post=190156"}],"version-history":[{"count":0,"href":"https:\/\/www.ecinews.fr\/fr\/wp-json\/wp\/v2\/posts\/190156\/revisions"}],"wp:featuredmedia":[{"embeddable":true,"href":"https:\/\/www.ecinews.fr\/fr\/wp-json\/wp\/v2\/media\/190157"}],"wp:attachment":[{"href":"https:\/\/www.ecinews.fr\/fr\/wp-json\/wp\/v2\/media?parent=190156"}],"wp:term":[{"taxonomy":"category","embeddable":true,"href":"https:\/\/www.ecinews.fr\/fr\/wp-json\/wp\/v2\/categories?post=190156"},{"taxonomy":"post_tag","embeddable":true,"href":"https:\/\/www.ecinews.fr\/fr\/wp-json\/wp\/v2\/tags?post=190156"},{"taxonomy":"domains","embeddable":true,"href":"https:\/\/www.ecinews.fr\/fr\/wp-json\/wp\/v2\/domains?post=190156"},{"taxonomy":"author","embeddable":true,"href":"https:\/\/www.ecinews.fr\/fr\/wp-json\/wp\/v2\/ppma_author?post=190156"}],"curies":[{"name":"wp","href":"https:\/\/api.w.org\/{rel}","templated":true}]}}