{"id":189520,"date":"2016-12-14T00:00:00","date_gmt":"2016-12-14T00:00:00","guid":{"rendered":"https:\/\/eenewseurope.artwhere.co\/modele-de-reference-accelerant-le-developpement-de-moniteurs-de-rythme-cardiaque-et-doxymetres-wearables\/"},"modified":"2016-12-14T00:00:00","modified_gmt":"2016-12-14T00:00:00","slug":"modele-de-reference-accelerant-le-developpement-de-moniteurs-de-rythme-cardiaque-et-doxymetres-wearables","status":"publish","type":"post","link":"https:\/\/www.ecinews.fr\/fr\/modele-de-reference-accelerant-le-developpement-de-moniteurs-de-rythme-cardiaque-et-doxymetres-wearables\/","title":{"rendered":"Mod\u00e8le de r\u00e9f\u00e9rence acc\u00e9l\u00e9rant le d\u00e9veloppement de moniteurs de rythme cardiaque et d&rsquo;oxym\u00e8tres \u00ab\u00a0wearables\u00a0\u00bb"},"content":{"rendered":"<p>Ne mesurant que13 x 13 mm, cette minuscule carte basse-consommation peut \u00eatre plac\u00e9e contre un doigt ou un lobe d&rsquo;oreille pour d\u00e9tecter avec pr\u00e9cision le rythme cardiaque et le SpO2 dans le cadre de dispositifs \u00ab\u00a0wearables\u00a0\u00bb personnels. Le module peut fonctionner avec les deux plates-formes Arduino et ARM mbed pour faciliter la conception, le test et l&rsquo;int\u00e9gration syst\u00e8me. Il dispose de huit plages de contact \u00ab\u00a0tap pads\u00a0\u00bb pour une connexion rapide \u00e0 une plate-forme de d\u00e9veloppement ou un dispositif \u00ab\u00a0wearable\u00a0\u00bb.<\/p>\n<p>Ce mod\u00e8le de r\u00e9f\u00e9rence fait appel \u00e0 trois puces propri\u00e9taires, l\u2019oxym\u00e8tre de pouls et capteur de rythme cardiaque MAX30102, le convertisseur d\u00e9volteur haut-rendement et basse-consommation MAX1921 et le translateur de niveau de pr\u00e9cision MAX14595. L&rsquo;ensemble n&rsquo;a besoin que d&rsquo;une seule alimentation entre 2 V et 5,5 V et ne dissipe typiquement que 5,5 mW en s&rsquo;appuyant sur le micrologiciel inclus.<\/p>\n<p>Pour aider les d\u00e9veloppeurs et r\u00e9duire le temps de mise sur le march\u00e9 de leurs projets, cette plate-forme simple est fournie avec un algorithme open-source de rythme cardiaque et SpO2, la BOM, les sch\u00e9mas \u00e9lectrique et d&rsquo;implantation, ainsi que le fichier Gerber.<\/p>\n<p>\u00ab\u00a0Maxim fournit un algorithme open-source de rythme cardiaque et SpO2 de base int\u00e9gr\u00e9 au micrologiciel, et nous encourageons les utilisateurs \u00e0 s&rsquo;appuyer dessus,\u00a0\u00bb d\u00e9clare David Andeen, Directeur Mod\u00e8les de r\u00e9f\u00e9rence chez Maxim Integrated. \u00ab\u00a0Les fabricants et les concepteurs peuvent l&rsquo;utiliser comme \u00ab\u00a0point de d\u00e9part\u00a0\u00bb, ou en embarquer une variation quelconque dans leur produit ou leur projet final.\u00a0\u00bb<\/p>\n<p>\u00ab\u00a0Alors que nous ne cessons d&rsquo;apporter de nouvelles conceptions innovantes \u00e0 nos clients, nous avons entam\u00e9 une collaboration avec Maxim ; il s&rsquo;agit du premier produit que nous cr\u00e9ons et produisons avec eux,\u00a0\u00bb affirme Joey Jiang, Directeur Marketing produit chez Seeed Studio. \u00ab\u00a0Nous attendons avec enthousiasme de voir ce que les gens vont faire avec ce mod\u00e8le de r\u00e9f\u00e9rence.\u00a0\u00bb<\/p>\n","protected":false},"excerpt":{"rendered":"<p>Les concepteurs de moniteurs de rythme cardiaque et de taux d&rsquo;oxyg\u00e8ne dans le sang (SpO2) peuvent d\u00e9sormais acc\u00e9l\u00e9rer leurs d\u00e9veloppements gr\u00e2ce au mod\u00e8le de r\u00e9f\u00e9rence ultra-miniature MAXREFDES117# de Maxim Integrated Products. Il assure la mesure optique du rythme cardiaque, int\u00e8gre des LED rouges et infrarouges, un capteur, un sous-syst\u00e8me d&rsquo;alimentation et un translateur de niveau logique. <\/p>\n","protected":false},"author":9,"featured_media":189521,"comment_status":"closed","ping_status":"closed","sticky":false,"template":"","format":"standard","meta":{"_acf_changed":false,"footnotes":""},"categories":[881],"tags":[895],"domains":[47],"ppma_author":[1141],"class_list":["post-189520","post","type-post","status-publish","format-standard","has-post-thumbnail","hentry","category-nouveaux-produits","tag-developmentkits-fr","domains-electronique-eci"],"acf":[],"yoast_head":"<title>Mod\u00e8le de r\u00e9f\u00e9rence acc\u00e9l\u00e9rant le d\u00e9veloppement de monite...<\/title>\n<meta name=\"description\" content=\"Les concepteurs de moniteurs de rythme cardiaque et de taux d&#039;oxyg\u00e8ne dans le sang (SpO2) peuvent d\u00e9sormais acc\u00e9l\u00e9rer leurs d\u00e9veloppements gr\u00e2ce au...\" \/>\n<meta name=\"robots\" content=\"index, follow, max-snippet:-1, max-image-preview:large, max-video-preview:-1\" \/>\n<link rel=\"canonical\" href=\"https:\/\/www.ecinews.fr\/fr\/wp-json\/wp\/v2\/posts\/189520\/\" \/>\n<meta property=\"og:locale\" content=\"fr_FR\" \/>\n<meta property=\"og:type\" content=\"article\" \/>\n<meta property=\"og:title\" content=\"Mod\u00e8le de r\u00e9f\u00e9rence acc\u00e9l\u00e9rant le d\u00e9veloppement de moniteurs de rythme cardiaque et d&#039;oxym\u00e8tres &quot;wearables&quot;\" \/>\n<meta property=\"og:description\" content=\"Les concepteurs de moniteurs de rythme cardiaque et de taux d&#039;oxyg\u00e8ne dans le sang (SpO2) peuvent d\u00e9sormais acc\u00e9l\u00e9rer leurs d\u00e9veloppements gr\u00e2ce au mod\u00e8le de r\u00e9f\u00e9rence ultra-miniature MAXREFDES117# de Maxim Integrated Products. Il assure la mesure optique du rythme cardiaque, int\u00e8gre des LED rouges et infrarouges, un capteur, un sous-syst\u00e8me d&#039;alimentation et un translateur de niveau logique.\" \/>\n<meta property=\"og:url\" content=\"https:\/\/www.ecinews.fr\/fr\/wp-json\/wp\/v2\/posts\/189520\/\" \/>\n<meta property=\"og:site_name\" content=\"EENewsEurope\" \/>\n<meta property=\"article:published_time\" content=\"2016-12-14T00:00:00+00:00\" \/>\n<meta property=\"og:image\" content=\"https:\/\/www.eenewseurope.com\/wp-content\/uploads\/import\/default\/files\/sites\/default\/files\/images\/eci8230_maxim_pr2916_blockschalt-scaled.jpg\" \/>\n\t<meta property=\"og:image:width\" content=\"2560\" \/>\n\t<meta property=\"og:image:height\" content=\"1685\" \/>\n\t<meta property=\"og:image:type\" content=\"image\/jpeg\" \/>\n<meta name=\"author\" content=\"Alain Dieul\" \/>\n<meta name=\"twitter:card\" content=\"summary_large_image\" \/>\n<meta name=\"twitter:label1\" content=\"Written by\" \/>\n\t<meta name=\"twitter:data1\" content=\"Alain Dieul\" \/>\n\t<meta name=\"twitter:label2\" content=\"Est. reading time\" \/>\n\t<meta name=\"twitter:data2\" content=\"2 minutes\" \/>\n<script type=\"application\/ld+json\" class=\"yoast-schema-graph\">{\"@context\":\"https:\/\/schema.org\",\"@graph\":[{\"@type\":\"Article\",\"@id\":\"https:\/\/www.eenewseurope.com\/fr\/modele-de-reference-accelerant-le-developpement-de-moniteurs-de-rythme-cardiaque-et-doxymetres-wearables\/#article\",\"isPartOf\":{\"@id\":\"https:\/\/www.eenewseurope.com\/fr\/modele-de-reference-accelerant-le-developpement-de-moniteurs-de-rythme-cardiaque-et-doxymetres-wearables\/\"},\"author\":{\"name\":\"Alain Dieul\",\"@id\":\"https:\/\/www.ecinews.fr\/fr\/#\/schema\/person\/568c789a4794bd460460501ba91f5daf\"},\"headline\":\"Mod\u00e8le de r\u00e9f\u00e9rence acc\u00e9l\u00e9rant le d\u00e9veloppement de moniteurs de rythme cardiaque et d&rsquo;oxym\u00e8tres \u00ab\u00a0wearables\u00a0\u00bb\",\"datePublished\":\"2016-12-14T00:00:00+00:00\",\"dateModified\":\"2016-12-14T00:00:00+00:00\",\"mainEntityOfPage\":{\"@id\":\"https:\/\/www.eenewseurope.com\/fr\/modele-de-reference-accelerant-le-developpement-de-moniteurs-de-rythme-cardiaque-et-doxymetres-wearables\/\"},\"wordCount\":349,\"publisher\":{\"@id\":\"https:\/\/www.ecinews.fr\/fr\/#organization\"},\"keywords\":[\"DevelopmentKits\"],\"articleSection\":[\"Nouveaux produits\"],\"inLanguage\":\"fr-FR\"},{\"@type\":\"WebPage\",\"@id\":\"https:\/\/www.eenewseurope.com\/fr\/modele-de-reference-accelerant-le-developpement-de-moniteurs-de-rythme-cardiaque-et-doxymetres-wearables\/\",\"url\":\"https:\/\/www.eenewseurope.com\/fr\/modele-de-reference-accelerant-le-developpement-de-moniteurs-de-rythme-cardiaque-et-doxymetres-wearables\/\",\"name\":\"Mod\u00e8le de r\u00e9f\u00e9rence acc\u00e9l\u00e9rant le d\u00e9veloppement de moniteurs de rythme cardiaque et d'oxym\u00e8tres \\\"wearables\\\" -\",\"isPartOf\":{\"@id\":\"https:\/\/www.ecinews.fr\/fr\/#website\"},\"datePublished\":\"2016-12-14T00:00:00+00:00\",\"dateModified\":\"2016-12-14T00:00:00+00:00\",\"breadcrumb\":{\"@id\":\"https:\/\/www.eenewseurope.com\/fr\/modele-de-reference-accelerant-le-developpement-de-moniteurs-de-rythme-cardiaque-et-doxymetres-wearables\/#breadcrumb\"},\"inLanguage\":\"fr-FR\",\"potentialAction\":[{\"@type\":\"ReadAction\",\"target\":[\"https:\/\/www.eenewseurope.com\/fr\/modele-de-reference-accelerant-le-developpement-de-moniteurs-de-rythme-cardiaque-et-doxymetres-wearables\/\"]}]},{\"@type\":\"BreadcrumbList\",\"@id\":\"https:\/\/www.eenewseurope.com\/fr\/modele-de-reference-accelerant-le-developpement-de-moniteurs-de-rythme-cardiaque-et-doxymetres-wearables\/#breadcrumb\",\"itemListElement\":[{\"@type\":\"ListItem\",\"position\":1,\"name\":\"Home\",\"item\":\"https:\/\/www.ecinews.fr\/fr\/\"},{\"@type\":\"ListItem\",\"position\":2,\"name\":\"Mod\u00e8le de r\u00e9f\u00e9rence acc\u00e9l\u00e9rant le d\u00e9veloppement de moniteurs de rythme cardiaque et d&rsquo;oxym\u00e8tres \u00ab\u00a0wearables\u00a0\u00bb\"}]},{\"@type\":\"WebSite\",\"@id\":\"https:\/\/www.ecinews.fr\/fr\/#website\",\"url\":\"https:\/\/www.ecinews.fr\/fr\/\",\"name\":\"EENewsEurope\",\"description\":\"Just another WordPress site\",\"publisher\":{\"@id\":\"https:\/\/www.ecinews.fr\/fr\/#organization\"},\"potentialAction\":[{\"@type\":\"SearchAction\",\"target\":{\"@type\":\"EntryPoint\",\"urlTemplate\":\"https:\/\/www.ecinews.fr\/fr\/?s={search_term_string}\"},\"query-input\":\"required name=search_term_string\"}],\"inLanguage\":\"fr-FR\"},{\"@type\":\"Organization\",\"@id\":\"https:\/\/www.ecinews.fr\/fr\/#organization\",\"name\":\"EENewsEurope\",\"url\":\"https:\/\/www.ecinews.fr\/fr\/\",\"logo\":{\"@type\":\"ImageObject\",\"inLanguage\":\"fr-FR\",\"@id\":\"https:\/\/www.ecinews.fr\/fr\/#\/schema\/logo\/image\/\",\"url\":\"https:\/\/www.ecinews.fr\/wp-content\/uploads\/2022\/02\/logo-1.jpg\",\"contentUrl\":\"https:\/\/www.ecinews.fr\/wp-content\/uploads\/2022\/02\/logo-1.jpg\",\"width\":283,\"height\":113,\"caption\":\"EENewsEurope\"},\"image\":{\"@id\":\"https:\/\/www.ecinews.fr\/fr\/#\/schema\/logo\/image\/\"}},{\"@type\":\"Person\",\"@id\":\"https:\/\/www.ecinews.fr\/fr\/#\/schema\/person\/568c789a4794bd460460501ba91f5daf\",\"name\":\"Alain Dieul\",\"image\":{\"@type\":\"ImageObject\",\"inLanguage\":\"fr-FR\",\"@id\":\"https:\/\/www.ecinews.fr\/fr\/#\/schema\/person\/image\/6d32dc651fbcef3b338066625b118364\",\"url\":\"https:\/\/secure.gravatar.com\/avatar\/93708ec89b35deb10f4cfbfe144b4e07?s=96&d=mm&r=g\",\"contentUrl\":\"https:\/\/secure.gravatar.com\/avatar\/93708ec89b35deb10f4cfbfe144b4e07?s=96&d=mm&r=g\",\"caption\":\"Alain Dieul\"}}]}<\/script>","yoast_head_json":{"title":"Mod\u00e8le de r\u00e9f\u00e9rence acc\u00e9l\u00e9rant le d\u00e9veloppement de monite...","description":"Les concepteurs de moniteurs de rythme cardiaque et de taux d'oxyg\u00e8ne dans le sang (SpO2) peuvent d\u00e9sormais acc\u00e9l\u00e9rer leurs d\u00e9veloppements gr\u00e2ce au...","robots":{"index":"index","follow":"follow","max-snippet":"max-snippet:-1","max-image-preview":"max-image-preview:large","max-video-preview":"max-video-preview:-1"},"canonical":"https:\/\/www.ecinews.fr\/fr\/wp-json\/wp\/v2\/posts\/189520\/","og_locale":"fr_FR","og_type":"article","og_title":"Mod\u00e8le de r\u00e9f\u00e9rence acc\u00e9l\u00e9rant le d\u00e9veloppement de moniteurs de rythme cardiaque et d'oxym\u00e8tres \"wearables\"","og_description":"Les concepteurs de moniteurs de rythme cardiaque et de taux d'oxyg\u00e8ne dans le sang (SpO2) peuvent d\u00e9sormais acc\u00e9l\u00e9rer leurs d\u00e9veloppements gr\u00e2ce au mod\u00e8le de r\u00e9f\u00e9rence ultra-miniature MAXREFDES117# de Maxim Integrated Products. Il assure la mesure optique du rythme cardiaque, int\u00e8gre des LED rouges et infrarouges, un capteur, un sous-syst\u00e8me d'alimentation et un translateur de niveau logique.","og_url":"https:\/\/www.ecinews.fr\/fr\/wp-json\/wp\/v2\/posts\/189520\/","og_site_name":"EENewsEurope","article_published_time":"2016-12-14T00:00:00+00:00","og_image":[{"width":2560,"height":1685,"url":"https:\/\/www.eenewseurope.com\/wp-content\/uploads\/import\/default\/files\/sites\/default\/files\/images\/eci8230_maxim_pr2916_blockschalt-scaled.jpg","type":"image\/jpeg"}],"author":"Alain Dieul","twitter_card":"summary_large_image","twitter_misc":{"Written by":"Alain Dieul","Est. reading time":"2 minutes"},"schema":{"@context":"https:\/\/schema.org","@graph":[{"@type":"Article","@id":"https:\/\/www.eenewseurope.com\/fr\/modele-de-reference-accelerant-le-developpement-de-moniteurs-de-rythme-cardiaque-et-doxymetres-wearables\/#article","isPartOf":{"@id":"https:\/\/www.eenewseurope.com\/fr\/modele-de-reference-accelerant-le-developpement-de-moniteurs-de-rythme-cardiaque-et-doxymetres-wearables\/"},"author":{"name":"Alain Dieul","@id":"https:\/\/www.ecinews.fr\/fr\/#\/schema\/person\/568c789a4794bd460460501ba91f5daf"},"headline":"Mod\u00e8le de r\u00e9f\u00e9rence acc\u00e9l\u00e9rant le d\u00e9veloppement de moniteurs de rythme cardiaque et d&rsquo;oxym\u00e8tres \u00ab\u00a0wearables\u00a0\u00bb","datePublished":"2016-12-14T00:00:00+00:00","dateModified":"2016-12-14T00:00:00+00:00","mainEntityOfPage":{"@id":"https:\/\/www.eenewseurope.com\/fr\/modele-de-reference-accelerant-le-developpement-de-moniteurs-de-rythme-cardiaque-et-doxymetres-wearables\/"},"wordCount":349,"publisher":{"@id":"https:\/\/www.ecinews.fr\/fr\/#organization"},"keywords":["DevelopmentKits"],"articleSection":["Nouveaux produits"],"inLanguage":"fr-FR"},{"@type":"WebPage","@id":"https:\/\/www.eenewseurope.com\/fr\/modele-de-reference-accelerant-le-developpement-de-moniteurs-de-rythme-cardiaque-et-doxymetres-wearables\/","url":"https:\/\/www.eenewseurope.com\/fr\/modele-de-reference-accelerant-le-developpement-de-moniteurs-de-rythme-cardiaque-et-doxymetres-wearables\/","name":"Mod\u00e8le de r\u00e9f\u00e9rence acc\u00e9l\u00e9rant le d\u00e9veloppement de moniteurs de rythme cardiaque et d'oxym\u00e8tres \"wearables\" -","isPartOf":{"@id":"https:\/\/www.ecinews.fr\/fr\/#website"},"datePublished":"2016-12-14T00:00:00+00:00","dateModified":"2016-12-14T00:00:00+00:00","breadcrumb":{"@id":"https:\/\/www.eenewseurope.com\/fr\/modele-de-reference-accelerant-le-developpement-de-moniteurs-de-rythme-cardiaque-et-doxymetres-wearables\/#breadcrumb"},"inLanguage":"fr-FR","potentialAction":[{"@type":"ReadAction","target":["https:\/\/www.eenewseurope.com\/fr\/modele-de-reference-accelerant-le-developpement-de-moniteurs-de-rythme-cardiaque-et-doxymetres-wearables\/"]}]},{"@type":"BreadcrumbList","@id":"https:\/\/www.eenewseurope.com\/fr\/modele-de-reference-accelerant-le-developpement-de-moniteurs-de-rythme-cardiaque-et-doxymetres-wearables\/#breadcrumb","itemListElement":[{"@type":"ListItem","position":1,"name":"Home","item":"https:\/\/www.ecinews.fr\/fr\/"},{"@type":"ListItem","position":2,"name":"Mod\u00e8le de r\u00e9f\u00e9rence acc\u00e9l\u00e9rant le d\u00e9veloppement de moniteurs de rythme cardiaque et d&rsquo;oxym\u00e8tres \u00ab\u00a0wearables\u00a0\u00bb"}]},{"@type":"WebSite","@id":"https:\/\/www.ecinews.fr\/fr\/#website","url":"https:\/\/www.ecinews.fr\/fr\/","name":"EENewsEurope","description":"Just another WordPress site","publisher":{"@id":"https:\/\/www.ecinews.fr\/fr\/#organization"},"potentialAction":[{"@type":"SearchAction","target":{"@type":"EntryPoint","urlTemplate":"https:\/\/www.ecinews.fr\/fr\/?s={search_term_string}"},"query-input":"required name=search_term_string"}],"inLanguage":"fr-FR"},{"@type":"Organization","@id":"https:\/\/www.ecinews.fr\/fr\/#organization","name":"EENewsEurope","url":"https:\/\/www.ecinews.fr\/fr\/","logo":{"@type":"ImageObject","inLanguage":"fr-FR","@id":"https:\/\/www.ecinews.fr\/fr\/#\/schema\/logo\/image\/","url":"https:\/\/www.ecinews.fr\/wp-content\/uploads\/2022\/02\/logo-1.jpg","contentUrl":"https:\/\/www.ecinews.fr\/wp-content\/uploads\/2022\/02\/logo-1.jpg","width":283,"height":113,"caption":"EENewsEurope"},"image":{"@id":"https:\/\/www.ecinews.fr\/fr\/#\/schema\/logo\/image\/"}},{"@type":"Person","@id":"https:\/\/www.ecinews.fr\/fr\/#\/schema\/person\/568c789a4794bd460460501ba91f5daf","name":"Alain Dieul","image":{"@type":"ImageObject","inLanguage":"fr-FR","@id":"https:\/\/www.ecinews.fr\/fr\/#\/schema\/person\/image\/6d32dc651fbcef3b338066625b118364","url":"https:\/\/secure.gravatar.com\/avatar\/93708ec89b35deb10f4cfbfe144b4e07?s=96&d=mm&r=g","contentUrl":"https:\/\/secure.gravatar.com\/avatar\/93708ec89b35deb10f4cfbfe144b4e07?s=96&d=mm&r=g","caption":"Alain Dieul"}}]}},"authors":[{"term_id":1141,"user_id":9,"is_guest":0,"slug":"alaindieul","display_name":"Alain Dieul","avatar_url":"https:\/\/secure.gravatar.com\/avatar\/93708ec89b35deb10f4cfbfe144b4e07?s=96&d=mm&r=g","0":null,"1":"","2":"","3":"","4":"","5":"","6":"","7":"","8":""}],"_links":{"self":[{"href":"https:\/\/www.ecinews.fr\/fr\/wp-json\/wp\/v2\/posts\/189520"}],"collection":[{"href":"https:\/\/www.ecinews.fr\/fr\/wp-json\/wp\/v2\/posts"}],"about":[{"href":"https:\/\/www.ecinews.fr\/fr\/wp-json\/wp\/v2\/types\/post"}],"author":[{"embeddable":true,"href":"https:\/\/www.ecinews.fr\/fr\/wp-json\/wp\/v2\/users\/9"}],"replies":[{"embeddable":true,"href":"https:\/\/www.ecinews.fr\/fr\/wp-json\/wp\/v2\/comments?post=189520"}],"version-history":[{"count":0,"href":"https:\/\/www.ecinews.fr\/fr\/wp-json\/wp\/v2\/posts\/189520\/revisions"}],"wp:featuredmedia":[{"embeddable":true,"href":"https:\/\/www.ecinews.fr\/fr\/wp-json\/wp\/v2\/media\/189521"}],"wp:attachment":[{"href":"https:\/\/www.ecinews.fr\/fr\/wp-json\/wp\/v2\/media?parent=189520"}],"wp:term":[{"taxonomy":"category","embeddable":true,"href":"https:\/\/www.ecinews.fr\/fr\/wp-json\/wp\/v2\/categories?post=189520"},{"taxonomy":"post_tag","embeddable":true,"href":"https:\/\/www.ecinews.fr\/fr\/wp-json\/wp\/v2\/tags?post=189520"},{"taxonomy":"domains","embeddable":true,"href":"https:\/\/www.ecinews.fr\/fr\/wp-json\/wp\/v2\/domains?post=189520"},{"taxonomy":"author","embeddable":true,"href":"https:\/\/www.ecinews.fr\/fr\/wp-json\/wp\/v2\/ppma_author?post=189520"}],"curies":[{"name":"wp","href":"https:\/\/api.w.org\/{rel}","templated":true}]}}