{"id":188394,"date":"2016-12-14T03:06:24","date_gmt":"2016-12-14T03:06:24","guid":{"rendered":"https:\/\/eenewseurope.artwhere.co\/un-protocole-dentente-qui-va-booster-les-ventes-de-vehicules-electriques\/"},"modified":"2016-12-14T03:06:24","modified_gmt":"2016-12-14T03:06:24","slug":"un-protocole-dentente-qui-va-booster-les-ventes-de-vehicules-electriques","status":"publish","type":"post","link":"https:\/\/www.ecinews.fr\/fr\/un-protocole-dentente-qui-va-booster-les-ventes-de-vehicules-electriques\/","title":{"rendered":"Un protocole d&rsquo;entente qui va booster les ventes de v\u00e9hicules \u00e9lectriques"},"content":{"rendered":"<p>Le r\u00e9seau sera bas\u00e9 sur la norme \u00ab\u00a0Combined Charging System (CCS)\u00a0\u00bb recommand\u00e9 en Europe et qui utilise un connecteur compatible avec la plupart des v\u00e9hicules \u00e9lectriques actuels et \u00e0 venir, en offrant des niveaux de puissance allant jusqu&rsquo;\u00e0 350kW pour r\u00e9duire les temps de charge. Mis \u00e0 part Tesla et ses super-chargeurs 120kW, les chargeurs Chademo disponibles actuellement en France sur la voie publique sont limit\u00e9s \u00e0 50kW. D&rsquo;ici 2020, selon BMW, les v\u00e9hicules utilisant CCS devraient avoir acc\u00e8s \u00e0 des milliers de points de charge haute puissance le long des routes et des grands axes routiers.<br \/>\n\u00ab\u00a0Ce r\u00e9seau de recharge de haute puissance donne aux automobilistes un argument fort pour aller vers la mobilit\u00e9 \u00e9lectrique\u00a0\u00bb, a d\u00e9clar\u00e9 Harald Kr\u00fcger, pr\u00e9sident du conseil de gestion de BMW. \u00ab\u00a0Le projet conjoint est une autre \u00e9tape majeure d\u00e9montrant clairement que les concurrents combinent des forces \u00e0 l&rsquo;acc\u00e9l\u00e9ration de la mobilit\u00e9 \u00e9lectronique\u00a0\u00bb.<\/p>\n<p>Daimler pr\u00e9voit d&rsquo;avoir dix mod\u00e8les EQ enti\u00e8rement \u00e9lectriques en 2025. La perc\u00e9e de la mobilit\u00e9 \u00e9lectronique n\u00e9cessite une infrastructure de recharge compl\u00e8te. La disponibilit\u00e9 des stations services de haute puissance va enfin permettre la mobilit\u00e9 \u00e9lectrique longue distance et permettra de convaincre de plus en plus d&rsquo;utilisateurs.Aujourd&rsquo;hui, la majeur partie des utilisateurs de voitures \u00e9lectriques, utilise une borne de recharge domestique et profite du tarif de nuit tr\u00e8s avantageux. On peut regretter que ce projet ne soit pas totalement Europ\u00e9en avec la participation de tous les constructeurs. Nous risquons une fois encore une guerre des standards, avant que le meilleur s&rsquo;impose.<\/p>\n","protected":false},"excerpt":{"rendered":"<p>Les constructeurs automobiles Allemands BMW, Daimler, Ford, Volkswagen, \u00a0Audi et Porsche ont sign\u00e9 un protocole d&rsquo;entente pour cr\u00e9er un r\u00e9seau de chargeurs \u00e9lectriques ouvert et Europ\u00e9en, avec d\u00e8s 2017, 400 points de charge \u00e0 travers l&rsquo;Europe.<\/p>\n","protected":false},"author":11,"featured_media":188395,"comment_status":"closed","ping_status":"closed","sticky":false,"template":"","format":"standard","meta":{"_acf_changed":false,"footnotes":""},"categories":[],"tags":[891],"domains":[47],"ppma_author":[1143],"class_list":["post-188394","post","type-post","status-publish","format-standard","has-post-thumbnail","hentry","tag-automotive-fr","domains-electronique-eci"],"acf":[],"yoast_head":"<title>Un protocole d&#039;entente qui va booster les ventes de v\u00e9hicules ...<\/title>\n<meta name=\"description\" content=\"Les constructeurs automobiles Allemands BMW, Daimler, Ford, Volkswagen, \u00a0Audi et Porsche ont sign\u00e9 un protocole d&#039;entente pour cr\u00e9er un r\u00e9seau de...\" \/>\n<meta name=\"robots\" content=\"index, follow, max-snippet:-1, max-image-preview:large, max-video-preview:-1\" \/>\n<link rel=\"canonical\" href=\"https:\/\/www.ecinews.fr\/fr\/wp-json\/wp\/v2\/posts\/188394\/\" \/>\n<meta property=\"og:locale\" content=\"fr_FR\" \/>\n<meta property=\"og:type\" content=\"article\" \/>\n<meta property=\"og:title\" content=\"Un protocole d&#039;entente qui va booster les ventes de v\u00e9hicules \u00e9lectriques\" \/>\n<meta property=\"og:description\" content=\"Les constructeurs automobiles Allemands BMW, Daimler, Ford, Volkswagen, \u00a0Audi et Porsche ont sign\u00e9 un protocole d&#039;entente pour cr\u00e9er un r\u00e9seau de chargeurs \u00e9lectriques ouvert et Europ\u00e9en, avec d\u00e8s 2017, 400 points de charge \u00e0 travers l&#039;Europe.\" \/>\n<meta property=\"og:url\" content=\"https:\/\/www.ecinews.fr\/fr\/wp-json\/wp\/v2\/posts\/188394\/\" \/>\n<meta property=\"og:site_name\" content=\"EENewsEurope\" \/>\n<meta property=\"article:published_time\" content=\"2016-12-14T03:06:24+00:00\" \/>\n<meta property=\"og:image\" content=\"https:\/\/www.ecinews.fr\/wp-content\/uploads\/import\/default\/files\/sites\/default\/files\/images\/chargeurs_ccs.jpg\" \/>\n\t<meta property=\"og:image:width\" content=\"595\" \/>\n\t<meta property=\"og:image:height\" content=\"429\" \/>\n\t<meta property=\"og:image:type\" content=\"image\/jpeg\" \/>\n<meta name=\"author\" content=\"Daniel Cardon\" \/>\n<meta name=\"twitter:card\" content=\"summary_large_image\" \/>\n<meta name=\"twitter:label1\" content=\"Written by\" \/>\n\t<meta name=\"twitter:data1\" content=\"Daniel Cardon\" \/>\n\t<meta name=\"twitter:label2\" content=\"Est. reading time\" \/>\n\t<meta name=\"twitter:data2\" content=\"1 minute\" \/>\n<script type=\"application\/ld+json\" class=\"yoast-schema-graph\">{\"@context\":\"https:\/\/schema.org\",\"@graph\":[{\"@type\":\"Article\",\"@id\":\"https:\/\/www.ecinews.fr\/fr\/un-protocole-dentente-qui-va-booster-les-ventes-de-vehicules-electriques\/#article\",\"isPartOf\":{\"@id\":\"https:\/\/www.ecinews.fr\/fr\/un-protocole-dentente-qui-va-booster-les-ventes-de-vehicules-electriques\/\"},\"author\":{\"name\":\"Daniel Cardon\",\"@id\":\"https:\/\/www.ecinews.fr\/fr\/#\/schema\/person\/93c44cde463762f40a8236eaa44c1c17\"},\"headline\":\"Un protocole d&rsquo;entente qui va booster les ventes de v\u00e9hicules \u00e9lectriques\",\"datePublished\":\"2016-12-14T03:06:24+00:00\",\"dateModified\":\"2016-12-14T03:06:24+00:00\",\"mainEntityOfPage\":{\"@id\":\"https:\/\/www.ecinews.fr\/fr\/un-protocole-dentente-qui-va-booster-les-ventes-de-vehicules-electriques\/\"},\"wordCount\":284,\"publisher\":{\"@id\":\"https:\/\/www.ecinews.fr\/fr\/#organization\"},\"keywords\":[\"Automotive\"],\"inLanguage\":\"fr-FR\"},{\"@type\":\"WebPage\",\"@id\":\"https:\/\/www.ecinews.fr\/fr\/un-protocole-dentente-qui-va-booster-les-ventes-de-vehicules-electriques\/\",\"url\":\"https:\/\/www.ecinews.fr\/fr\/un-protocole-dentente-qui-va-booster-les-ventes-de-vehicules-electriques\/\",\"name\":\"Un protocole d'entente qui va booster les ventes de v\u00e9hicules \u00e9lectriques -\",\"isPartOf\":{\"@id\":\"https:\/\/www.ecinews.fr\/fr\/#website\"},\"datePublished\":\"2016-12-14T03:06:24+00:00\",\"dateModified\":\"2016-12-14T03:06:24+00:00\",\"breadcrumb\":{\"@id\":\"https:\/\/www.ecinews.fr\/fr\/un-protocole-dentente-qui-va-booster-les-ventes-de-vehicules-electriques\/#breadcrumb\"},\"inLanguage\":\"fr-FR\",\"potentialAction\":[{\"@type\":\"ReadAction\",\"target\":[\"https:\/\/www.ecinews.fr\/fr\/un-protocole-dentente-qui-va-booster-les-ventes-de-vehicules-electriques\/\"]}]},{\"@type\":\"BreadcrumbList\",\"@id\":\"https:\/\/www.ecinews.fr\/fr\/un-protocole-dentente-qui-va-booster-les-ventes-de-vehicules-electriques\/#breadcrumb\",\"itemListElement\":[{\"@type\":\"ListItem\",\"position\":1,\"name\":\"Home\",\"item\":\"https:\/\/www.ecinews.fr\/fr\/\"},{\"@type\":\"ListItem\",\"position\":2,\"name\":\"Un protocole d&rsquo;entente qui va booster les ventes de v\u00e9hicules \u00e9lectriques\"}]},{\"@type\":\"WebSite\",\"@id\":\"https:\/\/www.ecinews.fr\/fr\/#website\",\"url\":\"https:\/\/www.ecinews.fr\/fr\/\",\"name\":\"EENewsEurope\",\"description\":\"Just another WordPress site\",\"publisher\":{\"@id\":\"https:\/\/www.ecinews.fr\/fr\/#organization\"},\"potentialAction\":[{\"@type\":\"SearchAction\",\"target\":{\"@type\":\"EntryPoint\",\"urlTemplate\":\"https:\/\/www.ecinews.fr\/fr\/?s={search_term_string}\"},\"query-input\":\"required name=search_term_string\"}],\"inLanguage\":\"fr-FR\"},{\"@type\":\"Organization\",\"@id\":\"https:\/\/www.ecinews.fr\/fr\/#organization\",\"name\":\"EENewsEurope\",\"url\":\"https:\/\/www.ecinews.fr\/fr\/\",\"logo\":{\"@type\":\"ImageObject\",\"inLanguage\":\"fr-FR\",\"@id\":\"https:\/\/www.ecinews.fr\/fr\/#\/schema\/logo\/image\/\",\"url\":\"https:\/\/www.ecinews.fr\/wp-content\/uploads\/2022\/02\/logo-1.jpg\",\"contentUrl\":\"https:\/\/www.ecinews.fr\/wp-content\/uploads\/2022\/02\/logo-1.jpg\",\"width\":283,\"height\":113,\"caption\":\"EENewsEurope\"},\"image\":{\"@id\":\"https:\/\/www.ecinews.fr\/fr\/#\/schema\/logo\/image\/\"}},{\"@type\":\"Person\",\"@id\":\"https:\/\/www.ecinews.fr\/fr\/#\/schema\/person\/93c44cde463762f40a8236eaa44c1c17\",\"name\":\"Daniel Cardon\",\"image\":{\"@type\":\"ImageObject\",\"inLanguage\":\"fr-FR\",\"@id\":\"https:\/\/www.ecinews.fr\/fr\/#\/schema\/person\/image\/2b243f6bcc1cff7d86aadfb2cd0bd870\",\"url\":\"https:\/\/secure.gravatar.com\/avatar\/de9edc136dfc061ad4778e04635baefa?s=96&d=mm&r=g\",\"contentUrl\":\"https:\/\/secure.gravatar.com\/avatar\/de9edc136dfc061ad4778e04635baefa?s=96&d=mm&r=g\",\"caption\":\"Daniel Cardon\"}}]}<\/script>","yoast_head_json":{"title":"Un protocole d'entente qui va booster les ventes de v\u00e9hicules ...","description":"Les constructeurs automobiles Allemands BMW, Daimler, Ford, Volkswagen, \u00a0Audi et Porsche ont sign\u00e9 un protocole d'entente pour cr\u00e9er un r\u00e9seau de...","robots":{"index":"index","follow":"follow","max-snippet":"max-snippet:-1","max-image-preview":"max-image-preview:large","max-video-preview":"max-video-preview:-1"},"canonical":"https:\/\/www.ecinews.fr\/fr\/wp-json\/wp\/v2\/posts\/188394\/","og_locale":"fr_FR","og_type":"article","og_title":"Un protocole d'entente qui va booster les ventes de v\u00e9hicules \u00e9lectriques","og_description":"Les constructeurs automobiles Allemands BMW, Daimler, Ford, Volkswagen, \u00a0Audi et Porsche ont sign\u00e9 un protocole d'entente pour cr\u00e9er un r\u00e9seau de chargeurs \u00e9lectriques ouvert et Europ\u00e9en, avec d\u00e8s 2017, 400 points de charge \u00e0 travers l'Europe.","og_url":"https:\/\/www.ecinews.fr\/fr\/wp-json\/wp\/v2\/posts\/188394\/","og_site_name":"EENewsEurope","article_published_time":"2016-12-14T03:06:24+00:00","og_image":[{"width":595,"height":429,"url":"https:\/\/www.ecinews.fr\/wp-content\/uploads\/import\/default\/files\/sites\/default\/files\/images\/chargeurs_ccs.jpg","type":"image\/jpeg"}],"author":"Daniel Cardon","twitter_card":"summary_large_image","twitter_misc":{"Written by":"Daniel Cardon","Est. reading time":"1 minute"},"schema":{"@context":"https:\/\/schema.org","@graph":[{"@type":"Article","@id":"https:\/\/www.ecinews.fr\/fr\/un-protocole-dentente-qui-va-booster-les-ventes-de-vehicules-electriques\/#article","isPartOf":{"@id":"https:\/\/www.ecinews.fr\/fr\/un-protocole-dentente-qui-va-booster-les-ventes-de-vehicules-electriques\/"},"author":{"name":"Daniel Cardon","@id":"https:\/\/www.ecinews.fr\/fr\/#\/schema\/person\/93c44cde463762f40a8236eaa44c1c17"},"headline":"Un protocole d&rsquo;entente qui va booster les ventes de v\u00e9hicules \u00e9lectriques","datePublished":"2016-12-14T03:06:24+00:00","dateModified":"2016-12-14T03:06:24+00:00","mainEntityOfPage":{"@id":"https:\/\/www.ecinews.fr\/fr\/un-protocole-dentente-qui-va-booster-les-ventes-de-vehicules-electriques\/"},"wordCount":284,"publisher":{"@id":"https:\/\/www.ecinews.fr\/fr\/#organization"},"keywords":["Automotive"],"inLanguage":"fr-FR"},{"@type":"WebPage","@id":"https:\/\/www.ecinews.fr\/fr\/un-protocole-dentente-qui-va-booster-les-ventes-de-vehicules-electriques\/","url":"https:\/\/www.ecinews.fr\/fr\/un-protocole-dentente-qui-va-booster-les-ventes-de-vehicules-electriques\/","name":"Un protocole d'entente qui va booster les ventes de v\u00e9hicules \u00e9lectriques -","isPartOf":{"@id":"https:\/\/www.ecinews.fr\/fr\/#website"},"datePublished":"2016-12-14T03:06:24+00:00","dateModified":"2016-12-14T03:06:24+00:00","breadcrumb":{"@id":"https:\/\/www.ecinews.fr\/fr\/un-protocole-dentente-qui-va-booster-les-ventes-de-vehicules-electriques\/#breadcrumb"},"inLanguage":"fr-FR","potentialAction":[{"@type":"ReadAction","target":["https:\/\/www.ecinews.fr\/fr\/un-protocole-dentente-qui-va-booster-les-ventes-de-vehicules-electriques\/"]}]},{"@type":"BreadcrumbList","@id":"https:\/\/www.ecinews.fr\/fr\/un-protocole-dentente-qui-va-booster-les-ventes-de-vehicules-electriques\/#breadcrumb","itemListElement":[{"@type":"ListItem","position":1,"name":"Home","item":"https:\/\/www.ecinews.fr\/fr\/"},{"@type":"ListItem","position":2,"name":"Un protocole d&rsquo;entente qui va booster les ventes de v\u00e9hicules \u00e9lectriques"}]},{"@type":"WebSite","@id":"https:\/\/www.ecinews.fr\/fr\/#website","url":"https:\/\/www.ecinews.fr\/fr\/","name":"EENewsEurope","description":"Just another WordPress site","publisher":{"@id":"https:\/\/www.ecinews.fr\/fr\/#organization"},"potentialAction":[{"@type":"SearchAction","target":{"@type":"EntryPoint","urlTemplate":"https:\/\/www.ecinews.fr\/fr\/?s={search_term_string}"},"query-input":"required name=search_term_string"}],"inLanguage":"fr-FR"},{"@type":"Organization","@id":"https:\/\/www.ecinews.fr\/fr\/#organization","name":"EENewsEurope","url":"https:\/\/www.ecinews.fr\/fr\/","logo":{"@type":"ImageObject","inLanguage":"fr-FR","@id":"https:\/\/www.ecinews.fr\/fr\/#\/schema\/logo\/image\/","url":"https:\/\/www.ecinews.fr\/wp-content\/uploads\/2022\/02\/logo-1.jpg","contentUrl":"https:\/\/www.ecinews.fr\/wp-content\/uploads\/2022\/02\/logo-1.jpg","width":283,"height":113,"caption":"EENewsEurope"},"image":{"@id":"https:\/\/www.ecinews.fr\/fr\/#\/schema\/logo\/image\/"}},{"@type":"Person","@id":"https:\/\/www.ecinews.fr\/fr\/#\/schema\/person\/93c44cde463762f40a8236eaa44c1c17","name":"Daniel Cardon","image":{"@type":"ImageObject","inLanguage":"fr-FR","@id":"https:\/\/www.ecinews.fr\/fr\/#\/schema\/person\/image\/2b243f6bcc1cff7d86aadfb2cd0bd870","url":"https:\/\/secure.gravatar.com\/avatar\/de9edc136dfc061ad4778e04635baefa?s=96&d=mm&r=g","contentUrl":"https:\/\/secure.gravatar.com\/avatar\/de9edc136dfc061ad4778e04635baefa?s=96&d=mm&r=g","caption":"Daniel Cardon"}}]}},"authors":[{"term_id":1143,"user_id":11,"is_guest":0,"slug":"danielcardon","display_name":"Daniel Cardon","avatar_url":"https:\/\/secure.gravatar.com\/avatar\/de9edc136dfc061ad4778e04635baefa?s=96&d=mm&r=g","0":null,"1":"","2":"","3":"","4":"","5":"","6":"","7":"","8":""}],"_links":{"self":[{"href":"https:\/\/www.ecinews.fr\/fr\/wp-json\/wp\/v2\/posts\/188394"}],"collection":[{"href":"https:\/\/www.ecinews.fr\/fr\/wp-json\/wp\/v2\/posts"}],"about":[{"href":"https:\/\/www.ecinews.fr\/fr\/wp-json\/wp\/v2\/types\/post"}],"author":[{"embeddable":true,"href":"https:\/\/www.ecinews.fr\/fr\/wp-json\/wp\/v2\/users\/11"}],"replies":[{"embeddable":true,"href":"https:\/\/www.ecinews.fr\/fr\/wp-json\/wp\/v2\/comments?post=188394"}],"version-history":[{"count":0,"href":"https:\/\/www.ecinews.fr\/fr\/wp-json\/wp\/v2\/posts\/188394\/revisions"}],"wp:featuredmedia":[{"embeddable":true,"href":"https:\/\/www.ecinews.fr\/fr\/wp-json\/wp\/v2\/media\/188395"}],"wp:attachment":[{"href":"https:\/\/www.ecinews.fr\/fr\/wp-json\/wp\/v2\/media?parent=188394"}],"wp:term":[{"taxonomy":"category","embeddable":true,"href":"https:\/\/www.ecinews.fr\/fr\/wp-json\/wp\/v2\/categories?post=188394"},{"taxonomy":"post_tag","embeddable":true,"href":"https:\/\/www.ecinews.fr\/fr\/wp-json\/wp\/v2\/tags?post=188394"},{"taxonomy":"domains","embeddable":true,"href":"https:\/\/www.ecinews.fr\/fr\/wp-json\/wp\/v2\/domains?post=188394"},{"taxonomy":"author","embeddable":true,"href":"https:\/\/www.ecinews.fr\/fr\/wp-json\/wp\/v2\/ppma_author?post=188394"}],"curies":[{"name":"wp","href":"https:\/\/api.w.org\/{rel}","templated":true}]}}