{"id":185911,"date":"2017-01-17T02:00:00","date_gmt":"2017-01-17T02:00:00","guid":{"rendered":"https:\/\/eenewseurope.artwhere.co\/condensateurs-pour-lautomobile-supportant-des-temperatures-tres-elevees\/"},"modified":"2017-01-17T02:00:00","modified_gmt":"2017-01-17T02:00:00","slug":"condensateurs-pour-lautomobile-supportant-des-temperatures-tres-elevees","status":"publish","type":"post","link":"https:\/\/www.ecinews.fr\/fr\/condensateurs-pour-lautomobile-supportant-des-temperatures-tres-elevees\/","title":{"rendered":"Condensateurs pour l&rsquo;automobile supportant des temp\u00e9ratures tr\u00e8s \u00e9lev\u00e9es"},"content":{"rendered":"<p>Afin de r\u00e9duire la consommation d&rsquo;une automobile, des moteurs DC sont utilis\u00e9s pour optimiser les circuits de commande des transmissions. Un condensateur permet de supprimer le bruit \u00e9lectrique g\u00e9n\u00e9r\u00e9 par le moteur, mais l&rsquo;\u00e9quipement de commande du v\u00e9hicule est situ\u00e9 dans un environnement extr\u00eame o\u00f9 les temp\u00e9ratures peuvent atteindre les 200 \u00b0C pendant de courtes p\u00e9riodes. Le condensateur doit donc pr\u00e9senter une grande durabilit\u00e9.<\/p>\n<p>Dot\u00e9s d&rsquo;un rev\u00eatement en r\u00e9sine r\u00e9fractaire, les condensateurs en c\u00e9ramique multicouche de cette s\u00e9rie sont capables de r\u00e9sister \u00e0 des temp\u00e9ratures aussi extr\u00eames que +200 \u00b0C et -55 \u00b0C. Chaque module est conforme \u00e0 la norme AEC-Q200 et ses conducteurs peuvent \u00eatre soud\u00e9s ou sertis \u00e0 proximit\u00e9 d&rsquo;une source de bruit pour des performances et une efficacit\u00e9 optimales. Ces condensateurs r\u00e9pondent aussi aux tests de surtension de la norme ISO7637-2.<\/p>\n<p>Les capacit\u00e9s propos\u00e9es iront de 100 pF \u00e0 0,01 \u00b5F et la s\u00e9rie comprend d\u00e9j\u00e0 des mod\u00e8les \u00e0 200 VDC et 500 VDC, avant d&rsquo;\u00eatre \u00e9toff\u00e9e au cours de l&rsquo;ann\u00e9e 2017.<br \/>\nAu-del\u00e0 de 150 \u00b0C, un derating est appliqu\u00e9 de sorte que, par exemple, un mod\u00e8le de 500 V passe \u00e0 125 V quand on l&rsquo;utilise \u00e0 200 \u00b0C. En fonction de la combinaison tension nominale\/capacitance, le condensateur mesure 4,0 \u00d7 3,5 mm ou 5,5 \u00d7 4,0 mm, avec un entraxe des conducteurs de 2,5 ou 5,0 mm, selon le cas.<\/p>\n<p><a href=\"http:\/\/www.murata.com\" target=\"_blank\" rel=\"noopener\">www.murata.com<\/a><\/p>\n","protected":false},"excerpt":{"rendered":"<p>Pour \u00e9liminer les sources de bruit g\u00e9n\u00e9r\u00e9es par les moteurs d\u2019asservissement utilis\u00e9s dans l\u2019automobile, Murata a mis au point le condensateur s\u00e9rie RHS capable de r\u00e9sister aux temp\u00e9ratures extr\u00eames des \u00e9quipements situ\u00e9s en environnement difficile comme le compartiment moteur du v\u00e9hicule.<\/p>\n","protected":false},"author":9,"featured_media":185912,"comment_status":"closed","ping_status":"closed","sticky":false,"template":"","format":"standard","meta":{"_acf_changed":false,"footnotes":""},"categories":[881],"tags":[891],"domains":[47],"ppma_author":[1141],"class_list":["post-185911","post","type-post","status-publish","format-standard","has-post-thumbnail","hentry","category-nouveaux-produits","tag-automotive-fr","domains-electronique-eci"],"acf":[],"yoast_head":"<title>Condensateurs pour l&#039;automobile supportant des temp\u00e9ratures tr...<\/title>\n<meta name=\"description\" content=\"Pour \u00e9liminer les sources de bruit g\u00e9n\u00e9r\u00e9es par les moteurs d\u2019asservissement utilis\u00e9s dans l\u2019automobile, Murata a mis au point le condensateur...\" \/>\n<meta name=\"robots\" content=\"index, follow, max-snippet:-1, max-image-preview:large, max-video-preview:-1\" \/>\n<link rel=\"canonical\" href=\"https:\/\/www.ecinews.fr\/fr\/wp-json\/wp\/v2\/posts\/185911\/\" \/>\n<meta property=\"og:locale\" content=\"fr_FR\" \/>\n<meta property=\"og:type\" content=\"article\" \/>\n<meta property=\"og:title\" content=\"Condensateurs pour l&#039;automobile supportant des temp\u00e9ratures tr\u00e8s \u00e9lev\u00e9es\" \/>\n<meta property=\"og:description\" content=\"Pour \u00e9liminer les sources de bruit g\u00e9n\u00e9r\u00e9es par les moteurs d\u2019asservissement utilis\u00e9s dans l\u2019automobile, Murata a mis au point le condensateur s\u00e9rie RHS capable de r\u00e9sister aux temp\u00e9ratures extr\u00eames des \u00e9quipements situ\u00e9s en environnement difficile comme le compartiment moteur du v\u00e9hicule.\" \/>\n<meta property=\"og:url\" content=\"https:\/\/www.ecinews.fr\/fr\/wp-json\/wp\/v2\/posts\/185911\/\" \/>\n<meta property=\"og:site_name\" content=\"EENewsEurope\" \/>\n<meta property=\"article:published_time\" content=\"2017-01-17T02:00:00+00:00\" \/>\n<meta property=\"og:image\" content=\"https:\/\/www.ecinews.fr\/wp-content\/uploads\/import\/default\/files\/sites\/default\/files\/images\/eci8282_murata_rhs_pr_rev1.1_r.jpg\" \/>\n\t<meta property=\"og:image:width\" content=\"1741\" \/>\n\t<meta property=\"og:image:height\" content=\"1049\" \/>\n\t<meta property=\"og:image:type\" content=\"image\/jpeg\" \/>\n<meta name=\"author\" content=\"Alain Dieul\" \/>\n<meta name=\"twitter:card\" content=\"summary_large_image\" \/>\n<meta name=\"twitter:label1\" content=\"Written by\" \/>\n\t<meta name=\"twitter:data1\" content=\"Alain Dieul\" \/>\n\t<meta name=\"twitter:label2\" content=\"Est. reading time\" \/>\n\t<meta name=\"twitter:data2\" content=\"1 minute\" \/>\n<script type=\"application\/ld+json\" class=\"yoast-schema-graph\">{\"@context\":\"https:\/\/schema.org\",\"@graph\":[{\"@type\":\"Article\",\"@id\":\"https:\/\/www.ecinews.fr\/fr\/condensateurs-pour-lautomobile-supportant-des-temperatures-tres-elevees\/#article\",\"isPartOf\":{\"@id\":\"https:\/\/www.ecinews.fr\/fr\/condensateurs-pour-lautomobile-supportant-des-temperatures-tres-elevees\/\"},\"author\":{\"name\":\"Alain Dieul\",\"@id\":\"https:\/\/www.eenewseurope.com\/en\/#\/schema\/person\/568c789a4794bd460460501ba91f5daf\"},\"headline\":\"Condensateurs pour l&rsquo;automobile supportant des temp\u00e9ratures tr\u00e8s \u00e9lev\u00e9es\",\"datePublished\":\"2017-01-17T02:00:00+00:00\",\"dateModified\":\"2017-01-17T02:00:00+00:00\",\"mainEntityOfPage\":{\"@id\":\"https:\/\/www.ecinews.fr\/fr\/condensateurs-pour-lautomobile-supportant-des-temperatures-tres-elevees\/\"},\"wordCount\":251,\"publisher\":{\"@id\":\"https:\/\/www.eenewseurope.com\/en\/#organization\"},\"keywords\":[\"Automotive\"],\"articleSection\":[\"Nouveaux produits\"],\"inLanguage\":\"fr-FR\"},{\"@type\":\"WebPage\",\"@id\":\"https:\/\/www.ecinews.fr\/fr\/condensateurs-pour-lautomobile-supportant-des-temperatures-tres-elevees\/\",\"url\":\"https:\/\/www.ecinews.fr\/fr\/condensateurs-pour-lautomobile-supportant-des-temperatures-tres-elevees\/\",\"name\":\"Condensateurs pour l'automobile supportant des temp\u00e9ratures tr\u00e8s \u00e9lev\u00e9es -\",\"isPartOf\":{\"@id\":\"https:\/\/www.eenewseurope.com\/en\/#website\"},\"datePublished\":\"2017-01-17T02:00:00+00:00\",\"dateModified\":\"2017-01-17T02:00:00+00:00\",\"breadcrumb\":{\"@id\":\"https:\/\/www.ecinews.fr\/fr\/condensateurs-pour-lautomobile-supportant-des-temperatures-tres-elevees\/#breadcrumb\"},\"inLanguage\":\"fr-FR\",\"potentialAction\":[{\"@type\":\"ReadAction\",\"target\":[\"https:\/\/www.ecinews.fr\/fr\/condensateurs-pour-lautomobile-supportant-des-temperatures-tres-elevees\/\"]}]},{\"@type\":\"BreadcrumbList\",\"@id\":\"https:\/\/www.ecinews.fr\/fr\/condensateurs-pour-lautomobile-supportant-des-temperatures-tres-elevees\/#breadcrumb\",\"itemListElement\":[{\"@type\":\"ListItem\",\"position\":1,\"name\":\"Home\",\"item\":\"https:\/\/www.ecinews.fr\/fr\/\"},{\"@type\":\"ListItem\",\"position\":2,\"name\":\"Condensateurs pour l&rsquo;automobile supportant des temp\u00e9ratures tr\u00e8s \u00e9lev\u00e9es\"}]},{\"@type\":\"WebSite\",\"@id\":\"https:\/\/www.eenewseurope.com\/en\/#website\",\"url\":\"https:\/\/www.eenewseurope.com\/en\/\",\"name\":\"EENewsEurope\",\"description\":\"Just another WordPress site\",\"publisher\":{\"@id\":\"https:\/\/www.eenewseurope.com\/en\/#organization\"},\"potentialAction\":[{\"@type\":\"SearchAction\",\"target\":{\"@type\":\"EntryPoint\",\"urlTemplate\":\"https:\/\/www.eenewseurope.com\/en\/?s={search_term_string}\"},\"query-input\":\"required name=search_term_string\"}],\"inLanguage\":\"fr-FR\"},{\"@type\":\"Organization\",\"@id\":\"https:\/\/www.eenewseurope.com\/en\/#organization\",\"name\":\"EENewsEurope\",\"url\":\"https:\/\/www.eenewseurope.com\/en\/\",\"logo\":{\"@type\":\"ImageObject\",\"inLanguage\":\"fr-FR\",\"@id\":\"https:\/\/www.eenewseurope.com\/en\/#\/schema\/logo\/image\/\",\"url\":\"https:\/\/www.ecinews.fr\/wp-content\/uploads\/2022\/02\/logo-1.jpg\",\"contentUrl\":\"https:\/\/www.ecinews.fr\/wp-content\/uploads\/2022\/02\/logo-1.jpg\",\"width\":283,\"height\":113,\"caption\":\"EENewsEurope\"},\"image\":{\"@id\":\"https:\/\/www.eenewseurope.com\/en\/#\/schema\/logo\/image\/\"}},{\"@type\":\"Person\",\"@id\":\"https:\/\/www.eenewseurope.com\/en\/#\/schema\/person\/568c789a4794bd460460501ba91f5daf\",\"name\":\"Alain Dieul\",\"image\":{\"@type\":\"ImageObject\",\"inLanguage\":\"fr-FR\",\"@id\":\"https:\/\/www.eenewseurope.com\/en\/#\/schema\/person\/image\/6d32dc651fbcef3b338066625b118364\",\"url\":\"https:\/\/secure.gravatar.com\/avatar\/93708ec89b35deb10f4cfbfe144b4e07?s=96&d=mm&r=g\",\"contentUrl\":\"https:\/\/secure.gravatar.com\/avatar\/93708ec89b35deb10f4cfbfe144b4e07?s=96&d=mm&r=g\",\"caption\":\"Alain Dieul\"}}]}<\/script>","yoast_head_json":{"title":"Condensateurs pour l'automobile supportant des temp\u00e9ratures tr...","description":"Pour \u00e9liminer les sources de bruit g\u00e9n\u00e9r\u00e9es par les moteurs d\u2019asservissement utilis\u00e9s dans l\u2019automobile, Murata a mis au point le condensateur...","robots":{"index":"index","follow":"follow","max-snippet":"max-snippet:-1","max-image-preview":"max-image-preview:large","max-video-preview":"max-video-preview:-1"},"canonical":"https:\/\/www.ecinews.fr\/fr\/wp-json\/wp\/v2\/posts\/185911\/","og_locale":"fr_FR","og_type":"article","og_title":"Condensateurs pour l'automobile supportant des temp\u00e9ratures tr\u00e8s \u00e9lev\u00e9es","og_description":"Pour \u00e9liminer les sources de bruit g\u00e9n\u00e9r\u00e9es par les moteurs d\u2019asservissement utilis\u00e9s dans l\u2019automobile, Murata a mis au point le condensateur s\u00e9rie RHS capable de r\u00e9sister aux temp\u00e9ratures extr\u00eames des \u00e9quipements situ\u00e9s en environnement difficile comme le compartiment moteur du v\u00e9hicule.","og_url":"https:\/\/www.ecinews.fr\/fr\/wp-json\/wp\/v2\/posts\/185911\/","og_site_name":"EENewsEurope","article_published_time":"2017-01-17T02:00:00+00:00","og_image":[{"width":1741,"height":1049,"url":"https:\/\/www.ecinews.fr\/wp-content\/uploads\/import\/default\/files\/sites\/default\/files\/images\/eci8282_murata_rhs_pr_rev1.1_r.jpg","type":"image\/jpeg"}],"author":"Alain Dieul","twitter_card":"summary_large_image","twitter_misc":{"Written by":"Alain Dieul","Est. reading time":"1 minute"},"schema":{"@context":"https:\/\/schema.org","@graph":[{"@type":"Article","@id":"https:\/\/www.ecinews.fr\/fr\/condensateurs-pour-lautomobile-supportant-des-temperatures-tres-elevees\/#article","isPartOf":{"@id":"https:\/\/www.ecinews.fr\/fr\/condensateurs-pour-lautomobile-supportant-des-temperatures-tres-elevees\/"},"author":{"name":"Alain Dieul","@id":"https:\/\/www.eenewseurope.com\/en\/#\/schema\/person\/568c789a4794bd460460501ba91f5daf"},"headline":"Condensateurs pour l&rsquo;automobile supportant des temp\u00e9ratures tr\u00e8s \u00e9lev\u00e9es","datePublished":"2017-01-17T02:00:00+00:00","dateModified":"2017-01-17T02:00:00+00:00","mainEntityOfPage":{"@id":"https:\/\/www.ecinews.fr\/fr\/condensateurs-pour-lautomobile-supportant-des-temperatures-tres-elevees\/"},"wordCount":251,"publisher":{"@id":"https:\/\/www.eenewseurope.com\/en\/#organization"},"keywords":["Automotive"],"articleSection":["Nouveaux produits"],"inLanguage":"fr-FR"},{"@type":"WebPage","@id":"https:\/\/www.ecinews.fr\/fr\/condensateurs-pour-lautomobile-supportant-des-temperatures-tres-elevees\/","url":"https:\/\/www.ecinews.fr\/fr\/condensateurs-pour-lautomobile-supportant-des-temperatures-tres-elevees\/","name":"Condensateurs pour l'automobile supportant des temp\u00e9ratures tr\u00e8s \u00e9lev\u00e9es -","isPartOf":{"@id":"https:\/\/www.eenewseurope.com\/en\/#website"},"datePublished":"2017-01-17T02:00:00+00:00","dateModified":"2017-01-17T02:00:00+00:00","breadcrumb":{"@id":"https:\/\/www.ecinews.fr\/fr\/condensateurs-pour-lautomobile-supportant-des-temperatures-tres-elevees\/#breadcrumb"},"inLanguage":"fr-FR","potentialAction":[{"@type":"ReadAction","target":["https:\/\/www.ecinews.fr\/fr\/condensateurs-pour-lautomobile-supportant-des-temperatures-tres-elevees\/"]}]},{"@type":"BreadcrumbList","@id":"https:\/\/www.ecinews.fr\/fr\/condensateurs-pour-lautomobile-supportant-des-temperatures-tres-elevees\/#breadcrumb","itemListElement":[{"@type":"ListItem","position":1,"name":"Home","item":"https:\/\/www.ecinews.fr\/fr\/"},{"@type":"ListItem","position":2,"name":"Condensateurs pour l&rsquo;automobile supportant des temp\u00e9ratures tr\u00e8s \u00e9lev\u00e9es"}]},{"@type":"WebSite","@id":"https:\/\/www.eenewseurope.com\/en\/#website","url":"https:\/\/www.eenewseurope.com\/en\/","name":"EENewsEurope","description":"Just another WordPress site","publisher":{"@id":"https:\/\/www.eenewseurope.com\/en\/#organization"},"potentialAction":[{"@type":"SearchAction","target":{"@type":"EntryPoint","urlTemplate":"https:\/\/www.eenewseurope.com\/en\/?s={search_term_string}"},"query-input":"required name=search_term_string"}],"inLanguage":"fr-FR"},{"@type":"Organization","@id":"https:\/\/www.eenewseurope.com\/en\/#organization","name":"EENewsEurope","url":"https:\/\/www.eenewseurope.com\/en\/","logo":{"@type":"ImageObject","inLanguage":"fr-FR","@id":"https:\/\/www.eenewseurope.com\/en\/#\/schema\/logo\/image\/","url":"https:\/\/www.ecinews.fr\/wp-content\/uploads\/2022\/02\/logo-1.jpg","contentUrl":"https:\/\/www.ecinews.fr\/wp-content\/uploads\/2022\/02\/logo-1.jpg","width":283,"height":113,"caption":"EENewsEurope"},"image":{"@id":"https:\/\/www.eenewseurope.com\/en\/#\/schema\/logo\/image\/"}},{"@type":"Person","@id":"https:\/\/www.eenewseurope.com\/en\/#\/schema\/person\/568c789a4794bd460460501ba91f5daf","name":"Alain Dieul","image":{"@type":"ImageObject","inLanguage":"fr-FR","@id":"https:\/\/www.eenewseurope.com\/en\/#\/schema\/person\/image\/6d32dc651fbcef3b338066625b118364","url":"https:\/\/secure.gravatar.com\/avatar\/93708ec89b35deb10f4cfbfe144b4e07?s=96&d=mm&r=g","contentUrl":"https:\/\/secure.gravatar.com\/avatar\/93708ec89b35deb10f4cfbfe144b4e07?s=96&d=mm&r=g","caption":"Alain Dieul"}}]}},"authors":[{"term_id":1141,"user_id":9,"is_guest":0,"slug":"alaindieul","display_name":"Alain Dieul","avatar_url":"https:\/\/secure.gravatar.com\/avatar\/93708ec89b35deb10f4cfbfe144b4e07?s=96&d=mm&r=g","0":null,"1":"","2":"","3":"","4":"","5":"","6":"","7":"","8":""}],"_links":{"self":[{"href":"https:\/\/www.ecinews.fr\/fr\/wp-json\/wp\/v2\/posts\/185911"}],"collection":[{"href":"https:\/\/www.ecinews.fr\/fr\/wp-json\/wp\/v2\/posts"}],"about":[{"href":"https:\/\/www.ecinews.fr\/fr\/wp-json\/wp\/v2\/types\/post"}],"author":[{"embeddable":true,"href":"https:\/\/www.ecinews.fr\/fr\/wp-json\/wp\/v2\/users\/9"}],"replies":[{"embeddable":true,"href":"https:\/\/www.ecinews.fr\/fr\/wp-json\/wp\/v2\/comments?post=185911"}],"version-history":[{"count":0,"href":"https:\/\/www.ecinews.fr\/fr\/wp-json\/wp\/v2\/posts\/185911\/revisions"}],"wp:featuredmedia":[{"embeddable":true,"href":"https:\/\/www.ecinews.fr\/fr\/wp-json\/wp\/v2\/media\/185912"}],"wp:attachment":[{"href":"https:\/\/www.ecinews.fr\/fr\/wp-json\/wp\/v2\/media?parent=185911"}],"wp:term":[{"taxonomy":"category","embeddable":true,"href":"https:\/\/www.ecinews.fr\/fr\/wp-json\/wp\/v2\/categories?post=185911"},{"taxonomy":"post_tag","embeddable":true,"href":"https:\/\/www.ecinews.fr\/fr\/wp-json\/wp\/v2\/tags?post=185911"},{"taxonomy":"domains","embeddable":true,"href":"https:\/\/www.ecinews.fr\/fr\/wp-json\/wp\/v2\/domains?post=185911"},{"taxonomy":"author","embeddable":true,"href":"https:\/\/www.ecinews.fr\/fr\/wp-json\/wp\/v2\/ppma_author?post=185911"}],"curies":[{"name":"wp","href":"https:\/\/api.w.org\/{rel}","templated":true}]}}