{"id":184171,"date":"2017-02-01T23:01:00","date_gmt":"2017-02-01T23:01:00","guid":{"rendered":"https:\/\/eenewseurope.artwhere.co\/ecrans-grands-formats-repondant-aux-besoins-daffichage-dynamique-moderne\/"},"modified":"2017-02-01T23:01:00","modified_gmt":"2017-02-01T23:01:00","slug":"ecrans-grands-formats-repondant-aux-besoins-daffichage-dynamique-moderne","status":"publish","type":"post","link":"https:\/\/www.ecinews.fr\/fr\/ecrans-grands-formats-repondant-aux-besoins-daffichage-dynamique-moderne\/","title":{"rendered":"Ecrans grands formats r\u00e9pondant aux besoins d\u2019affichage dynamique moderne"},"content":{"rendered":"<p>En outre, une capacit\u00e9 de traitement \u00e9volutive telle que celle des modules Raspberry&nbsp;Pi ou des Slot-in&nbsp;PC bas\u00e9s sur la norme&nbsp;OPS (Open Pluggable Specification) peut \u00eatre int\u00e9gr\u00e9e de fa\u00e7on transparente dans ces \u00e9crans pour cr\u00e9er une solution enti\u00e8rement int\u00e9gr\u00e9e.<\/p>\n<p>Les deux gammes se composent chacune de trois&nbsp;mod\u00e8les offrant des tailles de&nbsp;40 \u00e0 55&nbsp;pouces (P404, P484, P554 et V404, V484, V554). \u00c9l\u00e9gants et fins, ces \u00e9crans autorisent une int\u00e9gration discr\u00e8te. Ils ont \u00e9t\u00e9 con\u00e7us pour les commerces, les loisirs, les mus\u00e9es, les solutions d\u2019affichage dynamique d\u2019entreprise, l\u2019information des passagers, la restauration rapide et tous les autres espaces publics.<\/p>\n<p>Gr\u00e2ce \u00e0 leur haute luminosit\u00e9, les entreprises peuvent partager des messages qui seront bien re\u00e7us et faciles \u00e0 lire, m\u00eame dans des environnements tr\u00e8s \u00e9clair\u00e9s. Avec une luminosit\u00e9 de 500&nbsp;cd\/m\u00b2, les \u00e9crans&nbsp;V assurent une bonne lisibilit\u00e9 dans des conditions d\u2019\u00e9clairage ambiant standard. La luminosit\u00e9 de 700&nbsp;cd\/m\u00b2 des \u00e9crans&nbsp;P garantit une excellente lisibilit\u00e9 dans les environnements tr\u00e8s \u00e9clair\u00e9s. En outre, les mod\u00e8les des deux&nbsp;gammes sont \u00e9quip\u00e9s d\u2019une surface antireflet efficace.<\/p>\n<p>\u00ab\u00a0Aujourd\u2019hui, dans de nombreux secteurs d\u2019activit\u00e9, des entreprises cherchent \u00e0 am\u00e9liorer leurs solutions d\u2019affichage dynamique et utilisent des applications plus avanc\u00e9es. La conception modulaire des \u00e9crans NEC&nbsp;P et&nbsp;V leur permet d\u2019atteindre cet objectif,\u00a0\u00bb a d\u00e9clar\u00e9&nbsp; Tobias&nbsp;Augustin, Chef de Produit responsable des \u00e9crans grand format chez&nbsp;NEC Display Solutions Europe. \u00ab\u00a0Ces \u00e9crans p\u00e9rennes apportent aux entreprises la flexibilit\u00e9 requise pour mettre \u00e0 niveau la puissance des \u00e9crans \u00e0 tout moment en int\u00e9grant de fa\u00e7on transparente l\u2019un des Slot-in PC&nbsp;OPS de&nbsp;NEC, des modules Raspberry&nbsp;Pi ou des interfaces de signaux pour le contenu et la capacit\u00e9 de traitement.\u00a0\u00bb<\/p>\n<hr \/>\n<p>Les deux s\u00e9ries offrent \u00e9galement des performances am\u00e9lior\u00e9es gr\u00e2ce au moteur SpectraView, solution propri\u00e9taire de stabilisation des couleurs qui, pour la gamme&nbsp;P, fournit un contr\u00f4le total de la luminosit\u00e9, de la couleur, du gamma et de l\u2019uniformit\u00e9 pour produire des images pr\u00e9cises et naturelles fiables. En outre, la reproduction fid\u00e8le des couleurs, des angles de vision extr\u00eames et une table de correspondance qui s\u2019\u00e9talonne sur 12&nbsp;bits produisent des images pr\u00e9cises en permanence, notamment de la marque et de l\u2019identit\u00e9 des entreprises.<\/p>\n<p>Ces \u00e9crans sont faciles \u00e0 installer et \u00e0 utiliser. Le logiciel libre de gestion de plusieurs \u00e9crans NaViSet&nbsp;Administrator&nbsp;2 donne aux entreprises la possibilit\u00e9 de centraliser la gestion de tous leurs p\u00e9riph\u00e9riques d\u2019affichage connect\u00e9s. De plus, gr\u00e2ce \u00e0 leurs composants de qualit\u00e9, choisis m\u00e9ticuleusement, et \u00e0 leur conception soign\u00e9e et pr\u00e9vue pour les applications critiques op\u00e9rationnelles 7 jours sur 7 et 24 heures sur 24, ils assurent un fonctionnement fiable dans les environnements exigeants.<\/p>\n<p><a href=\"https:\/\/www.nec-display-solutions.com\/p\/fr\/fr\/home.xhtml\" target=\"_blank\" rel=\"noopener\">www.nec-display-solutions.com\/p\/fr<\/a><\/p>\n","protected":false},"excerpt":{"rendered":"<p>Prochainement pr\u00e9sent\u00e9s du 7 au 10 f\u00e9vrier 2017 au salon ISE \u00e0 Amsterdam, les \u00e9crans grands formats MultiSync professionnels s\u00e9ries P et V de NEC Display Solutions sont con\u00e7us pour r\u00e9pondre aux besoins d\u2019affichage dynamique et de pr\u00e9sentation. Prenant en charge la plate-forme propri\u00e9taire Open Modular Intelligence (OMI), ils permettent de cr\u00e9er des solutions d\u2019affichage dynamique sur mesure. <\/p>\n","protected":false},"author":9,"featured_media":184172,"comment_status":"closed","ping_status":"closed","sticky":false,"template":"","format":"standard","meta":{"_acf_changed":false,"footnotes":""},"categories":[881],"tags":[897],"domains":[47],"ppma_author":[1141],"class_list":["post-184171","post","type-post","status-publish","format-standard","has-post-thumbnail","hentry","category-nouveaux-produits","tag-displays-interfaces-fr","domains-electronique-eci"],"acf":[],"yoast_head":"<title>Ecrans grands formats r\u00e9pondant aux besoins d\u2019affichage dyna...<\/title>\n<meta name=\"description\" content=\"Prochainement pr\u00e9sent\u00e9s du 7 au 10 f\u00e9vrier 2017 au salon ISE \u00e0 Amsterdam, les \u00e9crans grands formats MultiSync professionnels s\u00e9ries P et V de NEC...\" \/>\n<meta name=\"robots\" content=\"index, follow, max-snippet:-1, max-image-preview:large, max-video-preview:-1\" \/>\n<link rel=\"canonical\" href=\"https:\/\/www.ecinews.fr\/fr\/wp-json\/wp\/v2\/posts\/184171\/\" \/>\n<meta property=\"og:locale\" content=\"fr_FR\" \/>\n<meta property=\"og:type\" content=\"article\" \/>\n<meta property=\"og:title\" content=\"Ecrans grands formats r\u00e9pondant aux besoins d\u2019affichage dynamique moderne\" \/>\n<meta property=\"og:description\" content=\"Prochainement pr\u00e9sent\u00e9s du 7 au 10 f\u00e9vrier 2017 au salon ISE \u00e0 Amsterdam, les \u00e9crans grands formats MultiSync professionnels s\u00e9ries P et V de NEC Display Solutions sont con\u00e7us pour r\u00e9pondre aux besoins d\u2019affichage dynamique et de pr\u00e9sentation. Prenant en charge la plate-forme propri\u00e9taire Open Modular Intelligence (OMI), ils permettent de cr\u00e9er des solutions d\u2019affichage dynamique sur mesure.\" \/>\n<meta property=\"og:url\" content=\"https:\/\/www.ecinews.fr\/fr\/wp-json\/wp\/v2\/posts\/184171\/\" \/>\n<meta property=\"og:site_name\" content=\"EENewsEurope\" \/>\n<meta property=\"article:published_time\" content=\"2017-02-01T23:01:00+00:00\" \/>\n<meta property=\"og:image\" content=\"https:\/\/www.eenewseurope.com\/wp-content\/uploads\/import\/default\/files\/sites\/default\/files\/images\/eci8315_nec_pubicdisplays_r.jpg\" \/>\n\t<meta property=\"og:image:width\" content=\"470\" \/>\n\t<meta property=\"og:image:height\" content=\"293\" \/>\n\t<meta property=\"og:image:type\" content=\"image\/jpeg\" \/>\n<meta name=\"author\" content=\"Alain Dieul\" \/>\n<meta name=\"twitter:card\" content=\"summary_large_image\" \/>\n<meta name=\"twitter:label1\" content=\"Written by\" \/>\n\t<meta name=\"twitter:data1\" content=\"Alain Dieul\" \/>\n\t<meta name=\"twitter:label2\" content=\"Est. reading time\" \/>\n\t<meta name=\"twitter:data2\" content=\"3 minutes\" \/>\n<script type=\"application\/ld+json\" class=\"yoast-schema-graph\">{\"@context\":\"https:\/\/schema.org\",\"@graph\":[{\"@type\":\"Article\",\"@id\":\"https:\/\/www.eenewseurope.com\/fr\/ecrans-grands-formats-repondant-aux-besoins-daffichage-dynamique-moderne\/#article\",\"isPartOf\":{\"@id\":\"https:\/\/www.eenewseurope.com\/fr\/ecrans-grands-formats-repondant-aux-besoins-daffichage-dynamique-moderne\/\"},\"author\":{\"name\":\"Alain Dieul\",\"@id\":\"https:\/\/www.ecinews.fr\/fr\/#\/schema\/person\/568c789a4794bd460460501ba91f5daf\"},\"headline\":\"Ecrans grands formats r\u00e9pondant aux besoins d\u2019affichage dynamique moderne\",\"datePublished\":\"2017-02-01T23:01:00+00:00\",\"dateModified\":\"2017-02-01T23:01:00+00:00\",\"mainEntityOfPage\":{\"@id\":\"https:\/\/www.eenewseurope.com\/fr\/ecrans-grands-formats-repondant-aux-besoins-daffichage-dynamique-moderne\/\"},\"wordCount\":517,\"publisher\":{\"@id\":\"https:\/\/www.ecinews.fr\/fr\/#organization\"},\"keywords\":[\"Displays &amp; Interfaces\"],\"articleSection\":[\"Nouveaux produits\"],\"inLanguage\":\"fr-FR\"},{\"@type\":\"WebPage\",\"@id\":\"https:\/\/www.eenewseurope.com\/fr\/ecrans-grands-formats-repondant-aux-besoins-daffichage-dynamique-moderne\/\",\"url\":\"https:\/\/www.eenewseurope.com\/fr\/ecrans-grands-formats-repondant-aux-besoins-daffichage-dynamique-moderne\/\",\"name\":\"Ecrans grands formats r\u00e9pondant aux besoins d\u2019affichage dynamique moderne -\",\"isPartOf\":{\"@id\":\"https:\/\/www.ecinews.fr\/fr\/#website\"},\"datePublished\":\"2017-02-01T23:01:00+00:00\",\"dateModified\":\"2017-02-01T23:01:00+00:00\",\"breadcrumb\":{\"@id\":\"https:\/\/www.eenewseurope.com\/fr\/ecrans-grands-formats-repondant-aux-besoins-daffichage-dynamique-moderne\/#breadcrumb\"},\"inLanguage\":\"fr-FR\",\"potentialAction\":[{\"@type\":\"ReadAction\",\"target\":[\"https:\/\/www.eenewseurope.com\/fr\/ecrans-grands-formats-repondant-aux-besoins-daffichage-dynamique-moderne\/\"]}]},{\"@type\":\"BreadcrumbList\",\"@id\":\"https:\/\/www.eenewseurope.com\/fr\/ecrans-grands-formats-repondant-aux-besoins-daffichage-dynamique-moderne\/#breadcrumb\",\"itemListElement\":[{\"@type\":\"ListItem\",\"position\":1,\"name\":\"Home\",\"item\":\"https:\/\/www.ecinews.fr\/fr\/\"},{\"@type\":\"ListItem\",\"position\":2,\"name\":\"Ecrans grands formats r\u00e9pondant aux besoins d\u2019affichage dynamique moderne\"}]},{\"@type\":\"WebSite\",\"@id\":\"https:\/\/www.ecinews.fr\/fr\/#website\",\"url\":\"https:\/\/www.ecinews.fr\/fr\/\",\"name\":\"EENewsEurope\",\"description\":\"Just another WordPress site\",\"publisher\":{\"@id\":\"https:\/\/www.ecinews.fr\/fr\/#organization\"},\"potentialAction\":[{\"@type\":\"SearchAction\",\"target\":{\"@type\":\"EntryPoint\",\"urlTemplate\":\"https:\/\/www.ecinews.fr\/fr\/?s={search_term_string}\"},\"query-input\":\"required name=search_term_string\"}],\"inLanguage\":\"fr-FR\"},{\"@type\":\"Organization\",\"@id\":\"https:\/\/www.ecinews.fr\/fr\/#organization\",\"name\":\"EENewsEurope\",\"url\":\"https:\/\/www.ecinews.fr\/fr\/\",\"logo\":{\"@type\":\"ImageObject\",\"inLanguage\":\"fr-FR\",\"@id\":\"https:\/\/www.ecinews.fr\/fr\/#\/schema\/logo\/image\/\",\"url\":\"https:\/\/www.ecinews.fr\/wp-content\/uploads\/2022\/02\/logo-1.jpg\",\"contentUrl\":\"https:\/\/www.ecinews.fr\/wp-content\/uploads\/2022\/02\/logo-1.jpg\",\"width\":283,\"height\":113,\"caption\":\"EENewsEurope\"},\"image\":{\"@id\":\"https:\/\/www.ecinews.fr\/fr\/#\/schema\/logo\/image\/\"}},{\"@type\":\"Person\",\"@id\":\"https:\/\/www.ecinews.fr\/fr\/#\/schema\/person\/568c789a4794bd460460501ba91f5daf\",\"name\":\"Alain Dieul\",\"image\":{\"@type\":\"ImageObject\",\"inLanguage\":\"fr-FR\",\"@id\":\"https:\/\/www.ecinews.fr\/fr\/#\/schema\/person\/image\/6d32dc651fbcef3b338066625b118364\",\"url\":\"https:\/\/secure.gravatar.com\/avatar\/93708ec89b35deb10f4cfbfe144b4e07?s=96&d=mm&r=g\",\"contentUrl\":\"https:\/\/secure.gravatar.com\/avatar\/93708ec89b35deb10f4cfbfe144b4e07?s=96&d=mm&r=g\",\"caption\":\"Alain Dieul\"}}]}<\/script>","yoast_head_json":{"title":"Ecrans grands formats r\u00e9pondant aux besoins d\u2019affichage dyna...","description":"Prochainement pr\u00e9sent\u00e9s du 7 au 10 f\u00e9vrier 2017 au salon ISE \u00e0 Amsterdam, les \u00e9crans grands formats MultiSync professionnels s\u00e9ries P et V de NEC...","robots":{"index":"index","follow":"follow","max-snippet":"max-snippet:-1","max-image-preview":"max-image-preview:large","max-video-preview":"max-video-preview:-1"},"canonical":"https:\/\/www.ecinews.fr\/fr\/wp-json\/wp\/v2\/posts\/184171\/","og_locale":"fr_FR","og_type":"article","og_title":"Ecrans grands formats r\u00e9pondant aux besoins d\u2019affichage dynamique moderne","og_description":"Prochainement pr\u00e9sent\u00e9s du 7 au 10 f\u00e9vrier 2017 au salon ISE \u00e0 Amsterdam, les \u00e9crans grands formats MultiSync professionnels s\u00e9ries P et V de NEC Display Solutions sont con\u00e7us pour r\u00e9pondre aux besoins d\u2019affichage dynamique et de pr\u00e9sentation. Prenant en charge la plate-forme propri\u00e9taire Open Modular Intelligence (OMI), ils permettent de cr\u00e9er des solutions d\u2019affichage dynamique sur mesure.","og_url":"https:\/\/www.ecinews.fr\/fr\/wp-json\/wp\/v2\/posts\/184171\/","og_site_name":"EENewsEurope","article_published_time":"2017-02-01T23:01:00+00:00","og_image":[{"width":470,"height":293,"url":"https:\/\/www.eenewseurope.com\/wp-content\/uploads\/import\/default\/files\/sites\/default\/files\/images\/eci8315_nec_pubicdisplays_r.jpg","type":"image\/jpeg"}],"author":"Alain Dieul","twitter_card":"summary_large_image","twitter_misc":{"Written by":"Alain Dieul","Est. reading time":"3 minutes"},"schema":{"@context":"https:\/\/schema.org","@graph":[{"@type":"Article","@id":"https:\/\/www.eenewseurope.com\/fr\/ecrans-grands-formats-repondant-aux-besoins-daffichage-dynamique-moderne\/#article","isPartOf":{"@id":"https:\/\/www.eenewseurope.com\/fr\/ecrans-grands-formats-repondant-aux-besoins-daffichage-dynamique-moderne\/"},"author":{"name":"Alain Dieul","@id":"https:\/\/www.ecinews.fr\/fr\/#\/schema\/person\/568c789a4794bd460460501ba91f5daf"},"headline":"Ecrans grands formats r\u00e9pondant aux besoins d\u2019affichage dynamique moderne","datePublished":"2017-02-01T23:01:00+00:00","dateModified":"2017-02-01T23:01:00+00:00","mainEntityOfPage":{"@id":"https:\/\/www.eenewseurope.com\/fr\/ecrans-grands-formats-repondant-aux-besoins-daffichage-dynamique-moderne\/"},"wordCount":517,"publisher":{"@id":"https:\/\/www.ecinews.fr\/fr\/#organization"},"keywords":["Displays &amp; Interfaces"],"articleSection":["Nouveaux produits"],"inLanguage":"fr-FR"},{"@type":"WebPage","@id":"https:\/\/www.eenewseurope.com\/fr\/ecrans-grands-formats-repondant-aux-besoins-daffichage-dynamique-moderne\/","url":"https:\/\/www.eenewseurope.com\/fr\/ecrans-grands-formats-repondant-aux-besoins-daffichage-dynamique-moderne\/","name":"Ecrans grands formats r\u00e9pondant aux besoins d\u2019affichage dynamique moderne -","isPartOf":{"@id":"https:\/\/www.ecinews.fr\/fr\/#website"},"datePublished":"2017-02-01T23:01:00+00:00","dateModified":"2017-02-01T23:01:00+00:00","breadcrumb":{"@id":"https:\/\/www.eenewseurope.com\/fr\/ecrans-grands-formats-repondant-aux-besoins-daffichage-dynamique-moderne\/#breadcrumb"},"inLanguage":"fr-FR","potentialAction":[{"@type":"ReadAction","target":["https:\/\/www.eenewseurope.com\/fr\/ecrans-grands-formats-repondant-aux-besoins-daffichage-dynamique-moderne\/"]}]},{"@type":"BreadcrumbList","@id":"https:\/\/www.eenewseurope.com\/fr\/ecrans-grands-formats-repondant-aux-besoins-daffichage-dynamique-moderne\/#breadcrumb","itemListElement":[{"@type":"ListItem","position":1,"name":"Home","item":"https:\/\/www.ecinews.fr\/fr\/"},{"@type":"ListItem","position":2,"name":"Ecrans grands formats r\u00e9pondant aux besoins d\u2019affichage dynamique moderne"}]},{"@type":"WebSite","@id":"https:\/\/www.ecinews.fr\/fr\/#website","url":"https:\/\/www.ecinews.fr\/fr\/","name":"EENewsEurope","description":"Just another WordPress site","publisher":{"@id":"https:\/\/www.ecinews.fr\/fr\/#organization"},"potentialAction":[{"@type":"SearchAction","target":{"@type":"EntryPoint","urlTemplate":"https:\/\/www.ecinews.fr\/fr\/?s={search_term_string}"},"query-input":"required name=search_term_string"}],"inLanguage":"fr-FR"},{"@type":"Organization","@id":"https:\/\/www.ecinews.fr\/fr\/#organization","name":"EENewsEurope","url":"https:\/\/www.ecinews.fr\/fr\/","logo":{"@type":"ImageObject","inLanguage":"fr-FR","@id":"https:\/\/www.ecinews.fr\/fr\/#\/schema\/logo\/image\/","url":"https:\/\/www.ecinews.fr\/wp-content\/uploads\/2022\/02\/logo-1.jpg","contentUrl":"https:\/\/www.ecinews.fr\/wp-content\/uploads\/2022\/02\/logo-1.jpg","width":283,"height":113,"caption":"EENewsEurope"},"image":{"@id":"https:\/\/www.ecinews.fr\/fr\/#\/schema\/logo\/image\/"}},{"@type":"Person","@id":"https:\/\/www.ecinews.fr\/fr\/#\/schema\/person\/568c789a4794bd460460501ba91f5daf","name":"Alain Dieul","image":{"@type":"ImageObject","inLanguage":"fr-FR","@id":"https:\/\/www.ecinews.fr\/fr\/#\/schema\/person\/image\/6d32dc651fbcef3b338066625b118364","url":"https:\/\/secure.gravatar.com\/avatar\/93708ec89b35deb10f4cfbfe144b4e07?s=96&d=mm&r=g","contentUrl":"https:\/\/secure.gravatar.com\/avatar\/93708ec89b35deb10f4cfbfe144b4e07?s=96&d=mm&r=g","caption":"Alain Dieul"}}]}},"authors":[{"term_id":1141,"user_id":9,"is_guest":0,"slug":"alaindieul","display_name":"Alain Dieul","avatar_url":"https:\/\/secure.gravatar.com\/avatar\/93708ec89b35deb10f4cfbfe144b4e07?s=96&d=mm&r=g","0":null,"1":"","2":"","3":"","4":"","5":"","6":"","7":"","8":""}],"_links":{"self":[{"href":"https:\/\/www.ecinews.fr\/fr\/wp-json\/wp\/v2\/posts\/184171"}],"collection":[{"href":"https:\/\/www.ecinews.fr\/fr\/wp-json\/wp\/v2\/posts"}],"about":[{"href":"https:\/\/www.ecinews.fr\/fr\/wp-json\/wp\/v2\/types\/post"}],"author":[{"embeddable":true,"href":"https:\/\/www.ecinews.fr\/fr\/wp-json\/wp\/v2\/users\/9"}],"replies":[{"embeddable":true,"href":"https:\/\/www.ecinews.fr\/fr\/wp-json\/wp\/v2\/comments?post=184171"}],"version-history":[{"count":0,"href":"https:\/\/www.ecinews.fr\/fr\/wp-json\/wp\/v2\/posts\/184171\/revisions"}],"wp:featuredmedia":[{"embeddable":true,"href":"https:\/\/www.ecinews.fr\/fr\/wp-json\/wp\/v2\/media\/184172"}],"wp:attachment":[{"href":"https:\/\/www.ecinews.fr\/fr\/wp-json\/wp\/v2\/media?parent=184171"}],"wp:term":[{"taxonomy":"category","embeddable":true,"href":"https:\/\/www.ecinews.fr\/fr\/wp-json\/wp\/v2\/categories?post=184171"},{"taxonomy":"post_tag","embeddable":true,"href":"https:\/\/www.ecinews.fr\/fr\/wp-json\/wp\/v2\/tags?post=184171"},{"taxonomy":"domains","embeddable":true,"href":"https:\/\/www.ecinews.fr\/fr\/wp-json\/wp\/v2\/domains?post=184171"},{"taxonomy":"author","embeddable":true,"href":"https:\/\/www.ecinews.fr\/fr\/wp-json\/wp\/v2\/ppma_author?post=184171"}],"curies":[{"name":"wp","href":"https:\/\/api.w.org\/{rel}","templated":true}]}}