{"id":178691,"date":"2017-03-21T16:00:49","date_gmt":"2017-03-21T16:00:49","guid":{"rendered":"https:\/\/eenewseurope.artwhere.co\/renault-ouvre-a-paris-un-open-innovation-lab-dedie-au-futur-de-la-mobilite\/"},"modified":"2017-03-21T16:00:49","modified_gmt":"2017-03-21T16:00:49","slug":"renault-ouvre-a-paris-un-open-innovation-lab-dedie-au-futur-de-la-mobilite","status":"publish","type":"post","link":"https:\/\/www.ecinews.fr\/fr\/renault-ouvre-a-paris-un-open-innovation-lab-dedie-au-futur-de-la-mobilite\/","title":{"rendered":"Renault ouvre \u00e0 Paris un Open Innovation Lab d\u00e9di\u00e9 au futur de la mobilit\u00e9"},"content":{"rendered":"<p>Renault Innovation Lab &#8211; Le Square est pens\u00e9 comme un v\u00e9ritable laboratoire d\u2019exp\u00e9rimentations, ouvert sur son \u00e9cosyst\u00e8me et proche des \u00e9quipes de Renault et de l\u2019Alliance Renault-Nissan pour faciliter le foisonnement des id\u00e9es. Co-gouvern\u00e9 par des \u00e9quipes internes Renault et des partenaires externes, il vient renforcer la strat\u00e9gie d\u2019innovation de Renault et de l\u2019Alliance.<\/p>\n<p><em>\u00ab Renault fabrique des voitures depuis plus de 100 ans. Mais notre industrie \u00e9voluant tr\u00e8s rapidement, nous nous devons d\u2019\u00eatre \u00e0 la pointe et d\u2019innover en permanence, en travaillant sur les nouvelles technologies, les voitures connect\u00e9es et les v\u00e9hicules \u00e9lectriques, de d\u00e9finir le futur de la mobilit\u00e9 afin de proposer \u00e0 nos clients le meilleur service possible \u00bb&nbsp;<\/em>d\u00e9clare Pierrick Cornet, Alliance Global Director Ing. Avanc\u00e9e.<\/p>\n","protected":false},"excerpt":{"rendered":"<p>Apr\u00e8s la Silicon Valley et Tel Aviv, Renault ouvre un troisi\u00e8me Renault Open Innovation Lab baptis\u00e9 \u00ab Le Square \u00bb implant\u00e9 en plein c\u0153ur de Paris \u00e0 R\u00e9publique au milieu de startups et de structures de recherche universitaires. Le Renault Open Innovation Lab \u2013 Le Square met en relations des \u00e9quipes internes de Renault et des partenaires externes.<\/p>\n","protected":false},"author":11,"featured_media":178692,"comment_status":"closed","ping_status":"closed","sticky":false,"template":"","format":"standard","meta":{"_acf_changed":false,"footnotes":""},"categories":[],"tags":[891],"domains":[47],"ppma_author":[1143],"class_list":["post-178691","post","type-post","status-publish","format-standard","has-post-thumbnail","hentry","tag-automotive-fr","domains-electronique-eci"],"acf":[],"yoast_head":"<title>Renault ouvre \u00e0 Paris un Open Innovation Lab d\u00e9di\u00e9 au futur ...<\/title>\n<meta name=\"description\" content=\"Apr\u00e8s la Silicon Valley et Tel Aviv, Renault ouvre un troisi\u00e8me Renault Open Innovation Lab baptis\u00e9 \u00ab Le Square \u00bb implant\u00e9 en plein c\u0153ur de Paris \u00e0...\" \/>\n<meta name=\"robots\" content=\"index, follow, max-snippet:-1, max-image-preview:large, max-video-preview:-1\" \/>\n<link rel=\"canonical\" href=\"https:\/\/www.ecinews.fr\/fr\/wp-json\/wp\/v2\/posts\/178691\/\" \/>\n<meta property=\"og:locale\" content=\"fr_FR\" \/>\n<meta property=\"og:type\" content=\"article\" \/>\n<meta property=\"og:title\" content=\"Renault ouvre \u00e0 Paris un Open Innovation Lab d\u00e9di\u00e9 au futur de la mobilit\u00e9\" \/>\n<meta property=\"og:description\" content=\"Apr\u00e8s la Silicon Valley et Tel Aviv, Renault ouvre un troisi\u00e8me Renault Open Innovation Lab baptis\u00e9 \u00ab Le Square \u00bb implant\u00e9 en plein c\u0153ur de Paris \u00e0 R\u00e9publique au milieu de startups et de structures de recherche universitaires. Le Renault Open Innovation Lab \u2013 Le Square met en relations des \u00e9quipes internes de Renault et des partenaires externes.\" \/>\n<meta property=\"og:url\" content=\"https:\/\/www.ecinews.fr\/fr\/wp-json\/wp\/v2\/posts\/178691\/\" \/>\n<meta property=\"og:site_name\" content=\"EENewsEurope\" \/>\n<meta property=\"article:published_time\" content=\"2017-03-21T16:00:49+00:00\" \/>\n<meta property=\"og:image\" content=\"https:\/\/www.ecinews.fr\/wp-content\/uploads\/import\/default\/files\/sites\/default\/files\/images\/renault_innovation_lab.jpg\" \/>\n\t<meta property=\"og:image:width\" content=\"348\" \/>\n\t<meta property=\"og:image:height\" content=\"400\" \/>\n\t<meta property=\"og:image:type\" content=\"image\/jpeg\" \/>\n<meta name=\"author\" content=\"Daniel Cardon\" \/>\n<meta name=\"twitter:card\" content=\"summary_large_image\" \/>\n<meta name=\"twitter:label1\" content=\"Written by\" \/>\n\t<meta name=\"twitter:data1\" content=\"Daniel Cardon\" \/>\n\t<meta name=\"twitter:label2\" content=\"Est. reading time\" \/>\n\t<meta name=\"twitter:data2\" content=\"1 minute\" \/>\n<script type=\"application\/ld+json\" class=\"yoast-schema-graph\">{\"@context\":\"https:\/\/schema.org\",\"@graph\":[{\"@type\":\"Article\",\"@id\":\"https:\/\/www.ecinews.fr\/fr\/renault-ouvre-a-paris-un-open-innovation-lab-dedie-au-futur-de-la-mobilite\/#article\",\"isPartOf\":{\"@id\":\"https:\/\/www.ecinews.fr\/fr\/renault-ouvre-a-paris-un-open-innovation-lab-dedie-au-futur-de-la-mobilite\/\"},\"author\":{\"name\":\"Daniel Cardon\",\"@id\":\"https:\/\/www.eenewseurope.com\/en\/#\/schema\/person\/93c44cde463762f40a8236eaa44c1c17\"},\"headline\":\"Renault ouvre \u00e0 Paris un Open Innovation Lab d\u00e9di\u00e9 au futur de la mobilit\u00e9\",\"datePublished\":\"2017-03-21T16:00:49+00:00\",\"dateModified\":\"2017-03-21T16:00:49+00:00\",\"mainEntityOfPage\":{\"@id\":\"https:\/\/www.ecinews.fr\/fr\/renault-ouvre-a-paris-un-open-innovation-lab-dedie-au-futur-de-la-mobilite\/\"},\"wordCount\":147,\"publisher\":{\"@id\":\"https:\/\/www.eenewseurope.com\/en\/#organization\"},\"keywords\":[\"Automotive\"],\"inLanguage\":\"fr-FR\"},{\"@type\":\"WebPage\",\"@id\":\"https:\/\/www.ecinews.fr\/fr\/renault-ouvre-a-paris-un-open-innovation-lab-dedie-au-futur-de-la-mobilite\/\",\"url\":\"https:\/\/www.ecinews.fr\/fr\/renault-ouvre-a-paris-un-open-innovation-lab-dedie-au-futur-de-la-mobilite\/\",\"name\":\"Renault ouvre \u00e0 Paris un Open Innovation Lab d\u00e9di\u00e9 au futur de la mobilit\u00e9 -\",\"isPartOf\":{\"@id\":\"https:\/\/www.eenewseurope.com\/en\/#website\"},\"datePublished\":\"2017-03-21T16:00:49+00:00\",\"dateModified\":\"2017-03-21T16:00:49+00:00\",\"breadcrumb\":{\"@id\":\"https:\/\/www.ecinews.fr\/fr\/renault-ouvre-a-paris-un-open-innovation-lab-dedie-au-futur-de-la-mobilite\/#breadcrumb\"},\"inLanguage\":\"fr-FR\",\"potentialAction\":[{\"@type\":\"ReadAction\",\"target\":[\"https:\/\/www.ecinews.fr\/fr\/renault-ouvre-a-paris-un-open-innovation-lab-dedie-au-futur-de-la-mobilite\/\"]}]},{\"@type\":\"BreadcrumbList\",\"@id\":\"https:\/\/www.ecinews.fr\/fr\/renault-ouvre-a-paris-un-open-innovation-lab-dedie-au-futur-de-la-mobilite\/#breadcrumb\",\"itemListElement\":[{\"@type\":\"ListItem\",\"position\":1,\"name\":\"Home\",\"item\":\"https:\/\/www.ecinews.fr\/fr\/\"},{\"@type\":\"ListItem\",\"position\":2,\"name\":\"Renault ouvre \u00e0 Paris un Open Innovation Lab d\u00e9di\u00e9 au futur de la mobilit\u00e9\"}]},{\"@type\":\"WebSite\",\"@id\":\"https:\/\/www.eenewseurope.com\/en\/#website\",\"url\":\"https:\/\/www.eenewseurope.com\/en\/\",\"name\":\"EENewsEurope\",\"description\":\"Just another WordPress site\",\"publisher\":{\"@id\":\"https:\/\/www.eenewseurope.com\/en\/#organization\"},\"potentialAction\":[{\"@type\":\"SearchAction\",\"target\":{\"@type\":\"EntryPoint\",\"urlTemplate\":\"https:\/\/www.eenewseurope.com\/en\/?s={search_term_string}\"},\"query-input\":\"required name=search_term_string\"}],\"inLanguage\":\"fr-FR\"},{\"@type\":\"Organization\",\"@id\":\"https:\/\/www.eenewseurope.com\/en\/#organization\",\"name\":\"EENewsEurope\",\"url\":\"https:\/\/www.eenewseurope.com\/en\/\",\"logo\":{\"@type\":\"ImageObject\",\"inLanguage\":\"fr-FR\",\"@id\":\"https:\/\/www.eenewseurope.com\/en\/#\/schema\/logo\/image\/\",\"url\":\"https:\/\/www.ecinews.fr\/wp-content\/uploads\/2022\/02\/logo-1.jpg\",\"contentUrl\":\"https:\/\/www.ecinews.fr\/wp-content\/uploads\/2022\/02\/logo-1.jpg\",\"width\":283,\"height\":113,\"caption\":\"EENewsEurope\"},\"image\":{\"@id\":\"https:\/\/www.eenewseurope.com\/en\/#\/schema\/logo\/image\/\"}},{\"@type\":\"Person\",\"@id\":\"https:\/\/www.eenewseurope.com\/en\/#\/schema\/person\/93c44cde463762f40a8236eaa44c1c17\",\"name\":\"Daniel Cardon\",\"image\":{\"@type\":\"ImageObject\",\"inLanguage\":\"fr-FR\",\"@id\":\"https:\/\/www.eenewseurope.com\/en\/#\/schema\/person\/image\/2b243f6bcc1cff7d86aadfb2cd0bd870\",\"url\":\"https:\/\/secure.gravatar.com\/avatar\/de9edc136dfc061ad4778e04635baefa?s=96&d=mm&r=g\",\"contentUrl\":\"https:\/\/secure.gravatar.com\/avatar\/de9edc136dfc061ad4778e04635baefa?s=96&d=mm&r=g\",\"caption\":\"Daniel Cardon\"}}]}<\/script>","yoast_head_json":{"title":"Renault ouvre \u00e0 Paris un Open Innovation Lab d\u00e9di\u00e9 au futur ...","description":"Apr\u00e8s la Silicon Valley et Tel Aviv, Renault ouvre un troisi\u00e8me Renault Open Innovation Lab baptis\u00e9 \u00ab Le Square \u00bb implant\u00e9 en plein c\u0153ur de Paris \u00e0...","robots":{"index":"index","follow":"follow","max-snippet":"max-snippet:-1","max-image-preview":"max-image-preview:large","max-video-preview":"max-video-preview:-1"},"canonical":"https:\/\/www.ecinews.fr\/fr\/wp-json\/wp\/v2\/posts\/178691\/","og_locale":"fr_FR","og_type":"article","og_title":"Renault ouvre \u00e0 Paris un Open Innovation Lab d\u00e9di\u00e9 au futur de la mobilit\u00e9","og_description":"Apr\u00e8s la Silicon Valley et Tel Aviv, Renault ouvre un troisi\u00e8me Renault Open Innovation Lab baptis\u00e9 \u00ab Le Square \u00bb implant\u00e9 en plein c\u0153ur de Paris \u00e0 R\u00e9publique au milieu de startups et de structures de recherche universitaires. Le Renault Open Innovation Lab \u2013 Le Square met en relations des \u00e9quipes internes de Renault et des partenaires externes.","og_url":"https:\/\/www.ecinews.fr\/fr\/wp-json\/wp\/v2\/posts\/178691\/","og_site_name":"EENewsEurope","article_published_time":"2017-03-21T16:00:49+00:00","og_image":[{"width":348,"height":400,"url":"https:\/\/www.ecinews.fr\/wp-content\/uploads\/import\/default\/files\/sites\/default\/files\/images\/renault_innovation_lab.jpg","type":"image\/jpeg"}],"author":"Daniel Cardon","twitter_card":"summary_large_image","twitter_misc":{"Written by":"Daniel Cardon","Est. reading time":"1 minute"},"schema":{"@context":"https:\/\/schema.org","@graph":[{"@type":"Article","@id":"https:\/\/www.ecinews.fr\/fr\/renault-ouvre-a-paris-un-open-innovation-lab-dedie-au-futur-de-la-mobilite\/#article","isPartOf":{"@id":"https:\/\/www.ecinews.fr\/fr\/renault-ouvre-a-paris-un-open-innovation-lab-dedie-au-futur-de-la-mobilite\/"},"author":{"name":"Daniel Cardon","@id":"https:\/\/www.eenewseurope.com\/en\/#\/schema\/person\/93c44cde463762f40a8236eaa44c1c17"},"headline":"Renault ouvre \u00e0 Paris un Open Innovation Lab d\u00e9di\u00e9 au futur de la mobilit\u00e9","datePublished":"2017-03-21T16:00:49+00:00","dateModified":"2017-03-21T16:00:49+00:00","mainEntityOfPage":{"@id":"https:\/\/www.ecinews.fr\/fr\/renault-ouvre-a-paris-un-open-innovation-lab-dedie-au-futur-de-la-mobilite\/"},"wordCount":147,"publisher":{"@id":"https:\/\/www.eenewseurope.com\/en\/#organization"},"keywords":["Automotive"],"inLanguage":"fr-FR"},{"@type":"WebPage","@id":"https:\/\/www.ecinews.fr\/fr\/renault-ouvre-a-paris-un-open-innovation-lab-dedie-au-futur-de-la-mobilite\/","url":"https:\/\/www.ecinews.fr\/fr\/renault-ouvre-a-paris-un-open-innovation-lab-dedie-au-futur-de-la-mobilite\/","name":"Renault ouvre \u00e0 Paris un Open Innovation Lab d\u00e9di\u00e9 au futur de la mobilit\u00e9 -","isPartOf":{"@id":"https:\/\/www.eenewseurope.com\/en\/#website"},"datePublished":"2017-03-21T16:00:49+00:00","dateModified":"2017-03-21T16:00:49+00:00","breadcrumb":{"@id":"https:\/\/www.ecinews.fr\/fr\/renault-ouvre-a-paris-un-open-innovation-lab-dedie-au-futur-de-la-mobilite\/#breadcrumb"},"inLanguage":"fr-FR","potentialAction":[{"@type":"ReadAction","target":["https:\/\/www.ecinews.fr\/fr\/renault-ouvre-a-paris-un-open-innovation-lab-dedie-au-futur-de-la-mobilite\/"]}]},{"@type":"BreadcrumbList","@id":"https:\/\/www.ecinews.fr\/fr\/renault-ouvre-a-paris-un-open-innovation-lab-dedie-au-futur-de-la-mobilite\/#breadcrumb","itemListElement":[{"@type":"ListItem","position":1,"name":"Home","item":"https:\/\/www.ecinews.fr\/fr\/"},{"@type":"ListItem","position":2,"name":"Renault ouvre \u00e0 Paris un Open Innovation Lab d\u00e9di\u00e9 au futur de la mobilit\u00e9"}]},{"@type":"WebSite","@id":"https:\/\/www.eenewseurope.com\/en\/#website","url":"https:\/\/www.eenewseurope.com\/en\/","name":"EENewsEurope","description":"Just another WordPress site","publisher":{"@id":"https:\/\/www.eenewseurope.com\/en\/#organization"},"potentialAction":[{"@type":"SearchAction","target":{"@type":"EntryPoint","urlTemplate":"https:\/\/www.eenewseurope.com\/en\/?s={search_term_string}"},"query-input":"required name=search_term_string"}],"inLanguage":"fr-FR"},{"@type":"Organization","@id":"https:\/\/www.eenewseurope.com\/en\/#organization","name":"EENewsEurope","url":"https:\/\/www.eenewseurope.com\/en\/","logo":{"@type":"ImageObject","inLanguage":"fr-FR","@id":"https:\/\/www.eenewseurope.com\/en\/#\/schema\/logo\/image\/","url":"https:\/\/www.ecinews.fr\/wp-content\/uploads\/2022\/02\/logo-1.jpg","contentUrl":"https:\/\/www.ecinews.fr\/wp-content\/uploads\/2022\/02\/logo-1.jpg","width":283,"height":113,"caption":"EENewsEurope"},"image":{"@id":"https:\/\/www.eenewseurope.com\/en\/#\/schema\/logo\/image\/"}},{"@type":"Person","@id":"https:\/\/www.eenewseurope.com\/en\/#\/schema\/person\/93c44cde463762f40a8236eaa44c1c17","name":"Daniel Cardon","image":{"@type":"ImageObject","inLanguage":"fr-FR","@id":"https:\/\/www.eenewseurope.com\/en\/#\/schema\/person\/image\/2b243f6bcc1cff7d86aadfb2cd0bd870","url":"https:\/\/secure.gravatar.com\/avatar\/de9edc136dfc061ad4778e04635baefa?s=96&d=mm&r=g","contentUrl":"https:\/\/secure.gravatar.com\/avatar\/de9edc136dfc061ad4778e04635baefa?s=96&d=mm&r=g","caption":"Daniel Cardon"}}]}},"authors":[{"term_id":1143,"user_id":11,"is_guest":0,"slug":"danielcardon","display_name":"Daniel Cardon","avatar_url":"https:\/\/secure.gravatar.com\/avatar\/de9edc136dfc061ad4778e04635baefa?s=96&d=mm&r=g","0":null,"1":"","2":"","3":"","4":"","5":"","6":"","7":"","8":""}],"_links":{"self":[{"href":"https:\/\/www.ecinews.fr\/fr\/wp-json\/wp\/v2\/posts\/178691"}],"collection":[{"href":"https:\/\/www.ecinews.fr\/fr\/wp-json\/wp\/v2\/posts"}],"about":[{"href":"https:\/\/www.ecinews.fr\/fr\/wp-json\/wp\/v2\/types\/post"}],"author":[{"embeddable":true,"href":"https:\/\/www.ecinews.fr\/fr\/wp-json\/wp\/v2\/users\/11"}],"replies":[{"embeddable":true,"href":"https:\/\/www.ecinews.fr\/fr\/wp-json\/wp\/v2\/comments?post=178691"}],"version-history":[{"count":0,"href":"https:\/\/www.ecinews.fr\/fr\/wp-json\/wp\/v2\/posts\/178691\/revisions"}],"wp:featuredmedia":[{"embeddable":true,"href":"https:\/\/www.ecinews.fr\/fr\/wp-json\/wp\/v2\/media\/178692"}],"wp:attachment":[{"href":"https:\/\/www.ecinews.fr\/fr\/wp-json\/wp\/v2\/media?parent=178691"}],"wp:term":[{"taxonomy":"category","embeddable":true,"href":"https:\/\/www.ecinews.fr\/fr\/wp-json\/wp\/v2\/categories?post=178691"},{"taxonomy":"post_tag","embeddable":true,"href":"https:\/\/www.ecinews.fr\/fr\/wp-json\/wp\/v2\/tags?post=178691"},{"taxonomy":"domains","embeddable":true,"href":"https:\/\/www.ecinews.fr\/fr\/wp-json\/wp\/v2\/domains?post=178691"},{"taxonomy":"author","embeddable":true,"href":"https:\/\/www.ecinews.fr\/fr\/wp-json\/wp\/v2\/ppma_author?post=178691"}],"curies":[{"name":"wp","href":"https:\/\/api.w.org\/{rel}","templated":true}]}}