{"id":178363,"date":"2017-03-27T23:00:00","date_gmt":"2017-03-27T23:00:00","guid":{"rendered":"https:\/\/eenewseurope.artwhere.co\/modules-com-prenant-en-charge-lusb-c\/"},"modified":"2017-03-27T23:00:00","modified_gmt":"2017-03-27T23:00:00","slug":"modules-com-prenant-en-charge-lusb-c","status":"publish","type":"post","link":"https:\/\/www.ecinews.fr\/fr\/modules-com-prenant-en-charge-lusb-c\/","title":{"rendered":"Modules COM prenant en charge l\u2019USB-C"},"content":{"rendered":"<p>Les concepteurs de syst\u00e8mes peuvent utiliser l\u2019USB-C avec des p\u00e9riph\u00e9riques de USB 3.1 \u00e0 USB 1.0 et, tout derni\u00e8rement, pour connecter les \u00e9crans, voire l\u2019alimentation \u00e9lectrique, au syst\u00e8me ou aux p\u00e9riph\u00e9riques, ce qui r\u00e9duit le c\u00e2blage \u00e0 un seul c\u00e2ble. De plus, le d\u00e9bit actuel des donn\u00e9es de 5 Gigabits\/s en phase avec la sp\u00e9cification USB 3.1 sert de turbocompresseur pour les applications manipulant intensivement des donn\u00e9es.<\/p>\n<p>Equip\u00e9es de processeurs de derni\u00e8re g\u00e9n\u00e9ration Intel Atom, Celeron ou Pentium (Apollo Lake), les applications types pour les projets SMARC 2.0 sont les appareils de poche et mobiles, ceux embarqu\u00e9s de l\u2019automobile et les syst\u00e8mes IoT et embarqu\u00e9s fixes avec des exigences de faible consommation et de hautes performances.<\/p>\n<p>\u201cEn pr\u00e9sentant cette fonctionnalit\u00e9 sous forme de plug&amp;play universel, congatec simplifie consid\u00e9rablement l\u2019utilisation de la technologie embarqu\u00e9e. Les prises USB-C sont encore rares et elles repr\u00e9sentent une v\u00e9ritable perc\u00e9e dans la standardisation du monde fragment\u00e9 des interconnexions de c\u00e2bles externes,\u00a0\u00bb pr\u00e9cise Martin Danzer, directeur des produits de congatec.<br \/>\n\u00ab\u00a0Une telle standardisation est tr\u00e8s b\u00e9n\u00e9fique aux ing\u00e9nieurs syst\u00e8mes ainsi qu\u2019aux int\u00e9grateurs, administrateurs et utilisateurs. Les ing\u00e9nieurs n\u2019ont plus \u00e0 s\u2019occuper de l\u2019installation de l\u2019interface. Ils n\u2019ont m\u00eame pas besoin de se pr\u00e9occuper du nombre de p\u00e9riph\u00e9riques USB-C \u00e0 interconnecter et concevoir dans les interfaces USB-C. Et les int\u00e9grateurs peuvent brancher leurs p\u00e9riph\u00e9riques USB-C dans n\u2019importe quelle prise USB de la carte et \u00e7a marche&nbsp;! Nous savons que nous ne sommes qu\u2019au d\u00e9but de cette \u00e9volution et que la disponibilit\u00e9 totale des prises USB-C n\u2019est encore qu\u2019un souhait aujourd\u2019hui, mais on peut imaginer avec quelle facilit\u00e9 les sp\u00e9cifications des syst\u00e8mes se feront une fois cette transition achev\u00e9e !\u201d<\/p>\n<p><a href=\"http:\/\/www.congatec.com\/en\/products\/smarc\/conga-sa5.html\" target=\"_blank\" rel=\"noopener\">www.congatec.com\/en\/products\/smarc\/conga-sa5<\/a><\/p>\n","protected":false},"excerpt":{"rendered":"<p>Compos\u00e9s d\u2019une carte porteuse \u00e9quip\u00e9e des derniers processeurs Intel Atom, Celeron ou Pentium et d\u2019une prise USB-C, les modules COM SMARC 2.0 conga-SA5 de congatec prennent en charge les puissantes connexions USB-C. L\u2019utilisation de la sp\u00e9cification USB-C rend l\u2019interconnexion USB plus universelle et standardise l\u2019interface avec les appareils embarqu\u00e9s SMARC 2.0. <\/p>\n","protected":false},"author":9,"featured_media":178364,"comment_status":"closed","ping_status":"closed","sticky":false,"template":"","format":"standard","meta":{"_acf_changed":false,"footnotes":""},"categories":[881],"tags":[894],"domains":[47],"ppma_author":[1141],"class_list":["post-178363","post","type-post","status-publish","format-standard","has-post-thumbnail","hentry","category-nouveaux-produits","tag-boards-embedded-cards-fr","domains-electronique-eci"],"acf":[],"yoast_head":"<title>Modules COM prenant en charge l\u2019USB-C ...<\/title>\n<meta name=\"description\" content=\"Compos\u00e9s d\u2019une carte porteuse \u00e9quip\u00e9e des derniers processeurs Intel Atom, Celeron ou Pentium et d\u2019une prise USB-C, les modules COM SMARC 2.0...\" \/>\n<meta name=\"robots\" content=\"index, follow, max-snippet:-1, max-image-preview:large, max-video-preview:-1\" \/>\n<link rel=\"canonical\" href=\"https:\/\/www.ecinews.fr\/fr\/wp-json\/wp\/v2\/posts\/178363\/\" \/>\n<meta property=\"og:locale\" content=\"fr_FR\" \/>\n<meta property=\"og:type\" content=\"article\" \/>\n<meta property=\"og:title\" content=\"Modules COM prenant en charge l\u2019USB-C\" \/>\n<meta property=\"og:description\" content=\"Compos\u00e9s d\u2019une carte porteuse \u00e9quip\u00e9e des derniers processeurs Intel Atom, Celeron ou Pentium et d\u2019une prise USB-C, les modules COM SMARC 2.0 conga-SA5 de congatec prennent en charge les puissantes connexions USB-C. L\u2019utilisation de la sp\u00e9cification USB-C rend l\u2019interconnexion USB plus universelle et standardise l\u2019interface avec les appareils embarqu\u00e9s SMARC 2.0.\" \/>\n<meta property=\"og:url\" content=\"https:\/\/www.ecinews.fr\/fr\/wp-json\/wp\/v2\/posts\/178363\/\" \/>\n<meta property=\"og:site_name\" content=\"EENewsEurope\" \/>\n<meta property=\"article:published_time\" content=\"2017-03-27T23:00:00+00:00\" \/>\n<meta property=\"og:image\" content=\"https:\/\/www.ecinews.fr\/wp-content\/uploads\/import\/default\/files\/sites\/default\/files\/images\/eci8454_conga-sa5-usb-c_r.jpg\" \/>\n\t<meta property=\"og:image:width\" content=\"1902\" \/>\n\t<meta property=\"og:image:height\" content=\"1215\" \/>\n\t<meta property=\"og:image:type\" content=\"image\/jpeg\" \/>\n<meta name=\"author\" content=\"Alain Dieul\" \/>\n<meta name=\"twitter:card\" content=\"summary_large_image\" \/>\n<meta name=\"twitter:label1\" content=\"Written by\" \/>\n\t<meta name=\"twitter:data1\" content=\"Alain Dieul\" \/>\n\t<meta name=\"twitter:label2\" content=\"Est. reading time\" \/>\n\t<meta name=\"twitter:data2\" content=\"2 minutes\" \/>\n<script type=\"application\/ld+json\" class=\"yoast-schema-graph\">{\"@context\":\"https:\/\/schema.org\",\"@graph\":[{\"@type\":\"Article\",\"@id\":\"https:\/\/www.ecinews.fr\/fr\/modules-com-prenant-en-charge-lusb-c\/#article\",\"isPartOf\":{\"@id\":\"https:\/\/www.ecinews.fr\/fr\/modules-com-prenant-en-charge-lusb-c\/\"},\"author\":{\"name\":\"Alain Dieul\",\"@id\":\"https:\/\/www.eenewseurope.com\/en\/#\/schema\/person\/568c789a4794bd460460501ba91f5daf\"},\"headline\":\"Modules COM prenant en charge l\u2019USB-C\",\"datePublished\":\"2017-03-27T23:00:00+00:00\",\"dateModified\":\"2017-03-27T23:00:00+00:00\",\"mainEntityOfPage\":{\"@id\":\"https:\/\/www.ecinews.fr\/fr\/modules-com-prenant-en-charge-lusb-c\/\"},\"wordCount\":342,\"publisher\":{\"@id\":\"https:\/\/www.eenewseurope.com\/en\/#organization\"},\"keywords\":[\"Boards &amp; Embedded Cards\"],\"articleSection\":[\"Nouveaux produits\"],\"inLanguage\":\"fr-FR\"},{\"@type\":\"WebPage\",\"@id\":\"https:\/\/www.ecinews.fr\/fr\/modules-com-prenant-en-charge-lusb-c\/\",\"url\":\"https:\/\/www.ecinews.fr\/fr\/modules-com-prenant-en-charge-lusb-c\/\",\"name\":\"Modules COM prenant en charge l\u2019USB-C -\",\"isPartOf\":{\"@id\":\"https:\/\/www.eenewseurope.com\/en\/#website\"},\"datePublished\":\"2017-03-27T23:00:00+00:00\",\"dateModified\":\"2017-03-27T23:00:00+00:00\",\"breadcrumb\":{\"@id\":\"https:\/\/www.ecinews.fr\/fr\/modules-com-prenant-en-charge-lusb-c\/#breadcrumb\"},\"inLanguage\":\"fr-FR\",\"potentialAction\":[{\"@type\":\"ReadAction\",\"target\":[\"https:\/\/www.ecinews.fr\/fr\/modules-com-prenant-en-charge-lusb-c\/\"]}]},{\"@type\":\"BreadcrumbList\",\"@id\":\"https:\/\/www.ecinews.fr\/fr\/modules-com-prenant-en-charge-lusb-c\/#breadcrumb\",\"itemListElement\":[{\"@type\":\"ListItem\",\"position\":1,\"name\":\"Home\",\"item\":\"https:\/\/www.ecinews.fr\/fr\/\"},{\"@type\":\"ListItem\",\"position\":2,\"name\":\"Modules COM prenant en charge l\u2019USB-C\"}]},{\"@type\":\"WebSite\",\"@id\":\"https:\/\/www.eenewseurope.com\/en\/#website\",\"url\":\"https:\/\/www.eenewseurope.com\/en\/\",\"name\":\"EENewsEurope\",\"description\":\"Just another WordPress site\",\"publisher\":{\"@id\":\"https:\/\/www.eenewseurope.com\/en\/#organization\"},\"potentialAction\":[{\"@type\":\"SearchAction\",\"target\":{\"@type\":\"EntryPoint\",\"urlTemplate\":\"https:\/\/www.eenewseurope.com\/en\/?s={search_term_string}\"},\"query-input\":\"required name=search_term_string\"}],\"inLanguage\":\"fr-FR\"},{\"@type\":\"Organization\",\"@id\":\"https:\/\/www.eenewseurope.com\/en\/#organization\",\"name\":\"EENewsEurope\",\"url\":\"https:\/\/www.eenewseurope.com\/en\/\",\"logo\":{\"@type\":\"ImageObject\",\"inLanguage\":\"fr-FR\",\"@id\":\"https:\/\/www.eenewseurope.com\/en\/#\/schema\/logo\/image\/\",\"url\":\"https:\/\/www.ecinews.fr\/wp-content\/uploads\/2022\/02\/logo-1.jpg\",\"contentUrl\":\"https:\/\/www.ecinews.fr\/wp-content\/uploads\/2022\/02\/logo-1.jpg\",\"width\":283,\"height\":113,\"caption\":\"EENewsEurope\"},\"image\":{\"@id\":\"https:\/\/www.eenewseurope.com\/en\/#\/schema\/logo\/image\/\"}},{\"@type\":\"Person\",\"@id\":\"https:\/\/www.eenewseurope.com\/en\/#\/schema\/person\/568c789a4794bd460460501ba91f5daf\",\"name\":\"Alain Dieul\",\"image\":{\"@type\":\"ImageObject\",\"inLanguage\":\"fr-FR\",\"@id\":\"https:\/\/www.eenewseurope.com\/en\/#\/schema\/person\/image\/6d32dc651fbcef3b338066625b118364\",\"url\":\"https:\/\/secure.gravatar.com\/avatar\/93708ec89b35deb10f4cfbfe144b4e07?s=96&d=mm&r=g\",\"contentUrl\":\"https:\/\/secure.gravatar.com\/avatar\/93708ec89b35deb10f4cfbfe144b4e07?s=96&d=mm&r=g\",\"caption\":\"Alain Dieul\"}}]}<\/script>","yoast_head_json":{"title":"Modules COM prenant en charge l\u2019USB-C ...","description":"Compos\u00e9s d\u2019une carte porteuse \u00e9quip\u00e9e des derniers processeurs Intel Atom, Celeron ou Pentium et d\u2019une prise USB-C, les modules COM SMARC 2.0...","robots":{"index":"index","follow":"follow","max-snippet":"max-snippet:-1","max-image-preview":"max-image-preview:large","max-video-preview":"max-video-preview:-1"},"canonical":"https:\/\/www.ecinews.fr\/fr\/wp-json\/wp\/v2\/posts\/178363\/","og_locale":"fr_FR","og_type":"article","og_title":"Modules COM prenant en charge l\u2019USB-C","og_description":"Compos\u00e9s d\u2019une carte porteuse \u00e9quip\u00e9e des derniers processeurs Intel Atom, Celeron ou Pentium et d\u2019une prise USB-C, les modules COM SMARC 2.0 conga-SA5 de congatec prennent en charge les puissantes connexions USB-C. L\u2019utilisation de la sp\u00e9cification USB-C rend l\u2019interconnexion USB plus universelle et standardise l\u2019interface avec les appareils embarqu\u00e9s SMARC 2.0.","og_url":"https:\/\/www.ecinews.fr\/fr\/wp-json\/wp\/v2\/posts\/178363\/","og_site_name":"EENewsEurope","article_published_time":"2017-03-27T23:00:00+00:00","og_image":[{"width":1902,"height":1215,"url":"https:\/\/www.ecinews.fr\/wp-content\/uploads\/import\/default\/files\/sites\/default\/files\/images\/eci8454_conga-sa5-usb-c_r.jpg","type":"image\/jpeg"}],"author":"Alain Dieul","twitter_card":"summary_large_image","twitter_misc":{"Written by":"Alain Dieul","Est. reading time":"2 minutes"},"schema":{"@context":"https:\/\/schema.org","@graph":[{"@type":"Article","@id":"https:\/\/www.ecinews.fr\/fr\/modules-com-prenant-en-charge-lusb-c\/#article","isPartOf":{"@id":"https:\/\/www.ecinews.fr\/fr\/modules-com-prenant-en-charge-lusb-c\/"},"author":{"name":"Alain Dieul","@id":"https:\/\/www.eenewseurope.com\/en\/#\/schema\/person\/568c789a4794bd460460501ba91f5daf"},"headline":"Modules COM prenant en charge l\u2019USB-C","datePublished":"2017-03-27T23:00:00+00:00","dateModified":"2017-03-27T23:00:00+00:00","mainEntityOfPage":{"@id":"https:\/\/www.ecinews.fr\/fr\/modules-com-prenant-en-charge-lusb-c\/"},"wordCount":342,"publisher":{"@id":"https:\/\/www.eenewseurope.com\/en\/#organization"},"keywords":["Boards &amp; Embedded Cards"],"articleSection":["Nouveaux produits"],"inLanguage":"fr-FR"},{"@type":"WebPage","@id":"https:\/\/www.ecinews.fr\/fr\/modules-com-prenant-en-charge-lusb-c\/","url":"https:\/\/www.ecinews.fr\/fr\/modules-com-prenant-en-charge-lusb-c\/","name":"Modules COM prenant en charge l\u2019USB-C -","isPartOf":{"@id":"https:\/\/www.eenewseurope.com\/en\/#website"},"datePublished":"2017-03-27T23:00:00+00:00","dateModified":"2017-03-27T23:00:00+00:00","breadcrumb":{"@id":"https:\/\/www.ecinews.fr\/fr\/modules-com-prenant-en-charge-lusb-c\/#breadcrumb"},"inLanguage":"fr-FR","potentialAction":[{"@type":"ReadAction","target":["https:\/\/www.ecinews.fr\/fr\/modules-com-prenant-en-charge-lusb-c\/"]}]},{"@type":"BreadcrumbList","@id":"https:\/\/www.ecinews.fr\/fr\/modules-com-prenant-en-charge-lusb-c\/#breadcrumb","itemListElement":[{"@type":"ListItem","position":1,"name":"Home","item":"https:\/\/www.ecinews.fr\/fr\/"},{"@type":"ListItem","position":2,"name":"Modules COM prenant en charge l\u2019USB-C"}]},{"@type":"WebSite","@id":"https:\/\/www.eenewseurope.com\/en\/#website","url":"https:\/\/www.eenewseurope.com\/en\/","name":"EENewsEurope","description":"Just another WordPress site","publisher":{"@id":"https:\/\/www.eenewseurope.com\/en\/#organization"},"potentialAction":[{"@type":"SearchAction","target":{"@type":"EntryPoint","urlTemplate":"https:\/\/www.eenewseurope.com\/en\/?s={search_term_string}"},"query-input":"required name=search_term_string"}],"inLanguage":"fr-FR"},{"@type":"Organization","@id":"https:\/\/www.eenewseurope.com\/en\/#organization","name":"EENewsEurope","url":"https:\/\/www.eenewseurope.com\/en\/","logo":{"@type":"ImageObject","inLanguage":"fr-FR","@id":"https:\/\/www.eenewseurope.com\/en\/#\/schema\/logo\/image\/","url":"https:\/\/www.ecinews.fr\/wp-content\/uploads\/2022\/02\/logo-1.jpg","contentUrl":"https:\/\/www.ecinews.fr\/wp-content\/uploads\/2022\/02\/logo-1.jpg","width":283,"height":113,"caption":"EENewsEurope"},"image":{"@id":"https:\/\/www.eenewseurope.com\/en\/#\/schema\/logo\/image\/"}},{"@type":"Person","@id":"https:\/\/www.eenewseurope.com\/en\/#\/schema\/person\/568c789a4794bd460460501ba91f5daf","name":"Alain Dieul","image":{"@type":"ImageObject","inLanguage":"fr-FR","@id":"https:\/\/www.eenewseurope.com\/en\/#\/schema\/person\/image\/6d32dc651fbcef3b338066625b118364","url":"https:\/\/secure.gravatar.com\/avatar\/93708ec89b35deb10f4cfbfe144b4e07?s=96&d=mm&r=g","contentUrl":"https:\/\/secure.gravatar.com\/avatar\/93708ec89b35deb10f4cfbfe144b4e07?s=96&d=mm&r=g","caption":"Alain Dieul"}}]}},"authors":[{"term_id":1141,"user_id":9,"is_guest":0,"slug":"alaindieul","display_name":"Alain Dieul","avatar_url":"https:\/\/secure.gravatar.com\/avatar\/93708ec89b35deb10f4cfbfe144b4e07?s=96&d=mm&r=g","0":null,"1":"","2":"","3":"","4":"","5":"","6":"","7":"","8":""}],"_links":{"self":[{"href":"https:\/\/www.ecinews.fr\/fr\/wp-json\/wp\/v2\/posts\/178363"}],"collection":[{"href":"https:\/\/www.ecinews.fr\/fr\/wp-json\/wp\/v2\/posts"}],"about":[{"href":"https:\/\/www.ecinews.fr\/fr\/wp-json\/wp\/v2\/types\/post"}],"author":[{"embeddable":true,"href":"https:\/\/www.ecinews.fr\/fr\/wp-json\/wp\/v2\/users\/9"}],"replies":[{"embeddable":true,"href":"https:\/\/www.ecinews.fr\/fr\/wp-json\/wp\/v2\/comments?post=178363"}],"version-history":[{"count":0,"href":"https:\/\/www.ecinews.fr\/fr\/wp-json\/wp\/v2\/posts\/178363\/revisions"}],"wp:featuredmedia":[{"embeddable":true,"href":"https:\/\/www.ecinews.fr\/fr\/wp-json\/wp\/v2\/media\/178364"}],"wp:attachment":[{"href":"https:\/\/www.ecinews.fr\/fr\/wp-json\/wp\/v2\/media?parent=178363"}],"wp:term":[{"taxonomy":"category","embeddable":true,"href":"https:\/\/www.ecinews.fr\/fr\/wp-json\/wp\/v2\/categories?post=178363"},{"taxonomy":"post_tag","embeddable":true,"href":"https:\/\/www.ecinews.fr\/fr\/wp-json\/wp\/v2\/tags?post=178363"},{"taxonomy":"domains","embeddable":true,"href":"https:\/\/www.ecinews.fr\/fr\/wp-json\/wp\/v2\/domains?post=178363"},{"taxonomy":"author","embeddable":true,"href":"https:\/\/www.ecinews.fr\/fr\/wp-json\/wp\/v2\/ppma_author?post=178363"}],"curies":[{"name":"wp","href":"https:\/\/api.w.org\/{rel}","templated":true}]}}