{"id":178039,"date":"2017-03-23T00:43:00","date_gmt":"2017-03-23T00:43:00","guid":{"rendered":"https:\/\/eenewseurope.artwhere.co\/renault-franchit-le-cap-des-100-000-batteries-louees-sur-ses-vehicules-electriques\/"},"modified":"2017-03-23T00:43:00","modified_gmt":"2017-03-23T00:43:00","slug":"renault-franchit-le-cap-des-100-000-batteries-louees-sur-ses-vehicules-electriques","status":"publish","type":"post","link":"https:\/\/www.ecinews.fr\/fr\/renault-franchit-le-cap-des-100-000-batteries-louees-sur-ses-vehicules-electriques\/","title":{"rendered":"Renault franchit le cap des 100 000 batteries lou\u00e9es sur ses v\u00e9hicules \u00e9lectriques"},"content":{"rendered":"<p>La location apporte un maximum de s\u00e9r\u00e9nit\u00e9. En effet, avec l\u2019option locative, Renault garantit la batterie \u00e0 vie. En cas de baisse significative de la capacit\u00e9 \u00e9nerg\u00e9tique ou en cas de d\u00e9faillance, Renault change ou r\u00e9pare la batterie gratuitement. Et ce, pour toute la dur\u00e9e de vie du v\u00e9hicule. Les acheteurs de v\u00e9hicules d\u2019occasion sont ainsi assur\u00e9s du niveau de performance de la batterie, un atout majeur lors de la revente de son v\u00e9hicule \u00e9lectrique.<\/p>\n<p>Gr\u00e2ce \u00e0 la location de batterie, les propri\u00e9taires de ZOE \u00e9quip\u00e9es d\u2019une batterie de 22 kWh pourront effectuer un upgrade tr\u00e8s prochainement et profiter ainsi de l\u2019autonomie accrue de la batterie Z.E 40 (400 km en cycle NEDC, soit 300 km en usage r\u00e9el urbain et p\u00e9riurbain) sans changer de v\u00e9hicule.<\/p>\n<p><a href=\"https:\/\/group.renault.com\/actualites\/blog-renault\/renault-optimise-le-cycle-de-vie-des-batteries-de-ses-vehicules-electriques\/?draft_id=17450994&amp;preview=true\">Le cycle de vie des batteries Renault<\/a><\/p>\n<h3>&nbsp;<\/h3>\n","protected":false},"excerpt":{"rendered":"<p>Renault a sign\u00e9 le 100 000 \u00e8me contrat de location de batterie de v\u00e9hicule \u00e9lectrique via sa financi\u00e8re de marque, RCI Bank and Services. Pionnier et leader du march\u00e9 automobile \u00e9lectrique en Europe, Renault a choisi de proposer la location de la batterie d\u00e8s le lancement de son premier v\u00e9hicule \u00e9lectrique. Actuellement, Nouvelle ZOE est disponible \u00e0 partir de 179 euros\/mois, un tarif abordable\u2026 tranquillit\u00e9 incluse !<\/p>\n","protected":false},"author":11,"featured_media":178040,"comment_status":"closed","ping_status":"closed","sticky":false,"template":"","format":"standard","meta":{"_acf_changed":false,"footnotes":""},"categories":[],"tags":[891],"domains":[47],"ppma_author":[1143],"class_list":["post-178039","post","type-post","status-publish","format-standard","has-post-thumbnail","hentry","tag-automotive-fr","domains-electronique-eci"],"acf":[],"yoast_head":"<title>Renault franchit le cap des 100 000 batteries lou\u00e9es sur ses v...<\/title>\n<meta name=\"description\" content=\"Renault a sign\u00e9 le 100 000 \u00e8me contrat de location de batterie de v\u00e9hicule \u00e9lectrique via sa financi\u00e8re de marque, RCI Bank and Services. Pionnier et...\" \/>\n<meta name=\"robots\" content=\"index, follow, max-snippet:-1, max-image-preview:large, max-video-preview:-1\" \/>\n<link rel=\"canonical\" href=\"https:\/\/www.ecinews.fr\/fr\/wp-json\/wp\/v2\/posts\/178039\/\" \/>\n<meta property=\"og:locale\" content=\"fr_FR\" \/>\n<meta property=\"og:type\" content=\"article\" \/>\n<meta property=\"og:title\" content=\"Renault franchit le cap des 100 000 batteries lou\u00e9es sur ses v\u00e9hicules \u00e9lectriques\" \/>\n<meta property=\"og:description\" content=\"Renault a sign\u00e9 le 100 000 \u00e8me contrat de location de batterie de v\u00e9hicule \u00e9lectrique via sa financi\u00e8re de marque, RCI Bank and Services. Pionnier et leader du march\u00e9 automobile \u00e9lectrique en Europe, Renault a choisi de proposer la location de la batterie d\u00e8s le lancement de son premier v\u00e9hicule \u00e9lectrique. Actuellement, Nouvelle ZOE est disponible \u00e0 partir de 179 euros\/mois, un tarif abordable\u2026 tranquillit\u00e9 incluse !\" \/>\n<meta property=\"og:url\" content=\"https:\/\/www.ecinews.fr\/fr\/wp-json\/wp\/v2\/posts\/178039\/\" \/>\n<meta property=\"og:site_name\" content=\"EENewsEurope\" \/>\n<meta property=\"article:published_time\" content=\"2017-03-23T00:43:00+00:00\" \/>\n<meta property=\"og:image\" content=\"https:\/\/www.ecinews.fr\/wp-content\/uploads\/import\/default\/files\/sites\/default\/files\/images\/zoe.jpg\" \/>\n\t<meta property=\"og:image:width\" content=\"500\" \/>\n\t<meta property=\"og:image:height\" content=\"336\" \/>\n\t<meta property=\"og:image:type\" content=\"image\/jpeg\" \/>\n<meta name=\"author\" content=\"Daniel Cardon\" \/>\n<meta name=\"twitter:card\" content=\"summary_large_image\" \/>\n<meta name=\"twitter:label1\" content=\"Written by\" \/>\n\t<meta name=\"twitter:data1\" content=\"Daniel Cardon\" \/>\n\t<meta name=\"twitter:label2\" content=\"Est. reading time\" \/>\n\t<meta name=\"twitter:data2\" content=\"1 minute\" \/>\n<script type=\"application\/ld+json\" class=\"yoast-schema-graph\">{\"@context\":\"https:\/\/schema.org\",\"@graph\":[{\"@type\":\"Article\",\"@id\":\"https:\/\/www.ecinews.fr\/fr\/renault-franchit-le-cap-des-100-000-batteries-louees-sur-ses-vehicules-electriques\/#article\",\"isPartOf\":{\"@id\":\"https:\/\/www.ecinews.fr\/fr\/renault-franchit-le-cap-des-100-000-batteries-louees-sur-ses-vehicules-electriques\/\"},\"author\":{\"name\":\"Daniel Cardon\",\"@id\":\"https:\/\/www.eenewseurope.com\/en\/#\/schema\/person\/93c44cde463762f40a8236eaa44c1c17\"},\"headline\":\"Renault franchit le cap des 100 000 batteries lou\u00e9es sur ses v\u00e9hicules \u00e9lectriques\",\"datePublished\":\"2017-03-23T00:43:00+00:00\",\"dateModified\":\"2017-03-23T00:43:00+00:00\",\"mainEntityOfPage\":{\"@id\":\"https:\/\/www.ecinews.fr\/fr\/renault-franchit-le-cap-des-100-000-batteries-louees-sur-ses-vehicules-electriques\/\"},\"wordCount\":163,\"publisher\":{\"@id\":\"https:\/\/www.eenewseurope.com\/en\/#organization\"},\"keywords\":[\"Automotive\"],\"inLanguage\":\"fr-FR\"},{\"@type\":\"WebPage\",\"@id\":\"https:\/\/www.ecinews.fr\/fr\/renault-franchit-le-cap-des-100-000-batteries-louees-sur-ses-vehicules-electriques\/\",\"url\":\"https:\/\/www.ecinews.fr\/fr\/renault-franchit-le-cap-des-100-000-batteries-louees-sur-ses-vehicules-electriques\/\",\"name\":\"Renault franchit le cap des 100 000 batteries lou\u00e9es sur ses v\u00e9hicules \u00e9lectriques -\",\"isPartOf\":{\"@id\":\"https:\/\/www.eenewseurope.com\/en\/#website\"},\"datePublished\":\"2017-03-23T00:43:00+00:00\",\"dateModified\":\"2017-03-23T00:43:00+00:00\",\"breadcrumb\":{\"@id\":\"https:\/\/www.ecinews.fr\/fr\/renault-franchit-le-cap-des-100-000-batteries-louees-sur-ses-vehicules-electriques\/#breadcrumb\"},\"inLanguage\":\"fr-FR\",\"potentialAction\":[{\"@type\":\"ReadAction\",\"target\":[\"https:\/\/www.ecinews.fr\/fr\/renault-franchit-le-cap-des-100-000-batteries-louees-sur-ses-vehicules-electriques\/\"]}]},{\"@type\":\"BreadcrumbList\",\"@id\":\"https:\/\/www.ecinews.fr\/fr\/renault-franchit-le-cap-des-100-000-batteries-louees-sur-ses-vehicules-electriques\/#breadcrumb\",\"itemListElement\":[{\"@type\":\"ListItem\",\"position\":1,\"name\":\"Home\",\"item\":\"https:\/\/www.ecinews.fr\/fr\/\"},{\"@type\":\"ListItem\",\"position\":2,\"name\":\"Renault franchit le cap des 100 000 batteries lou\u00e9es sur ses v\u00e9hicules \u00e9lectriques\"}]},{\"@type\":\"WebSite\",\"@id\":\"https:\/\/www.eenewseurope.com\/en\/#website\",\"url\":\"https:\/\/www.eenewseurope.com\/en\/\",\"name\":\"EENewsEurope\",\"description\":\"Just another WordPress site\",\"publisher\":{\"@id\":\"https:\/\/www.eenewseurope.com\/en\/#organization\"},\"potentialAction\":[{\"@type\":\"SearchAction\",\"target\":{\"@type\":\"EntryPoint\",\"urlTemplate\":\"https:\/\/www.eenewseurope.com\/en\/?s={search_term_string}\"},\"query-input\":\"required name=search_term_string\"}],\"inLanguage\":\"fr-FR\"},{\"@type\":\"Organization\",\"@id\":\"https:\/\/www.eenewseurope.com\/en\/#organization\",\"name\":\"EENewsEurope\",\"url\":\"https:\/\/www.eenewseurope.com\/en\/\",\"logo\":{\"@type\":\"ImageObject\",\"inLanguage\":\"fr-FR\",\"@id\":\"https:\/\/www.eenewseurope.com\/en\/#\/schema\/logo\/image\/\",\"url\":\"https:\/\/www.ecinews.fr\/wp-content\/uploads\/2022\/02\/logo-1.jpg\",\"contentUrl\":\"https:\/\/www.ecinews.fr\/wp-content\/uploads\/2022\/02\/logo-1.jpg\",\"width\":283,\"height\":113,\"caption\":\"EENewsEurope\"},\"image\":{\"@id\":\"https:\/\/www.eenewseurope.com\/en\/#\/schema\/logo\/image\/\"}},{\"@type\":\"Person\",\"@id\":\"https:\/\/www.eenewseurope.com\/en\/#\/schema\/person\/93c44cde463762f40a8236eaa44c1c17\",\"name\":\"Daniel Cardon\",\"image\":{\"@type\":\"ImageObject\",\"inLanguage\":\"fr-FR\",\"@id\":\"https:\/\/www.eenewseurope.com\/en\/#\/schema\/person\/image\/2b243f6bcc1cff7d86aadfb2cd0bd870\",\"url\":\"https:\/\/secure.gravatar.com\/avatar\/de9edc136dfc061ad4778e04635baefa?s=96&d=mm&r=g\",\"contentUrl\":\"https:\/\/secure.gravatar.com\/avatar\/de9edc136dfc061ad4778e04635baefa?s=96&d=mm&r=g\",\"caption\":\"Daniel Cardon\"}}]}<\/script>","yoast_head_json":{"title":"Renault franchit le cap des 100 000 batteries lou\u00e9es sur ses v...","description":"Renault a sign\u00e9 le 100 000 \u00e8me contrat de location de batterie de v\u00e9hicule \u00e9lectrique via sa financi\u00e8re de marque, RCI Bank and Services. Pionnier et...","robots":{"index":"index","follow":"follow","max-snippet":"max-snippet:-1","max-image-preview":"max-image-preview:large","max-video-preview":"max-video-preview:-1"},"canonical":"https:\/\/www.ecinews.fr\/fr\/wp-json\/wp\/v2\/posts\/178039\/","og_locale":"fr_FR","og_type":"article","og_title":"Renault franchit le cap des 100 000 batteries lou\u00e9es sur ses v\u00e9hicules \u00e9lectriques","og_description":"Renault a sign\u00e9 le 100 000 \u00e8me contrat de location de batterie de v\u00e9hicule \u00e9lectrique via sa financi\u00e8re de marque, RCI Bank and Services. Pionnier et leader du march\u00e9 automobile \u00e9lectrique en Europe, Renault a choisi de proposer la location de la batterie d\u00e8s le lancement de son premier v\u00e9hicule \u00e9lectrique. Actuellement, Nouvelle ZOE est disponible \u00e0 partir de 179 euros\/mois, un tarif abordable\u2026 tranquillit\u00e9 incluse !","og_url":"https:\/\/www.ecinews.fr\/fr\/wp-json\/wp\/v2\/posts\/178039\/","og_site_name":"EENewsEurope","article_published_time":"2017-03-23T00:43:00+00:00","og_image":[{"width":500,"height":336,"url":"https:\/\/www.ecinews.fr\/wp-content\/uploads\/import\/default\/files\/sites\/default\/files\/images\/zoe.jpg","type":"image\/jpeg"}],"author":"Daniel Cardon","twitter_card":"summary_large_image","twitter_misc":{"Written by":"Daniel Cardon","Est. reading time":"1 minute"},"schema":{"@context":"https:\/\/schema.org","@graph":[{"@type":"Article","@id":"https:\/\/www.ecinews.fr\/fr\/renault-franchit-le-cap-des-100-000-batteries-louees-sur-ses-vehicules-electriques\/#article","isPartOf":{"@id":"https:\/\/www.ecinews.fr\/fr\/renault-franchit-le-cap-des-100-000-batteries-louees-sur-ses-vehicules-electriques\/"},"author":{"name":"Daniel Cardon","@id":"https:\/\/www.eenewseurope.com\/en\/#\/schema\/person\/93c44cde463762f40a8236eaa44c1c17"},"headline":"Renault franchit le cap des 100 000 batteries lou\u00e9es sur ses v\u00e9hicules \u00e9lectriques","datePublished":"2017-03-23T00:43:00+00:00","dateModified":"2017-03-23T00:43:00+00:00","mainEntityOfPage":{"@id":"https:\/\/www.ecinews.fr\/fr\/renault-franchit-le-cap-des-100-000-batteries-louees-sur-ses-vehicules-electriques\/"},"wordCount":163,"publisher":{"@id":"https:\/\/www.eenewseurope.com\/en\/#organization"},"keywords":["Automotive"],"inLanguage":"fr-FR"},{"@type":"WebPage","@id":"https:\/\/www.ecinews.fr\/fr\/renault-franchit-le-cap-des-100-000-batteries-louees-sur-ses-vehicules-electriques\/","url":"https:\/\/www.ecinews.fr\/fr\/renault-franchit-le-cap-des-100-000-batteries-louees-sur-ses-vehicules-electriques\/","name":"Renault franchit le cap des 100 000 batteries lou\u00e9es sur ses v\u00e9hicules \u00e9lectriques -","isPartOf":{"@id":"https:\/\/www.eenewseurope.com\/en\/#website"},"datePublished":"2017-03-23T00:43:00+00:00","dateModified":"2017-03-23T00:43:00+00:00","breadcrumb":{"@id":"https:\/\/www.ecinews.fr\/fr\/renault-franchit-le-cap-des-100-000-batteries-louees-sur-ses-vehicules-electriques\/#breadcrumb"},"inLanguage":"fr-FR","potentialAction":[{"@type":"ReadAction","target":["https:\/\/www.ecinews.fr\/fr\/renault-franchit-le-cap-des-100-000-batteries-louees-sur-ses-vehicules-electriques\/"]}]},{"@type":"BreadcrumbList","@id":"https:\/\/www.ecinews.fr\/fr\/renault-franchit-le-cap-des-100-000-batteries-louees-sur-ses-vehicules-electriques\/#breadcrumb","itemListElement":[{"@type":"ListItem","position":1,"name":"Home","item":"https:\/\/www.ecinews.fr\/fr\/"},{"@type":"ListItem","position":2,"name":"Renault franchit le cap des 100 000 batteries lou\u00e9es sur ses v\u00e9hicules \u00e9lectriques"}]},{"@type":"WebSite","@id":"https:\/\/www.eenewseurope.com\/en\/#website","url":"https:\/\/www.eenewseurope.com\/en\/","name":"EENewsEurope","description":"Just another WordPress site","publisher":{"@id":"https:\/\/www.eenewseurope.com\/en\/#organization"},"potentialAction":[{"@type":"SearchAction","target":{"@type":"EntryPoint","urlTemplate":"https:\/\/www.eenewseurope.com\/en\/?s={search_term_string}"},"query-input":"required name=search_term_string"}],"inLanguage":"fr-FR"},{"@type":"Organization","@id":"https:\/\/www.eenewseurope.com\/en\/#organization","name":"EENewsEurope","url":"https:\/\/www.eenewseurope.com\/en\/","logo":{"@type":"ImageObject","inLanguage":"fr-FR","@id":"https:\/\/www.eenewseurope.com\/en\/#\/schema\/logo\/image\/","url":"https:\/\/www.ecinews.fr\/wp-content\/uploads\/2022\/02\/logo-1.jpg","contentUrl":"https:\/\/www.ecinews.fr\/wp-content\/uploads\/2022\/02\/logo-1.jpg","width":283,"height":113,"caption":"EENewsEurope"},"image":{"@id":"https:\/\/www.eenewseurope.com\/en\/#\/schema\/logo\/image\/"}},{"@type":"Person","@id":"https:\/\/www.eenewseurope.com\/en\/#\/schema\/person\/93c44cde463762f40a8236eaa44c1c17","name":"Daniel Cardon","image":{"@type":"ImageObject","inLanguage":"fr-FR","@id":"https:\/\/www.eenewseurope.com\/en\/#\/schema\/person\/image\/2b243f6bcc1cff7d86aadfb2cd0bd870","url":"https:\/\/secure.gravatar.com\/avatar\/de9edc136dfc061ad4778e04635baefa?s=96&d=mm&r=g","contentUrl":"https:\/\/secure.gravatar.com\/avatar\/de9edc136dfc061ad4778e04635baefa?s=96&d=mm&r=g","caption":"Daniel Cardon"}}]}},"authors":[{"term_id":1143,"user_id":11,"is_guest":0,"slug":"danielcardon","display_name":"Daniel Cardon","avatar_url":"https:\/\/secure.gravatar.com\/avatar\/de9edc136dfc061ad4778e04635baefa?s=96&d=mm&r=g","0":null,"1":"","2":"","3":"","4":"","5":"","6":"","7":"","8":""}],"_links":{"self":[{"href":"https:\/\/www.ecinews.fr\/fr\/wp-json\/wp\/v2\/posts\/178039"}],"collection":[{"href":"https:\/\/www.ecinews.fr\/fr\/wp-json\/wp\/v2\/posts"}],"about":[{"href":"https:\/\/www.ecinews.fr\/fr\/wp-json\/wp\/v2\/types\/post"}],"author":[{"embeddable":true,"href":"https:\/\/www.ecinews.fr\/fr\/wp-json\/wp\/v2\/users\/11"}],"replies":[{"embeddable":true,"href":"https:\/\/www.ecinews.fr\/fr\/wp-json\/wp\/v2\/comments?post=178039"}],"version-history":[{"count":0,"href":"https:\/\/www.ecinews.fr\/fr\/wp-json\/wp\/v2\/posts\/178039\/revisions"}],"wp:featuredmedia":[{"embeddable":true,"href":"https:\/\/www.ecinews.fr\/fr\/wp-json\/wp\/v2\/media\/178040"}],"wp:attachment":[{"href":"https:\/\/www.ecinews.fr\/fr\/wp-json\/wp\/v2\/media?parent=178039"}],"wp:term":[{"taxonomy":"category","embeddable":true,"href":"https:\/\/www.ecinews.fr\/fr\/wp-json\/wp\/v2\/categories?post=178039"},{"taxonomy":"post_tag","embeddable":true,"href":"https:\/\/www.ecinews.fr\/fr\/wp-json\/wp\/v2\/tags?post=178039"},{"taxonomy":"domains","embeddable":true,"href":"https:\/\/www.ecinews.fr\/fr\/wp-json\/wp\/v2\/domains?post=178039"},{"taxonomy":"author","embeddable":true,"href":"https:\/\/www.ecinews.fr\/fr\/wp-json\/wp\/v2\/ppma_author?post=178039"}],"curies":[{"name":"wp","href":"https:\/\/api.w.org\/{rel}","templated":true}]}}