{"id":167195,"date":"2017-07-06T14:14:24","date_gmt":"2017-07-06T14:14:24","guid":{"rendered":"https:\/\/eenewseurope.artwhere.co\/developpement-de-vehicule-autonome-renault-et-oktal-creent-une-societe-commune\/"},"modified":"2017-07-06T14:14:24","modified_gmt":"2017-07-06T14:14:24","slug":"developpement-de-vehicule-autonome-renault-et-oktal-creent-une-societe-commune","status":"publish","type":"post","link":"https:\/\/www.ecinews.fr\/fr\/developpement-de-vehicule-autonome-renault-et-oktal-creent-une-societe-commune\/","title":{"rendered":"D\u00e9veloppement de v\u00e9hicule autonome: Renault et Oktal cr\u00e9ent une soci\u00e9t\u00e9 commune"},"content":{"rendered":"<p><em>Pour <\/em>Gaspar Gascon, Directeur de l\u2019Ing\u00e9nierie Produit du Groupe Renault.<em>\u201c Cette acquisition renforce la strat\u00e9gie du Groupe Renault pour d\u00e9velopper le v\u00e9hicule du futur qui sera \u00e9lectrique, connect\u00e9 et autonome. Notre association avec Oktal pour cr\u00e9er AVS va soutenir l\u2019innovation fran\u00e7aise. Ce partenariat nous permettra d\u2019acc\u00e9l\u00e9rer le d\u00e9veloppement de nouveaux services et d\u2019am\u00e9liorer l\u2019exp\u00e9rience de nos clients,\u201d<\/em><\/p>\n<p>Le nouveau partenariat cr\u00e9\u00e9 avec AVS b\u00e9n\u00e9ficiera \u00e9galement \u00e0 l\u2019Alliance Renault-Nissan, qui s\u2019est engag\u00e9e \u00e0 lancer plus de 10 v\u00e9hicules poss\u00e9dant des capacit\u00e9s autonomes d\u2019ici 2020.<\/p>\n<p>L\u2019Alliance a d\u00e9j\u00e0 entam\u00e9 des essais virtuels de v\u00e9hicules autonomes utilisant le logiciel de simulation SCANeR, invent\u00e9 par Renault et co-d\u00e9velopp\u00e9 avec Oktal.<\/p>\n<p><em>\u201cEn appui de l\u2019investissement de Renault, nous acc\u00e9l\u00e9rons le d\u00e9veloppement des nouvelles fonctions de SCANeR Studio d\u00e9di\u00e9es au v\u00e9hicule autonome et connect\u00e9\u201d,<\/em> pr\u00e9cise Laurent Salanqueda, Directeur G\u00e9n\u00e9ral de Oktal.<\/p>\n<p><a href=\"http:\/\/www.oktal.fr\/fr\/\">http:\/\/www.oktal.fr\/fr\/ <\/a>&nbsp; &#8211; &nbsp;<a href=\"http:\/\/\u00a0http:\/\/www.sogeclair.com\/fr\/\">&nbsp;http:\/\/www.sogeclair.com\/fr\/<\/a><\/p>\n<p>&nbsp;<\/p>\n","protected":false},"excerpt":{"rendered":"<p>Le Groupe Renault a annonc\u00e9 l\u2019acquisition de 35% d\u2019une nouvelle joint-venture, Autonomous Vehicle Simulation (AVS), avec Oktal, filiale de Sogeclair, entreprise fran\u00e7aise d\u2019ing\u00e9nierie en a\u00e9ronautique et simulation bas\u00e9e \u00e0 Toulouse. Cette acquisition permettra \u00e0 Renault et \u00e0 l\u2019Alliance Renault-Nissan de continuer \u00e0 apporter un ensemble de technologies de pointe pour favoriser le d\u00e9veloppement des essais de v\u00e9hicules autonomes dans un environnement virtuel.<\/p>\n","protected":false},"author":11,"featured_media":167196,"comment_status":"closed","ping_status":"closed","sticky":false,"template":"","format":"standard","meta":{"_acf_changed":false,"footnotes":""},"categories":[],"tags":[891],"domains":[47],"ppma_author":[1143],"class_list":["post-167195","post","type-post","status-publish","format-standard","has-post-thumbnail","hentry","tag-automotive-fr","domains-electronique-eci"],"acf":[],"yoast_head":"<title>D\u00e9veloppement de v\u00e9hicule autonome: Renault et Oktal cr\u00e9ent ...<\/title>\n<meta name=\"description\" content=\"Le Groupe Renault a annonc\u00e9 l\u2019acquisition de 35% d\u2019une nouvelle joint-venture, Autonomous Vehicle Simulation (AVS), avec Oktal, filiale de Sogeclair,...\" \/>\n<meta name=\"robots\" content=\"index, follow, max-snippet:-1, max-image-preview:large, max-video-preview:-1\" \/>\n<link rel=\"canonical\" href=\"https:\/\/www.ecinews.fr\/fr\/wp-json\/wp\/v2\/posts\/167195\/\" \/>\n<meta property=\"og:locale\" content=\"fr_FR\" \/>\n<meta property=\"og:type\" content=\"article\" \/>\n<meta property=\"og:title\" content=\"D\u00e9veloppement de v\u00e9hicule autonome: Renault et Oktal cr\u00e9ent une soci\u00e9t\u00e9 commune\" \/>\n<meta property=\"og:description\" content=\"Le Groupe Renault a annonc\u00e9 l\u2019acquisition de 35% d\u2019une nouvelle joint-venture, Autonomous Vehicle Simulation (AVS), avec Oktal, filiale de Sogeclair, entreprise fran\u00e7aise d\u2019ing\u00e9nierie en a\u00e9ronautique et simulation bas\u00e9e \u00e0 Toulouse. Cette acquisition permettra \u00e0 Renault et \u00e0 l\u2019Alliance Renault-Nissan de continuer \u00e0 apporter un ensemble de technologies de pointe pour favoriser le d\u00e9veloppement des essais de v\u00e9hicules autonomes dans un environnement virtuel.\" \/>\n<meta property=\"og:url\" content=\"https:\/\/www.ecinews.fr\/fr\/wp-json\/wp\/v2\/posts\/167195\/\" \/>\n<meta property=\"og:site_name\" content=\"EENewsEurope\" \/>\n<meta property=\"article:published_time\" content=\"2017-07-06T14:14:24+00:00\" \/>\n<meta property=\"og:image\" content=\"https:\/\/www.ecinews.fr\/wp-content\/uploads\/import\/default\/files\/sites\/default\/files\/images\/renault_oktal.jpeg\" \/>\n\t<meta property=\"og:image:width\" content=\"370\" \/>\n\t<meta property=\"og:image:height\" content=\"243\" \/>\n\t<meta property=\"og:image:type\" content=\"image\/jpeg\" \/>\n<meta name=\"author\" content=\"Daniel Cardon\" \/>\n<meta name=\"twitter:card\" content=\"summary_large_image\" \/>\n<meta name=\"twitter:label1\" content=\"Written by\" \/>\n\t<meta name=\"twitter:data1\" content=\"Daniel Cardon\" \/>\n\t<meta name=\"twitter:label2\" content=\"Est. reading time\" \/>\n\t<meta name=\"twitter:data2\" content=\"1 minute\" \/>\n<script type=\"application\/ld+json\" class=\"yoast-schema-graph\">{\"@context\":\"https:\/\/schema.org\",\"@graph\":[{\"@type\":\"Article\",\"@id\":\"https:\/\/www.ecinews.fr\/fr\/developpement-de-vehicule-autonome-renault-et-oktal-creent-une-societe-commune\/#article\",\"isPartOf\":{\"@id\":\"https:\/\/www.ecinews.fr\/fr\/developpement-de-vehicule-autonome-renault-et-oktal-creent-une-societe-commune\/\"},\"author\":{\"name\":\"Daniel Cardon\",\"@id\":\"https:\/\/www.eenewseurope.com\/en\/#\/schema\/person\/93c44cde463762f40a8236eaa44c1c17\"},\"headline\":\"D\u00e9veloppement de v\u00e9hicule autonome: Renault et Oktal cr\u00e9ent une soci\u00e9t\u00e9 commune\",\"datePublished\":\"2017-07-06T14:14:24+00:00\",\"dateModified\":\"2017-07-06T14:14:24+00:00\",\"mainEntityOfPage\":{\"@id\":\"https:\/\/www.ecinews.fr\/fr\/developpement-de-vehicule-autonome-renault-et-oktal-creent-une-societe-commune\/\"},\"wordCount\":200,\"publisher\":{\"@id\":\"https:\/\/www.eenewseurope.com\/en\/#organization\"},\"keywords\":[\"Automotive\"],\"inLanguage\":\"fr-FR\"},{\"@type\":\"WebPage\",\"@id\":\"https:\/\/www.ecinews.fr\/fr\/developpement-de-vehicule-autonome-renault-et-oktal-creent-une-societe-commune\/\",\"url\":\"https:\/\/www.ecinews.fr\/fr\/developpement-de-vehicule-autonome-renault-et-oktal-creent-une-societe-commune\/\",\"name\":\"D\u00e9veloppement de v\u00e9hicule autonome: Renault et Oktal cr\u00e9ent une soci\u00e9t\u00e9 commune -\",\"isPartOf\":{\"@id\":\"https:\/\/www.eenewseurope.com\/en\/#website\"},\"datePublished\":\"2017-07-06T14:14:24+00:00\",\"dateModified\":\"2017-07-06T14:14:24+00:00\",\"breadcrumb\":{\"@id\":\"https:\/\/www.ecinews.fr\/fr\/developpement-de-vehicule-autonome-renault-et-oktal-creent-une-societe-commune\/#breadcrumb\"},\"inLanguage\":\"fr-FR\",\"potentialAction\":[{\"@type\":\"ReadAction\",\"target\":[\"https:\/\/www.ecinews.fr\/fr\/developpement-de-vehicule-autonome-renault-et-oktal-creent-une-societe-commune\/\"]}]},{\"@type\":\"BreadcrumbList\",\"@id\":\"https:\/\/www.ecinews.fr\/fr\/developpement-de-vehicule-autonome-renault-et-oktal-creent-une-societe-commune\/#breadcrumb\",\"itemListElement\":[{\"@type\":\"ListItem\",\"position\":1,\"name\":\"Home\",\"item\":\"https:\/\/www.ecinews.fr\/fr\/\"},{\"@type\":\"ListItem\",\"position\":2,\"name\":\"D\u00e9veloppement de v\u00e9hicule autonome: Renault et Oktal cr\u00e9ent une soci\u00e9t\u00e9 commune\"}]},{\"@type\":\"WebSite\",\"@id\":\"https:\/\/www.eenewseurope.com\/en\/#website\",\"url\":\"https:\/\/www.eenewseurope.com\/en\/\",\"name\":\"EENewsEurope\",\"description\":\"Just another WordPress site\",\"publisher\":{\"@id\":\"https:\/\/www.eenewseurope.com\/en\/#organization\"},\"potentialAction\":[{\"@type\":\"SearchAction\",\"target\":{\"@type\":\"EntryPoint\",\"urlTemplate\":\"https:\/\/www.eenewseurope.com\/en\/?s={search_term_string}\"},\"query-input\":\"required name=search_term_string\"}],\"inLanguage\":\"fr-FR\"},{\"@type\":\"Organization\",\"@id\":\"https:\/\/www.eenewseurope.com\/en\/#organization\",\"name\":\"EENewsEurope\",\"url\":\"https:\/\/www.eenewseurope.com\/en\/\",\"logo\":{\"@type\":\"ImageObject\",\"inLanguage\":\"fr-FR\",\"@id\":\"https:\/\/www.eenewseurope.com\/en\/#\/schema\/logo\/image\/\",\"url\":\"https:\/\/www.ecinews.fr\/wp-content\/uploads\/2022\/02\/logo-1.jpg\",\"contentUrl\":\"https:\/\/www.ecinews.fr\/wp-content\/uploads\/2022\/02\/logo-1.jpg\",\"width\":283,\"height\":113,\"caption\":\"EENewsEurope\"},\"image\":{\"@id\":\"https:\/\/www.eenewseurope.com\/en\/#\/schema\/logo\/image\/\"}},{\"@type\":\"Person\",\"@id\":\"https:\/\/www.eenewseurope.com\/en\/#\/schema\/person\/93c44cde463762f40a8236eaa44c1c17\",\"name\":\"Daniel Cardon\",\"image\":{\"@type\":\"ImageObject\",\"inLanguage\":\"fr-FR\",\"@id\":\"https:\/\/www.eenewseurope.com\/en\/#\/schema\/person\/image\/2b243f6bcc1cff7d86aadfb2cd0bd870\",\"url\":\"https:\/\/secure.gravatar.com\/avatar\/de9edc136dfc061ad4778e04635baefa?s=96&d=mm&r=g\",\"contentUrl\":\"https:\/\/secure.gravatar.com\/avatar\/de9edc136dfc061ad4778e04635baefa?s=96&d=mm&r=g\",\"caption\":\"Daniel Cardon\"}}]}<\/script>","yoast_head_json":{"title":"D\u00e9veloppement de v\u00e9hicule autonome: Renault et Oktal cr\u00e9ent ...","description":"Le Groupe Renault a annonc\u00e9 l\u2019acquisition de 35% d\u2019une nouvelle joint-venture, Autonomous Vehicle Simulation (AVS), avec Oktal, filiale de Sogeclair,...","robots":{"index":"index","follow":"follow","max-snippet":"max-snippet:-1","max-image-preview":"max-image-preview:large","max-video-preview":"max-video-preview:-1"},"canonical":"https:\/\/www.ecinews.fr\/fr\/wp-json\/wp\/v2\/posts\/167195\/","og_locale":"fr_FR","og_type":"article","og_title":"D\u00e9veloppement de v\u00e9hicule autonome: Renault et Oktal cr\u00e9ent une soci\u00e9t\u00e9 commune","og_description":"Le Groupe Renault a annonc\u00e9 l\u2019acquisition de 35% d\u2019une nouvelle joint-venture, Autonomous Vehicle Simulation (AVS), avec Oktal, filiale de Sogeclair, entreprise fran\u00e7aise d\u2019ing\u00e9nierie en a\u00e9ronautique et simulation bas\u00e9e \u00e0 Toulouse. Cette acquisition permettra \u00e0 Renault et \u00e0 l\u2019Alliance Renault-Nissan de continuer \u00e0 apporter un ensemble de technologies de pointe pour favoriser le d\u00e9veloppement des essais de v\u00e9hicules autonomes dans un environnement virtuel.","og_url":"https:\/\/www.ecinews.fr\/fr\/wp-json\/wp\/v2\/posts\/167195\/","og_site_name":"EENewsEurope","article_published_time":"2017-07-06T14:14:24+00:00","og_image":[{"width":370,"height":243,"url":"https:\/\/www.ecinews.fr\/wp-content\/uploads\/import\/default\/files\/sites\/default\/files\/images\/renault_oktal.jpeg","type":"image\/jpeg"}],"author":"Daniel Cardon","twitter_card":"summary_large_image","twitter_misc":{"Written by":"Daniel Cardon","Est. reading time":"1 minute"},"schema":{"@context":"https:\/\/schema.org","@graph":[{"@type":"Article","@id":"https:\/\/www.ecinews.fr\/fr\/developpement-de-vehicule-autonome-renault-et-oktal-creent-une-societe-commune\/#article","isPartOf":{"@id":"https:\/\/www.ecinews.fr\/fr\/developpement-de-vehicule-autonome-renault-et-oktal-creent-une-societe-commune\/"},"author":{"name":"Daniel Cardon","@id":"https:\/\/www.eenewseurope.com\/en\/#\/schema\/person\/93c44cde463762f40a8236eaa44c1c17"},"headline":"D\u00e9veloppement de v\u00e9hicule autonome: Renault et Oktal cr\u00e9ent une soci\u00e9t\u00e9 commune","datePublished":"2017-07-06T14:14:24+00:00","dateModified":"2017-07-06T14:14:24+00:00","mainEntityOfPage":{"@id":"https:\/\/www.ecinews.fr\/fr\/developpement-de-vehicule-autonome-renault-et-oktal-creent-une-societe-commune\/"},"wordCount":200,"publisher":{"@id":"https:\/\/www.eenewseurope.com\/en\/#organization"},"keywords":["Automotive"],"inLanguage":"fr-FR"},{"@type":"WebPage","@id":"https:\/\/www.ecinews.fr\/fr\/developpement-de-vehicule-autonome-renault-et-oktal-creent-une-societe-commune\/","url":"https:\/\/www.ecinews.fr\/fr\/developpement-de-vehicule-autonome-renault-et-oktal-creent-une-societe-commune\/","name":"D\u00e9veloppement de v\u00e9hicule autonome: Renault et Oktal cr\u00e9ent une soci\u00e9t\u00e9 commune -","isPartOf":{"@id":"https:\/\/www.eenewseurope.com\/en\/#website"},"datePublished":"2017-07-06T14:14:24+00:00","dateModified":"2017-07-06T14:14:24+00:00","breadcrumb":{"@id":"https:\/\/www.ecinews.fr\/fr\/developpement-de-vehicule-autonome-renault-et-oktal-creent-une-societe-commune\/#breadcrumb"},"inLanguage":"fr-FR","potentialAction":[{"@type":"ReadAction","target":["https:\/\/www.ecinews.fr\/fr\/developpement-de-vehicule-autonome-renault-et-oktal-creent-une-societe-commune\/"]}]},{"@type":"BreadcrumbList","@id":"https:\/\/www.ecinews.fr\/fr\/developpement-de-vehicule-autonome-renault-et-oktal-creent-une-societe-commune\/#breadcrumb","itemListElement":[{"@type":"ListItem","position":1,"name":"Home","item":"https:\/\/www.ecinews.fr\/fr\/"},{"@type":"ListItem","position":2,"name":"D\u00e9veloppement de v\u00e9hicule autonome: Renault et Oktal cr\u00e9ent une soci\u00e9t\u00e9 commune"}]},{"@type":"WebSite","@id":"https:\/\/www.eenewseurope.com\/en\/#website","url":"https:\/\/www.eenewseurope.com\/en\/","name":"EENewsEurope","description":"Just another WordPress site","publisher":{"@id":"https:\/\/www.eenewseurope.com\/en\/#organization"},"potentialAction":[{"@type":"SearchAction","target":{"@type":"EntryPoint","urlTemplate":"https:\/\/www.eenewseurope.com\/en\/?s={search_term_string}"},"query-input":"required name=search_term_string"}],"inLanguage":"fr-FR"},{"@type":"Organization","@id":"https:\/\/www.eenewseurope.com\/en\/#organization","name":"EENewsEurope","url":"https:\/\/www.eenewseurope.com\/en\/","logo":{"@type":"ImageObject","inLanguage":"fr-FR","@id":"https:\/\/www.eenewseurope.com\/en\/#\/schema\/logo\/image\/","url":"https:\/\/www.ecinews.fr\/wp-content\/uploads\/2022\/02\/logo-1.jpg","contentUrl":"https:\/\/www.ecinews.fr\/wp-content\/uploads\/2022\/02\/logo-1.jpg","width":283,"height":113,"caption":"EENewsEurope"},"image":{"@id":"https:\/\/www.eenewseurope.com\/en\/#\/schema\/logo\/image\/"}},{"@type":"Person","@id":"https:\/\/www.eenewseurope.com\/en\/#\/schema\/person\/93c44cde463762f40a8236eaa44c1c17","name":"Daniel Cardon","image":{"@type":"ImageObject","inLanguage":"fr-FR","@id":"https:\/\/www.eenewseurope.com\/en\/#\/schema\/person\/image\/2b243f6bcc1cff7d86aadfb2cd0bd870","url":"https:\/\/secure.gravatar.com\/avatar\/de9edc136dfc061ad4778e04635baefa?s=96&d=mm&r=g","contentUrl":"https:\/\/secure.gravatar.com\/avatar\/de9edc136dfc061ad4778e04635baefa?s=96&d=mm&r=g","caption":"Daniel Cardon"}}]}},"authors":[{"term_id":1143,"user_id":11,"is_guest":0,"slug":"danielcardon","display_name":"Daniel Cardon","avatar_url":"https:\/\/secure.gravatar.com\/avatar\/de9edc136dfc061ad4778e04635baefa?s=96&d=mm&r=g","0":null,"1":"","2":"","3":"","4":"","5":"","6":"","7":"","8":""}],"_links":{"self":[{"href":"https:\/\/www.ecinews.fr\/fr\/wp-json\/wp\/v2\/posts\/167195"}],"collection":[{"href":"https:\/\/www.ecinews.fr\/fr\/wp-json\/wp\/v2\/posts"}],"about":[{"href":"https:\/\/www.ecinews.fr\/fr\/wp-json\/wp\/v2\/types\/post"}],"author":[{"embeddable":true,"href":"https:\/\/www.ecinews.fr\/fr\/wp-json\/wp\/v2\/users\/11"}],"replies":[{"embeddable":true,"href":"https:\/\/www.ecinews.fr\/fr\/wp-json\/wp\/v2\/comments?post=167195"}],"version-history":[{"count":0,"href":"https:\/\/www.ecinews.fr\/fr\/wp-json\/wp\/v2\/posts\/167195\/revisions"}],"wp:featuredmedia":[{"embeddable":true,"href":"https:\/\/www.ecinews.fr\/fr\/wp-json\/wp\/v2\/media\/167196"}],"wp:attachment":[{"href":"https:\/\/www.ecinews.fr\/fr\/wp-json\/wp\/v2\/media?parent=167195"}],"wp:term":[{"taxonomy":"category","embeddable":true,"href":"https:\/\/www.ecinews.fr\/fr\/wp-json\/wp\/v2\/categories?post=167195"},{"taxonomy":"post_tag","embeddable":true,"href":"https:\/\/www.ecinews.fr\/fr\/wp-json\/wp\/v2\/tags?post=167195"},{"taxonomy":"domains","embeddable":true,"href":"https:\/\/www.ecinews.fr\/fr\/wp-json\/wp\/v2\/domains?post=167195"},{"taxonomy":"author","embeddable":true,"href":"https:\/\/www.ecinews.fr\/fr\/wp-json\/wp\/v2\/ppma_author?post=167195"}],"curies":[{"name":"wp","href":"https:\/\/api.w.org\/{rel}","templated":true}]}}