{"id":166403,"date":"2017-07-22T22:04:53","date_gmt":"2017-07-22T22:04:53","guid":{"rendered":"https:\/\/eenewseurope.artwhere.co\/processeur-video-lcd-full-hd-pour-cameras-de-recul-automobile\/"},"modified":"2017-07-22T22:04:53","modified_gmt":"2017-07-22T22:04:53","slug":"processeur-video-lcd-full-hd-pour-cameras-de-recul-automobile","status":"publish","type":"post","link":"https:\/\/www.ecinews.fr\/fr\/processeur-video-lcd-full-hd-pour-cameras-de-recul-automobile\/","title":{"rendered":"Processeur vid\u00e9o LCD Full HD pour cam\u00e9ras de recul automobile"},"content":{"rendered":"<p>Le TW8844 est un processeur vid\u00e9o LCD qui s&rsquo;interface avec la derni\u00e8re g\u00e9n\u00e9ration de SoCs automobiles. Hautement int\u00e9gr\u00e9, c&rsquo;est le premier processeur vid\u00e9o LCD haute d\u00e9finition 1080p avec d\u00e9codeur vid\u00e9o analogique, deux scalers et l&rsquo;interface SoC MIPI-CSI2. Le TW8844 est conforme aux crit\u00e8res de fiabilit\u00e9 des constructeurs automobiles en ce qui concerne leurs syst\u00e8mes de cam\u00e9ras et \u00e0 la Norme de s\u00e9curit\u00e9 FMVSS-111 des v\u00e9hicules automobiles. Le TW8844 permet la migration des syst\u00e8mes de cam\u00e9ras analogiques vers les appareils photo num\u00e9riques et prend en charge une vari\u00e9t\u00e9 d&rsquo;interfaces vid\u00e9o et de r\u00e9solutions d&rsquo;\u00e9crans LCD jusqu&rsquo;\u00e0 Full HD 1920 x 1080. Le processeur vid\u00e9o TW8844 LCD convient aux unit\u00e9s centrale, r\u00e9troviseurs plein \u00e9cran, Les \u00e9crans de combin\u00e9s d&rsquo;instruments et les syst\u00e8mes de divertissements..<\/p>\n<p>La norme am\u00e9ricaine FMVSS-111 exige que tous les v\u00e9hicules neufs vendus aux \u00c9tats-Unis, \u00e0 partir de mai 2018, disposent de cam\u00e9ras de recul arri\u00e8re et la vid\u00e9o doit \u00eatre affich\u00e9e en moins de deux secondes apr\u00e8s que le conducteur ait plac\u00e9 le v\u00e9hicule en marche arri\u00e8re.<\/p>\n<p>Le processeur vid\u00e9o TW8844 avec la sortie MIPI-CSI2 et le processeur vid\u00e9o TW8845 avec sortie BT.656 d\u00e9passent les exigences de la loi FMVSS-111, affichant une vid\u00e9o en direct avec une superposition graphique en moins de 0,5 seconde. Le TW884x fournit une architecture de cam\u00e9ra arri\u00e8re robuste pour surmonter les probl\u00e8mes de fiabilit\u00e9 de d\u00e9marrage rapide inh\u00e9rents aux syst\u00e8mes de pilotage central plus complexes d&rsquo;aujourd&rsquo;hui. Si le TW884x d\u00e9tecte tout probl\u00e8me, il contourne le SoC et affiche instantan\u00e9ment la vid\u00e9o de la cam\u00e9ra de recul.<\/p>\n<p>&nbsp;<a href=\"http:\/\/www.intersil.com\/products\/tw8844\">Intersil<\/a><\/p>\n","protected":false},"excerpt":{"rendered":"<p>Le TW8844 hautement int\u00e9gr\u00e9 d&rsquo;Intersil affiche instantan\u00e9ment la vid\u00e9o en direct de la cam\u00e9ra de recul, d\u00e9passant les normes de l&rsquo;industrie en r\u00e9duisant par 4 temps de d\u00e9marrage.<\/p>\n","protected":false},"author":11,"featured_media":166404,"comment_status":"closed","ping_status":"closed","sticky":false,"template":"","format":"standard","meta":{"_acf_changed":false,"footnotes":""},"categories":[881],"tags":[891],"domains":[47],"ppma_author":[1143],"class_list":["post-166403","post","type-post","status-publish","format-standard","has-post-thumbnail","hentry","category-nouveaux-produits","tag-automotive-fr","domains-electronique-eci"],"acf":[],"yoast_head":"<title>Processeur vid\u00e9o LCD Full HD pour cam\u00e9ras de recul automobile ...<\/title>\n<meta name=\"description\" content=\"Le TW8844 hautement int\u00e9gr\u00e9 d&#039;Intersil affiche instantan\u00e9ment la vid\u00e9o en direct de la cam\u00e9ra de recul, d\u00e9passant les normes de l&#039;industrie en...\" \/>\n<meta name=\"robots\" content=\"index, follow, max-snippet:-1, max-image-preview:large, max-video-preview:-1\" \/>\n<link rel=\"canonical\" href=\"https:\/\/www.ecinews.fr\/fr\/wp-json\/wp\/v2\/posts\/166403\/\" \/>\n<meta property=\"og:locale\" content=\"fr_FR\" \/>\n<meta property=\"og:type\" content=\"article\" \/>\n<meta property=\"og:title\" content=\"Processeur vid\u00e9o LCD Full HD pour cam\u00e9ras de recul automobile\" \/>\n<meta property=\"og:description\" content=\"Le TW8844 hautement int\u00e9gr\u00e9 d&#039;Intersil affiche instantan\u00e9ment la vid\u00e9o en direct de la cam\u00e9ra de recul, d\u00e9passant les normes de l&#039;industrie en r\u00e9duisant par 4 temps de d\u00e9marrage.\" \/>\n<meta property=\"og:url\" content=\"https:\/\/www.ecinews.fr\/fr\/wp-json\/wp\/v2\/posts\/166403\/\" \/>\n<meta property=\"og:site_name\" content=\"EENewsEurope\" \/>\n<meta property=\"article:published_time\" content=\"2017-07-22T22:04:53+00:00\" \/>\n<meta property=\"og:image\" content=\"https:\/\/www.ecinews.fr\/wp-content\/uploads\/import\/default\/files\/sites\/default\/files\/images\/intersil_camera_recul.jpg\" \/>\n\t<meta property=\"og:image:width\" content=\"595\" \/>\n\t<meta property=\"og:image:height\" content=\"397\" \/>\n\t<meta property=\"og:image:type\" content=\"image\/jpeg\" \/>\n<meta name=\"author\" content=\"Daniel Cardon\" \/>\n<meta name=\"twitter:card\" content=\"summary_large_image\" \/>\n<meta name=\"twitter:label1\" content=\"Written by\" \/>\n\t<meta name=\"twitter:data1\" content=\"Daniel Cardon\" \/>\n\t<meta name=\"twitter:label2\" content=\"Est. reading time\" \/>\n\t<meta name=\"twitter:data2\" content=\"2 minutes\" \/>\n<script type=\"application\/ld+json\" class=\"yoast-schema-graph\">{\"@context\":\"https:\/\/schema.org\",\"@graph\":[{\"@type\":\"Article\",\"@id\":\"https:\/\/www.ecinews.fr\/fr\/processeur-video-lcd-full-hd-pour-cameras-de-recul-automobile\/#article\",\"isPartOf\":{\"@id\":\"https:\/\/www.ecinews.fr\/fr\/processeur-video-lcd-full-hd-pour-cameras-de-recul-automobile\/\"},\"author\":{\"name\":\"Daniel Cardon\",\"@id\":\"https:\/\/www.eenewseurope.com\/en\/#\/schema\/person\/93c44cde463762f40a8236eaa44c1c17\"},\"headline\":\"Processeur vid\u00e9o LCD Full HD pour cam\u00e9ras de recul automobile\",\"datePublished\":\"2017-07-22T22:04:53+00:00\",\"dateModified\":\"2017-07-22T22:04:53+00:00\",\"mainEntityOfPage\":{\"@id\":\"https:\/\/www.ecinews.fr\/fr\/processeur-video-lcd-full-hd-pour-cameras-de-recul-automobile\/\"},\"wordCount\":319,\"publisher\":{\"@id\":\"https:\/\/www.eenewseurope.com\/en\/#organization\"},\"keywords\":[\"Automotive\"],\"articleSection\":[\"Nouveaux produits\"],\"inLanguage\":\"fr-FR\"},{\"@type\":\"WebPage\",\"@id\":\"https:\/\/www.ecinews.fr\/fr\/processeur-video-lcd-full-hd-pour-cameras-de-recul-automobile\/\",\"url\":\"https:\/\/www.ecinews.fr\/fr\/processeur-video-lcd-full-hd-pour-cameras-de-recul-automobile\/\",\"name\":\"Processeur vid\u00e9o LCD Full HD pour cam\u00e9ras de recul automobile -\",\"isPartOf\":{\"@id\":\"https:\/\/www.eenewseurope.com\/en\/#website\"},\"datePublished\":\"2017-07-22T22:04:53+00:00\",\"dateModified\":\"2017-07-22T22:04:53+00:00\",\"breadcrumb\":{\"@id\":\"https:\/\/www.ecinews.fr\/fr\/processeur-video-lcd-full-hd-pour-cameras-de-recul-automobile\/#breadcrumb\"},\"inLanguage\":\"fr-FR\",\"potentialAction\":[{\"@type\":\"ReadAction\",\"target\":[\"https:\/\/www.ecinews.fr\/fr\/processeur-video-lcd-full-hd-pour-cameras-de-recul-automobile\/\"]}]},{\"@type\":\"BreadcrumbList\",\"@id\":\"https:\/\/www.ecinews.fr\/fr\/processeur-video-lcd-full-hd-pour-cameras-de-recul-automobile\/#breadcrumb\",\"itemListElement\":[{\"@type\":\"ListItem\",\"position\":1,\"name\":\"Home\",\"item\":\"https:\/\/www.ecinews.fr\/fr\/\"},{\"@type\":\"ListItem\",\"position\":2,\"name\":\"Processeur vid\u00e9o LCD Full HD pour cam\u00e9ras de recul automobile\"}]},{\"@type\":\"WebSite\",\"@id\":\"https:\/\/www.eenewseurope.com\/en\/#website\",\"url\":\"https:\/\/www.eenewseurope.com\/en\/\",\"name\":\"EENewsEurope\",\"description\":\"Just another WordPress site\",\"publisher\":{\"@id\":\"https:\/\/www.eenewseurope.com\/en\/#organization\"},\"potentialAction\":[{\"@type\":\"SearchAction\",\"target\":{\"@type\":\"EntryPoint\",\"urlTemplate\":\"https:\/\/www.eenewseurope.com\/en\/?s={search_term_string}\"},\"query-input\":\"required name=search_term_string\"}],\"inLanguage\":\"fr-FR\"},{\"@type\":\"Organization\",\"@id\":\"https:\/\/www.eenewseurope.com\/en\/#organization\",\"name\":\"EENewsEurope\",\"url\":\"https:\/\/www.eenewseurope.com\/en\/\",\"logo\":{\"@type\":\"ImageObject\",\"inLanguage\":\"fr-FR\",\"@id\":\"https:\/\/www.eenewseurope.com\/en\/#\/schema\/logo\/image\/\",\"url\":\"https:\/\/www.ecinews.fr\/wp-content\/uploads\/2022\/02\/logo-1.jpg\",\"contentUrl\":\"https:\/\/www.ecinews.fr\/wp-content\/uploads\/2022\/02\/logo-1.jpg\",\"width\":283,\"height\":113,\"caption\":\"EENewsEurope\"},\"image\":{\"@id\":\"https:\/\/www.eenewseurope.com\/en\/#\/schema\/logo\/image\/\"}},{\"@type\":\"Person\",\"@id\":\"https:\/\/www.eenewseurope.com\/en\/#\/schema\/person\/93c44cde463762f40a8236eaa44c1c17\",\"name\":\"Daniel Cardon\",\"image\":{\"@type\":\"ImageObject\",\"inLanguage\":\"fr-FR\",\"@id\":\"https:\/\/www.eenewseurope.com\/en\/#\/schema\/person\/image\/2b243f6bcc1cff7d86aadfb2cd0bd870\",\"url\":\"https:\/\/secure.gravatar.com\/avatar\/de9edc136dfc061ad4778e04635baefa?s=96&d=mm&r=g\",\"contentUrl\":\"https:\/\/secure.gravatar.com\/avatar\/de9edc136dfc061ad4778e04635baefa?s=96&d=mm&r=g\",\"caption\":\"Daniel Cardon\"}}]}<\/script>","yoast_head_json":{"title":"Processeur vid\u00e9o LCD Full HD pour cam\u00e9ras de recul automobile ...","description":"Le TW8844 hautement int\u00e9gr\u00e9 d'Intersil affiche instantan\u00e9ment la vid\u00e9o en direct de la cam\u00e9ra de recul, d\u00e9passant les normes de l'industrie en...","robots":{"index":"index","follow":"follow","max-snippet":"max-snippet:-1","max-image-preview":"max-image-preview:large","max-video-preview":"max-video-preview:-1"},"canonical":"https:\/\/www.ecinews.fr\/fr\/wp-json\/wp\/v2\/posts\/166403\/","og_locale":"fr_FR","og_type":"article","og_title":"Processeur vid\u00e9o LCD Full HD pour cam\u00e9ras de recul automobile","og_description":"Le TW8844 hautement int\u00e9gr\u00e9 d'Intersil affiche instantan\u00e9ment la vid\u00e9o en direct de la cam\u00e9ra de recul, d\u00e9passant les normes de l'industrie en r\u00e9duisant par 4 temps de d\u00e9marrage.","og_url":"https:\/\/www.ecinews.fr\/fr\/wp-json\/wp\/v2\/posts\/166403\/","og_site_name":"EENewsEurope","article_published_time":"2017-07-22T22:04:53+00:00","og_image":[{"width":595,"height":397,"url":"https:\/\/www.ecinews.fr\/wp-content\/uploads\/import\/default\/files\/sites\/default\/files\/images\/intersil_camera_recul.jpg","type":"image\/jpeg"}],"author":"Daniel Cardon","twitter_card":"summary_large_image","twitter_misc":{"Written by":"Daniel Cardon","Est. reading time":"2 minutes"},"schema":{"@context":"https:\/\/schema.org","@graph":[{"@type":"Article","@id":"https:\/\/www.ecinews.fr\/fr\/processeur-video-lcd-full-hd-pour-cameras-de-recul-automobile\/#article","isPartOf":{"@id":"https:\/\/www.ecinews.fr\/fr\/processeur-video-lcd-full-hd-pour-cameras-de-recul-automobile\/"},"author":{"name":"Daniel Cardon","@id":"https:\/\/www.eenewseurope.com\/en\/#\/schema\/person\/93c44cde463762f40a8236eaa44c1c17"},"headline":"Processeur vid\u00e9o LCD Full HD pour cam\u00e9ras de recul automobile","datePublished":"2017-07-22T22:04:53+00:00","dateModified":"2017-07-22T22:04:53+00:00","mainEntityOfPage":{"@id":"https:\/\/www.ecinews.fr\/fr\/processeur-video-lcd-full-hd-pour-cameras-de-recul-automobile\/"},"wordCount":319,"publisher":{"@id":"https:\/\/www.eenewseurope.com\/en\/#organization"},"keywords":["Automotive"],"articleSection":["Nouveaux produits"],"inLanguage":"fr-FR"},{"@type":"WebPage","@id":"https:\/\/www.ecinews.fr\/fr\/processeur-video-lcd-full-hd-pour-cameras-de-recul-automobile\/","url":"https:\/\/www.ecinews.fr\/fr\/processeur-video-lcd-full-hd-pour-cameras-de-recul-automobile\/","name":"Processeur vid\u00e9o LCD Full HD pour cam\u00e9ras de recul automobile -","isPartOf":{"@id":"https:\/\/www.eenewseurope.com\/en\/#website"},"datePublished":"2017-07-22T22:04:53+00:00","dateModified":"2017-07-22T22:04:53+00:00","breadcrumb":{"@id":"https:\/\/www.ecinews.fr\/fr\/processeur-video-lcd-full-hd-pour-cameras-de-recul-automobile\/#breadcrumb"},"inLanguage":"fr-FR","potentialAction":[{"@type":"ReadAction","target":["https:\/\/www.ecinews.fr\/fr\/processeur-video-lcd-full-hd-pour-cameras-de-recul-automobile\/"]}]},{"@type":"BreadcrumbList","@id":"https:\/\/www.ecinews.fr\/fr\/processeur-video-lcd-full-hd-pour-cameras-de-recul-automobile\/#breadcrumb","itemListElement":[{"@type":"ListItem","position":1,"name":"Home","item":"https:\/\/www.ecinews.fr\/fr\/"},{"@type":"ListItem","position":2,"name":"Processeur vid\u00e9o LCD Full HD pour cam\u00e9ras de recul automobile"}]},{"@type":"WebSite","@id":"https:\/\/www.eenewseurope.com\/en\/#website","url":"https:\/\/www.eenewseurope.com\/en\/","name":"EENewsEurope","description":"Just another WordPress site","publisher":{"@id":"https:\/\/www.eenewseurope.com\/en\/#organization"},"potentialAction":[{"@type":"SearchAction","target":{"@type":"EntryPoint","urlTemplate":"https:\/\/www.eenewseurope.com\/en\/?s={search_term_string}"},"query-input":"required name=search_term_string"}],"inLanguage":"fr-FR"},{"@type":"Organization","@id":"https:\/\/www.eenewseurope.com\/en\/#organization","name":"EENewsEurope","url":"https:\/\/www.eenewseurope.com\/en\/","logo":{"@type":"ImageObject","inLanguage":"fr-FR","@id":"https:\/\/www.eenewseurope.com\/en\/#\/schema\/logo\/image\/","url":"https:\/\/www.ecinews.fr\/wp-content\/uploads\/2022\/02\/logo-1.jpg","contentUrl":"https:\/\/www.ecinews.fr\/wp-content\/uploads\/2022\/02\/logo-1.jpg","width":283,"height":113,"caption":"EENewsEurope"},"image":{"@id":"https:\/\/www.eenewseurope.com\/en\/#\/schema\/logo\/image\/"}},{"@type":"Person","@id":"https:\/\/www.eenewseurope.com\/en\/#\/schema\/person\/93c44cde463762f40a8236eaa44c1c17","name":"Daniel Cardon","image":{"@type":"ImageObject","inLanguage":"fr-FR","@id":"https:\/\/www.eenewseurope.com\/en\/#\/schema\/person\/image\/2b243f6bcc1cff7d86aadfb2cd0bd870","url":"https:\/\/secure.gravatar.com\/avatar\/de9edc136dfc061ad4778e04635baefa?s=96&d=mm&r=g","contentUrl":"https:\/\/secure.gravatar.com\/avatar\/de9edc136dfc061ad4778e04635baefa?s=96&d=mm&r=g","caption":"Daniel Cardon"}}]}},"authors":[{"term_id":1143,"user_id":11,"is_guest":0,"slug":"danielcardon","display_name":"Daniel Cardon","avatar_url":"https:\/\/secure.gravatar.com\/avatar\/de9edc136dfc061ad4778e04635baefa?s=96&d=mm&r=g","0":null,"1":"","2":"","3":"","4":"","5":"","6":"","7":"","8":""}],"_links":{"self":[{"href":"https:\/\/www.ecinews.fr\/fr\/wp-json\/wp\/v2\/posts\/166403"}],"collection":[{"href":"https:\/\/www.ecinews.fr\/fr\/wp-json\/wp\/v2\/posts"}],"about":[{"href":"https:\/\/www.ecinews.fr\/fr\/wp-json\/wp\/v2\/types\/post"}],"author":[{"embeddable":true,"href":"https:\/\/www.ecinews.fr\/fr\/wp-json\/wp\/v2\/users\/11"}],"replies":[{"embeddable":true,"href":"https:\/\/www.ecinews.fr\/fr\/wp-json\/wp\/v2\/comments?post=166403"}],"version-history":[{"count":0,"href":"https:\/\/www.ecinews.fr\/fr\/wp-json\/wp\/v2\/posts\/166403\/revisions"}],"wp:featuredmedia":[{"embeddable":true,"href":"https:\/\/www.ecinews.fr\/fr\/wp-json\/wp\/v2\/media\/166404"}],"wp:attachment":[{"href":"https:\/\/www.ecinews.fr\/fr\/wp-json\/wp\/v2\/media?parent=166403"}],"wp:term":[{"taxonomy":"category","embeddable":true,"href":"https:\/\/www.ecinews.fr\/fr\/wp-json\/wp\/v2\/categories?post=166403"},{"taxonomy":"post_tag","embeddable":true,"href":"https:\/\/www.ecinews.fr\/fr\/wp-json\/wp\/v2\/tags?post=166403"},{"taxonomy":"domains","embeddable":true,"href":"https:\/\/www.ecinews.fr\/fr\/wp-json\/wp\/v2\/domains?post=166403"},{"taxonomy":"author","embeddable":true,"href":"https:\/\/www.ecinews.fr\/fr\/wp-json\/wp\/v2\/ppma_author?post=166403"}],"curies":[{"name":"wp","href":"https:\/\/api.w.org\/{rel}","templated":true}]}}