{"id":159849,"date":"2021-12-30T10:52:12","date_gmt":"2021-12-30T10:52:12","guid":{"rendered":"https:\/\/eenewseurope.artwhere.co\/intel-prevoit-une-usine-de-test-et-dassemblage-en-italie-et-un-centre-de-recherche-en-france\/"},"modified":"2021-12-30T10:52:12","modified_gmt":"2021-12-30T10:52:12","slug":"intel-prevoit-une-usine-de-test-et-dassemblage-en-italie-et-un-centre-de-recherche-en-france","status":"publish","type":"post","link":"https:\/\/www.ecinews.fr\/fr\/intel-prevoit-une-usine-de-test-et-dassemblage-en-italie-et-un-centre-de-recherche-en-france\/","title":{"rendered":"Intel pr\u00e9voit une usine de test et d&rsquo;assemblage en Italie et un centre de recherche en France"},"content":{"rendered":"<p>La France accueillera un centre de recherche et de conception tandis que l&rsquo;Italie verra l&rsquo;arriv\u00e9e&nbsp;d&rsquo;une usine de tests&nbsp;et d&rsquo;assemblage, selon des sources d&rsquo;Intel cit\u00e9es dans le rapport.&nbsp;La soci\u00e9t\u00e9 a d\u00e9j\u00e0 des activit\u00e9s de recherche et de conception dans son si\u00e8ge europ\u00e9en \u00e0 pr\u00e8s&nbsp;de Munich ainsi que la conception IoT \u00e0 Swindon, au Royaume-Uni.<\/p>\n<p>Les repr\u00e9sentants des gouvernements fran\u00e7ais, allemand et italien ont refus\u00e9 de commenter le rapport de Bloomberg, tout comme les porte-parole d&rsquo;Intel en Europe et aux \u00c9tats-Unis.<\/p>\n<p>La suggestion d&rsquo;une usine de test et d&rsquo;assemblage est essentielle pour le soutien d&rsquo;Intel aux projets europ\u00e9ens de souverainet\u00e9 sur les semiconducteurs dans le cadre du projet de loi sur les puces. L&rsquo;objectif est de&nbsp;stimuler une cha\u00eene d&rsquo;approvisionnement compl\u00e8te en Europe,&nbsp;la pand\u00e9mie ayant mis en \u00e9vidence l&rsquo;importance des tests et de l&rsquo;assemblage, qui sont concentr\u00e9s en Asie.<\/p>\n<p>Le rapport sugg\u00e8re \u00e9galement que les plans d&rsquo;Intel se concentrent sur le cluster de puces \u00e0 Dresde, plut\u00f4t que sur d&rsquo;autres propositions pour la Bavi\u00e8re en Allemagne afin de soutenir les constructeurs automobiles allemands et Galway en Irlande, proche de la seule autre usine d&rsquo;Intel en Europe \u00e0 Leixlip.<\/p>\n<p>TSMC est \u00e9galement en pourparlers pour&nbsp;la construction d&rsquo;une usine en Europe et envisage \u00e9galement Drede&nbsp;comme site d&rsquo;implantation.<\/p>\n<p><a href=\"https:\/\/www.intel.com\/\" target=\"_blank\" rel=\"noopener\">www.intel.com<\/a><\/p>\n","protected":false},"excerpt":{"rendered":"<p>Selon un rapport de Blomberg, Intel envisage d&rsquo;ajouter une usine en Italie et un site de recherche en France ainsi qu&rsquo;un proet d&rsquo;usine en Europe.<\/p>\n","protected":false},"author":11,"featured_media":159850,"comment_status":"closed","ping_status":"closed","sticky":false,"template":"","format":"standard","meta":{"_acf_changed":false,"footnotes":""},"categories":[],"tags":[],"domains":[47],"ppma_author":[1143],"class_list":["post-159849","post","type-post","status-publish","format-standard","has-post-thumbnail","hentry","domains-electronique-eci"],"acf":[],"yoast_head":"<title>Intel pr\u00e9voit une usine de test et d&#039;assemblage en Italie et u...<\/title>\n<meta name=\"description\" content=\"Selon un rapport de Blomberg, Intel envisage d&#039;ajouter une usine en Italie et un site de recherche en France ainsi qu&#039;un proet d&#039;usine en Europe.\" \/>\n<meta name=\"robots\" content=\"index, follow, max-snippet:-1, max-image-preview:large, max-video-preview:-1\" \/>\n<link rel=\"canonical\" href=\"https:\/\/www.ecinews.fr\/fr\/wp-json\/wp\/v2\/posts\/159849\/\" \/>\n<meta property=\"og:locale\" content=\"fr_FR\" \/>\n<meta property=\"og:type\" content=\"article\" \/>\n<meta property=\"og:title\" content=\"Intel pr\u00e9voit une usine de test et d&#039;assemblage en Italie et un centre de recherche en France\" \/>\n<meta property=\"og:description\" content=\"Selon un rapport de Blomberg, Intel envisage d&#039;ajouter une usine en Italie et un site de recherche en France ainsi qu&#039;un proet d&#039;usine en Europe.\" \/>\n<meta property=\"og:url\" content=\"https:\/\/www.ecinews.fr\/fr\/wp-json\/wp\/v2\/posts\/159849\/\" \/>\n<meta property=\"og:site_name\" content=\"EENewsEurope\" \/>\n<meta property=\"article:published_time\" content=\"2021-12-30T10:52:12+00:00\" \/>\n<meta property=\"og:image\" content=\"https:\/\/www.ecinews.fr\/wp-content\/uploads\/import\/default\/files\/sites\/default\/files\/images\/intel_fab.jpg\" \/>\n\t<meta property=\"og:image:width\" content=\"480\" \/>\n\t<meta property=\"og:image:height\" content=\"270\" \/>\n\t<meta property=\"og:image:type\" content=\"image\/jpeg\" \/>\n<meta name=\"author\" content=\"Daniel Cardon\" \/>\n<meta name=\"twitter:card\" content=\"summary_large_image\" \/>\n<meta name=\"twitter:label1\" content=\"Written by\" \/>\n\t<meta name=\"twitter:data1\" content=\"Daniel Cardon\" \/>\n\t<meta name=\"twitter:label2\" content=\"Est. reading time\" \/>\n\t<meta name=\"twitter:data2\" content=\"1 minute\" \/>\n<script type=\"application\/ld+json\" class=\"yoast-schema-graph\">{\"@context\":\"https:\/\/schema.org\",\"@graph\":[{\"@type\":\"Article\",\"@id\":\"https:\/\/www.ecinews.fr\/fr\/intel-prevoit-une-usine-de-test-et-dassemblage-en-italie-et-un-centre-de-recherche-en-france\/#article\",\"isPartOf\":{\"@id\":\"https:\/\/www.ecinews.fr\/fr\/intel-prevoit-une-usine-de-test-et-dassemblage-en-italie-et-un-centre-de-recherche-en-france\/\"},\"author\":{\"name\":\"Daniel Cardon\",\"@id\":\"https:\/\/www.eenewseurope.com\/en\/#\/schema\/person\/93c44cde463762f40a8236eaa44c1c17\"},\"headline\":\"Intel pr\u00e9voit une usine de test et d&rsquo;assemblage en Italie et un centre de recherche en France\",\"datePublished\":\"2021-12-30T10:52:12+00:00\",\"dateModified\":\"2021-12-30T10:52:12+00:00\",\"mainEntityOfPage\":{\"@id\":\"https:\/\/www.ecinews.fr\/fr\/intel-prevoit-une-usine-de-test-et-dassemblage-en-italie-et-un-centre-de-recherche-en-france\/\"},\"wordCount\":272,\"publisher\":{\"@id\":\"https:\/\/www.eenewseurope.com\/en\/#organization\"},\"inLanguage\":\"fr-FR\"},{\"@type\":\"WebPage\",\"@id\":\"https:\/\/www.ecinews.fr\/fr\/intel-prevoit-une-usine-de-test-et-dassemblage-en-italie-et-un-centre-de-recherche-en-france\/\",\"url\":\"https:\/\/www.ecinews.fr\/fr\/intel-prevoit-une-usine-de-test-et-dassemblage-en-italie-et-un-centre-de-recherche-en-france\/\",\"name\":\"Intel pr\u00e9voit une usine de test et d'assemblage en Italie et un centre de recherche en France -\",\"isPartOf\":{\"@id\":\"https:\/\/www.eenewseurope.com\/en\/#website\"},\"datePublished\":\"2021-12-30T10:52:12+00:00\",\"dateModified\":\"2021-12-30T10:52:12+00:00\",\"breadcrumb\":{\"@id\":\"https:\/\/www.ecinews.fr\/fr\/intel-prevoit-une-usine-de-test-et-dassemblage-en-italie-et-un-centre-de-recherche-en-france\/#breadcrumb\"},\"inLanguage\":\"fr-FR\",\"potentialAction\":[{\"@type\":\"ReadAction\",\"target\":[\"https:\/\/www.ecinews.fr\/fr\/intel-prevoit-une-usine-de-test-et-dassemblage-en-italie-et-un-centre-de-recherche-en-france\/\"]}]},{\"@type\":\"BreadcrumbList\",\"@id\":\"https:\/\/www.ecinews.fr\/fr\/intel-prevoit-une-usine-de-test-et-dassemblage-en-italie-et-un-centre-de-recherche-en-france\/#breadcrumb\",\"itemListElement\":[{\"@type\":\"ListItem\",\"position\":1,\"name\":\"Home\",\"item\":\"https:\/\/www.ecinews.fr\/fr\/\"},{\"@type\":\"ListItem\",\"position\":2,\"name\":\"Intel pr\u00e9voit une usine de test et d&rsquo;assemblage en Italie et un centre de recherche en France\"}]},{\"@type\":\"WebSite\",\"@id\":\"https:\/\/www.eenewseurope.com\/en\/#website\",\"url\":\"https:\/\/www.eenewseurope.com\/en\/\",\"name\":\"EENewsEurope\",\"description\":\"Just another WordPress site\",\"publisher\":{\"@id\":\"https:\/\/www.eenewseurope.com\/en\/#organization\"},\"potentialAction\":[{\"@type\":\"SearchAction\",\"target\":{\"@type\":\"EntryPoint\",\"urlTemplate\":\"https:\/\/www.eenewseurope.com\/en\/?s={search_term_string}\"},\"query-input\":\"required name=search_term_string\"}],\"inLanguage\":\"fr-FR\"},{\"@type\":\"Organization\",\"@id\":\"https:\/\/www.eenewseurope.com\/en\/#organization\",\"name\":\"EENewsEurope\",\"url\":\"https:\/\/www.eenewseurope.com\/en\/\",\"logo\":{\"@type\":\"ImageObject\",\"inLanguage\":\"fr-FR\",\"@id\":\"https:\/\/www.eenewseurope.com\/en\/#\/schema\/logo\/image\/\",\"url\":\"https:\/\/www.ecinews.fr\/wp-content\/uploads\/2022\/02\/logo-1.jpg\",\"contentUrl\":\"https:\/\/www.ecinews.fr\/wp-content\/uploads\/2022\/02\/logo-1.jpg\",\"width\":283,\"height\":113,\"caption\":\"EENewsEurope\"},\"image\":{\"@id\":\"https:\/\/www.eenewseurope.com\/en\/#\/schema\/logo\/image\/\"}},{\"@type\":\"Person\",\"@id\":\"https:\/\/www.eenewseurope.com\/en\/#\/schema\/person\/93c44cde463762f40a8236eaa44c1c17\",\"name\":\"Daniel Cardon\",\"image\":{\"@type\":\"ImageObject\",\"inLanguage\":\"fr-FR\",\"@id\":\"https:\/\/www.eenewseurope.com\/en\/#\/schema\/person\/image\/2b243f6bcc1cff7d86aadfb2cd0bd870\",\"url\":\"https:\/\/secure.gravatar.com\/avatar\/de9edc136dfc061ad4778e04635baefa?s=96&d=mm&r=g\",\"contentUrl\":\"https:\/\/secure.gravatar.com\/avatar\/de9edc136dfc061ad4778e04635baefa?s=96&d=mm&r=g\",\"caption\":\"Daniel Cardon\"}}]}<\/script>","yoast_head_json":{"title":"Intel pr\u00e9voit une usine de test et d'assemblage en Italie et u...","description":"Selon un rapport de Blomberg, Intel envisage d'ajouter une usine en Italie et un site de recherche en France ainsi qu'un proet d'usine en Europe.","robots":{"index":"index","follow":"follow","max-snippet":"max-snippet:-1","max-image-preview":"max-image-preview:large","max-video-preview":"max-video-preview:-1"},"canonical":"https:\/\/www.ecinews.fr\/fr\/wp-json\/wp\/v2\/posts\/159849\/","og_locale":"fr_FR","og_type":"article","og_title":"Intel pr\u00e9voit une usine de test et d'assemblage en Italie et un centre de recherche en France","og_description":"Selon un rapport de Blomberg, Intel envisage d'ajouter une usine en Italie et un site de recherche en France ainsi qu'un proet d'usine en Europe.","og_url":"https:\/\/www.ecinews.fr\/fr\/wp-json\/wp\/v2\/posts\/159849\/","og_site_name":"EENewsEurope","article_published_time":"2021-12-30T10:52:12+00:00","og_image":[{"width":480,"height":270,"url":"https:\/\/www.ecinews.fr\/wp-content\/uploads\/import\/default\/files\/sites\/default\/files\/images\/intel_fab.jpg","type":"image\/jpeg"}],"author":"Daniel Cardon","twitter_card":"summary_large_image","twitter_misc":{"Written by":"Daniel Cardon","Est. reading time":"1 minute"},"schema":{"@context":"https:\/\/schema.org","@graph":[{"@type":"Article","@id":"https:\/\/www.ecinews.fr\/fr\/intel-prevoit-une-usine-de-test-et-dassemblage-en-italie-et-un-centre-de-recherche-en-france\/#article","isPartOf":{"@id":"https:\/\/www.ecinews.fr\/fr\/intel-prevoit-une-usine-de-test-et-dassemblage-en-italie-et-un-centre-de-recherche-en-france\/"},"author":{"name":"Daniel Cardon","@id":"https:\/\/www.eenewseurope.com\/en\/#\/schema\/person\/93c44cde463762f40a8236eaa44c1c17"},"headline":"Intel pr\u00e9voit une usine de test et d&rsquo;assemblage en Italie et un centre de recherche en France","datePublished":"2021-12-30T10:52:12+00:00","dateModified":"2021-12-30T10:52:12+00:00","mainEntityOfPage":{"@id":"https:\/\/www.ecinews.fr\/fr\/intel-prevoit-une-usine-de-test-et-dassemblage-en-italie-et-un-centre-de-recherche-en-france\/"},"wordCount":272,"publisher":{"@id":"https:\/\/www.eenewseurope.com\/en\/#organization"},"inLanguage":"fr-FR"},{"@type":"WebPage","@id":"https:\/\/www.ecinews.fr\/fr\/intel-prevoit-une-usine-de-test-et-dassemblage-en-italie-et-un-centre-de-recherche-en-france\/","url":"https:\/\/www.ecinews.fr\/fr\/intel-prevoit-une-usine-de-test-et-dassemblage-en-italie-et-un-centre-de-recherche-en-france\/","name":"Intel pr\u00e9voit une usine de test et d'assemblage en Italie et un centre de recherche en France -","isPartOf":{"@id":"https:\/\/www.eenewseurope.com\/en\/#website"},"datePublished":"2021-12-30T10:52:12+00:00","dateModified":"2021-12-30T10:52:12+00:00","breadcrumb":{"@id":"https:\/\/www.ecinews.fr\/fr\/intel-prevoit-une-usine-de-test-et-dassemblage-en-italie-et-un-centre-de-recherche-en-france\/#breadcrumb"},"inLanguage":"fr-FR","potentialAction":[{"@type":"ReadAction","target":["https:\/\/www.ecinews.fr\/fr\/intel-prevoit-une-usine-de-test-et-dassemblage-en-italie-et-un-centre-de-recherche-en-france\/"]}]},{"@type":"BreadcrumbList","@id":"https:\/\/www.ecinews.fr\/fr\/intel-prevoit-une-usine-de-test-et-dassemblage-en-italie-et-un-centre-de-recherche-en-france\/#breadcrumb","itemListElement":[{"@type":"ListItem","position":1,"name":"Home","item":"https:\/\/www.ecinews.fr\/fr\/"},{"@type":"ListItem","position":2,"name":"Intel pr\u00e9voit une usine de test et d&rsquo;assemblage en Italie et un centre de recherche en France"}]},{"@type":"WebSite","@id":"https:\/\/www.eenewseurope.com\/en\/#website","url":"https:\/\/www.eenewseurope.com\/en\/","name":"EENewsEurope","description":"Just another WordPress site","publisher":{"@id":"https:\/\/www.eenewseurope.com\/en\/#organization"},"potentialAction":[{"@type":"SearchAction","target":{"@type":"EntryPoint","urlTemplate":"https:\/\/www.eenewseurope.com\/en\/?s={search_term_string}"},"query-input":"required name=search_term_string"}],"inLanguage":"fr-FR"},{"@type":"Organization","@id":"https:\/\/www.eenewseurope.com\/en\/#organization","name":"EENewsEurope","url":"https:\/\/www.eenewseurope.com\/en\/","logo":{"@type":"ImageObject","inLanguage":"fr-FR","@id":"https:\/\/www.eenewseurope.com\/en\/#\/schema\/logo\/image\/","url":"https:\/\/www.ecinews.fr\/wp-content\/uploads\/2022\/02\/logo-1.jpg","contentUrl":"https:\/\/www.ecinews.fr\/wp-content\/uploads\/2022\/02\/logo-1.jpg","width":283,"height":113,"caption":"EENewsEurope"},"image":{"@id":"https:\/\/www.eenewseurope.com\/en\/#\/schema\/logo\/image\/"}},{"@type":"Person","@id":"https:\/\/www.eenewseurope.com\/en\/#\/schema\/person\/93c44cde463762f40a8236eaa44c1c17","name":"Daniel Cardon","image":{"@type":"ImageObject","inLanguage":"fr-FR","@id":"https:\/\/www.eenewseurope.com\/en\/#\/schema\/person\/image\/2b243f6bcc1cff7d86aadfb2cd0bd870","url":"https:\/\/secure.gravatar.com\/avatar\/de9edc136dfc061ad4778e04635baefa?s=96&d=mm&r=g","contentUrl":"https:\/\/secure.gravatar.com\/avatar\/de9edc136dfc061ad4778e04635baefa?s=96&d=mm&r=g","caption":"Daniel Cardon"}}]}},"authors":[{"term_id":1143,"user_id":11,"is_guest":0,"slug":"danielcardon","display_name":"Daniel Cardon","avatar_url":"https:\/\/secure.gravatar.com\/avatar\/de9edc136dfc061ad4778e04635baefa?s=96&d=mm&r=g","0":null,"1":"","2":"","3":"","4":"","5":"","6":"","7":"","8":""}],"_links":{"self":[{"href":"https:\/\/www.ecinews.fr\/fr\/wp-json\/wp\/v2\/posts\/159849"}],"collection":[{"href":"https:\/\/www.ecinews.fr\/fr\/wp-json\/wp\/v2\/posts"}],"about":[{"href":"https:\/\/www.ecinews.fr\/fr\/wp-json\/wp\/v2\/types\/post"}],"author":[{"embeddable":true,"href":"https:\/\/www.ecinews.fr\/fr\/wp-json\/wp\/v2\/users\/11"}],"replies":[{"embeddable":true,"href":"https:\/\/www.ecinews.fr\/fr\/wp-json\/wp\/v2\/comments?post=159849"}],"version-history":[{"count":0,"href":"https:\/\/www.ecinews.fr\/fr\/wp-json\/wp\/v2\/posts\/159849\/revisions"}],"wp:featuredmedia":[{"embeddable":true,"href":"https:\/\/www.ecinews.fr\/fr\/wp-json\/wp\/v2\/media\/159850"}],"wp:attachment":[{"href":"https:\/\/www.ecinews.fr\/fr\/wp-json\/wp\/v2\/media?parent=159849"}],"wp:term":[{"taxonomy":"category","embeddable":true,"href":"https:\/\/www.ecinews.fr\/fr\/wp-json\/wp\/v2\/categories?post=159849"},{"taxonomy":"post_tag","embeddable":true,"href":"https:\/\/www.ecinews.fr\/fr\/wp-json\/wp\/v2\/tags?post=159849"},{"taxonomy":"domains","embeddable":true,"href":"https:\/\/www.ecinews.fr\/fr\/wp-json\/wp\/v2\/domains?post=159849"},{"taxonomy":"author","embeddable":true,"href":"https:\/\/www.ecinews.fr\/fr\/wp-json\/wp\/v2\/ppma_author?post=159849"}],"curies":[{"name":"wp","href":"https:\/\/api.w.org\/{rel}","templated":true}]}}