{"id":157485,"date":"2021-12-06T16:19:07","date_gmt":"2021-12-06T16:19:07","guid":{"rendered":"https:\/\/eenewseurope.artwhere.co\/le-groupe-de-recherche-belge-imec-se-fait-remarquer-a-linternational-electron-devices-meeting\/"},"modified":"2021-12-06T16:19:07","modified_gmt":"2021-12-06T16:19:07","slug":"le-groupe-de-recherche-belge-imec-se-fait-remarquer-a-linternational-electron-devices-meeting","status":"publish","type":"post","link":"https:\/\/www.ecinews.fr\/fr\/le-groupe-de-recherche-belge-imec-se-fait-remarquer-a-linternational-electron-devices-meeting\/","title":{"rendered":"Le groupe de recherche belge imec se fait remarquer \u00e0 l&rsquo;International Electron Devices Meeting"},"content":{"rendered":"<p>Le groupe de recherche belge imec a une forte pr\u00e9sence \u00e0 l&rsquo;IEEE International Electron Devices Meeting (IEDM) 2021 avec 21 articles, faisant d&rsquo;imec la plus grande organisation contributrice \u00e0 la conf\u00e9rence.<\/p>\n<p>Les articles montrent des progr\u00e8s dans une vari\u00e9t\u00e9 de domaines tels que la logique, la m\u00e9moire, la technologie des dispositifs d&rsquo;alimentation. Plus pr\u00e9cis\u00e9ment, imec rapporte des perc\u00e9es dans les circuits int\u00e9gr\u00e9s d&rsquo;alimentation monolithiques GaN, les dispositifs&nbsp;nano-scale&nbsp;domain wall compatibles CMOS, la conception de SoC 3D, les interconnexions arri\u00e8re, l&rsquo;architecture de cellule DRAM bas\u00e9e sur IGZO pour les m\u00e9moires 3D-DRAM et de&nbsp;nouvelles architectures de dispositifs 2D pour des ordinateurs le quantiques&nbsp;\u00e0 grande \u00e9chelle.<\/p>\n<p>L&rsquo;utilisation de la face arri\u00e8re d&rsquo;une plaquette pour l&rsquo;interconnexion arri\u00e8re (BS) pour le routage du signal dans les&nbsp;macros SRAM et la logique \u00e0 un n\u0153ud technologique de 2 nm peut relever les d\u00e9fis technologiques de la congestion du routage BEOL frontale (FS). Compar\u00e9 au FS BEOL, le routage BS est tr\u00e8s b\u00e9n\u00e9fique pour am\u00e9liorer les performances des signaux d&rsquo;interconnexion longs.<\/p>\n<p>Un article sur la plate-forme d&rsquo;alimentation intelligente 200 V GaN-on-SOI pour les circuits int\u00e9gr\u00e9s d&rsquo;alimentation GaN monolithiques pr\u00e9sente une plate-forme de circuits int\u00e9gr\u00e9s d&rsquo;alimentation intelligents 200 V GaN-on-SOI d\u00e9velopp\u00e9e sur des substrats de 200 mm. Les MIS-HEMT en \u00ab\u00a0depletion mode\u00a0\u00bb&nbsp;et les diodes \u00e0 barri\u00e8re Schottky \u00e0 terminaison ferm\u00e9e (GET-SBD) ont \u00e9t\u00e9 int\u00e9gr\u00e9s avec succ\u00e8s dans une ligne de base de la technologie HEMT en mode d&rsquo;am\u00e9lioration (e-mode e). Une vari\u00e9t\u00e9 de dispositifs basse tension et de composants passifs compl\u00e8tent la plate-forme de circuits int\u00e9gr\u00e9s GaN.<\/p>\n<p><strong>Articles li\u00e9s:<\/strong><\/p>\n<ul>\n<li><a href=\"https:\/\/www.ecinews.fr\/news\/imec-presente-des-memoires-dram-sans-condensateur\" target=\"notSet\" rel=\"noopener\">imec pr\u00e9sente des m\u00e9moires DRAM sans condensateur<\/a><\/li>\n<li><a href=\"https:\/\/www.ecinews.fr\/news\/145-milliards-deuros-pour-lindustrie-des-semiconducteurs-en-europe\" target=\"notSet\" rel=\"noopener\">145 milliards d&rsquo;euros pour l&rsquo;industrie des semiconducteurs en Europe<\/a><\/li>\n<li><a href=\"https:\/\/www.ecinews.fr\/news\/lindependance-de-lue-dans-les-semiconducteurs-pas-faisable\" target=\"notSet\" rel=\"noopener\">L&rsquo;ind\u00e9pendance de l&rsquo;UE dans les semiconducteurs, pas faisable?<\/a><\/li>\n<li><a href=\"https:\/\/www.ecinews.fr\/news\/le-gan-aussi-performant-que-le-sic-avec-les-avancees-de-imec\" target=\"notSet\" rel=\"noopener\">Le GaN aussi performant que le SiC avec les avanc\u00e9es de imec<\/a><\/li>\n<li><a href=\"https:\/\/www.eenewseurope.com\/news\/delivering-power-back-chip\" target=\"_blank\" rel=\"noopener\">imec, ARM demonstrate backside power delivery<\/a><\/li>\n<li><a href=\"https:\/\/www.eenewseurope.com\/news\/imec-teams-quantum-photonic-circuits\" target=\"_blank\" rel=\"noopener\">imec teams for quantum photonic circuits<\/a><\/li>\n<\/ul>\n<p>La technologie \u00ab\u00a0Domain Wall motion\u00a0\u00bb&nbsp;(DW) offre une conception flexible pour de nouveaux sch\u00e9mas de calcul. Imec a d\u00e9montr\u00e9 un fonctionnement \u00e9lectrique complet de dispositifs DW \u00e0 l&rsquo;\u00e9chelle nanom\u00e9trique, fabriqu\u00e9s sur un chapeau de plaquette de 300 mm, qui pourrait \u00eatre utilis\u00e9 pour la logique.<\/p>\n<p>Les laboratoires poussent&nbsp;\u00e9galement l&rsquo;int\u00e9gration 3D de chiplets pour la m\u00e9thodologie de conception System-on-Chip avec une technique qui r\u00e9duit la latence entre les blocs. Dans 3D-SoC, le syst\u00e8me est automatiquement partitionn\u00e9 en puces distinctes qui sont simultan\u00e9ment con\u00e7ues et interconnect\u00e9es dans la 3e dimension avec des pas mis \u00e0 l&rsquo;\u00e9chelle.<\/p>\n<p>Une cellule DRAM enti\u00e8rement sans condensateur sur&nbsp;300&nbsp;mm utilisant de l&rsquo;oxyde de zinc gallium et indium (IGZO) a une r\u00e9tention de plus de 1000&nbsp;s et une endurance de plus de 1E11&nbsp;cycles. L&rsquo;architecture IGZO-TFT est enti\u00e8rement compatible avec les processus BEOL, et les chercheurs d&rsquo;imec ont d\u00e9montr\u00e9 une cellule DRAM sans condensateur avec d\u00e9position de&nbsp;IGZO.<\/p>\n<p>Pour la prochaine g\u00e9n\u00e9ration de syst\u00e8mes informatiques quantiques, les chercheurs ont montr\u00e9 un processeur quantique bas\u00e9 sur le spin en silicium 2D \u00e0 grande \u00e9chelle. \u00c0 l&rsquo;aide d&rsquo;une mod\u00e9lisation avanc\u00e9e, les chercheurs ont examin\u00e9 les dimensions critiques, les temps de porte, les fid\u00e9lit\u00e9s et les ressources sur puce pour la correction des erreurs. La conception est compacte, r\u00e9alisable avec la technologie de fabrication existante et permet une int\u00e9gration planaire des circuits de commande, offrant une voie \u00e9volutive pour les ordinateurs quantiques au silicium.<\/p>\n<p><a href=\"http:\/\/www.imec-int.com\" target=\"_blank\" rel=\"noopener\">www.imec-int.com<\/a><\/p>\n<p><strong>Other articles on eeNews Europe<\/strong><\/p>\n<ul>\n<li><a href=\"https:\/\/www.eenewseurope.com\/news\/raspberry-pi-foundation-prepares-ipo\" target=\"_blank\" rel=\"noopener\">Raspberry Pi Foundation prepares for IPO<\/a><\/li>\n<li><a href=\"https:\/\/www.eenewseurope.com\/news\/eu-looks-drive-down-cost-hydrogen\" target=\"_blank\" rel=\"noopener\">EU looks to drive down the cost of hydrogen<\/a><\/li>\n<li><a href=\"https:\/\/www.eenewseurope.com\/news\/fabless-winners-2021-boom-time\" target=\"_blank\" rel=\"noopener\">Fabless winners in 2021 boom time<\/a><\/li>\n<li><a href=\"https:\/\/www.eenewseurope.com\/news\/worlds-smallest-mems-gyroscope-navigation\" target=\"_blank\" rel=\"noopener\">World&rsquo;s smallest MEMS gyroscope for navigation<\/a><\/li>\n<li><a href=\"https:\/\/www.eenewseurope.com\/news\/consolidation-shrinks-iot-platform-players\" target=\"_blank\" rel=\"noopener\">Consolidation shrinks IoT platform players<\/a><\/li>\n<\/ul>\n","protected":false},"excerpt":{"rendered":"<p>Le routage sur la face arri\u00e8re pour des SRAM 2 nm, un syst\u00e8me GaN enti\u00e8rement int\u00e9gr\u00e9 sur puce, un processeur quantique au silicium et un routage de puces 3D sont tous des articles d&rsquo;imec \u00e0 la conf\u00e9rence IEDM 2021.<\/p>\n","protected":false},"author":7,"featured_media":157486,"comment_status":"closed","ping_status":"closed","sticky":false,"template":"","format":"standard","meta":{"_acf_changed":false,"footnotes":""},"categories":[883],"tags":[903,913,905,906,890,910],"domains":[47],"ppma_author":[1139],"class_list":["post-157485","post","type-post","status-publish","format-standard","has-post-thumbnail","hentry","category-technologies","tag-interconnect-cables-fr","tag-materials-processes-fr","tag-memory-data-storage-fr","tag-mpus-mcus-fr","tag-powermanagement-fr","tag-sensing-conditioning-fr","domains-electronique-eci"],"acf":[],"yoast_head":"<title>Le groupe de recherche belge imec se fait remarquer \u00e0 l&#039;Intern...<\/title>\n<meta name=\"description\" content=\"Le routage sur la face arri\u00e8re pour des SRAM 2 nm, un syst\u00e8me GaN enti\u00e8rement int\u00e9gr\u00e9 sur puce, un processeur quantique au silicium et un routage de...\" \/>\n<meta name=\"robots\" content=\"index, follow, max-snippet:-1, max-image-preview:large, max-video-preview:-1\" \/>\n<link rel=\"canonical\" href=\"https:\/\/www.ecinews.fr\/fr\/wp-json\/wp\/v2\/posts\/157485\/\" \/>\n<meta property=\"og:locale\" content=\"fr_FR\" \/>\n<meta property=\"og:type\" content=\"article\" \/>\n<meta property=\"og:title\" content=\"Le groupe de recherche belge imec se fait remarquer \u00e0 l&#039;International Electron Devices Meeting\" \/>\n<meta property=\"og:description\" content=\"Le routage sur la face arri\u00e8re pour des SRAM 2 nm, un syst\u00e8me GaN enti\u00e8rement int\u00e9gr\u00e9 sur puce, un processeur quantique au silicium et un routage de puces 3D sont tous des articles d&#039;imec \u00e0 la conf\u00e9rence IEDM 2021.\" \/>\n<meta property=\"og:url\" content=\"https:\/\/www.ecinews.fr\/fr\/wp-json\/wp\/v2\/posts\/157485\/\" \/>\n<meta property=\"og:site_name\" content=\"EENewsEurope\" \/>\n<meta property=\"article:published_time\" content=\"2021-12-06T16:19:07+00:00\" \/>\n<meta property=\"og:image\" content=\"https:\/\/www.ecinews.fr\/wp-content\/uploads\/import\/default\/files\/sites\/default\/files\/images\/imec_gan_1.jpg\" \/>\n\t<meta property=\"og:image:width\" content=\"1280\" \/>\n\t<meta property=\"og:image:height\" content=\"560\" \/>\n\t<meta property=\"og:image:type\" content=\"image\/jpeg\" \/>\n<meta name=\"author\" content=\"Wisse Hettinga\" \/>\n<meta name=\"twitter:card\" content=\"summary_large_image\" \/>\n<meta name=\"twitter:label1\" content=\"Written by\" \/>\n\t<meta name=\"twitter:data1\" content=\"Wisse Hettinga\" \/>\n\t<meta name=\"twitter:label2\" content=\"Est. reading time\" \/>\n\t<meta name=\"twitter:data2\" content=\"3 minutes\" \/>\n<script type=\"application\/ld+json\" class=\"yoast-schema-graph\">{\"@context\":\"https:\/\/schema.org\",\"@graph\":[{\"@type\":\"Article\",\"@id\":\"https:\/\/www.ecinews.fr\/fr\/le-groupe-de-recherche-belge-imec-se-fait-remarquer-a-linternational-electron-devices-meeting\/#article\",\"isPartOf\":{\"@id\":\"https:\/\/www.ecinews.fr\/fr\/le-groupe-de-recherche-belge-imec-se-fait-remarquer-a-linternational-electron-devices-meeting\/\"},\"author\":{\"name\":\"Wisse Hettinga\",\"@id\":\"https:\/\/www.eenewseurope.com\/en\/#\/schema\/person\/c6b626c6c65f5e1e7794ce2d17b2ca82\"},\"headline\":\"Le groupe de recherche belge imec se fait remarquer \u00e0 l&rsquo;International Electron Devices Meeting\",\"datePublished\":\"2021-12-06T16:19:07+00:00\",\"dateModified\":\"2021-12-06T16:19:07+00:00\",\"mainEntityOfPage\":{\"@id\":\"https:\/\/www.ecinews.fr\/fr\/le-groupe-de-recherche-belge-imec-se-fait-remarquer-a-linternational-electron-devices-meeting\/\"},\"wordCount\":679,\"publisher\":{\"@id\":\"https:\/\/www.eenewseurope.com\/en\/#organization\"},\"keywords\":[\"Interconnect &amp; cables\",\"Materials &amp; processes\",\"Memory &amp; Data Storage\",\"MPUs\/MCUs\",\"PowerManagement\",\"Sensing \/ Conditioning\"],\"articleSection\":[\"Technologies\"],\"inLanguage\":\"fr-FR\"},{\"@type\":\"WebPage\",\"@id\":\"https:\/\/www.ecinews.fr\/fr\/le-groupe-de-recherche-belge-imec-se-fait-remarquer-a-linternational-electron-devices-meeting\/\",\"url\":\"https:\/\/www.ecinews.fr\/fr\/le-groupe-de-recherche-belge-imec-se-fait-remarquer-a-linternational-electron-devices-meeting\/\",\"name\":\"Le groupe de recherche belge imec se fait remarquer \u00e0 l'International Electron Devices Meeting -\",\"isPartOf\":{\"@id\":\"https:\/\/www.eenewseurope.com\/en\/#website\"},\"datePublished\":\"2021-12-06T16:19:07+00:00\",\"dateModified\":\"2021-12-06T16:19:07+00:00\",\"breadcrumb\":{\"@id\":\"https:\/\/www.ecinews.fr\/fr\/le-groupe-de-recherche-belge-imec-se-fait-remarquer-a-linternational-electron-devices-meeting\/#breadcrumb\"},\"inLanguage\":\"fr-FR\",\"potentialAction\":[{\"@type\":\"ReadAction\",\"target\":[\"https:\/\/www.ecinews.fr\/fr\/le-groupe-de-recherche-belge-imec-se-fait-remarquer-a-linternational-electron-devices-meeting\/\"]}]},{\"@type\":\"BreadcrumbList\",\"@id\":\"https:\/\/www.ecinews.fr\/fr\/le-groupe-de-recherche-belge-imec-se-fait-remarquer-a-linternational-electron-devices-meeting\/#breadcrumb\",\"itemListElement\":[{\"@type\":\"ListItem\",\"position\":1,\"name\":\"Home\",\"item\":\"https:\/\/www.ecinews.fr\/fr\/\"},{\"@type\":\"ListItem\",\"position\":2,\"name\":\"Le groupe de recherche belge imec se fait remarquer \u00e0 l&rsquo;International Electron Devices Meeting\"}]},{\"@type\":\"WebSite\",\"@id\":\"https:\/\/www.eenewseurope.com\/en\/#website\",\"url\":\"https:\/\/www.eenewseurope.com\/en\/\",\"name\":\"EENewsEurope\",\"description\":\"Just another WordPress site\",\"publisher\":{\"@id\":\"https:\/\/www.eenewseurope.com\/en\/#organization\"},\"potentialAction\":[{\"@type\":\"SearchAction\",\"target\":{\"@type\":\"EntryPoint\",\"urlTemplate\":\"https:\/\/www.eenewseurope.com\/en\/?s={search_term_string}\"},\"query-input\":\"required name=search_term_string\"}],\"inLanguage\":\"fr-FR\"},{\"@type\":\"Organization\",\"@id\":\"https:\/\/www.eenewseurope.com\/en\/#organization\",\"name\":\"EENewsEurope\",\"url\":\"https:\/\/www.eenewseurope.com\/en\/\",\"logo\":{\"@type\":\"ImageObject\",\"inLanguage\":\"fr-FR\",\"@id\":\"https:\/\/www.eenewseurope.com\/en\/#\/schema\/logo\/image\/\",\"url\":\"https:\/\/www.ecinews.fr\/wp-content\/uploads\/2022\/02\/logo-1.jpg\",\"contentUrl\":\"https:\/\/www.ecinews.fr\/wp-content\/uploads\/2022\/02\/logo-1.jpg\",\"width\":283,\"height\":113,\"caption\":\"EENewsEurope\"},\"image\":{\"@id\":\"https:\/\/www.eenewseurope.com\/en\/#\/schema\/logo\/image\/\"}},{\"@type\":\"Person\",\"@id\":\"https:\/\/www.eenewseurope.com\/en\/#\/schema\/person\/c6b626c6c65f5e1e7794ce2d17b2ca82\",\"name\":\"Wisse Hettinga\",\"image\":{\"@type\":\"ImageObject\",\"inLanguage\":\"fr-FR\",\"@id\":\"https:\/\/www.eenewseurope.com\/en\/#\/schema\/person\/image\/5dc5f564ca306d7cb8b22735be49a465\",\"url\":\"https:\/\/secure.gravatar.com\/avatar\/24a36fe68de56eac2a45cbaf9aa4bb58?s=96&d=mm&r=g\",\"contentUrl\":\"https:\/\/secure.gravatar.com\/avatar\/24a36fe68de56eac2a45cbaf9aa4bb58?s=96&d=mm&r=g\",\"caption\":\"Wisse Hettinga\"}}]}<\/script>","yoast_head_json":{"title":"Le groupe de recherche belge imec se fait remarquer \u00e0 l'Intern...","description":"Le routage sur la face arri\u00e8re pour des SRAM 2 nm, un syst\u00e8me GaN enti\u00e8rement int\u00e9gr\u00e9 sur puce, un processeur quantique au silicium et un routage de...","robots":{"index":"index","follow":"follow","max-snippet":"max-snippet:-1","max-image-preview":"max-image-preview:large","max-video-preview":"max-video-preview:-1"},"canonical":"https:\/\/www.ecinews.fr\/fr\/wp-json\/wp\/v2\/posts\/157485\/","og_locale":"fr_FR","og_type":"article","og_title":"Le groupe de recherche belge imec se fait remarquer \u00e0 l'International Electron Devices Meeting","og_description":"Le routage sur la face arri\u00e8re pour des SRAM 2 nm, un syst\u00e8me GaN enti\u00e8rement int\u00e9gr\u00e9 sur puce, un processeur quantique au silicium et un routage de puces 3D sont tous des articles d'imec \u00e0 la conf\u00e9rence IEDM 2021.","og_url":"https:\/\/www.ecinews.fr\/fr\/wp-json\/wp\/v2\/posts\/157485\/","og_site_name":"EENewsEurope","article_published_time":"2021-12-06T16:19:07+00:00","og_image":[{"width":1280,"height":560,"url":"https:\/\/www.ecinews.fr\/wp-content\/uploads\/import\/default\/files\/sites\/default\/files\/images\/imec_gan_1.jpg","type":"image\/jpeg"}],"author":"Wisse Hettinga","twitter_card":"summary_large_image","twitter_misc":{"Written by":"Wisse Hettinga","Est. reading time":"3 minutes"},"schema":{"@context":"https:\/\/schema.org","@graph":[{"@type":"Article","@id":"https:\/\/www.ecinews.fr\/fr\/le-groupe-de-recherche-belge-imec-se-fait-remarquer-a-linternational-electron-devices-meeting\/#article","isPartOf":{"@id":"https:\/\/www.ecinews.fr\/fr\/le-groupe-de-recherche-belge-imec-se-fait-remarquer-a-linternational-electron-devices-meeting\/"},"author":{"name":"Wisse Hettinga","@id":"https:\/\/www.eenewseurope.com\/en\/#\/schema\/person\/c6b626c6c65f5e1e7794ce2d17b2ca82"},"headline":"Le groupe de recherche belge imec se fait remarquer \u00e0 l&rsquo;International Electron Devices Meeting","datePublished":"2021-12-06T16:19:07+00:00","dateModified":"2021-12-06T16:19:07+00:00","mainEntityOfPage":{"@id":"https:\/\/www.ecinews.fr\/fr\/le-groupe-de-recherche-belge-imec-se-fait-remarquer-a-linternational-electron-devices-meeting\/"},"wordCount":679,"publisher":{"@id":"https:\/\/www.eenewseurope.com\/en\/#organization"},"keywords":["Interconnect &amp; cables","Materials &amp; processes","Memory &amp; Data Storage","MPUs\/MCUs","PowerManagement","Sensing \/ Conditioning"],"articleSection":["Technologies"],"inLanguage":"fr-FR"},{"@type":"WebPage","@id":"https:\/\/www.ecinews.fr\/fr\/le-groupe-de-recherche-belge-imec-se-fait-remarquer-a-linternational-electron-devices-meeting\/","url":"https:\/\/www.ecinews.fr\/fr\/le-groupe-de-recherche-belge-imec-se-fait-remarquer-a-linternational-electron-devices-meeting\/","name":"Le groupe de recherche belge imec se fait remarquer \u00e0 l'International Electron Devices Meeting -","isPartOf":{"@id":"https:\/\/www.eenewseurope.com\/en\/#website"},"datePublished":"2021-12-06T16:19:07+00:00","dateModified":"2021-12-06T16:19:07+00:00","breadcrumb":{"@id":"https:\/\/www.ecinews.fr\/fr\/le-groupe-de-recherche-belge-imec-se-fait-remarquer-a-linternational-electron-devices-meeting\/#breadcrumb"},"inLanguage":"fr-FR","potentialAction":[{"@type":"ReadAction","target":["https:\/\/www.ecinews.fr\/fr\/le-groupe-de-recherche-belge-imec-se-fait-remarquer-a-linternational-electron-devices-meeting\/"]}]},{"@type":"BreadcrumbList","@id":"https:\/\/www.ecinews.fr\/fr\/le-groupe-de-recherche-belge-imec-se-fait-remarquer-a-linternational-electron-devices-meeting\/#breadcrumb","itemListElement":[{"@type":"ListItem","position":1,"name":"Home","item":"https:\/\/www.ecinews.fr\/fr\/"},{"@type":"ListItem","position":2,"name":"Le groupe de recherche belge imec se fait remarquer \u00e0 l&rsquo;International Electron Devices Meeting"}]},{"@type":"WebSite","@id":"https:\/\/www.eenewseurope.com\/en\/#website","url":"https:\/\/www.eenewseurope.com\/en\/","name":"EENewsEurope","description":"Just another WordPress site","publisher":{"@id":"https:\/\/www.eenewseurope.com\/en\/#organization"},"potentialAction":[{"@type":"SearchAction","target":{"@type":"EntryPoint","urlTemplate":"https:\/\/www.eenewseurope.com\/en\/?s={search_term_string}"},"query-input":"required name=search_term_string"}],"inLanguage":"fr-FR"},{"@type":"Organization","@id":"https:\/\/www.eenewseurope.com\/en\/#organization","name":"EENewsEurope","url":"https:\/\/www.eenewseurope.com\/en\/","logo":{"@type":"ImageObject","inLanguage":"fr-FR","@id":"https:\/\/www.eenewseurope.com\/en\/#\/schema\/logo\/image\/","url":"https:\/\/www.ecinews.fr\/wp-content\/uploads\/2022\/02\/logo-1.jpg","contentUrl":"https:\/\/www.ecinews.fr\/wp-content\/uploads\/2022\/02\/logo-1.jpg","width":283,"height":113,"caption":"EENewsEurope"},"image":{"@id":"https:\/\/www.eenewseurope.com\/en\/#\/schema\/logo\/image\/"}},{"@type":"Person","@id":"https:\/\/www.eenewseurope.com\/en\/#\/schema\/person\/c6b626c6c65f5e1e7794ce2d17b2ca82","name":"Wisse Hettinga","image":{"@type":"ImageObject","inLanguage":"fr-FR","@id":"https:\/\/www.eenewseurope.com\/en\/#\/schema\/person\/image\/5dc5f564ca306d7cb8b22735be49a465","url":"https:\/\/secure.gravatar.com\/avatar\/24a36fe68de56eac2a45cbaf9aa4bb58?s=96&d=mm&r=g","contentUrl":"https:\/\/secure.gravatar.com\/avatar\/24a36fe68de56eac2a45cbaf9aa4bb58?s=96&d=mm&r=g","caption":"Wisse Hettinga"}}]}},"authors":[{"term_id":1139,"user_id":7,"is_guest":0,"slug":"wisse-hettinga","display_name":"Wisse Hettinga","avatar_url":"https:\/\/secure.gravatar.com\/avatar\/24a36fe68de56eac2a45cbaf9aa4bb58?s=96&d=mm&r=g","0":null,"1":"","2":"","3":"","4":"","5":"","6":"","7":"","8":""}],"_links":{"self":[{"href":"https:\/\/www.ecinews.fr\/fr\/wp-json\/wp\/v2\/posts\/157485"}],"collection":[{"href":"https:\/\/www.ecinews.fr\/fr\/wp-json\/wp\/v2\/posts"}],"about":[{"href":"https:\/\/www.ecinews.fr\/fr\/wp-json\/wp\/v2\/types\/post"}],"author":[{"embeddable":true,"href":"https:\/\/www.ecinews.fr\/fr\/wp-json\/wp\/v2\/users\/7"}],"replies":[{"embeddable":true,"href":"https:\/\/www.ecinews.fr\/fr\/wp-json\/wp\/v2\/comments?post=157485"}],"version-history":[{"count":0,"href":"https:\/\/www.ecinews.fr\/fr\/wp-json\/wp\/v2\/posts\/157485\/revisions"}],"wp:featuredmedia":[{"embeddable":true,"href":"https:\/\/www.ecinews.fr\/fr\/wp-json\/wp\/v2\/media\/157486"}],"wp:attachment":[{"href":"https:\/\/www.ecinews.fr\/fr\/wp-json\/wp\/v2\/media?parent=157485"}],"wp:term":[{"taxonomy":"category","embeddable":true,"href":"https:\/\/www.ecinews.fr\/fr\/wp-json\/wp\/v2\/categories?post=157485"},{"taxonomy":"post_tag","embeddable":true,"href":"https:\/\/www.ecinews.fr\/fr\/wp-json\/wp\/v2\/tags?post=157485"},{"taxonomy":"domains","embeddable":true,"href":"https:\/\/www.ecinews.fr\/fr\/wp-json\/wp\/v2\/domains?post=157485"},{"taxonomy":"author","embeddable":true,"href":"https:\/\/www.ecinews.fr\/fr\/wp-json\/wp\/v2\/ppma_author?post=157485"}],"curies":[{"name":"wp","href":"https:\/\/api.w.org\/{rel}","templated":true}]}}