{"id":157141,"date":"2021-12-09T15:57:22","date_gmt":"2021-12-09T15:57:22","guid":{"rendered":"https:\/\/eenewseurope.artwhere.co\/la-croissance-mondiale-des-semiconducteurs-ralentit-en-octobre\/"},"modified":"2021-12-09T15:57:22","modified_gmt":"2021-12-09T15:57:22","slug":"la-croissance-mondiale-des-semiconducteurs-ralentit-en-octobre","status":"publish","type":"post","link":"https:\/\/www.ecinews.fr\/fr\/la-croissance-mondiale-des-semiconducteurs-ralentit-en-octobre\/","title":{"rendered":"La croissance mondiale des semiconducteurs ralentit en octobre"},"content":{"rendered":"<p>Le march\u00e9 mondial en octobre 2021 \u00e9tait de 48,79 milliards de dollars, en hausse de 24,0% par rapport \u00e0 l&rsquo;ann\u00e9e pr\u00e9c\u00e9dente, sur la base des ventes moyennes sur trois mois compil\u00e9es par l&rsquo;organisation World Semiconductor Trade Statistics et rapport\u00e9es par la US Semiconductor Industry Association.<\/p>\n<p>Bien que 24 pour cent soit un chiffre de croissance exceptionnellement fort, il est tomb\u00e9 de 27,6 pour cent en septembre et 29,7 pour cent en ao\u00fbt apr\u00e8s avoir \u00e9t\u00e9 stable \u00e0 29 pour cent en juillet et juin. En octobre, toutes les r\u00e9gions suivies par WSTS ont affich\u00e9 une croissance forte mais r\u00e9duite par rapport \u00e0 l&rsquo;ann\u00e9e pr\u00e9c\u00e9dente, la Chine menant le peloton \u00e0 la baisse et la r\u00e9gion Am\u00e9riques restant la plus forte.<\/p>\n<p>Selon le WSTS, l&rsquo;industrie des puces est sur la bonne voie pour des ventes mondiales de 550 milliards de dollars et une croissance annuelle de 25,6% en 2021.<\/p>\n<p>&nbsp;<\/p>\n<p><img decoding=\"async\" alt=\"\" data-src=\"https:\/\/eenews.cdnartwhere.eu\/sites\/default\/files\/images\/01-picture-library\/PeterClarke\/2021\/12\/siatableoct600.jpg\" style=\"width: 530px;height: 507px\" src=\"data:image\/svg+xml;base64,PHN2ZyB3aWR0aD0iMSIgaGVpZ2h0PSIxIiB4bWxucz0iaHR0cDovL3d3dy53My5vcmcvMjAwMC9zdmciPjwvc3ZnPg==\" class=\"lazyload\" \/><\/p>\n<p><em>Moyenne sur trois mois des ventes de puces par zone g\u00e9ographique pour octobre et septembre 2021. Source : SIA\/WSTS.<\/em><\/p>\n<p>Les donn\u00e9es mensuelles sont fournies par la SIA sous la forme d&rsquo;une moyenne sur trois mois, bien que la source des donn\u00e9es, World Semiconductor Trade Statistics, suive les donn\u00e9es mensuelles r\u00e9elles. La SIA et d&rsquo;autres organismes r\u00e9gionaux de l&rsquo;industrie des semiconducteurs choisissent d&rsquo;utiliser des donn\u00e9es moyennes car elles \u00e9galisent les donn\u00e9es r\u00e9elles qui montrent g\u00e9n\u00e9ralement des creux au d\u00e9but des trimestres et des pics \u00e0 la fin des trimestres.<\/p>\n<p><strong>Related links and articles:<\/strong><\/p>\n<p><a href=\"https:\/\/www.semiconductors.org\/\" target=\"_blank\" rel=\"noopener\">www.semiconductors.org<\/a>&nbsp;<\/p>\n<p><a href=\"https:\/\/www.eusemiconductors.eu\/\" target=\"_blank\" rel=\"noopener\">www.eusemiconductors.eu<\/a><\/p>\n<p><strong>Autres articles:<\/strong><\/p>\n<p>&nbsp;<\/p>\n<p><a href=\"https:\/\/www.ecinews.fr\/news\/les-societes-de-semiconducteurs-fabless-en-plein-boom-en-2021\" target=\"notSet\" rel=\"noopener\">Les soci\u00e9t\u00e9s de semiconducteurs Fabless en plein boom en 2021<\/a><\/p>\n<p>&nbsp;<\/p>\n<p><a href=\"https:\/\/www.ecinews.fr\/news\/leurope-investit-eu227m-directement-dans-des-startups\" target=\"notSet\" rel=\"noopener\">L&rsquo;Europe investit \u20ac227m directement dans des startups<\/a><\/p>\n<p>&nbsp;<\/p>\n<p><a href=\"https:\/\/www.ecinews.fr\/news\/la-chine-tentee-par-lannexion-de-taiwan-pour-ses-semiconducteurs\" target=\"notSet\" rel=\"noopener\">La Chine tent\u00e9e par l&rsquo;annexion de Ta\u00efwan pour ses semiconducteurs ?<\/a><\/p>\n<p><a href=\"https:\/\/www.eenewsanalog.com\/news\/chip-market-growth-rate-softens-asia\" target=\"_blank\" rel=\"noopener\">Chip market growth rate softens in Asia<\/a><\/p>\n<p><a href=\"https:\/\/www.eenewsanalog.com\/news\/global-chip-market-be-worth-600-billion-2022\" target=\"_blank\" rel=\"noopener\">Global chip market to be worth $600 billion in 2022.<\/a><\/p>\n<p>&nbsp;<\/p>\n","protected":false},"excerpt":{"rendered":"<p>La croissance fulgurante du march\u00e9 mondial des puces a commenc\u00e9 \u00e0 ralentir. Le taux de croissance annuel a commenc\u00e9 \u00e0 baisser en termes de pourcentage, car les comparaisons d&rsquo;une ann\u00e9e sur l&rsquo;autre ne se font plus avec la mollesse induite par la pand\u00e9mie de la mi-2020, mais avec le 4T20 plus dynamique. <\/p>\n","protected":false},"author":7,"featured_media":157142,"comment_status":"closed","ping_status":"closed","sticky":false,"template":"","format":"standard","meta":{"_acf_changed":false,"footnotes":""},"categories":[880],"tags":[889,920,893,891,909,912,895,896,897,898,899,900,918,901,903,919,892,913,905,906,907,908,890,916,910,917,911,915],"domains":[47],"ppma_author":[1139],"class_list":["post-157141","post","type-post","status-publish","format-standard","has-post-thumbnail","hentry","category-actualites-economiques","tag-analog-fr","tag-artificialintelligence-fr","tag-authentication-encryption-fr","tag-automotive-fr","tag-batteries-power-supplies-fr","tag-dataacquisition-fr","tag-developmentkits-fr","tag-digitalsignalprocessing-fr","tag-displays-interfaces-fr","tag-distributors-fr","tag-eda-cad-tools-fr","tag-electromechanical-fr","tag-embedded-fr","tag-energyharvesting-fr","tag-interconnect-cables-fr","tag-iot-fr","tag-ledlighting-fr","tag-materials-processes-fr","tag-memory-data-storage-fr","tag-mpus-mcus-fr","tag-optoelectronics-fr","tag-plds-fpgas-asics-fr","tag-powermanagement-fr","tag-rf-transmission-fr","tag-sensing-conditioning-fr","tag-software-embedded-tools-fr","tag-testandmeasurement-fr","tag-wireless-communications-fr","domains-electronique-eci"],"acf":[],"yoast_head":"<title>La croissance mondiale des semiconducteurs ralentit en octobre ...<\/title>\n<meta name=\"description\" content=\"La croissance fulgurante du march\u00e9 mondial des puces a commenc\u00e9 \u00e0 ralentir. Le taux de croissance annuel a commenc\u00e9 \u00e0 baisser en termes de pourcentage,...\" \/>\n<meta name=\"robots\" content=\"index, follow, max-snippet:-1, max-image-preview:large, max-video-preview:-1\" \/>\n<link rel=\"canonical\" href=\"https:\/\/www.ecinews.fr\/fr\/wp-json\/wp\/v2\/posts\/157141\/\" \/>\n<meta property=\"og:locale\" content=\"fr_FR\" \/>\n<meta property=\"og:type\" content=\"article\" \/>\n<meta property=\"og:title\" content=\"La croissance mondiale des semiconducteurs ralentit en octobre\" \/>\n<meta property=\"og:description\" content=\"La croissance fulgurante du march\u00e9 mondial des puces a commenc\u00e9 \u00e0 ralentir. Le taux de croissance annuel a commenc\u00e9 \u00e0 baisser en termes de pourcentage, car les comparaisons d&#039;une ann\u00e9e sur l&#039;autre ne se font plus avec la mollesse induite par la pand\u00e9mie de la mi-2020, mais avec le 4T20 plus dynamique.\" \/>\n<meta property=\"og:url\" content=\"https:\/\/www.ecinews.fr\/fr\/wp-json\/wp\/v2\/posts\/157141\/\" \/>\n<meta property=\"og:site_name\" content=\"EENewsEurope\" \/>\n<meta property=\"article:published_time\" content=\"2021-12-09T15:57:22+00:00\" \/>\n<meta property=\"og:image\" content=\"https:\/\/www.ecinews.fr\/wp-content\/uploads\/import\/default\/files\/sites\/default\/files\/images\/updown630_1.jpg\" \/>\n\t<meta property=\"og:image:width\" content=\"630\" \/>\n\t<meta property=\"og:image:height\" content=\"380\" \/>\n\t<meta property=\"og:image:type\" content=\"image\/jpeg\" \/>\n<meta name=\"author\" content=\"Wisse Hettinga\" \/>\n<meta name=\"twitter:card\" content=\"summary_large_image\" \/>\n<meta name=\"twitter:label1\" content=\"Written by\" \/>\n\t<meta name=\"twitter:data1\" content=\"Wisse Hettinga\" \/>\n\t<meta name=\"twitter:label2\" content=\"Est. reading time\" \/>\n\t<meta name=\"twitter:data2\" content=\"2 minutes\" \/>\n<script type=\"application\/ld+json\" class=\"yoast-schema-graph\">{\"@context\":\"https:\/\/schema.org\",\"@graph\":[{\"@type\":\"Article\",\"@id\":\"https:\/\/www.ecinews.fr\/fr\/la-croissance-mondiale-des-semiconducteurs-ralentit-en-octobre\/#article\",\"isPartOf\":{\"@id\":\"https:\/\/www.ecinews.fr\/fr\/la-croissance-mondiale-des-semiconducteurs-ralentit-en-octobre\/\"},\"author\":{\"name\":\"Wisse Hettinga\",\"@id\":\"https:\/\/www.eenewseurope.com\/en\/#\/schema\/person\/c6b626c6c65f5e1e7794ce2d17b2ca82\"},\"headline\":\"La croissance mondiale des semiconducteurs ralentit en octobre\",\"datePublished\":\"2021-12-09T15:57:22+00:00\",\"dateModified\":\"2021-12-09T15:57:22+00:00\",\"mainEntityOfPage\":{\"@id\":\"https:\/\/www.ecinews.fr\/fr\/la-croissance-mondiale-des-semiconducteurs-ralentit-en-octobre\/\"},\"wordCount\":327,\"publisher\":{\"@id\":\"https:\/\/www.eenewseurope.com\/en\/#organization\"},\"keywords\":[\"Analog\",\"ArtificialIntelligence\",\"Authentication &amp; Encryption\",\"Automotive\",\"Batteries \/ Power Supplies\",\"DataAcquisition\",\"DevelopmentKits\",\"DigitalSignalProcessing\",\"Displays &amp; Interfaces\",\"Distributors\",\"EDA &amp; CAD tools\",\"Electromechanical\",\"Embedded\",\"EnergyHarvesting\",\"Interconnect &amp; cables\",\"IoT\",\"LEDlighting\",\"Materials &amp; processes\",\"Memory &amp; Data Storage\",\"MPUs\/MCUs\",\"Optoelectronics\",\"PLDs\/FPGAs\/ASICs\",\"PowerManagement\",\"RF transmission\",\"Sensing \/ Conditioning\",\"Software &amp; Embedded tools\",\"TestandMeasurement\",\"Wireless Communications\"],\"articleSection\":[\"Actualit\u00e9s \u00e9conomiques\"],\"inLanguage\":\"fr-FR\"},{\"@type\":\"WebPage\",\"@id\":\"https:\/\/www.ecinews.fr\/fr\/la-croissance-mondiale-des-semiconducteurs-ralentit-en-octobre\/\",\"url\":\"https:\/\/www.ecinews.fr\/fr\/la-croissance-mondiale-des-semiconducteurs-ralentit-en-octobre\/\",\"name\":\"La croissance mondiale des semiconducteurs ralentit en octobre -\",\"isPartOf\":{\"@id\":\"https:\/\/www.eenewseurope.com\/en\/#website\"},\"datePublished\":\"2021-12-09T15:57:22+00:00\",\"dateModified\":\"2021-12-09T15:57:22+00:00\",\"breadcrumb\":{\"@id\":\"https:\/\/www.ecinews.fr\/fr\/la-croissance-mondiale-des-semiconducteurs-ralentit-en-octobre\/#breadcrumb\"},\"inLanguage\":\"fr-FR\",\"potentialAction\":[{\"@type\":\"ReadAction\",\"target\":[\"https:\/\/www.ecinews.fr\/fr\/la-croissance-mondiale-des-semiconducteurs-ralentit-en-octobre\/\"]}]},{\"@type\":\"BreadcrumbList\",\"@id\":\"https:\/\/www.ecinews.fr\/fr\/la-croissance-mondiale-des-semiconducteurs-ralentit-en-octobre\/#breadcrumb\",\"itemListElement\":[{\"@type\":\"ListItem\",\"position\":1,\"name\":\"Home\",\"item\":\"https:\/\/www.ecinews.fr\/fr\/\"},{\"@type\":\"ListItem\",\"position\":2,\"name\":\"La croissance mondiale des semiconducteurs ralentit en octobre\"}]},{\"@type\":\"WebSite\",\"@id\":\"https:\/\/www.eenewseurope.com\/en\/#website\",\"url\":\"https:\/\/www.eenewseurope.com\/en\/\",\"name\":\"EENewsEurope\",\"description\":\"Just another WordPress site\",\"publisher\":{\"@id\":\"https:\/\/www.eenewseurope.com\/en\/#organization\"},\"potentialAction\":[{\"@type\":\"SearchAction\",\"target\":{\"@type\":\"EntryPoint\",\"urlTemplate\":\"https:\/\/www.eenewseurope.com\/en\/?s={search_term_string}\"},\"query-input\":\"required name=search_term_string\"}],\"inLanguage\":\"fr-FR\"},{\"@type\":\"Organization\",\"@id\":\"https:\/\/www.eenewseurope.com\/en\/#organization\",\"name\":\"EENewsEurope\",\"url\":\"https:\/\/www.eenewseurope.com\/en\/\",\"logo\":{\"@type\":\"ImageObject\",\"inLanguage\":\"fr-FR\",\"@id\":\"https:\/\/www.eenewseurope.com\/en\/#\/schema\/logo\/image\/\",\"url\":\"https:\/\/www.ecinews.fr\/wp-content\/uploads\/2022\/02\/logo-1.jpg\",\"contentUrl\":\"https:\/\/www.ecinews.fr\/wp-content\/uploads\/2022\/02\/logo-1.jpg\",\"width\":283,\"height\":113,\"caption\":\"EENewsEurope\"},\"image\":{\"@id\":\"https:\/\/www.eenewseurope.com\/en\/#\/schema\/logo\/image\/\"}},{\"@type\":\"Person\",\"@id\":\"https:\/\/www.eenewseurope.com\/en\/#\/schema\/person\/c6b626c6c65f5e1e7794ce2d17b2ca82\",\"name\":\"Wisse Hettinga\",\"image\":{\"@type\":\"ImageObject\",\"inLanguage\":\"fr-FR\",\"@id\":\"https:\/\/www.eenewseurope.com\/en\/#\/schema\/person\/image\/5dc5f564ca306d7cb8b22735be49a465\",\"url\":\"https:\/\/secure.gravatar.com\/avatar\/24a36fe68de56eac2a45cbaf9aa4bb58?s=96&d=mm&r=g\",\"contentUrl\":\"https:\/\/secure.gravatar.com\/avatar\/24a36fe68de56eac2a45cbaf9aa4bb58?s=96&d=mm&r=g\",\"caption\":\"Wisse Hettinga\"}}]}<\/script>","yoast_head_json":{"title":"La croissance mondiale des semiconducteurs ralentit en octobre ...","description":"La croissance fulgurante du march\u00e9 mondial des puces a commenc\u00e9 \u00e0 ralentir. Le taux de croissance annuel a commenc\u00e9 \u00e0 baisser en termes de pourcentage,...","robots":{"index":"index","follow":"follow","max-snippet":"max-snippet:-1","max-image-preview":"max-image-preview:large","max-video-preview":"max-video-preview:-1"},"canonical":"https:\/\/www.ecinews.fr\/fr\/wp-json\/wp\/v2\/posts\/157141\/","og_locale":"fr_FR","og_type":"article","og_title":"La croissance mondiale des semiconducteurs ralentit en octobre","og_description":"La croissance fulgurante du march\u00e9 mondial des puces a commenc\u00e9 \u00e0 ralentir. Le taux de croissance annuel a commenc\u00e9 \u00e0 baisser en termes de pourcentage, car les comparaisons d'une ann\u00e9e sur l'autre ne se font plus avec la mollesse induite par la pand\u00e9mie de la mi-2020, mais avec le 4T20 plus dynamique.","og_url":"https:\/\/www.ecinews.fr\/fr\/wp-json\/wp\/v2\/posts\/157141\/","og_site_name":"EENewsEurope","article_published_time":"2021-12-09T15:57:22+00:00","og_image":[{"width":630,"height":380,"url":"https:\/\/www.ecinews.fr\/wp-content\/uploads\/import\/default\/files\/sites\/default\/files\/images\/updown630_1.jpg","type":"image\/jpeg"}],"author":"Wisse Hettinga","twitter_card":"summary_large_image","twitter_misc":{"Written by":"Wisse Hettinga","Est. reading time":"2 minutes"},"schema":{"@context":"https:\/\/schema.org","@graph":[{"@type":"Article","@id":"https:\/\/www.ecinews.fr\/fr\/la-croissance-mondiale-des-semiconducteurs-ralentit-en-octobre\/#article","isPartOf":{"@id":"https:\/\/www.ecinews.fr\/fr\/la-croissance-mondiale-des-semiconducteurs-ralentit-en-octobre\/"},"author":{"name":"Wisse Hettinga","@id":"https:\/\/www.eenewseurope.com\/en\/#\/schema\/person\/c6b626c6c65f5e1e7794ce2d17b2ca82"},"headline":"La croissance mondiale des semiconducteurs ralentit en octobre","datePublished":"2021-12-09T15:57:22+00:00","dateModified":"2021-12-09T15:57:22+00:00","mainEntityOfPage":{"@id":"https:\/\/www.ecinews.fr\/fr\/la-croissance-mondiale-des-semiconducteurs-ralentit-en-octobre\/"},"wordCount":327,"publisher":{"@id":"https:\/\/www.eenewseurope.com\/en\/#organization"},"keywords":["Analog","ArtificialIntelligence","Authentication &amp; Encryption","Automotive","Batteries \/ Power Supplies","DataAcquisition","DevelopmentKits","DigitalSignalProcessing","Displays &amp; Interfaces","Distributors","EDA &amp; CAD tools","Electromechanical","Embedded","EnergyHarvesting","Interconnect &amp; cables","IoT","LEDlighting","Materials &amp; processes","Memory &amp; Data Storage","MPUs\/MCUs","Optoelectronics","PLDs\/FPGAs\/ASICs","PowerManagement","RF transmission","Sensing \/ Conditioning","Software &amp; Embedded tools","TestandMeasurement","Wireless Communications"],"articleSection":["Actualit\u00e9s \u00e9conomiques"],"inLanguage":"fr-FR"},{"@type":"WebPage","@id":"https:\/\/www.ecinews.fr\/fr\/la-croissance-mondiale-des-semiconducteurs-ralentit-en-octobre\/","url":"https:\/\/www.ecinews.fr\/fr\/la-croissance-mondiale-des-semiconducteurs-ralentit-en-octobre\/","name":"La croissance mondiale des semiconducteurs ralentit en octobre -","isPartOf":{"@id":"https:\/\/www.eenewseurope.com\/en\/#website"},"datePublished":"2021-12-09T15:57:22+00:00","dateModified":"2021-12-09T15:57:22+00:00","breadcrumb":{"@id":"https:\/\/www.ecinews.fr\/fr\/la-croissance-mondiale-des-semiconducteurs-ralentit-en-octobre\/#breadcrumb"},"inLanguage":"fr-FR","potentialAction":[{"@type":"ReadAction","target":["https:\/\/www.ecinews.fr\/fr\/la-croissance-mondiale-des-semiconducteurs-ralentit-en-octobre\/"]}]},{"@type":"BreadcrumbList","@id":"https:\/\/www.ecinews.fr\/fr\/la-croissance-mondiale-des-semiconducteurs-ralentit-en-octobre\/#breadcrumb","itemListElement":[{"@type":"ListItem","position":1,"name":"Home","item":"https:\/\/www.ecinews.fr\/fr\/"},{"@type":"ListItem","position":2,"name":"La croissance mondiale des semiconducteurs ralentit en octobre"}]},{"@type":"WebSite","@id":"https:\/\/www.eenewseurope.com\/en\/#website","url":"https:\/\/www.eenewseurope.com\/en\/","name":"EENewsEurope","description":"Just another WordPress site","publisher":{"@id":"https:\/\/www.eenewseurope.com\/en\/#organization"},"potentialAction":[{"@type":"SearchAction","target":{"@type":"EntryPoint","urlTemplate":"https:\/\/www.eenewseurope.com\/en\/?s={search_term_string}"},"query-input":"required name=search_term_string"}],"inLanguage":"fr-FR"},{"@type":"Organization","@id":"https:\/\/www.eenewseurope.com\/en\/#organization","name":"EENewsEurope","url":"https:\/\/www.eenewseurope.com\/en\/","logo":{"@type":"ImageObject","inLanguage":"fr-FR","@id":"https:\/\/www.eenewseurope.com\/en\/#\/schema\/logo\/image\/","url":"https:\/\/www.ecinews.fr\/wp-content\/uploads\/2022\/02\/logo-1.jpg","contentUrl":"https:\/\/www.ecinews.fr\/wp-content\/uploads\/2022\/02\/logo-1.jpg","width":283,"height":113,"caption":"EENewsEurope"},"image":{"@id":"https:\/\/www.eenewseurope.com\/en\/#\/schema\/logo\/image\/"}},{"@type":"Person","@id":"https:\/\/www.eenewseurope.com\/en\/#\/schema\/person\/c6b626c6c65f5e1e7794ce2d17b2ca82","name":"Wisse Hettinga","image":{"@type":"ImageObject","inLanguage":"fr-FR","@id":"https:\/\/www.eenewseurope.com\/en\/#\/schema\/person\/image\/5dc5f564ca306d7cb8b22735be49a465","url":"https:\/\/secure.gravatar.com\/avatar\/24a36fe68de56eac2a45cbaf9aa4bb58?s=96&d=mm&r=g","contentUrl":"https:\/\/secure.gravatar.com\/avatar\/24a36fe68de56eac2a45cbaf9aa4bb58?s=96&d=mm&r=g","caption":"Wisse Hettinga"}}]}},"authors":[{"term_id":1139,"user_id":7,"is_guest":0,"slug":"wisse-hettinga","display_name":"Wisse Hettinga","avatar_url":"https:\/\/secure.gravatar.com\/avatar\/24a36fe68de56eac2a45cbaf9aa4bb58?s=96&d=mm&r=g","0":null,"1":"","2":"","3":"","4":"","5":"","6":"","7":"","8":""}],"_links":{"self":[{"href":"https:\/\/www.ecinews.fr\/fr\/wp-json\/wp\/v2\/posts\/157141"}],"collection":[{"href":"https:\/\/www.ecinews.fr\/fr\/wp-json\/wp\/v2\/posts"}],"about":[{"href":"https:\/\/www.ecinews.fr\/fr\/wp-json\/wp\/v2\/types\/post"}],"author":[{"embeddable":true,"href":"https:\/\/www.ecinews.fr\/fr\/wp-json\/wp\/v2\/users\/7"}],"replies":[{"embeddable":true,"href":"https:\/\/www.ecinews.fr\/fr\/wp-json\/wp\/v2\/comments?post=157141"}],"version-history":[{"count":0,"href":"https:\/\/www.ecinews.fr\/fr\/wp-json\/wp\/v2\/posts\/157141\/revisions"}],"wp:featuredmedia":[{"embeddable":true,"href":"https:\/\/www.ecinews.fr\/fr\/wp-json\/wp\/v2\/media\/157142"}],"wp:attachment":[{"href":"https:\/\/www.ecinews.fr\/fr\/wp-json\/wp\/v2\/media?parent=157141"}],"wp:term":[{"taxonomy":"category","embeddable":true,"href":"https:\/\/www.ecinews.fr\/fr\/wp-json\/wp\/v2\/categories?post=157141"},{"taxonomy":"post_tag","embeddable":true,"href":"https:\/\/www.ecinews.fr\/fr\/wp-json\/wp\/v2\/tags?post=157141"},{"taxonomy":"domains","embeddable":true,"href":"https:\/\/www.ecinews.fr\/fr\/wp-json\/wp\/v2\/domains?post=157141"},{"taxonomy":"author","embeddable":true,"href":"https:\/\/www.ecinews.fr\/fr\/wp-json\/wp\/v2\/ppma_author?post=157141"}],"curies":[{"name":"wp","href":"https:\/\/api.w.org\/{rel}","templated":true}]}}