{"id":157033,"date":"2021-12-12T15:59:24","date_gmt":"2021-12-12T15:59:24","guid":{"rendered":"https:\/\/eenewseurope.artwhere.co\/premier-drone-cargo-capable-de-2500km-et-350-kg\/"},"modified":"2021-12-12T15:59:24","modified_gmt":"2021-12-12T15:59:24","slug":"premier-drone-cargo-capable-de-2500km-et-350-kg","status":"publish","type":"post","link":"https:\/\/www.ecinews.fr\/fr\/premier-drone-cargo-capable-de-2500km-et-350-kg\/","title":{"rendered":"Premier drone cargo capable de 2500km et 350 kg"},"content":{"rendered":"<p>Lanc\u00e9 officiellement en Bulgarie, le DX-1 Black Swan est un drone \u00e0 voilure fixe d&rsquo;une envergure de 16 m qui peut transporter jusqu&rsquo;\u00e0 350 kg de fret \u00e0 une distance allant jusqu&rsquo;\u00e0 2 500 km \u00e0 un co\u00fbt jusqu&rsquo;\u00e0 80 % inf\u00e9rieur \u00e0 celui de tout autre avion. La premi\u00e8re unit\u00e9 de production a \u00e9t\u00e9 d\u00e9voil\u00e9e \u00e0 l&rsquo;a\u00e9roport de Sofia, pr\u00eate \u00e0 d\u00e9marrer des vols commerciaux pour un service de livraison le jour m\u00eame en Europe au d\u00e9but de l&rsquo;ann\u00e9e prochaine.<\/p>\n<p>Le Black Swan, d\u00e9velopp\u00e9 par Dronamics, peut d\u00e9coller \u00e0 partir de pistes non pav\u00e9es de juste&nbsp;400 m pour desservir les clients m\u00eame dans les communaut\u00e9s les plus petites et les plus recul\u00e9es pour transporter des fournitures vitales entre les \u00eeles ou livrer des pi\u00e8ces de rechange essentielles au plus profond d&rsquo;un pays. La soci\u00e9t\u00e9 a sign\u00e9 un accord avec DHL Deutsche Post, la plus grande entreprise de logistique au monde, pour fournir jusqu&rsquo;\u00e0 4 000 drones, a d\u00e9clar\u00e9 Svilen Rangelov, cofondateur et CEO.<\/p>\n<p><a href=\"https:\/\/www.ecinews.fr\/news\/drone-de-secours-en-montagne-par-localisation-bluetooth-ou-gsm\" target=\"notSet\" rel=\"noopener\">Drone de secours en montagne par localisation Bluetooth ou GSM<\/a><\/p>\n<p><a href=\"https:\/\/www.ecinews.fr\/news\/le-micro-drone-anafi-usa-de-parrot-fait-son-entree-dans-trois-armees\" target=\"notSet\" rel=\"noopener\">Le micro-drone ANAFI USA de Parrot fait son entr\u00e9e dans trois arm\u00e9es<\/a><\/p>\n<p>\u00ab La pr\u00e9sentation&nbsp;du Black Swan repr\u00e9sente une \u00e9tape cruciale dans la mission de l&rsquo;entreprise de permettre l&rsquo;exp\u00e9dition le jour m\u00eame pour tout le monde et partout. Les ann\u00e9es de travail acharn\u00e9 portent leurs fruits et d\u00e8s que nous aurons termin\u00e9 notre vaste programme de tests et obtenu la certification en 2022, nous allons commencer les op\u00e9rations commerciales, au service des clients en Europe et au-del\u00e0 des ann\u00e9es avant tout le monde \u00bb, a d\u00e9clar\u00e9 Rangelov.<\/p>\n<p>\u00ab Pendant plus de 100 ans, on a d&rsquo;abord con\u00e7u des avions pour les humains, ce qui signifie qu&rsquo;ils n&rsquo;ont jamais \u00e9t\u00e9 vraiment optimis\u00e9s pour le fret, et en fait, ils sont assez inefficaces. En nous concentrant uniquement sur le transport de fret, nous avons pu d\u00e9velopper un avion capable de faire le travail \u00e0 un co\u00fbt jusqu&rsquo;\u00e0 80 % inf\u00e9rieur \u00e0 celui de tout autre avion, ce qui signifie que nous pouvons apporter les avantages de l&rsquo;aviation \u00e0 des milliards de personnes dans le monde. qui ne b\u00e9n\u00e9ficient pas d&rsquo;un service a\u00e9rien r\u00e9gulier \u00bb, a d\u00e9clar\u00e9 son fr\u00e8re, Konstantin Rangelov, cofondateur et directeur technique.<\/p>\n<p>La soci\u00e9t\u00e9 a travaill\u00e9 avec Ansys, Microsoft et Dassault Syst\u00e8mes sur le d\u00e9veloppement du drone et d&rsquo;un syst\u00e8me de gestion automatis\u00e9. La soci\u00e9t\u00e9 a \u00e9galement un certain nombre d&rsquo;accords avec des a\u00e9roports \u00e0 travers l&rsquo;Europe.<\/p>\n<p><a href=\"http:\/\/www.dronamics.com\/unveiling\" target=\"_blank\" rel=\"noopener\">www.dronamics.com\/unveiling<\/a><\/p>\n<p><strong>Related articles<\/strong><\/p>\n<ul>\n<li><a href=\"https:\/\/www.eenewseurope.com\/news\/uk-drone-developer-bought\" target=\"_blank\" rel=\"noopener\">UK drone developer bought<\/a><\/li>\n<li><a href=\"https:\/\/www.eenewseurope.com\/news\/heavy-lifting-drone-startup-raises-eu67m\" target=\"_blank\" rel=\"noopener\">Heavy lifting drone startup raises \u20ac6.7m<\/a><\/li>\n<li><a href=\"https:\/\/www.eenewseurope.com\/news\/samsung-drone-deliveries-ireland\" target=\"_blank\" rel=\"noopener\">Samsung starts drone deliveries in Ireland&nbsp;<\/a><\/li>\n<li><a href=\"https:\/\/www.eenewseurope.com\/news\/drone-vaccine-delivery\" target=\"_blank\" rel=\"noopener\">Wingcopter raises $22m for Covid-19 vaccine delivery by drone<\/a><\/li>\n<\/ul>\n<p><strong>Other articles on eeNews Europe<\/strong><\/p>\n<ul>\n<li><a href=\"https:\/\/www.eenewseurope.com\/news\/us-sues-nvidia-over-arm-deal\" target=\"_blank\" rel=\"noopener\">US sues Nvidia over ARM deal<\/a><\/li>\n<li><a href=\"https:\/\/www.eenewseurope.com\/news\/eu100m-project-develop-low-power-edge-ai-microcontroller\" target=\"_blank\" rel=\"noopener\">\u20ac100m project to develop low power edge AI microcontroller<\/a><\/li>\n<li><a href=\"https:\/\/www.eenewseurope.com\/news\/finlands-first-5-qubit-quantum-computer-and-running\" target=\"_blank\" rel=\"noopener\">Finland\u2019s first 5 qubit quantum computer is up and running<\/a><\/li>\n<li><a href=\"https:\/\/www.eenewseurope.com\/news\/imagination-launches-four-risc-v-processor-ip-families\" target=\"_blank\" rel=\"noopener\">Imagination launches four RISC-V processor IP families<\/a><\/li>\n<li><a href=\"https:\/\/www.eenewseurope.com\/news\/raspberry-pi-prepares-ipo\" target=\"_blank\" rel=\"noopener\">Raspberry Pi prepares for IPO<\/a><\/li>\n<\/ul>\n<hr \/>\n<p>&nbsp;<\/p>\n","protected":false},"excerpt":{"rendered":"<p>Black Swan, le premier drone sans pilote pour les services de fret longue distance, entrera en service en Europe en 2022<\/p>\n","protected":false},"author":7,"featured_media":157034,"comment_status":"closed","ping_status":"closed","sticky":false,"template":"","format":"standard","meta":{"_acf_changed":false,"footnotes":""},"categories":[883],"tags":[919,906,917],"domains":[47],"ppma_author":[1139],"class_list":["post-157033","post","type-post","status-publish","format-standard","has-post-thumbnail","hentry","category-technologies","tag-iot-fr","tag-mpus-mcus-fr","tag-software-embedded-tools-fr","domains-electronique-eci"],"acf":[],"yoast_head":"<title>Premier drone cargo capable de 2500km et 350 kg ...<\/title>\n<meta name=\"description\" content=\"Black Swan, le premier drone sans pilote pour les services de fret longue distance, entrera en service en Europe en 2022\" \/>\n<meta name=\"robots\" content=\"index, follow, max-snippet:-1, max-image-preview:large, max-video-preview:-1\" \/>\n<link rel=\"canonical\" href=\"https:\/\/www.ecinews.fr\/fr\/wp-json\/wp\/v2\/posts\/157033\/\" \/>\n<meta property=\"og:locale\" content=\"fr_FR\" \/>\n<meta property=\"og:type\" content=\"article\" \/>\n<meta property=\"og:title\" content=\"Premier drone cargo capable de 2500km et 350 kg\" \/>\n<meta property=\"og:description\" content=\"Black Swan, le premier drone sans pilote pour les services de fret longue distance, entrera en service en Europe en 2022\" \/>\n<meta property=\"og:url\" content=\"https:\/\/www.ecinews.fr\/fr\/wp-json\/wp\/v2\/posts\/157033\/\" \/>\n<meta property=\"og:site_name\" content=\"EENewsEurope\" \/>\n<meta property=\"article:published_time\" content=\"2021-12-12T15:59:24+00:00\" \/>\n<meta property=\"og:image\" content=\"https:\/\/www.ecinews.fr\/wp-content\/uploads\/import\/default\/files\/sites\/default\/files\/images\/black_swan_3.jpg\" \/>\n\t<meta property=\"og:image:width\" content=\"2048\" \/>\n\t<meta property=\"og:image:height\" content=\"1365\" \/>\n\t<meta property=\"og:image:type\" content=\"image\/jpeg\" \/>\n<meta name=\"author\" content=\"Wisse Hettinga\" \/>\n<meta name=\"twitter:card\" content=\"summary_large_image\" \/>\n<meta name=\"twitter:label1\" content=\"Written by\" \/>\n\t<meta name=\"twitter:data1\" content=\"Wisse Hettinga\" \/>\n\t<meta name=\"twitter:label2\" content=\"Est. reading time\" \/>\n\t<meta name=\"twitter:data2\" content=\"3 minutes\" \/>\n<script type=\"application\/ld+json\" class=\"yoast-schema-graph\">{\"@context\":\"https:\/\/schema.org\",\"@graph\":[{\"@type\":\"Article\",\"@id\":\"https:\/\/www.ecinews.fr\/fr\/premier-drone-cargo-capable-de-2500km-et-350-kg\/#article\",\"isPartOf\":{\"@id\":\"https:\/\/www.ecinews.fr\/fr\/premier-drone-cargo-capable-de-2500km-et-350-kg\/\"},\"author\":{\"name\":\"Wisse Hettinga\",\"@id\":\"https:\/\/www.eenewseurope.com\/en\/#\/schema\/person\/c6b626c6c65f5e1e7794ce2d17b2ca82\"},\"headline\":\"Premier drone cargo capable de 2500km et 350 kg\",\"datePublished\":\"2021-12-12T15:59:24+00:00\",\"dateModified\":\"2021-12-12T15:59:24+00:00\",\"mainEntityOfPage\":{\"@id\":\"https:\/\/www.ecinews.fr\/fr\/premier-drone-cargo-capable-de-2500km-et-350-kg\/\"},\"wordCount\":522,\"publisher\":{\"@id\":\"https:\/\/www.eenewseurope.com\/en\/#organization\"},\"keywords\":[\"IoT\",\"MPUs\/MCUs\",\"Software &amp; Embedded tools\"],\"articleSection\":[\"Technologies\"],\"inLanguage\":\"fr-FR\"},{\"@type\":\"WebPage\",\"@id\":\"https:\/\/www.ecinews.fr\/fr\/premier-drone-cargo-capable-de-2500km-et-350-kg\/\",\"url\":\"https:\/\/www.ecinews.fr\/fr\/premier-drone-cargo-capable-de-2500km-et-350-kg\/\",\"name\":\"Premier drone cargo capable de 2500km et 350 kg -\",\"isPartOf\":{\"@id\":\"https:\/\/www.eenewseurope.com\/en\/#website\"},\"datePublished\":\"2021-12-12T15:59:24+00:00\",\"dateModified\":\"2021-12-12T15:59:24+00:00\",\"breadcrumb\":{\"@id\":\"https:\/\/www.ecinews.fr\/fr\/premier-drone-cargo-capable-de-2500km-et-350-kg\/#breadcrumb\"},\"inLanguage\":\"fr-FR\",\"potentialAction\":[{\"@type\":\"ReadAction\",\"target\":[\"https:\/\/www.ecinews.fr\/fr\/premier-drone-cargo-capable-de-2500km-et-350-kg\/\"]}]},{\"@type\":\"BreadcrumbList\",\"@id\":\"https:\/\/www.ecinews.fr\/fr\/premier-drone-cargo-capable-de-2500km-et-350-kg\/#breadcrumb\",\"itemListElement\":[{\"@type\":\"ListItem\",\"position\":1,\"name\":\"Home\",\"item\":\"https:\/\/www.ecinews.fr\/fr\/\"},{\"@type\":\"ListItem\",\"position\":2,\"name\":\"Premier drone cargo capable de 2500km et 350 kg\"}]},{\"@type\":\"WebSite\",\"@id\":\"https:\/\/www.eenewseurope.com\/en\/#website\",\"url\":\"https:\/\/www.eenewseurope.com\/en\/\",\"name\":\"EENewsEurope\",\"description\":\"Just another WordPress site\",\"publisher\":{\"@id\":\"https:\/\/www.eenewseurope.com\/en\/#organization\"},\"potentialAction\":[{\"@type\":\"SearchAction\",\"target\":{\"@type\":\"EntryPoint\",\"urlTemplate\":\"https:\/\/www.eenewseurope.com\/en\/?s={search_term_string}\"},\"query-input\":\"required name=search_term_string\"}],\"inLanguage\":\"fr-FR\"},{\"@type\":\"Organization\",\"@id\":\"https:\/\/www.eenewseurope.com\/en\/#organization\",\"name\":\"EENewsEurope\",\"url\":\"https:\/\/www.eenewseurope.com\/en\/\",\"logo\":{\"@type\":\"ImageObject\",\"inLanguage\":\"fr-FR\",\"@id\":\"https:\/\/www.eenewseurope.com\/en\/#\/schema\/logo\/image\/\",\"url\":\"https:\/\/www.ecinews.fr\/wp-content\/uploads\/2022\/02\/logo-1.jpg\",\"contentUrl\":\"https:\/\/www.ecinews.fr\/wp-content\/uploads\/2022\/02\/logo-1.jpg\",\"width\":283,\"height\":113,\"caption\":\"EENewsEurope\"},\"image\":{\"@id\":\"https:\/\/www.eenewseurope.com\/en\/#\/schema\/logo\/image\/\"}},{\"@type\":\"Person\",\"@id\":\"https:\/\/www.eenewseurope.com\/en\/#\/schema\/person\/c6b626c6c65f5e1e7794ce2d17b2ca82\",\"name\":\"Wisse Hettinga\",\"image\":{\"@type\":\"ImageObject\",\"inLanguage\":\"fr-FR\",\"@id\":\"https:\/\/www.eenewseurope.com\/en\/#\/schema\/person\/image\/5dc5f564ca306d7cb8b22735be49a465\",\"url\":\"https:\/\/secure.gravatar.com\/avatar\/24a36fe68de56eac2a45cbaf9aa4bb58?s=96&d=mm&r=g\",\"contentUrl\":\"https:\/\/secure.gravatar.com\/avatar\/24a36fe68de56eac2a45cbaf9aa4bb58?s=96&d=mm&r=g\",\"caption\":\"Wisse Hettinga\"}}]}<\/script>","yoast_head_json":{"title":"Premier drone cargo capable de 2500km et 350 kg ...","description":"Black Swan, le premier drone sans pilote pour les services de fret longue distance, entrera en service en Europe en 2022","robots":{"index":"index","follow":"follow","max-snippet":"max-snippet:-1","max-image-preview":"max-image-preview:large","max-video-preview":"max-video-preview:-1"},"canonical":"https:\/\/www.ecinews.fr\/fr\/wp-json\/wp\/v2\/posts\/157033\/","og_locale":"fr_FR","og_type":"article","og_title":"Premier drone cargo capable de 2500km et 350 kg","og_description":"Black Swan, le premier drone sans pilote pour les services de fret longue distance, entrera en service en Europe en 2022","og_url":"https:\/\/www.ecinews.fr\/fr\/wp-json\/wp\/v2\/posts\/157033\/","og_site_name":"EENewsEurope","article_published_time":"2021-12-12T15:59:24+00:00","og_image":[{"width":2048,"height":1365,"url":"https:\/\/www.ecinews.fr\/wp-content\/uploads\/import\/default\/files\/sites\/default\/files\/images\/black_swan_3.jpg","type":"image\/jpeg"}],"author":"Wisse Hettinga","twitter_card":"summary_large_image","twitter_misc":{"Written by":"Wisse Hettinga","Est. reading time":"3 minutes"},"schema":{"@context":"https:\/\/schema.org","@graph":[{"@type":"Article","@id":"https:\/\/www.ecinews.fr\/fr\/premier-drone-cargo-capable-de-2500km-et-350-kg\/#article","isPartOf":{"@id":"https:\/\/www.ecinews.fr\/fr\/premier-drone-cargo-capable-de-2500km-et-350-kg\/"},"author":{"name":"Wisse Hettinga","@id":"https:\/\/www.eenewseurope.com\/en\/#\/schema\/person\/c6b626c6c65f5e1e7794ce2d17b2ca82"},"headline":"Premier drone cargo capable de 2500km et 350 kg","datePublished":"2021-12-12T15:59:24+00:00","dateModified":"2021-12-12T15:59:24+00:00","mainEntityOfPage":{"@id":"https:\/\/www.ecinews.fr\/fr\/premier-drone-cargo-capable-de-2500km-et-350-kg\/"},"wordCount":522,"publisher":{"@id":"https:\/\/www.eenewseurope.com\/en\/#organization"},"keywords":["IoT","MPUs\/MCUs","Software &amp; Embedded tools"],"articleSection":["Technologies"],"inLanguage":"fr-FR"},{"@type":"WebPage","@id":"https:\/\/www.ecinews.fr\/fr\/premier-drone-cargo-capable-de-2500km-et-350-kg\/","url":"https:\/\/www.ecinews.fr\/fr\/premier-drone-cargo-capable-de-2500km-et-350-kg\/","name":"Premier drone cargo capable de 2500km et 350 kg -","isPartOf":{"@id":"https:\/\/www.eenewseurope.com\/en\/#website"},"datePublished":"2021-12-12T15:59:24+00:00","dateModified":"2021-12-12T15:59:24+00:00","breadcrumb":{"@id":"https:\/\/www.ecinews.fr\/fr\/premier-drone-cargo-capable-de-2500km-et-350-kg\/#breadcrumb"},"inLanguage":"fr-FR","potentialAction":[{"@type":"ReadAction","target":["https:\/\/www.ecinews.fr\/fr\/premier-drone-cargo-capable-de-2500km-et-350-kg\/"]}]},{"@type":"BreadcrumbList","@id":"https:\/\/www.ecinews.fr\/fr\/premier-drone-cargo-capable-de-2500km-et-350-kg\/#breadcrumb","itemListElement":[{"@type":"ListItem","position":1,"name":"Home","item":"https:\/\/www.ecinews.fr\/fr\/"},{"@type":"ListItem","position":2,"name":"Premier drone cargo capable de 2500km et 350 kg"}]},{"@type":"WebSite","@id":"https:\/\/www.eenewseurope.com\/en\/#website","url":"https:\/\/www.eenewseurope.com\/en\/","name":"EENewsEurope","description":"Just another WordPress site","publisher":{"@id":"https:\/\/www.eenewseurope.com\/en\/#organization"},"potentialAction":[{"@type":"SearchAction","target":{"@type":"EntryPoint","urlTemplate":"https:\/\/www.eenewseurope.com\/en\/?s={search_term_string}"},"query-input":"required name=search_term_string"}],"inLanguage":"fr-FR"},{"@type":"Organization","@id":"https:\/\/www.eenewseurope.com\/en\/#organization","name":"EENewsEurope","url":"https:\/\/www.eenewseurope.com\/en\/","logo":{"@type":"ImageObject","inLanguage":"fr-FR","@id":"https:\/\/www.eenewseurope.com\/en\/#\/schema\/logo\/image\/","url":"https:\/\/www.ecinews.fr\/wp-content\/uploads\/2022\/02\/logo-1.jpg","contentUrl":"https:\/\/www.ecinews.fr\/wp-content\/uploads\/2022\/02\/logo-1.jpg","width":283,"height":113,"caption":"EENewsEurope"},"image":{"@id":"https:\/\/www.eenewseurope.com\/en\/#\/schema\/logo\/image\/"}},{"@type":"Person","@id":"https:\/\/www.eenewseurope.com\/en\/#\/schema\/person\/c6b626c6c65f5e1e7794ce2d17b2ca82","name":"Wisse Hettinga","image":{"@type":"ImageObject","inLanguage":"fr-FR","@id":"https:\/\/www.eenewseurope.com\/en\/#\/schema\/person\/image\/5dc5f564ca306d7cb8b22735be49a465","url":"https:\/\/secure.gravatar.com\/avatar\/24a36fe68de56eac2a45cbaf9aa4bb58?s=96&d=mm&r=g","contentUrl":"https:\/\/secure.gravatar.com\/avatar\/24a36fe68de56eac2a45cbaf9aa4bb58?s=96&d=mm&r=g","caption":"Wisse Hettinga"}}]}},"authors":[{"term_id":1139,"user_id":7,"is_guest":0,"slug":"wisse-hettinga","display_name":"Wisse Hettinga","avatar_url":"https:\/\/secure.gravatar.com\/avatar\/24a36fe68de56eac2a45cbaf9aa4bb58?s=96&d=mm&r=g","0":null,"1":"","2":"","3":"","4":"","5":"","6":"","7":"","8":""}],"_links":{"self":[{"href":"https:\/\/www.ecinews.fr\/fr\/wp-json\/wp\/v2\/posts\/157033"}],"collection":[{"href":"https:\/\/www.ecinews.fr\/fr\/wp-json\/wp\/v2\/posts"}],"about":[{"href":"https:\/\/www.ecinews.fr\/fr\/wp-json\/wp\/v2\/types\/post"}],"author":[{"embeddable":true,"href":"https:\/\/www.ecinews.fr\/fr\/wp-json\/wp\/v2\/users\/7"}],"replies":[{"embeddable":true,"href":"https:\/\/www.ecinews.fr\/fr\/wp-json\/wp\/v2\/comments?post=157033"}],"version-history":[{"count":0,"href":"https:\/\/www.ecinews.fr\/fr\/wp-json\/wp\/v2\/posts\/157033\/revisions"}],"wp:featuredmedia":[{"embeddable":true,"href":"https:\/\/www.ecinews.fr\/fr\/wp-json\/wp\/v2\/media\/157034"}],"wp:attachment":[{"href":"https:\/\/www.ecinews.fr\/fr\/wp-json\/wp\/v2\/media?parent=157033"}],"wp:term":[{"taxonomy":"category","embeddable":true,"href":"https:\/\/www.ecinews.fr\/fr\/wp-json\/wp\/v2\/categories?post=157033"},{"taxonomy":"post_tag","embeddable":true,"href":"https:\/\/www.ecinews.fr\/fr\/wp-json\/wp\/v2\/tags?post=157033"},{"taxonomy":"domains","embeddable":true,"href":"https:\/\/www.ecinews.fr\/fr\/wp-json\/wp\/v2\/domains?post=157033"},{"taxonomy":"author","embeddable":true,"href":"https:\/\/www.ecinews.fr\/fr\/wp-json\/wp\/v2\/ppma_author?post=157033"}],"curies":[{"name":"wp","href":"https:\/\/api.w.org\/{rel}","templated":true}]}}