{"id":156171,"date":"2021-10-17T22:13:10","date_gmt":"2021-10-17T22:13:10","guid":{"rendered":"https:\/\/\/un-vehicule-autonome-simple-au-service-des-pme\/"},"modified":"2021-10-17T22:13:10","modified_gmt":"2021-10-17T22:13:10","slug":"un-vehicule-autonome-simple-au-service-des-pme","status":"publish","type":"post","link":"https:\/\/www.ecinews.fr\/fr\/un-vehicule-autonome-simple-au-service-des-pme\/","title":{"rendered":"Un v\u00e9hicule autonome simple au service des PME"},"content":{"rendered":"<p>Con\u00e7u et fabriqu\u00e9 \u00e0 Toulouse, il ne n\u00e9cessite aucune installations sp\u00e9cifique (WIFI, Tag, UWB \u2026). &nbsp;Comme il s\u2019adapte automatiquement aux conditions de circulations, Elodie convient \u00e0 tous les secteurs de l\u2019industrie, de l\u2019automobile, de la logistique, de la vente au d\u00e9tail ou encore de la s\u00e9curit\u00e9 et de la sant\u00e9. Capable de transporter jusqu\u2019\u00e0 100 Kg en int\u00e9rieur avec 8 heures d\u2019autonomie, il \u00e9vite les personnes et les obstacles sans assistance et sans infrastructure. S\u00e9curis\u00e9, Il est de plus conforme aux normes en vigueur.<\/p>\n<p><strong>Un fonctionnement simple<\/strong><\/p>\n<p>Les boutons d&rsquo;appels sont install\u00e9s \u00e0 chaque emplacement o\u00f9 le robot est susceptible de se rendre pour charger un bac. Lorsqu&rsquo;un op\u00e9rateur appuie sur un bouton, le robot disponible le plus proche se rend imm\u00e9diatement au point d&rsquo;appel. Une fois le bac charg\u00e9, un \u00e9cran permet de choisir la destination \u00e0 laquelle il va se rendre sans plus d&rsquo;intervention.<\/p>\n<p>Cette offre vise particuli\u00e8rement les petites et moyennes entreprises qui ont un besoin urgent d&rsquo;am\u00e9liorer leur productivit\u00e9 mais qui se heurtent \u00e0 des solutions robotiques ch\u00e8res, complexes et difficiles \u00e0 mettre en \u0153uvre.<\/p>\n<p><a href=\"https:\/\/www.wyca-robotics.fr\/\" target=\"notSet\" rel=\"noopener\">https:\/\/www.wyca-robotics.fr\/<\/a><\/p>\n","protected":false},"excerpt":{"rendered":"<p>La soci\u00e9t\u00e9 fran\u00e7aise Wyca Robotics pr\u00e9sente \u00c9lodie, un v\u00e9hicule 100% autonome de nouvelle g\u00e9n\u00e9ration.<\/p>\n","protected":false},"author":11,"featured_media":156172,"comment_status":"closed","ping_status":"closed","sticky":false,"template":"","format":"standard","meta":{"_acf_changed":false,"footnotes":""},"categories":[883],"tags":[],"domains":[47],"ppma_author":[1143],"class_list":["post-156171","post","type-post","status-publish","format-standard","has-post-thumbnail","hentry","category-technologies","domains-electronique-eci"],"acf":[],"yoast_head":"<title>Un v\u00e9hicule autonome simple au service des PME ...<\/title>\n<meta name=\"description\" content=\"La soci\u00e9t\u00e9 fran\u00e7aise Wyca Robotics pr\u00e9sente \u00c9lodie, un v\u00e9hicule 100% autonome de nouvelle g\u00e9n\u00e9ration.\" \/>\n<meta name=\"robots\" content=\"index, follow, max-snippet:-1, max-image-preview:large, max-video-preview:-1\" \/>\n<link rel=\"canonical\" href=\"https:\/\/www.ecinews.fr\/fr\/wp-json\/wp\/v2\/posts\/156171\/\" \/>\n<meta property=\"og:locale\" content=\"fr_FR\" \/>\n<meta property=\"og:type\" content=\"article\" \/>\n<meta property=\"og:title\" content=\"Un v\u00e9hicule autonome simple au service des PME\" \/>\n<meta property=\"og:description\" content=\"La soci\u00e9t\u00e9 fran\u00e7aise Wyca Robotics pr\u00e9sente \u00c9lodie, un v\u00e9hicule 100% autonome de nouvelle g\u00e9n\u00e9ration.\" \/>\n<meta property=\"og:url\" content=\"https:\/\/www.ecinews.fr\/fr\/wp-json\/wp\/v2\/posts\/156171\/\" \/>\n<meta property=\"og:site_name\" content=\"EENewsEurope\" \/>\n<meta property=\"article:published_time\" content=\"2021-10-17T22:13:10+00:00\" \/>\n<meta property=\"og:image\" content=\"https:\/\/www.ecinews.fr\/wp-content\/uploads\/import\/default\/files\/sites\/default\/files\/images\/wika.jpg\" \/>\n\t<meta property=\"og:image:width\" content=\"500\" \/>\n\t<meta property=\"og:image:height\" content=\"277\" \/>\n\t<meta property=\"og:image:type\" content=\"image\/jpeg\" \/>\n<meta name=\"author\" content=\"Daniel Cardon\" \/>\n<meta name=\"twitter:card\" content=\"summary_large_image\" \/>\n<meta name=\"twitter:label1\" content=\"Written by\" \/>\n\t<meta name=\"twitter:data1\" content=\"Daniel Cardon\" \/>\n\t<meta name=\"twitter:label2\" content=\"Est. reading time\" \/>\n\t<meta name=\"twitter:data2\" content=\"1 minute\" \/>\n<script type=\"application\/ld+json\" class=\"yoast-schema-graph\">{\"@context\":\"https:\/\/schema.org\",\"@graph\":[{\"@type\":\"Article\",\"@id\":\"https:\/\/www.ecinews.fr\/fr\/un-vehicule-autonome-simple-au-service-des-pme\/#article\",\"isPartOf\":{\"@id\":\"https:\/\/www.ecinews.fr\/fr\/un-vehicule-autonome-simple-au-service-des-pme\/\"},\"author\":{\"name\":\"Daniel Cardon\",\"@id\":\"https:\/\/www.eenewseurope.com\/en\/#\/schema\/person\/93c44cde463762f40a8236eaa44c1c17\"},\"headline\":\"Un v\u00e9hicule autonome simple au service des PME\",\"datePublished\":\"2021-10-17T22:13:10+00:00\",\"dateModified\":\"2021-10-17T22:13:10+00:00\",\"mainEntityOfPage\":{\"@id\":\"https:\/\/www.ecinews.fr\/fr\/un-vehicule-autonome-simple-au-service-des-pme\/\"},\"wordCount\":206,\"publisher\":{\"@id\":\"https:\/\/www.eenewseurope.com\/en\/#organization\"},\"articleSection\":[\"Technologies\"],\"inLanguage\":\"fr-FR\"},{\"@type\":\"WebPage\",\"@id\":\"https:\/\/www.ecinews.fr\/fr\/un-vehicule-autonome-simple-au-service-des-pme\/\",\"url\":\"https:\/\/www.ecinews.fr\/fr\/un-vehicule-autonome-simple-au-service-des-pme\/\",\"name\":\"Un v\u00e9hicule autonome simple au service des PME -\",\"isPartOf\":{\"@id\":\"https:\/\/www.eenewseurope.com\/en\/#website\"},\"datePublished\":\"2021-10-17T22:13:10+00:00\",\"dateModified\":\"2021-10-17T22:13:10+00:00\",\"breadcrumb\":{\"@id\":\"https:\/\/www.ecinews.fr\/fr\/un-vehicule-autonome-simple-au-service-des-pme\/#breadcrumb\"},\"inLanguage\":\"fr-FR\",\"potentialAction\":[{\"@type\":\"ReadAction\",\"target\":[\"https:\/\/www.ecinews.fr\/fr\/un-vehicule-autonome-simple-au-service-des-pme\/\"]}]},{\"@type\":\"BreadcrumbList\",\"@id\":\"https:\/\/www.ecinews.fr\/fr\/un-vehicule-autonome-simple-au-service-des-pme\/#breadcrumb\",\"itemListElement\":[{\"@type\":\"ListItem\",\"position\":1,\"name\":\"Home\",\"item\":\"https:\/\/www.ecinews.fr\/fr\/\"},{\"@type\":\"ListItem\",\"position\":2,\"name\":\"Un v\u00e9hicule autonome simple au service des PME\"}]},{\"@type\":\"WebSite\",\"@id\":\"https:\/\/www.eenewseurope.com\/en\/#website\",\"url\":\"https:\/\/www.eenewseurope.com\/en\/\",\"name\":\"EENewsEurope\",\"description\":\"Just another WordPress site\",\"publisher\":{\"@id\":\"https:\/\/www.eenewseurope.com\/en\/#organization\"},\"potentialAction\":[{\"@type\":\"SearchAction\",\"target\":{\"@type\":\"EntryPoint\",\"urlTemplate\":\"https:\/\/www.eenewseurope.com\/en\/?s={search_term_string}\"},\"query-input\":\"required name=search_term_string\"}],\"inLanguage\":\"fr-FR\"},{\"@type\":\"Organization\",\"@id\":\"https:\/\/www.eenewseurope.com\/en\/#organization\",\"name\":\"EENewsEurope\",\"url\":\"https:\/\/www.eenewseurope.com\/en\/\",\"logo\":{\"@type\":\"ImageObject\",\"inLanguage\":\"fr-FR\",\"@id\":\"https:\/\/www.eenewseurope.com\/en\/#\/schema\/logo\/image\/\",\"url\":\"https:\/\/www.ecinews.fr\/wp-content\/uploads\/2022\/02\/logo-1.jpg\",\"contentUrl\":\"https:\/\/www.ecinews.fr\/wp-content\/uploads\/2022\/02\/logo-1.jpg\",\"width\":283,\"height\":113,\"caption\":\"EENewsEurope\"},\"image\":{\"@id\":\"https:\/\/www.eenewseurope.com\/en\/#\/schema\/logo\/image\/\"}},{\"@type\":\"Person\",\"@id\":\"https:\/\/www.eenewseurope.com\/en\/#\/schema\/person\/93c44cde463762f40a8236eaa44c1c17\",\"name\":\"Daniel Cardon\",\"image\":{\"@type\":\"ImageObject\",\"inLanguage\":\"fr-FR\",\"@id\":\"https:\/\/www.eenewseurope.com\/en\/#\/schema\/person\/image\/2b243f6bcc1cff7d86aadfb2cd0bd870\",\"url\":\"https:\/\/secure.gravatar.com\/avatar\/de9edc136dfc061ad4778e04635baefa?s=96&d=mm&r=g\",\"contentUrl\":\"https:\/\/secure.gravatar.com\/avatar\/de9edc136dfc061ad4778e04635baefa?s=96&d=mm&r=g\",\"caption\":\"Daniel Cardon\"}}]}<\/script>","yoast_head_json":{"title":"Un v\u00e9hicule autonome simple au service des PME ...","description":"La soci\u00e9t\u00e9 fran\u00e7aise Wyca Robotics pr\u00e9sente \u00c9lodie, un v\u00e9hicule 100% autonome de nouvelle g\u00e9n\u00e9ration.","robots":{"index":"index","follow":"follow","max-snippet":"max-snippet:-1","max-image-preview":"max-image-preview:large","max-video-preview":"max-video-preview:-1"},"canonical":"https:\/\/www.ecinews.fr\/fr\/wp-json\/wp\/v2\/posts\/156171\/","og_locale":"fr_FR","og_type":"article","og_title":"Un v\u00e9hicule autonome simple au service des PME","og_description":"La soci\u00e9t\u00e9 fran\u00e7aise Wyca Robotics pr\u00e9sente \u00c9lodie, un v\u00e9hicule 100% autonome de nouvelle g\u00e9n\u00e9ration.","og_url":"https:\/\/www.ecinews.fr\/fr\/wp-json\/wp\/v2\/posts\/156171\/","og_site_name":"EENewsEurope","article_published_time":"2021-10-17T22:13:10+00:00","og_image":[{"width":500,"height":277,"url":"https:\/\/www.ecinews.fr\/wp-content\/uploads\/import\/default\/files\/sites\/default\/files\/images\/wika.jpg","type":"image\/jpeg"}],"author":"Daniel Cardon","twitter_card":"summary_large_image","twitter_misc":{"Written by":"Daniel Cardon","Est. reading time":"1 minute"},"schema":{"@context":"https:\/\/schema.org","@graph":[{"@type":"Article","@id":"https:\/\/www.ecinews.fr\/fr\/un-vehicule-autonome-simple-au-service-des-pme\/#article","isPartOf":{"@id":"https:\/\/www.ecinews.fr\/fr\/un-vehicule-autonome-simple-au-service-des-pme\/"},"author":{"name":"Daniel Cardon","@id":"https:\/\/www.eenewseurope.com\/en\/#\/schema\/person\/93c44cde463762f40a8236eaa44c1c17"},"headline":"Un v\u00e9hicule autonome simple au service des PME","datePublished":"2021-10-17T22:13:10+00:00","dateModified":"2021-10-17T22:13:10+00:00","mainEntityOfPage":{"@id":"https:\/\/www.ecinews.fr\/fr\/un-vehicule-autonome-simple-au-service-des-pme\/"},"wordCount":206,"publisher":{"@id":"https:\/\/www.eenewseurope.com\/en\/#organization"},"articleSection":["Technologies"],"inLanguage":"fr-FR"},{"@type":"WebPage","@id":"https:\/\/www.ecinews.fr\/fr\/un-vehicule-autonome-simple-au-service-des-pme\/","url":"https:\/\/www.ecinews.fr\/fr\/un-vehicule-autonome-simple-au-service-des-pme\/","name":"Un v\u00e9hicule autonome simple au service des PME -","isPartOf":{"@id":"https:\/\/www.eenewseurope.com\/en\/#website"},"datePublished":"2021-10-17T22:13:10+00:00","dateModified":"2021-10-17T22:13:10+00:00","breadcrumb":{"@id":"https:\/\/www.ecinews.fr\/fr\/un-vehicule-autonome-simple-au-service-des-pme\/#breadcrumb"},"inLanguage":"fr-FR","potentialAction":[{"@type":"ReadAction","target":["https:\/\/www.ecinews.fr\/fr\/un-vehicule-autonome-simple-au-service-des-pme\/"]}]},{"@type":"BreadcrumbList","@id":"https:\/\/www.ecinews.fr\/fr\/un-vehicule-autonome-simple-au-service-des-pme\/#breadcrumb","itemListElement":[{"@type":"ListItem","position":1,"name":"Home","item":"https:\/\/www.ecinews.fr\/fr\/"},{"@type":"ListItem","position":2,"name":"Un v\u00e9hicule autonome simple au service des PME"}]},{"@type":"WebSite","@id":"https:\/\/www.eenewseurope.com\/en\/#website","url":"https:\/\/www.eenewseurope.com\/en\/","name":"EENewsEurope","description":"Just another WordPress site","publisher":{"@id":"https:\/\/www.eenewseurope.com\/en\/#organization"},"potentialAction":[{"@type":"SearchAction","target":{"@type":"EntryPoint","urlTemplate":"https:\/\/www.eenewseurope.com\/en\/?s={search_term_string}"},"query-input":"required name=search_term_string"}],"inLanguage":"fr-FR"},{"@type":"Organization","@id":"https:\/\/www.eenewseurope.com\/en\/#organization","name":"EENewsEurope","url":"https:\/\/www.eenewseurope.com\/en\/","logo":{"@type":"ImageObject","inLanguage":"fr-FR","@id":"https:\/\/www.eenewseurope.com\/en\/#\/schema\/logo\/image\/","url":"https:\/\/www.ecinews.fr\/wp-content\/uploads\/2022\/02\/logo-1.jpg","contentUrl":"https:\/\/www.ecinews.fr\/wp-content\/uploads\/2022\/02\/logo-1.jpg","width":283,"height":113,"caption":"EENewsEurope"},"image":{"@id":"https:\/\/www.eenewseurope.com\/en\/#\/schema\/logo\/image\/"}},{"@type":"Person","@id":"https:\/\/www.eenewseurope.com\/en\/#\/schema\/person\/93c44cde463762f40a8236eaa44c1c17","name":"Daniel Cardon","image":{"@type":"ImageObject","inLanguage":"fr-FR","@id":"https:\/\/www.eenewseurope.com\/en\/#\/schema\/person\/image\/2b243f6bcc1cff7d86aadfb2cd0bd870","url":"https:\/\/secure.gravatar.com\/avatar\/de9edc136dfc061ad4778e04635baefa?s=96&d=mm&r=g","contentUrl":"https:\/\/secure.gravatar.com\/avatar\/de9edc136dfc061ad4778e04635baefa?s=96&d=mm&r=g","caption":"Daniel Cardon"}}]}},"authors":[{"term_id":1143,"user_id":11,"is_guest":0,"slug":"danielcardon","display_name":"Daniel Cardon","avatar_url":"https:\/\/secure.gravatar.com\/avatar\/de9edc136dfc061ad4778e04635baefa?s=96&d=mm&r=g","0":null,"1":"","2":"","3":"","4":"","5":"","6":"","7":"","8":""}],"_links":{"self":[{"href":"https:\/\/www.ecinews.fr\/fr\/wp-json\/wp\/v2\/posts\/156171"}],"collection":[{"href":"https:\/\/www.ecinews.fr\/fr\/wp-json\/wp\/v2\/posts"}],"about":[{"href":"https:\/\/www.ecinews.fr\/fr\/wp-json\/wp\/v2\/types\/post"}],"author":[{"embeddable":true,"href":"https:\/\/www.ecinews.fr\/fr\/wp-json\/wp\/v2\/users\/11"}],"replies":[{"embeddable":true,"href":"https:\/\/www.ecinews.fr\/fr\/wp-json\/wp\/v2\/comments?post=156171"}],"version-history":[{"count":0,"href":"https:\/\/www.ecinews.fr\/fr\/wp-json\/wp\/v2\/posts\/156171\/revisions"}],"wp:featuredmedia":[{"embeddable":true,"href":"https:\/\/www.ecinews.fr\/fr\/wp-json\/wp\/v2\/media\/156172"}],"wp:attachment":[{"href":"https:\/\/www.ecinews.fr\/fr\/wp-json\/wp\/v2\/media?parent=156171"}],"wp:term":[{"taxonomy":"category","embeddable":true,"href":"https:\/\/www.ecinews.fr\/fr\/wp-json\/wp\/v2\/categories?post=156171"},{"taxonomy":"post_tag","embeddable":true,"href":"https:\/\/www.ecinews.fr\/fr\/wp-json\/wp\/v2\/tags?post=156171"},{"taxonomy":"domains","embeddable":true,"href":"https:\/\/www.ecinews.fr\/fr\/wp-json\/wp\/v2\/domains?post=156171"},{"taxonomy":"author","embeddable":true,"href":"https:\/\/www.ecinews.fr\/fr\/wp-json\/wp\/v2\/ppma_author?post=156171"}],"curies":[{"name":"wp","href":"https:\/\/api.w.org\/{rel}","templated":true}]}}