{"id":155202,"date":"2021-11-23T17:58:29","date_gmt":"2021-11-23T17:58:29","guid":{"rendered":"https:\/\/\/stmicroelectronics-recrute-chez-intel-pour-sa-nouvelle-direction\/"},"modified":"2021-11-23T17:58:29","modified_gmt":"2021-11-23T17:58:29","slug":"stmicroelectronics-recrute-chez-intel-pour-sa-nouvelle-direction","status":"publish","type":"post","link":"https:\/\/www.ecinews.fr\/fr\/stmicroelectronics-recrute-chez-intel-pour-sa-nouvelle-direction\/","title":{"rendered":"STMicroelectronics recrute chez Intel pour sa nouvelle direction"},"content":{"rendered":"<p>STMicroelectronics a recrut\u00e9 un cadre exp\u00e9riment\u00e9 d&rsquo;Intel dans le cadre de la restructuration de son comit\u00e9 ex\u00e9cutif. R\u00e9mi El-Ouazzane sera nomm\u00e9 Pr\u00e9sident du Groupe Microcontr\u00f4leurs et circuits int\u00e9gr\u00e9s num\u00e9riques, suite \u00e0 la d\u00e9cision de Claude Dardanne de se retirer \u00e0 la fin de l&rsquo;ann\u00e9e de ce poste. El-Ouazzane rejoint ST en provenance d&rsquo;Intel, o\u00f9 il a \u00e9t\u00e9 directeur de l&rsquo;exploitation du groupe de produits d&rsquo;intelligence artificielle d&rsquo;Intel et, plus r\u00e9cemment, directeur de la strat\u00e9gie du groupe Datacenter Platform.<\/p>\n<p>El-Ouzzane d\u00e9butera le 1er janvier et apportera l&rsquo;exp\u00e9rience de la division OMAP de traitement du signal num\u00e9rique de TI et de la startup d&rsquo;IA Movidius. Parall\u00e8lement, Marco Cassis sera nomm\u00e9 Pr\u00e9sident du Groupe Analogique, MEMS et Capteurs. En plus de son r\u00f4le dans le groupe de produits, Cassis conservera la responsabilit\u00e9 du d\u00e9veloppement de la strat\u00e9gie, de la recherche et des applications de syst\u00e8mes et du bureau de l&rsquo;innovation.<\/p>\n<p>J\u00e9r\u00f4me Roux, actuellement vice-pr\u00e9sident ex\u00e9cutif, r\u00e9gion Asie-Pacifique, sera nomm\u00e9 pr\u00e9sident, ventes et marketing. Ses responsabilit\u00e9s incluront les r\u00e9gions ST (EMEA, Am\u00e9riques, Asie-Pacifique et Chine), en plus des organisations Global Key Account et Demand Planning. Orio Bellezza reste&nbsp;pr\u00e9sident, Technologie, fabrication, qualit\u00e9 et cha\u00eene d&rsquo;approvisionnement et Marco MontI reste&nbsp;pr\u00e9sident, Automobile et Groupe discrets ;<\/p>\n<p>\u00ab&nbsp;Les principaux catalyseurs et facteurs de r\u00e9ussite essentiels pour continuer \u00e0 am\u00e9liorer la valeur fondamentale \u00e0 long terme de ST sont les employ\u00e9s, le leadership et le travail d&rsquo;\u00e9quipe, pleinement align\u00e9s sur notre strat\u00e9gie bien \u00e9tablie et ax\u00e9s sur des objectifs clairs. Avec le comit\u00e9 ex\u00e9cutif, je suis d\u00e9termin\u00e9 \u00e0 continuer \u00e0 d\u00e9fendre la proposition de valeur de ST envers les actionnaires, les clients, les employ\u00e9s&nbsp;et la soci\u00e9t\u00e9 dans son ensemble, en mettant fortement l&rsquo;accent sur la durabilit\u00e9, la transformation num\u00e9rique et la cr\u00e9ation de valeur et en mettant en \u0153uvre notre mod\u00e8le de fabricant de composants&nbsp;ind\u00e9pendant \u00bb, a d\u00e9clar\u00e9 Jean -Marc Chery, pr\u00e9sident et CEO&nbsp;de STMicroelectronics.<\/p>\n<p>El-Ouazzane est dipl\u00f4m\u00e9 de l&rsquo;Institut Technologique de Grenoble (INPG) en France et a d\u00e9but\u00e9 sa carri\u00e8re chez Texas Instruments (TI) en 1997, pour devenir Vice-Pr\u00e9sident et Directeur G\u00e9n\u00e9ral de la Plateforme Ouverte d&rsquo;Applications Multim\u00e9dia (OMAP). En tant que PDG de Movidius en 2013, il \u00e9tait charg\u00e9 de piloter les technologies mat\u00e9rielles et logicielles de son unit\u00e9 de traitement de la vision (VPU) pour faire progresser l&rsquo;adoption de l&rsquo;intelligence artificielle (IA) dans l&rsquo;Internet des objets.<\/p>\n<p>Avec l&rsquo;acquisition de Movidius par Intel en 2016, El-Ouazzane a rejoint le groupe New Technology d&rsquo;Intel en tant que vice-pr\u00e9sident et directeur g\u00e9n\u00e9ral et est devenu directeur de l&rsquo;exploitation du groupe de produits d&rsquo;intelligence artificielle d&rsquo;Intel, supervisant l&rsquo;ing\u00e9nierie et la gestion des produits des acc\u00e9l\u00e9rateurs d&rsquo;IA de l&rsquo;informatique edge&nbsp;vers le cloud.<\/p>\n<p>\u00c0 partir de 2020, il \u00e9tait directeur de la strat\u00e9gie du groupe de plates-formes de centres de donn\u00e9es d&rsquo;Intel, menant de nombreuses initiatives strat\u00e9giques sur les march\u00e9s des centres de donn\u00e9es et du cloud, y compris l&rsquo;acquisition de Habana Labs pour renforcer le portefeuille de technologies d&rsquo;Intel pour le march\u00e9 des processeurs d&rsquo;intelligence artificielle dans le cloud.<\/p>\n<p><a href=\"http:\/\/www.st.com\/\" target=\"_blank\" rel=\"noopener\">www.st.com<\/a><\/p>\n<p><strong>Lire aussi:&nbsp;<\/strong><\/p>\n<ul>\n<li><a href=\"https:\/\/www.ecinews.fr\/news\/boom-des-ventes-chez-stmicroelectronics-sur-la-voie-des-12-milliards\" target=\"notSet\" rel=\"noopener\">Boom des ventes chez STMicroelectronics, sur la voie des $12 milliards<\/a><\/li>\n<li><a href=\"https:\/\/www.ecinews.fr\/news\/intel-celebre-les-50-ans-du-premier-microprocesseur-le-4004\" target=\"notSet\" rel=\"noopener\">Intel c\u00e9l\u00e8bre les 50 ans du premier microprocesseur, le&nbsp;4004<\/a><\/li>\n<li><a href=\"https:\/\/www.ecinews.fr\/news\/sipearl-et-intel-cooperent-sur-un-gpu-pour-super-ordinateurs\" target=\"notSet\" rel=\"noopener\">SiPearl et Intel coop\u00e8rent sur un GPU pour super-ordinateurs<\/a><\/li>\n<li><a href=\"https:\/\/www.eenewseurope.com\/news\/gelsinger-splits-out-hpc-software-new-intel-divisions\" target=\"_blank\" rel=\"noopener\">Gelsinger splits out HPC, software into new Intel divisions<\/a><\/li>\n<li><a href=\"https:\/\/www.eenewseurope.com\/news\/ti-touts-role-android-40-rollout\/page\/0\/1\" target=\"_blank\" rel=\"noopener\">TI touts role in Android 4.0 rollout<\/a><\/li>\n<\/ul>\n<p>&nbsp;<\/p>\n<hr \/>\n<p>&nbsp;<\/p>\n","protected":false},"excerpt":{"rendered":"<p>Remi El-Ouazzane va diriger le groupe Microcontr\u00f4leurs et circuits int\u00e9gr\u00e9s num\u00e9riques chez STMicroelectronics tandis que Marco Cassis reprend le groupe Analogique, MEMS et capteurs.<\/p>\n","protected":false},"author":7,"featured_media":155203,"comment_status":"closed","ping_status":"closed","sticky":false,"template":"","format":"standard","meta":{"_acf_changed":false,"footnotes":""},"categories":[880],"tags":[889,920,891,896,918,919,904,906,890,917],"domains":[47],"ppma_author":[1139],"class_list":["post-155202","post","type-post","status-publish","format-standard","has-post-thumbnail","hentry","category-actualites-economiques","tag-analog-fr","tag-artificialintelligence-fr","tag-automotive-fr","tag-digitalsignalprocessing-fr","tag-embedded-fr","tag-iot-fr","tag-medicalelectronics-fr","tag-mpus-mcus-fr","tag-powermanagement-fr","tag-software-embedded-tools-fr","domains-electronique-eci"],"acf":[],"yoast_head":"<title>STMicroelectronics recrute chez Intel pour sa nouvelle direction ...<\/title>\n<meta name=\"description\" content=\"Remi El-Ouazzane va diriger le groupe Microcontr\u00f4leurs et circuits int\u00e9gr\u00e9s num\u00e9riques chez STMicroelectronics tandis que Marco Cassis reprend le groupe...\" \/>\n<meta name=\"robots\" content=\"index, follow, max-snippet:-1, max-image-preview:large, max-video-preview:-1\" \/>\n<link rel=\"canonical\" href=\"https:\/\/www.ecinews.fr\/fr\/wp-json\/wp\/v2\/posts\/155202\/\" \/>\n<meta property=\"og:locale\" content=\"fr_FR\" \/>\n<meta property=\"og:type\" content=\"article\" \/>\n<meta property=\"og:title\" content=\"STMicroelectronics recrute chez Intel pour sa nouvelle direction\" \/>\n<meta property=\"og:description\" content=\"Remi El-Ouazzane va diriger le groupe Microcontr\u00f4leurs et circuits int\u00e9gr\u00e9s num\u00e9riques chez STMicroelectronics tandis que Marco Cassis reprend le groupe Analogique, MEMS et capteurs.\" \/>\n<meta property=\"og:url\" content=\"https:\/\/www.ecinews.fr\/fr\/wp-json\/wp\/v2\/posts\/155202\/\" \/>\n<meta property=\"og:site_name\" content=\"EENewsEurope\" \/>\n<meta property=\"article:published_time\" content=\"2021-11-23T17:58:29+00:00\" \/>\n<meta property=\"og:image\" content=\"https:\/\/www.eenewseurope.com\/wp-content\/uploads\/import\/default\/files\/sites\/default\/files\/images\/remi_el_ouazzane_2015.png\" \/>\n\t<meta property=\"og:image:width\" content=\"600\" \/>\n\t<meta property=\"og:image:height\" content=\"437\" \/>\n\t<meta property=\"og:image:type\" content=\"image\/png\" \/>\n<meta name=\"author\" content=\"Wisse Hettinga\" \/>\n<meta name=\"twitter:card\" content=\"summary_large_image\" \/>\n<meta name=\"twitter:label1\" content=\"Written by\" \/>\n\t<meta name=\"twitter:data1\" content=\"Wisse Hettinga\" \/>\n\t<meta name=\"twitter:label2\" content=\"Est. reading time\" \/>\n\t<meta name=\"twitter:data2\" content=\"3 minutes\" \/>\n<script type=\"application\/ld+json\" class=\"yoast-schema-graph\">{\"@context\":\"https:\/\/schema.org\",\"@graph\":[{\"@type\":\"Article\",\"@id\":\"https:\/\/www.eenewseurope.com\/fr\/stmicroelectronics-recrute-chez-intel-pour-sa-nouvelle-direction\/#article\",\"isPartOf\":{\"@id\":\"https:\/\/www.eenewseurope.com\/fr\/stmicroelectronics-recrute-chez-intel-pour-sa-nouvelle-direction\/\"},\"author\":{\"name\":\"Wisse Hettinga\",\"@id\":\"https:\/\/www.ecinews.fr\/fr\/#\/schema\/person\/c6b626c6c65f5e1e7794ce2d17b2ca82\"},\"headline\":\"STMicroelectronics recrute chez Intel pour sa nouvelle direction\",\"datePublished\":\"2021-11-23T17:58:29+00:00\",\"dateModified\":\"2021-11-23T17:58:29+00:00\",\"mainEntityOfPage\":{\"@id\":\"https:\/\/www.eenewseurope.com\/fr\/stmicroelectronics-recrute-chez-intel-pour-sa-nouvelle-direction\/\"},\"wordCount\":648,\"publisher\":{\"@id\":\"https:\/\/www.ecinews.fr\/fr\/#organization\"},\"keywords\":[\"Analog\",\"ArtificialIntelligence\",\"Automotive\",\"DigitalSignalProcessing\",\"Embedded\",\"IoT\",\"MedicalElectronics\",\"MPUs\/MCUs\",\"PowerManagement\",\"Software &amp; Embedded tools\"],\"articleSection\":[\"Actualit\u00e9s \u00e9conomiques\"],\"inLanguage\":\"fr-FR\"},{\"@type\":\"WebPage\",\"@id\":\"https:\/\/www.eenewseurope.com\/fr\/stmicroelectronics-recrute-chez-intel-pour-sa-nouvelle-direction\/\",\"url\":\"https:\/\/www.eenewseurope.com\/fr\/stmicroelectronics-recrute-chez-intel-pour-sa-nouvelle-direction\/\",\"name\":\"STMicroelectronics recrute chez Intel pour sa nouvelle direction -\",\"isPartOf\":{\"@id\":\"https:\/\/www.ecinews.fr\/fr\/#website\"},\"datePublished\":\"2021-11-23T17:58:29+00:00\",\"dateModified\":\"2021-11-23T17:58:29+00:00\",\"breadcrumb\":{\"@id\":\"https:\/\/www.eenewseurope.com\/fr\/stmicroelectronics-recrute-chez-intel-pour-sa-nouvelle-direction\/#breadcrumb\"},\"inLanguage\":\"fr-FR\",\"potentialAction\":[{\"@type\":\"ReadAction\",\"target\":[\"https:\/\/www.eenewseurope.com\/fr\/stmicroelectronics-recrute-chez-intel-pour-sa-nouvelle-direction\/\"]}]},{\"@type\":\"BreadcrumbList\",\"@id\":\"https:\/\/www.eenewseurope.com\/fr\/stmicroelectronics-recrute-chez-intel-pour-sa-nouvelle-direction\/#breadcrumb\",\"itemListElement\":[{\"@type\":\"ListItem\",\"position\":1,\"name\":\"Home\",\"item\":\"https:\/\/www.ecinews.fr\/fr\/\"},{\"@type\":\"ListItem\",\"position\":2,\"name\":\"STMicroelectronics recrute chez Intel pour sa nouvelle direction\"}]},{\"@type\":\"WebSite\",\"@id\":\"https:\/\/www.ecinews.fr\/fr\/#website\",\"url\":\"https:\/\/www.ecinews.fr\/fr\/\",\"name\":\"EENewsEurope\",\"description\":\"Just another WordPress site\",\"publisher\":{\"@id\":\"https:\/\/www.ecinews.fr\/fr\/#organization\"},\"potentialAction\":[{\"@type\":\"SearchAction\",\"target\":{\"@type\":\"EntryPoint\",\"urlTemplate\":\"https:\/\/www.ecinews.fr\/fr\/?s={search_term_string}\"},\"query-input\":\"required name=search_term_string\"}],\"inLanguage\":\"fr-FR\"},{\"@type\":\"Organization\",\"@id\":\"https:\/\/www.ecinews.fr\/fr\/#organization\",\"name\":\"EENewsEurope\",\"url\":\"https:\/\/www.ecinews.fr\/fr\/\",\"logo\":{\"@type\":\"ImageObject\",\"inLanguage\":\"fr-FR\",\"@id\":\"https:\/\/www.ecinews.fr\/fr\/#\/schema\/logo\/image\/\",\"url\":\"https:\/\/www.ecinews.fr\/wp-content\/uploads\/2022\/02\/logo-1.jpg\",\"contentUrl\":\"https:\/\/www.ecinews.fr\/wp-content\/uploads\/2022\/02\/logo-1.jpg\",\"width\":283,\"height\":113,\"caption\":\"EENewsEurope\"},\"image\":{\"@id\":\"https:\/\/www.ecinews.fr\/fr\/#\/schema\/logo\/image\/\"}},{\"@type\":\"Person\",\"@id\":\"https:\/\/www.ecinews.fr\/fr\/#\/schema\/person\/c6b626c6c65f5e1e7794ce2d17b2ca82\",\"name\":\"Wisse Hettinga\",\"image\":{\"@type\":\"ImageObject\",\"inLanguage\":\"fr-FR\",\"@id\":\"https:\/\/www.ecinews.fr\/fr\/#\/schema\/person\/image\/5dc5f564ca306d7cb8b22735be49a465\",\"url\":\"https:\/\/secure.gravatar.com\/avatar\/24a36fe68de56eac2a45cbaf9aa4bb58?s=96&d=mm&r=g\",\"contentUrl\":\"https:\/\/secure.gravatar.com\/avatar\/24a36fe68de56eac2a45cbaf9aa4bb58?s=96&d=mm&r=g\",\"caption\":\"Wisse Hettinga\"}}]}<\/script>","yoast_head_json":{"title":"STMicroelectronics recrute chez Intel pour sa nouvelle direction ...","description":"Remi El-Ouazzane va diriger le groupe Microcontr\u00f4leurs et circuits int\u00e9gr\u00e9s num\u00e9riques chez STMicroelectronics tandis que Marco Cassis reprend le groupe...","robots":{"index":"index","follow":"follow","max-snippet":"max-snippet:-1","max-image-preview":"max-image-preview:large","max-video-preview":"max-video-preview:-1"},"canonical":"https:\/\/www.ecinews.fr\/fr\/wp-json\/wp\/v2\/posts\/155202\/","og_locale":"fr_FR","og_type":"article","og_title":"STMicroelectronics recrute chez Intel pour sa nouvelle direction","og_description":"Remi El-Ouazzane va diriger le groupe Microcontr\u00f4leurs et circuits int\u00e9gr\u00e9s num\u00e9riques chez STMicroelectronics tandis que Marco Cassis reprend le groupe Analogique, MEMS et capteurs.","og_url":"https:\/\/www.ecinews.fr\/fr\/wp-json\/wp\/v2\/posts\/155202\/","og_site_name":"EENewsEurope","article_published_time":"2021-11-23T17:58:29+00:00","og_image":[{"width":600,"height":437,"url":"https:\/\/www.eenewseurope.com\/wp-content\/uploads\/import\/default\/files\/sites\/default\/files\/images\/remi_el_ouazzane_2015.png","type":"image\/png"}],"author":"Wisse Hettinga","twitter_card":"summary_large_image","twitter_misc":{"Written by":"Wisse Hettinga","Est. reading time":"3 minutes"},"schema":{"@context":"https:\/\/schema.org","@graph":[{"@type":"Article","@id":"https:\/\/www.eenewseurope.com\/fr\/stmicroelectronics-recrute-chez-intel-pour-sa-nouvelle-direction\/#article","isPartOf":{"@id":"https:\/\/www.eenewseurope.com\/fr\/stmicroelectronics-recrute-chez-intel-pour-sa-nouvelle-direction\/"},"author":{"name":"Wisse Hettinga","@id":"https:\/\/www.ecinews.fr\/fr\/#\/schema\/person\/c6b626c6c65f5e1e7794ce2d17b2ca82"},"headline":"STMicroelectronics recrute chez Intel pour sa nouvelle direction","datePublished":"2021-11-23T17:58:29+00:00","dateModified":"2021-11-23T17:58:29+00:00","mainEntityOfPage":{"@id":"https:\/\/www.eenewseurope.com\/fr\/stmicroelectronics-recrute-chez-intel-pour-sa-nouvelle-direction\/"},"wordCount":648,"publisher":{"@id":"https:\/\/www.ecinews.fr\/fr\/#organization"},"keywords":["Analog","ArtificialIntelligence","Automotive","DigitalSignalProcessing","Embedded","IoT","MedicalElectronics","MPUs\/MCUs","PowerManagement","Software &amp; Embedded tools"],"articleSection":["Actualit\u00e9s \u00e9conomiques"],"inLanguage":"fr-FR"},{"@type":"WebPage","@id":"https:\/\/www.eenewseurope.com\/fr\/stmicroelectronics-recrute-chez-intel-pour-sa-nouvelle-direction\/","url":"https:\/\/www.eenewseurope.com\/fr\/stmicroelectronics-recrute-chez-intel-pour-sa-nouvelle-direction\/","name":"STMicroelectronics recrute chez Intel pour sa nouvelle direction -","isPartOf":{"@id":"https:\/\/www.ecinews.fr\/fr\/#website"},"datePublished":"2021-11-23T17:58:29+00:00","dateModified":"2021-11-23T17:58:29+00:00","breadcrumb":{"@id":"https:\/\/www.eenewseurope.com\/fr\/stmicroelectronics-recrute-chez-intel-pour-sa-nouvelle-direction\/#breadcrumb"},"inLanguage":"fr-FR","potentialAction":[{"@type":"ReadAction","target":["https:\/\/www.eenewseurope.com\/fr\/stmicroelectronics-recrute-chez-intel-pour-sa-nouvelle-direction\/"]}]},{"@type":"BreadcrumbList","@id":"https:\/\/www.eenewseurope.com\/fr\/stmicroelectronics-recrute-chez-intel-pour-sa-nouvelle-direction\/#breadcrumb","itemListElement":[{"@type":"ListItem","position":1,"name":"Home","item":"https:\/\/www.ecinews.fr\/fr\/"},{"@type":"ListItem","position":2,"name":"STMicroelectronics recrute chez Intel pour sa nouvelle direction"}]},{"@type":"WebSite","@id":"https:\/\/www.ecinews.fr\/fr\/#website","url":"https:\/\/www.ecinews.fr\/fr\/","name":"EENewsEurope","description":"Just another WordPress site","publisher":{"@id":"https:\/\/www.ecinews.fr\/fr\/#organization"},"potentialAction":[{"@type":"SearchAction","target":{"@type":"EntryPoint","urlTemplate":"https:\/\/www.ecinews.fr\/fr\/?s={search_term_string}"},"query-input":"required name=search_term_string"}],"inLanguage":"fr-FR"},{"@type":"Organization","@id":"https:\/\/www.ecinews.fr\/fr\/#organization","name":"EENewsEurope","url":"https:\/\/www.ecinews.fr\/fr\/","logo":{"@type":"ImageObject","inLanguage":"fr-FR","@id":"https:\/\/www.ecinews.fr\/fr\/#\/schema\/logo\/image\/","url":"https:\/\/www.ecinews.fr\/wp-content\/uploads\/2022\/02\/logo-1.jpg","contentUrl":"https:\/\/www.ecinews.fr\/wp-content\/uploads\/2022\/02\/logo-1.jpg","width":283,"height":113,"caption":"EENewsEurope"},"image":{"@id":"https:\/\/www.ecinews.fr\/fr\/#\/schema\/logo\/image\/"}},{"@type":"Person","@id":"https:\/\/www.ecinews.fr\/fr\/#\/schema\/person\/c6b626c6c65f5e1e7794ce2d17b2ca82","name":"Wisse Hettinga","image":{"@type":"ImageObject","inLanguage":"fr-FR","@id":"https:\/\/www.ecinews.fr\/fr\/#\/schema\/person\/image\/5dc5f564ca306d7cb8b22735be49a465","url":"https:\/\/secure.gravatar.com\/avatar\/24a36fe68de56eac2a45cbaf9aa4bb58?s=96&d=mm&r=g","contentUrl":"https:\/\/secure.gravatar.com\/avatar\/24a36fe68de56eac2a45cbaf9aa4bb58?s=96&d=mm&r=g","caption":"Wisse Hettinga"}}]}},"authors":[{"term_id":1139,"user_id":7,"is_guest":0,"slug":"wisse-hettinga","display_name":"Wisse Hettinga","avatar_url":"https:\/\/secure.gravatar.com\/avatar\/24a36fe68de56eac2a45cbaf9aa4bb58?s=96&d=mm&r=g","0":null,"1":"","2":"","3":"","4":"","5":"","6":"","7":"","8":""}],"_links":{"self":[{"href":"https:\/\/www.ecinews.fr\/fr\/wp-json\/wp\/v2\/posts\/155202"}],"collection":[{"href":"https:\/\/www.ecinews.fr\/fr\/wp-json\/wp\/v2\/posts"}],"about":[{"href":"https:\/\/www.ecinews.fr\/fr\/wp-json\/wp\/v2\/types\/post"}],"author":[{"embeddable":true,"href":"https:\/\/www.ecinews.fr\/fr\/wp-json\/wp\/v2\/users\/7"}],"replies":[{"embeddable":true,"href":"https:\/\/www.ecinews.fr\/fr\/wp-json\/wp\/v2\/comments?post=155202"}],"version-history":[{"count":0,"href":"https:\/\/www.ecinews.fr\/fr\/wp-json\/wp\/v2\/posts\/155202\/revisions"}],"wp:featuredmedia":[{"embeddable":true,"href":"https:\/\/www.ecinews.fr\/fr\/wp-json\/wp\/v2\/media\/155203"}],"wp:attachment":[{"href":"https:\/\/www.ecinews.fr\/fr\/wp-json\/wp\/v2\/media?parent=155202"}],"wp:term":[{"taxonomy":"category","embeddable":true,"href":"https:\/\/www.ecinews.fr\/fr\/wp-json\/wp\/v2\/categories?post=155202"},{"taxonomy":"post_tag","embeddable":true,"href":"https:\/\/www.ecinews.fr\/fr\/wp-json\/wp\/v2\/tags?post=155202"},{"taxonomy":"domains","embeddable":true,"href":"https:\/\/www.ecinews.fr\/fr\/wp-json\/wp\/v2\/domains?post=155202"},{"taxonomy":"author","embeddable":true,"href":"https:\/\/www.ecinews.fr\/fr\/wp-json\/wp\/v2\/ppma_author?post=155202"}],"curies":[{"name":"wp","href":"https:\/\/api.w.org\/{rel}","templated":true}]}}