{"id":155066,"date":"2021-11-25T17:35:52","date_gmt":"2021-11-25T17:35:52","guid":{"rendered":"https:\/\/\/samsung-choisit-austin-tx-pour-sa-fab-3nm-a-17-milliards\/"},"modified":"2021-11-25T17:35:52","modified_gmt":"2021-11-25T17:35:52","slug":"samsung-choisit-austin-tx-pour-sa-fab-3nm-a-17-milliards","status":"publish","type":"post","link":"https:\/\/www.ecinews.fr\/fr\/samsung-choisit-austin-tx-pour-sa-fab-3nm-a-17-milliards\/","title":{"rendered":"Samsung choisit Austin TX pour sa Fab 3nm \u00e0 $17 milliards"},"content":{"rendered":"<p>Apr\u00e8s avoir \u00e9valu\u00e9 d&rsquo;autres sites aux \u00c9tats-Unis pour une nouvelle usine de pointe, Samsung Electronics a choisi de rester proche de ses op\u00e9rations existantes \u00e0 Austin, au Texas, pour une usine de 17 milliards de dollars destin\u00e9e \u00e0 fabriquer des puces 3 nm. Cela fait suite \u00e0 l&rsquo;inauguration par Intel d&rsquo;un site pour plusieurs Fabs&nbsp;\u00e0 Chandler, en Arizona, et \u00e0 l&rsquo;annonce par Texas Instruments&nbsp;de&nbsp;plans pour au moins deux Fabs&nbsp;de 300 mm sur un site juste au nord de Dallas, au Texas.<\/p>\n<p>L&rsquo;usine&nbsp;de Taylor, au Texas, se trouve \u00e0 la p\u00e9riph\u00e9rie d&rsquo;Austin et fabriquera des produits bas\u00e9s sur des technologies de process&nbsp;avanc\u00e9es pour des applications dans des domaines tels que le mobile, la 5G, le calcul haute performance (HPC) et l&rsquo;intelligence artificielle (IA). La soci\u00e9t\u00e9 commencera les travaux sur le site au premier semestre 2022 avec l&rsquo;objectif d&rsquo;avoir l&rsquo;installation op\u00e9rationnelle au second semestre 2024. Cela implique de d\u00e9marrer avec un process&nbsp;de 3 nm avec une production \u00e0&nbsp;2 nm en vue. Cela serait coh\u00e9rent avec l&rsquo;investissement de 17 milliards de dollars dans le b\u00e2timent, l&rsquo;infrastructure et l&rsquo;\u00e9quipement, mais la soci\u00e9t\u00e9 n&rsquo;a pas pr\u00e9cis\u00e9 s&rsquo;il y aura plusieurs Fabs&nbsp;sur le site.<\/p>\n<p>L&#8217;emplacement permettra \u00e0 Samsung de partager du personnel qualifi\u00e9 avec son usine \u00e0 proximit\u00e9 et d&rsquo;attirer du personnel d&rsquo;Infineon et de NXP qui ont \u00e9galement des usines \u00e0 proximit\u00e9. Le site de Taylor s&rsquo;\u00e9tendra sur plus de 5 millions de m\u00e8tres carr\u00e9s et devrait servir de centre de production&nbsp;cl\u00e9 pour la capacit\u00e9 mondiale de fabrication de semiconducteurs de Samsung avec sa toute derni\u00e8re&nbsp;ligne de production install\u00e9e \u00e0 Pyeongtaek, en Cor\u00e9e du Sud.<\/p>\n<p>Cependant, l&rsquo;augmentation du nombre de construction de Fabs&nbsp;est susceptible de contribuer \u00e0 une&nbsp;surcapacit\u00e9 du march\u00e9 en 2024 et 2025 du fait de la stimulation engendr\u00e9e par la loi am\u00e9ricaine CHIPS visant \u00e0 stimuler la fabrication de semiconducteurs apr\u00e8s la p\u00e9nurie de puces des 18 derniers mois.<\/p>\n<ul>\n<li><a href=\"https:\/\/www.ecinews.fr\/news\/samsung-renonce-racheter-nxp-car-trop-cher\" target=\"notSet\" rel=\"noopener\">Samsung renonce \u00e0 racheter NXP car trop cher!<\/a><\/li>\n<li><a href=\"https:\/\/www.ecinews.fr\/news\/la-visite-de-von-der-leyen-chez-asml-va-booster-le-european-chips-act\" target=\"notSet\" rel=\"noopener\">La visite de von der Leyen chez ASML va booster le European CHIPS Act<\/a><\/li>\n<li><a href=\"https:\/\/www.ecinews.fr\/news\/european-chips-act-pour-la-souverainete-dans-les-semiconducteurs\" target=\"notSet\" rel=\"noopener\">European Chips Act pour la souverainet\u00e9 dans les semiconducteurs<\/a><\/li>\n<li><a href=\"https:\/\/www.eenewseurope.com\/news\/samsung-triple-foundry-production-2026-0\" target=\"_blank\" rel=\"noopener\">Samsung to triple foundry production by 2026<\/a><\/li>\n<\/ul>\n<p>\u00ab&nbsp;Alors que nous ajoutons une nouvelle installation \u00e0 Taylor, Samsung jette les bases d&rsquo;un autre chapitre important de son&nbsp;avenir&nbsp;\u00bb, a d\u00e9clar\u00e9 Kinam Kim, vice-pr\u00e9sident et PDG de la division Samsung Electronics Device Solutions (ci-dessus, \u00e0 droite). \u00ab Avec une plus grande capacit\u00e9 de fabrication, nous serons en mesure de mieux r\u00e9pondre aux besoins de nos clients et de contribuer \u00e0 la stabilit\u00e9 de la cha\u00eene d&rsquo;approvisionnement mondiale des semiconducteurs. \u00bb<\/p>\n<p>\u00ab\u00a0En plus de nos partenaires au Texas, nous sommes reconnaissants \u00e0 l&rsquo;administration Biden d&rsquo;avoir cr\u00e9\u00e9 un environnement qui soutient des entreprises comme Samsung alors que nous travaillons \u00e0 d\u00e9velopper la fabrication de semiconducteurs de pointe aux \u00c9tats-Unis\u00a0\u00bb, a d\u00e9clar\u00e9 Kim. \u00ab\u00a0Nous remercions \u00e9galement l&rsquo;administration et le Congr\u00e8s pour leur soutien bipartite afin de promulguer rapidement des incitations f\u00e9d\u00e9rales pour l&rsquo;innovation et la production et de puces localement.\u00a0\u00bb<\/p>\n<p>Il s&rsquo;agit du plus gros investissement r\u00e9alis\u00e9 par Samsung aux \u00c9tats-Unis et porte l&rsquo;investissement total \u00e0 plus de 47 milliards de dollars depuis le d\u00e9but des op\u00e9rations dans le pays en 1978, avec plus de 20 000 employ\u00e9s \u00e0 travers le pays.<\/p>\n<p>\u00ab Des entreprises comme Samsung continuent d&rsquo;investir au Texas en raison de notre climat des affaires de classe mondiale et de notre main-d&rsquo;\u0153uvre exceptionnelle \u00bb, a d\u00e9clar\u00e9 le gouverneur du Texas, Greg Abbott (ci-dessus, au centre). \u00ab&nbsp;La nouvelle Fab&nbsp;de semiconducteurs de Samsung \u00e0 Taylor offrira d&rsquo;innombrables opportunit\u00e9s aux habitants du Texas&nbsp;qui travaillent dur et \u00e0 leurs familles et jouera un r\u00f4le majeur dans l&rsquo;exceptionnalisme continu de notre \u00c9tat dans l&rsquo;industrie des semiconducteurs. J&rsquo;ai h\u00e2te d&rsquo;\u00e9tendre notre partenariat pour que le Lone Star State reste un leader&nbsp;en mati\u00e8re de technologie de pointe et une puissance \u00e9conomique dynamique. \u00bb<\/p>\n<p>Le site devrait cr\u00e9er directement plus de 2 000 emplois de haute technologie et des milliers d&#8217;emplois connexes une fois que la nouvelle installation sera pleinement op\u00e9rationnelle. Dans le cadre de son co-investissement dans la communaut\u00e9, Samsung apportera \u00e9galement un soutien financier \u00e0 la cr\u00e9ation d&rsquo;un centre de comp\u00e9tences Samsung pour l&rsquo;\u00e9cole&nbsp;\u00ab\u00a0Taylor Independent School District (ISD)\u00a0\u00bb afin d&rsquo;aider les \u00e9tudiants \u00e0 d\u00e9velopper leurs comp\u00e9tences pour de futures carri\u00e8res, ainsi qu&rsquo;\u00e0 proposer des stages et des opportunit\u00e9s de recrutement.<\/p>\n<p><a href=\"http:\/\/www.samsung.com\" target=\"_blank\" rel=\"noopener\">www.samsung.com<\/a><\/p>\n<p><strong>Related articles<\/strong><\/p>\n<ul>\n<li><a href=\"https:\/\/www.eenewseurope.com\/news\/galway-line-intel-megafab\" target=\"_blank\" rel=\"noopener\">Galway in line for Intel megafab&nbsp;<\/a><\/li>\n<li><a href=\"https:\/\/www.eenewseurope.com\/news\/intel-breaks-ground-arizona-fabs\" target=\"_blank\" rel=\"noopener\">Intel breaks ground on Arizona fabs<\/a><\/li>\n<li><a href=\"https:\/\/www.eenewseurope.com\/news\/ti-build-four-new-300mm-fabs-texas\" target=\"_blank\" rel=\"noopener\">TI to build up to four new 300mm fabs in Texas<\/a><\/li>\n<li><a href=\"https:\/\/www.eenewseurope.com\/news\/nxp-infineon-plants-hit-power-outage-texas-storm\" target=\"_blank\" rel=\"noopener\">NXP, Infineon plants hit by power outage in Texas storm<\/a><\/li>\n<\/ul>\n<p><strong>Other articles on eeNews Europe<\/strong><\/p>\n<ul>\n<li><a href=\"https:\/\/www.eenewseurope.com\/news\/ford-chip-deal-globalfoundries-shakes-automotive\" target=\"_blank\" rel=\"noopener\">Ford chip deal with GlobalFoundries shakes up automotive<\/a><\/li>\n<li><a href=\"https:\/\/www.eenewseurope.com\/news\/titan-initiative-targets-ai-6g-chip-technologies\" target=\"_blank\" rel=\"noopener\">TITAN initiative targets AI, 6G chip technologies<\/a><\/li>\n<li><a href=\"https:\/\/www.eenewseurope.com\/news\/stmicroelectronics-taps-intel-changes-leadership\" target=\"_blank\" rel=\"noopener\">STMicroelectronics taps Intel in changes to leadership<\/a><\/li>\n<li><a href=\"https:\/\/www.eenewseurope.com\/news\/blacksmith-security-vulnerabilities-found-dram\" target=\"_blank\" rel=\"noopener\">Major security vulnerabilities found in DRAM<\/a><\/li>\n<\/ul>\n","protected":false},"excerpt":{"rendered":"<p>Le plus gros investissement jamais r\u00e9alis\u00e9 par Samsung aux \u00c9tats-Unis sera pour une Fab 3 nm bas\u00e9e pr\u00e8s d&rsquo;Austin, au Texas pour am\u00e9liorer la r\u00e9silience de la cha\u00eene d&rsquo;approvisionnement des puces logiques de pointe.<\/p>\n","protected":false},"author":7,"featured_media":155067,"comment_status":"closed","ping_status":"closed","sticky":false,"template":"","format":"standard","meta":{"_acf_changed":false,"footnotes":""},"categories":[880],"tags":[920,913,906],"domains":[47],"ppma_author":[1139],"class_list":["post-155066","post","type-post","status-publish","format-standard","has-post-thumbnail","hentry","category-actualites-economiques","tag-artificialintelligence-fr","tag-materials-processes-fr","tag-mpus-mcus-fr","domains-electronique-eci"],"acf":[],"yoast_head":"<title>Samsung choisit Austin TX pour sa Fab 3nm \u00e0 $17 milliards ...<\/title>\n<meta name=\"description\" content=\"Le plus gros investissement jamais r\u00e9alis\u00e9 par Samsung aux \u00c9tats-Unis sera pour une Fab 3 nm bas\u00e9e pr\u00e8s d&#039;Austin, au Texas pour am\u00e9liorer la...\" \/>\n<meta name=\"robots\" content=\"index, follow, max-snippet:-1, max-image-preview:large, max-video-preview:-1\" \/>\n<link rel=\"canonical\" href=\"https:\/\/www.ecinews.fr\/fr\/wp-json\/wp\/v2\/posts\/155066\/\" \/>\n<meta property=\"og:locale\" content=\"fr_FR\" \/>\n<meta property=\"og:type\" content=\"article\" \/>\n<meta property=\"og:title\" content=\"Samsung choisit Austin TX pour sa Fab 3nm \u00e0 $17 milliards\" \/>\n<meta property=\"og:description\" content=\"Le plus gros investissement jamais r\u00e9alis\u00e9 par Samsung aux \u00c9tats-Unis sera pour une Fab 3 nm bas\u00e9e pr\u00e8s d&#039;Austin, au Texas pour am\u00e9liorer la r\u00e9silience de la cha\u00eene d&#039;approvisionnement des puces logiques de pointe.\" \/>\n<meta property=\"og:url\" content=\"https:\/\/www.ecinews.fr\/fr\/wp-json\/wp\/v2\/posts\/155066\/\" \/>\n<meta property=\"og:site_name\" content=\"EENewsEurope\" \/>\n<meta property=\"article:published_time\" content=\"2021-11-25T17:35:52+00:00\" \/>\n<meta property=\"og:image\" content=\"https:\/\/www.ecinews.fr\/wp-content\/uploads\/import\/default\/files\/sites\/default\/files\/images\/taylor-texas_main1.jpg\" \/>\n\t<meta property=\"og:image:width\" content=\"1000\" \/>\n\t<meta property=\"og:image:height\" content=\"666\" \/>\n\t<meta property=\"og:image:type\" content=\"image\/jpeg\" \/>\n<meta name=\"author\" content=\"Wisse Hettinga\" \/>\n<meta name=\"twitter:card\" content=\"summary_large_image\" \/>\n<meta name=\"twitter:label1\" content=\"Written by\" \/>\n\t<meta name=\"twitter:data1\" content=\"Wisse Hettinga\" \/>\n\t<meta name=\"twitter:label2\" content=\"Est. reading time\" \/>\n\t<meta name=\"twitter:data2\" content=\"4 minutes\" \/>\n<script type=\"application\/ld+json\" class=\"yoast-schema-graph\">{\"@context\":\"https:\/\/schema.org\",\"@graph\":[{\"@type\":\"Article\",\"@id\":\"https:\/\/www.ecinews.fr\/fr\/samsung-choisit-austin-tx-pour-sa-fab-3nm-a-17-milliards\/#article\",\"isPartOf\":{\"@id\":\"https:\/\/www.ecinews.fr\/fr\/samsung-choisit-austin-tx-pour-sa-fab-3nm-a-17-milliards\/\"},\"author\":{\"name\":\"Wisse Hettinga\",\"@id\":\"https:\/\/www.eenewseurope.com\/en\/#\/schema\/person\/c6b626c6c65f5e1e7794ce2d17b2ca82\"},\"headline\":\"Samsung choisit Austin TX pour sa Fab 3nm \u00e0 $17 milliards\",\"datePublished\":\"2021-11-25T17:35:52+00:00\",\"dateModified\":\"2021-11-25T17:35:52+00:00\",\"mainEntityOfPage\":{\"@id\":\"https:\/\/www.ecinews.fr\/fr\/samsung-choisit-austin-tx-pour-sa-fab-3nm-a-17-milliards\/\"},\"wordCount\":857,\"publisher\":{\"@id\":\"https:\/\/www.eenewseurope.com\/en\/#organization\"},\"keywords\":[\"ArtificialIntelligence\",\"Materials &amp; processes\",\"MPUs\/MCUs\"],\"articleSection\":[\"Actualit\u00e9s \u00e9conomiques\"],\"inLanguage\":\"fr-FR\"},{\"@type\":\"WebPage\",\"@id\":\"https:\/\/www.ecinews.fr\/fr\/samsung-choisit-austin-tx-pour-sa-fab-3nm-a-17-milliards\/\",\"url\":\"https:\/\/www.ecinews.fr\/fr\/samsung-choisit-austin-tx-pour-sa-fab-3nm-a-17-milliards\/\",\"name\":\"Samsung choisit Austin TX pour sa Fab 3nm \u00e0 $17 milliards -\",\"isPartOf\":{\"@id\":\"https:\/\/www.eenewseurope.com\/en\/#website\"},\"datePublished\":\"2021-11-25T17:35:52+00:00\",\"dateModified\":\"2021-11-25T17:35:52+00:00\",\"breadcrumb\":{\"@id\":\"https:\/\/www.ecinews.fr\/fr\/samsung-choisit-austin-tx-pour-sa-fab-3nm-a-17-milliards\/#breadcrumb\"},\"inLanguage\":\"fr-FR\",\"potentialAction\":[{\"@type\":\"ReadAction\",\"target\":[\"https:\/\/www.ecinews.fr\/fr\/samsung-choisit-austin-tx-pour-sa-fab-3nm-a-17-milliards\/\"]}]},{\"@type\":\"BreadcrumbList\",\"@id\":\"https:\/\/www.ecinews.fr\/fr\/samsung-choisit-austin-tx-pour-sa-fab-3nm-a-17-milliards\/#breadcrumb\",\"itemListElement\":[{\"@type\":\"ListItem\",\"position\":1,\"name\":\"Home\",\"item\":\"https:\/\/www.ecinews.fr\/fr\/\"},{\"@type\":\"ListItem\",\"position\":2,\"name\":\"Samsung choisit Austin TX pour sa Fab 3nm \u00e0 $17 milliards\"}]},{\"@type\":\"WebSite\",\"@id\":\"https:\/\/www.eenewseurope.com\/en\/#website\",\"url\":\"https:\/\/www.eenewseurope.com\/en\/\",\"name\":\"EENewsEurope\",\"description\":\"Just another WordPress site\",\"publisher\":{\"@id\":\"https:\/\/www.eenewseurope.com\/en\/#organization\"},\"potentialAction\":[{\"@type\":\"SearchAction\",\"target\":{\"@type\":\"EntryPoint\",\"urlTemplate\":\"https:\/\/www.eenewseurope.com\/en\/?s={search_term_string}\"},\"query-input\":\"required name=search_term_string\"}],\"inLanguage\":\"fr-FR\"},{\"@type\":\"Organization\",\"@id\":\"https:\/\/www.eenewseurope.com\/en\/#organization\",\"name\":\"EENewsEurope\",\"url\":\"https:\/\/www.eenewseurope.com\/en\/\",\"logo\":{\"@type\":\"ImageObject\",\"inLanguage\":\"fr-FR\",\"@id\":\"https:\/\/www.eenewseurope.com\/en\/#\/schema\/logo\/image\/\",\"url\":\"https:\/\/www.ecinews.fr\/wp-content\/uploads\/2022\/02\/logo-1.jpg\",\"contentUrl\":\"https:\/\/www.ecinews.fr\/wp-content\/uploads\/2022\/02\/logo-1.jpg\",\"width\":283,\"height\":113,\"caption\":\"EENewsEurope\"},\"image\":{\"@id\":\"https:\/\/www.eenewseurope.com\/en\/#\/schema\/logo\/image\/\"}},{\"@type\":\"Person\",\"@id\":\"https:\/\/www.eenewseurope.com\/en\/#\/schema\/person\/c6b626c6c65f5e1e7794ce2d17b2ca82\",\"name\":\"Wisse Hettinga\",\"image\":{\"@type\":\"ImageObject\",\"inLanguage\":\"fr-FR\",\"@id\":\"https:\/\/www.eenewseurope.com\/en\/#\/schema\/person\/image\/5dc5f564ca306d7cb8b22735be49a465\",\"url\":\"https:\/\/secure.gravatar.com\/avatar\/24a36fe68de56eac2a45cbaf9aa4bb58?s=96&d=mm&r=g\",\"contentUrl\":\"https:\/\/secure.gravatar.com\/avatar\/24a36fe68de56eac2a45cbaf9aa4bb58?s=96&d=mm&r=g\",\"caption\":\"Wisse Hettinga\"}}]}<\/script>","yoast_head_json":{"title":"Samsung choisit Austin TX pour sa Fab 3nm \u00e0 $17 milliards ...","description":"Le plus gros investissement jamais r\u00e9alis\u00e9 par Samsung aux \u00c9tats-Unis sera pour une Fab 3 nm bas\u00e9e pr\u00e8s d'Austin, au Texas pour am\u00e9liorer la...","robots":{"index":"index","follow":"follow","max-snippet":"max-snippet:-1","max-image-preview":"max-image-preview:large","max-video-preview":"max-video-preview:-1"},"canonical":"https:\/\/www.ecinews.fr\/fr\/wp-json\/wp\/v2\/posts\/155066\/","og_locale":"fr_FR","og_type":"article","og_title":"Samsung choisit Austin TX pour sa Fab 3nm \u00e0 $17 milliards","og_description":"Le plus gros investissement jamais r\u00e9alis\u00e9 par Samsung aux \u00c9tats-Unis sera pour une Fab 3 nm bas\u00e9e pr\u00e8s d'Austin, au Texas pour am\u00e9liorer la r\u00e9silience de la cha\u00eene d'approvisionnement des puces logiques de pointe.","og_url":"https:\/\/www.ecinews.fr\/fr\/wp-json\/wp\/v2\/posts\/155066\/","og_site_name":"EENewsEurope","article_published_time":"2021-11-25T17:35:52+00:00","og_image":[{"width":1000,"height":666,"url":"https:\/\/www.ecinews.fr\/wp-content\/uploads\/import\/default\/files\/sites\/default\/files\/images\/taylor-texas_main1.jpg","type":"image\/jpeg"}],"author":"Wisse Hettinga","twitter_card":"summary_large_image","twitter_misc":{"Written by":"Wisse Hettinga","Est. reading time":"4 minutes"},"schema":{"@context":"https:\/\/schema.org","@graph":[{"@type":"Article","@id":"https:\/\/www.ecinews.fr\/fr\/samsung-choisit-austin-tx-pour-sa-fab-3nm-a-17-milliards\/#article","isPartOf":{"@id":"https:\/\/www.ecinews.fr\/fr\/samsung-choisit-austin-tx-pour-sa-fab-3nm-a-17-milliards\/"},"author":{"name":"Wisse Hettinga","@id":"https:\/\/www.eenewseurope.com\/en\/#\/schema\/person\/c6b626c6c65f5e1e7794ce2d17b2ca82"},"headline":"Samsung choisit Austin TX pour sa Fab 3nm \u00e0 $17 milliards","datePublished":"2021-11-25T17:35:52+00:00","dateModified":"2021-11-25T17:35:52+00:00","mainEntityOfPage":{"@id":"https:\/\/www.ecinews.fr\/fr\/samsung-choisit-austin-tx-pour-sa-fab-3nm-a-17-milliards\/"},"wordCount":857,"publisher":{"@id":"https:\/\/www.eenewseurope.com\/en\/#organization"},"keywords":["ArtificialIntelligence","Materials &amp; processes","MPUs\/MCUs"],"articleSection":["Actualit\u00e9s \u00e9conomiques"],"inLanguage":"fr-FR"},{"@type":"WebPage","@id":"https:\/\/www.ecinews.fr\/fr\/samsung-choisit-austin-tx-pour-sa-fab-3nm-a-17-milliards\/","url":"https:\/\/www.ecinews.fr\/fr\/samsung-choisit-austin-tx-pour-sa-fab-3nm-a-17-milliards\/","name":"Samsung choisit Austin TX pour sa Fab 3nm \u00e0 $17 milliards -","isPartOf":{"@id":"https:\/\/www.eenewseurope.com\/en\/#website"},"datePublished":"2021-11-25T17:35:52+00:00","dateModified":"2021-11-25T17:35:52+00:00","breadcrumb":{"@id":"https:\/\/www.ecinews.fr\/fr\/samsung-choisit-austin-tx-pour-sa-fab-3nm-a-17-milliards\/#breadcrumb"},"inLanguage":"fr-FR","potentialAction":[{"@type":"ReadAction","target":["https:\/\/www.ecinews.fr\/fr\/samsung-choisit-austin-tx-pour-sa-fab-3nm-a-17-milliards\/"]}]},{"@type":"BreadcrumbList","@id":"https:\/\/www.ecinews.fr\/fr\/samsung-choisit-austin-tx-pour-sa-fab-3nm-a-17-milliards\/#breadcrumb","itemListElement":[{"@type":"ListItem","position":1,"name":"Home","item":"https:\/\/www.ecinews.fr\/fr\/"},{"@type":"ListItem","position":2,"name":"Samsung choisit Austin TX pour sa Fab 3nm \u00e0 $17 milliards"}]},{"@type":"WebSite","@id":"https:\/\/www.eenewseurope.com\/en\/#website","url":"https:\/\/www.eenewseurope.com\/en\/","name":"EENewsEurope","description":"Just another WordPress site","publisher":{"@id":"https:\/\/www.eenewseurope.com\/en\/#organization"},"potentialAction":[{"@type":"SearchAction","target":{"@type":"EntryPoint","urlTemplate":"https:\/\/www.eenewseurope.com\/en\/?s={search_term_string}"},"query-input":"required name=search_term_string"}],"inLanguage":"fr-FR"},{"@type":"Organization","@id":"https:\/\/www.eenewseurope.com\/en\/#organization","name":"EENewsEurope","url":"https:\/\/www.eenewseurope.com\/en\/","logo":{"@type":"ImageObject","inLanguage":"fr-FR","@id":"https:\/\/www.eenewseurope.com\/en\/#\/schema\/logo\/image\/","url":"https:\/\/www.ecinews.fr\/wp-content\/uploads\/2022\/02\/logo-1.jpg","contentUrl":"https:\/\/www.ecinews.fr\/wp-content\/uploads\/2022\/02\/logo-1.jpg","width":283,"height":113,"caption":"EENewsEurope"},"image":{"@id":"https:\/\/www.eenewseurope.com\/en\/#\/schema\/logo\/image\/"}},{"@type":"Person","@id":"https:\/\/www.eenewseurope.com\/en\/#\/schema\/person\/c6b626c6c65f5e1e7794ce2d17b2ca82","name":"Wisse Hettinga","image":{"@type":"ImageObject","inLanguage":"fr-FR","@id":"https:\/\/www.eenewseurope.com\/en\/#\/schema\/person\/image\/5dc5f564ca306d7cb8b22735be49a465","url":"https:\/\/secure.gravatar.com\/avatar\/24a36fe68de56eac2a45cbaf9aa4bb58?s=96&d=mm&r=g","contentUrl":"https:\/\/secure.gravatar.com\/avatar\/24a36fe68de56eac2a45cbaf9aa4bb58?s=96&d=mm&r=g","caption":"Wisse Hettinga"}}]}},"authors":[{"term_id":1139,"user_id":7,"is_guest":0,"slug":"wisse-hettinga","display_name":"Wisse Hettinga","avatar_url":"https:\/\/secure.gravatar.com\/avatar\/24a36fe68de56eac2a45cbaf9aa4bb58?s=96&d=mm&r=g","0":null,"1":"","2":"","3":"","4":"","5":"","6":"","7":"","8":""}],"_links":{"self":[{"href":"https:\/\/www.ecinews.fr\/fr\/wp-json\/wp\/v2\/posts\/155066"}],"collection":[{"href":"https:\/\/www.ecinews.fr\/fr\/wp-json\/wp\/v2\/posts"}],"about":[{"href":"https:\/\/www.ecinews.fr\/fr\/wp-json\/wp\/v2\/types\/post"}],"author":[{"embeddable":true,"href":"https:\/\/www.ecinews.fr\/fr\/wp-json\/wp\/v2\/users\/7"}],"replies":[{"embeddable":true,"href":"https:\/\/www.ecinews.fr\/fr\/wp-json\/wp\/v2\/comments?post=155066"}],"version-history":[{"count":0,"href":"https:\/\/www.ecinews.fr\/fr\/wp-json\/wp\/v2\/posts\/155066\/revisions"}],"wp:featuredmedia":[{"embeddable":true,"href":"https:\/\/www.ecinews.fr\/fr\/wp-json\/wp\/v2\/media\/155067"}],"wp:attachment":[{"href":"https:\/\/www.ecinews.fr\/fr\/wp-json\/wp\/v2\/media?parent=155066"}],"wp:term":[{"taxonomy":"category","embeddable":true,"href":"https:\/\/www.ecinews.fr\/fr\/wp-json\/wp\/v2\/categories?post=155066"},{"taxonomy":"post_tag","embeddable":true,"href":"https:\/\/www.ecinews.fr\/fr\/wp-json\/wp\/v2\/tags?post=155066"},{"taxonomy":"domains","embeddable":true,"href":"https:\/\/www.ecinews.fr\/fr\/wp-json\/wp\/v2\/domains?post=155066"},{"taxonomy":"author","embeddable":true,"href":"https:\/\/www.ecinews.fr\/fr\/wp-json\/wp\/v2\/ppma_author?post=155066"}],"curies":[{"name":"wp","href":"https:\/\/api.w.org\/{rel}","templated":true}]}}