{"id":15409,"date":"2021-03-30T11:25:14","date_gmt":"2021-03-30T11:25:14","guid":{"rendered":"https:\/\/\/analog-devices-annonce-une-plateforme-radio-complete-destinee-a-lecosysteme-o-ran-5g\/"},"modified":"2021-03-30T11:25:14","modified_gmt":"2021-03-30T11:25:14","slug":"analog-devices-annonce-une-plateforme-radio-complete-destinee-a-lecosysteme-o-ran-5g","status":"publish","type":"post","link":"https:\/\/www.ecinews.fr\/fr\/analog-devices-annonce-une-plateforme-radio-complete-destinee-a-lecosysteme-o-ran-5g\/","title":{"rendered":"Analog Devices annonce une plateforme radio compl\u00e8te destin\u00e9e \u00e0 l&rsquo;\u00e9cosyst\u00e8me O-RAN 5G"},"content":{"rendered":"<p><!--[if gte mso 9]&gt;--><\/p>\n<p>  Charlotte FONTANA<br \/>\n  16.00<\/p>\n<p><!--[if gte mso 9]&gt;--><\/p>\n<p>  Normal<br \/>\n  0<\/p>\n<p>  21<\/p>\n<p>  false<br \/>\n  false<br \/>\n  false<\/p>\n<p>  FR<br \/>\n  X-NONE<br \/>\n  X-NONE<\/p>\n<p><!--[if gte mso 9]&gt;--><\/p>\n<p><!--[if gte mso 10]&gt;--><\/p>\n<p> \/* Style Definitions *\/<br \/>\n table.MsoNormalTable<br \/>\n\t{mso-style-name:\u00a0\u00bbTableau Normal\u00a0\u00bb;<br \/>\n\tmso-tstyle-rowband-size:0;<br \/>\n\tmso-tstyle-colband-size:0;<br \/>\n\tmso-style-noshow:yes;<br \/>\n\tmso-style-priority:99;<br \/>\n\tmso-style-parent:\u00a0\u00bb\u00a0\u00bb;<br \/>\n\tmso-padding-alt:0cm 5.4pt 0cm 5.4pt;<br \/>\n\tmso-para-margin:0cm;<br \/>\n\tmso-para-margin-bottom:.0001pt;<br \/>\n\tmso-pagination:widow-orphan;<br \/>\n\tfont-size:10.0pt;<br \/>\n\tfont-family:\u00a0\u00bbArial\u00a0\u00bb,sans-serif;<br \/>\n\tmso-bidi-font-family:\u00a0\u00bbTimes New Roman\u00a0\u00bb;}<\/p>\n<p>L&rsquo;\u00e9cosyst\u00e8me O-RAN utilise des&nbsp;standards&nbsp;ouverts pour&nbsp;d\u00e9composer&nbsp;le r\u00e9seau traditionnel&nbsp;et&nbsp;assurer&nbsp;une plus grande flexibilit\u00e9&nbsp;ainsi que&nbsp;des fonctionnalit\u00e9s suppl\u00e9mentaires&nbsp;pour&nbsp;les&nbsp;r\u00e9seaux d&rsquo;op\u00e9rateur. La plateforme radio d&rsquo;ADI comprend&nbsp;l&rsquo;ensemble des&nbsp;fonctionnalit\u00e9s de base&nbsp;que requi\u00e8rent les&nbsp;unit\u00e9s&nbsp;radio 5G conformes&nbsp;au standard&nbsp;O-RAN,&nbsp;\u00e0 savoir&nbsp;un&nbsp;circuit&nbsp;ASIC&nbsp;en&nbsp;bande de base, des \u00e9metteurs-r\u00e9cepteurs d\u00e9finis par logiciel,&nbsp;du traitement&nbsp;de&nbsp;signal et&nbsp;une&nbsp;alimentation. Cette plateforme radio avanc\u00e9e est con\u00e7ue pour&nbsp;am\u00e9liorer significativement les&nbsp;performances&nbsp;et&nbsp;la&nbsp;compacit\u00e9&nbsp;afin&nbsp;de&nbsp;relever les d\u00e9fis de&nbsp;co\u00fbt et de&nbsp;consommation d&rsquo;\u00e9nergie&nbsp;propres aux&nbsp;r\u00e9seaux de&nbsp;nouvelle&nbsp;g\u00e9n\u00e9ration, tout en&nbsp;permettant aux clients de&nbsp;raccourcir leurs&nbsp;cycles de conception.<\/p>\n<p>\u00ab&nbsp;O-RAN&nbsp;vise&nbsp;\u00e0&nbsp;transformer&nbsp;le march\u00e9 traditionnel en&nbsp;repensant&nbsp;la structure du r\u00e9seau&nbsp;\u00e0 l&rsquo;aide&nbsp;de standards ouverts&nbsp;qui n\u00e9cessiteront des&nbsp;solutions radio&nbsp;\u00e0 la fois nouvelles et innovantes&nbsp;\u00bb, a d\u00e9clar\u00e9 Joe Barry, vice-pr\u00e9sident de&nbsp;la division Communications sans fil,&nbsp;Analog Devices.&nbsp;\u00ab&nbsp;La&nbsp;nouvelle solution&nbsp;d&rsquo;ADI&nbsp;compatible&nbsp;O-RAN marque une avanc\u00e9e majeure pour l&rsquo;\u00e9cosyst\u00e8me&nbsp;en fournissant une plateforme radio&nbsp;optimis\u00e9e&nbsp;pour les applications 5G.&nbsp;\u00bb<\/p>\n<p>La technologie&nbsp;O-RAN&nbsp;facilite l&rsquo;acc\u00e8s&nbsp;au march\u00e9 5G&nbsp;et offre de nouvelles opportunit\u00e9s aux fournisseurs&nbsp;de solutions&nbsp;sans fil&nbsp;actuels&nbsp;et \u00e9mergents. ADI s&rsquo;engage directement&nbsp;aupr\u00e8s des membres&nbsp;de l&rsquo;\u00e9cosyst\u00e8me&nbsp;O-RAN&nbsp;afin d&rsquo;optimiser l&rsquo;efficacit\u00e9&nbsp;totale du syst\u00e8me,&nbsp;favoriser&nbsp;l&rsquo;interop\u00e9rabilit\u00e9 et&nbsp;\u00e9largir&nbsp;les&nbsp;capacit\u00e9s industrielles.<\/p>\n<p>\u00ab&nbsp;Mettre&nbsp;sur le march\u00e9&nbsp;un&nbsp;ASIC&nbsp;destin\u00e9 aux couches&nbsp;PHY&nbsp;inf\u00e9rieures pour la&nbsp;bande de base&nbsp;marque une avanc\u00e9e significative&nbsp;pour l&rsquo;\u00e9cosyst\u00e8me&nbsp;Open RAN. D\u00e9sormais, les&nbsp;\u00e9quipementiers&nbsp;disposent d&rsquo;une&nbsp;solution&nbsp;leur permettant de&nbsp;cr\u00e9er&nbsp;sans difficult\u00e9&nbsp;des syst\u00e8mes comp\u00e9titifs pour les&nbsp;petites et&nbsp;macro-cellules&nbsp;\u00bb, a d\u00e9clar\u00e9 Andy Dunkin, responsable du d\u00e9veloppement des&nbsp;plateformes&nbsp;num\u00e9riques et RF&nbsp;Open RAN,&nbsp;Vodafone Group.&nbsp;\u00ab&nbsp;De telles&nbsp;initiatives&nbsp;contribuent \u00e0 la mise en&nbsp;\u0153uvre d&rsquo;un \u00e9cosyst\u00e8me sain.&nbsp;\u00bb<\/p>\n<p>La plateforme&nbsp;propos\u00e9e par&nbsp;Analog Devices permet aux concepteurs et aux fabricants de&nbsp;syst\u00e8mes&nbsp;radio d&rsquo;optimiser les performances syst\u00e8me&nbsp;des&nbsp;petites et&nbsp;macro-cellules. Le carte de r\u00e9f\u00e9rence permettra aux concepteurs&nbsp;de cr\u00e9er&nbsp;des&nbsp;radios conformes&nbsp;O-RAN&nbsp;en&nbsp;utilisant&nbsp;:<\/p>\n<p><!--[if !supportLists]-->\u00b7&nbsp;&nbsp;&nbsp;&nbsp;&nbsp;&nbsp;&nbsp;&nbsp; <!--[endif]-->Un&nbsp;\u00e9metteur-r\u00e9cepteur de nouvelle g\u00e9n\u00e9ration d&rsquo;ADI&nbsp;int\u00e9grant du traitement num\u00e9rique du&nbsp;signal avanc\u00e9 (DFE&nbsp;&#8211;&nbsp;Digital Front-End),&nbsp;un algorithme de&nbsp;pr\u00e9distorsion num\u00e9rique&nbsp;(DPD)&nbsp;pour les&nbsp;amplificateurs de puissance&nbsp;GaN,&nbsp;une fonction de&nbsp;r\u00e9duction du facteur de cr\u00eate,&nbsp;et&nbsp;des&nbsp;blocs num\u00e9riques pour la transposition de fr\u00e9quence&nbsp;(\u00e9l\u00e9vateurs et abaisseurs)<\/p>\n<p><!--[if !supportLists]-->\u00b7&nbsp;&nbsp;&nbsp;&nbsp;&nbsp;&nbsp;&nbsp;&nbsp; <!--[endif]-->Un&nbsp;ASIC&nbsp;pour la&nbsp;bande de base \/ couche&nbsp;PHY&nbsp;inf\u00e9rieure&nbsp;;&nbsp;qui&nbsp;fournit&nbsp;une solution conforme \u00e0 la&nbsp;sp\u00e9cification&nbsp;7.2x pour&nbsp;les protocoles&nbsp;LTE, 5G et NB-IoT,&nbsp;avec&nbsp;protocole&nbsp;de synchronisation d&rsquo;horloge&nbsp;IEEE1588 et interface eCPRI&nbsp;(evolved Common Public Radio Interface)&nbsp;;<\/p>\n<p><!--[if !supportLists]-->\u00b7&nbsp;&nbsp;&nbsp;&nbsp;&nbsp;&nbsp;&nbsp;&nbsp; <!--[endif]-->et&nbsp;des&nbsp;solutions compl\u00e8tes&nbsp;d&rsquo;horloges&nbsp;et&nbsp;d&rsquo;alimentations.<\/p>\n<p>\u00ab&nbsp;Nous&nbsp;saluons les&nbsp;efforts d\u00e9ploy\u00e9s par ADI pour&nbsp;faciliter l&rsquo;acc\u00e8s&nbsp;\u00e0 l&rsquo;\u00e9cosyst\u00e8me O-RAN en offrant un niveau de support&nbsp;in\u00e9dit \u00e0&nbsp;un large \u00e9ventail de fournisseurs de&nbsp;solutions&nbsp;sans fil&nbsp;\u00bb, a d\u00e9clar\u00e9 Steve Papa,&nbsp;CEO&nbsp;de Parallel Wireless.&nbsp;\u00ab&nbsp;De telles&nbsp;solutions&nbsp;permettront&nbsp;d&rsquo;acc\u00e9l\u00e9rer la&nbsp;standardisation&nbsp;de la division fonctionnelle de l&rsquo;Option 7.2&nbsp;et ainsi&nbsp;de&nbsp;faciliter l&rsquo;int\u00e9gration de l&rsquo;interop\u00e9rabilit\u00e9.&nbsp;\u00bb<\/p>\n<p><strong>Des&nbsp;plateformes&nbsp;pour l&rsquo;\u00e9valuation&nbsp;de la&nbsp;technologie&nbsp;seront disponibles dans le courant de l&rsquo;ann\u00e9e.<\/strong><\/p>\n<p><a href=\"http:\/\/platform.radioverse.com\/\" target=\"_blank\" rel=\"noopener\">platform.radioverse.com<\/a><\/p>\n<p><a href=\"http:\/\/www.analog.com\/radioverse\" target=\"_blank\" rel=\"noopener\">analog.com\/radioverse<\/a><\/p>\n<p><a href=\"http:\/\/www.o-ran.org\">www.o-ran.org<\/a><\/p>\n<p>&nbsp;<\/p>\n<p><a href=\"http:\/\/www.analog.com\/\" target=\"_blank\" rel=\"noopener\">http:\/\/www.analog.com<\/a><\/p>\n<p>&nbsp;<\/p>\n<p class=\"MsoNormal\">&nbsp;<\/p>\n<p class=\"MsoNormal\" style=\"vertical-align:baseline\"><span><\/span><\/p>\n<p class=\"MsoNormal\">&nbsp;<\/p>\n","protected":false},"excerpt":{"rendered":"<p>Analog Devices, Inc., annonce une plateforme radio, construite autour d&rsquo;un ASIC, destin\u00e9e aux unit\u00e9s radio 5G conformes \u00e0 la sp\u00e9cification O-RAN (Open Radio Access Networks). Cette nouvelle plateforme est con\u00e7ue pour raccourcir les d\u00e9lais de commercialisation et r\u00e9pondre aux besoins en constante \u00e9volution des r\u00e9seaux 5G.<\/p>\n","protected":false},"author":9,"featured_media":15410,"comment_status":"open","ping_status":"closed","sticky":false,"template":"","format":"standard","meta":{"_acf_changed":false,"footnotes":""},"categories":[],"tags":[],"domains":[47],"ppma_author":[1141],"class_list":["post-15409","post","type-post","status-publish","format-standard","has-post-thumbnail","hentry","domains-electronique-eci"],"acf":[],"yoast_head":"<title>Analog Devices annonce une plateforme radio compl\u00e8te destin\u00e9e...<\/title>\n<meta name=\"description\" content=\"Analog Devices, Inc., annonce une plateforme radio, construite autour d&#039;un ASIC, destin\u00e9e aux unit\u00e9s radio 5G conformes \u00e0 la sp\u00e9cification O-RAN (Open...\" \/>\n<meta name=\"robots\" content=\"index, follow, max-snippet:-1, max-image-preview:large, max-video-preview:-1\" \/>\n<link rel=\"canonical\" href=\"https:\/\/www.ecinews.fr\/fr\/wp-json\/wp\/v2\/posts\/15409\/\" \/>\n<meta property=\"og:locale\" content=\"fr_FR\" \/>\n<meta property=\"og:type\" content=\"article\" \/>\n<meta property=\"og:title\" content=\"Analog Devices annonce une plateforme radio compl\u00e8te destin\u00e9e \u00e0 l&#039;\u00e9cosyst\u00e8me O-RAN 5G\" \/>\n<meta property=\"og:description\" content=\"Analog Devices, Inc., annonce une plateforme radio, construite autour d&#039;un ASIC, destin\u00e9e aux unit\u00e9s radio 5G conformes \u00e0 la sp\u00e9cification O-RAN (Open Radio Access Networks). Cette nouvelle plateforme est con\u00e7ue pour raccourcir les d\u00e9lais de commercialisation et r\u00e9pondre aux besoins en constante \u00e9volution des r\u00e9seaux 5G.\" \/>\n<meta property=\"og:url\" content=\"https:\/\/www.ecinews.fr\/fr\/wp-json\/wp\/v2\/posts\/15409\/\" \/>\n<meta property=\"og:site_name\" content=\"EENewsEurope\" \/>\n<meta property=\"article:published_time\" content=\"2021-03-30T11:25:14+00:00\" \/>\n<meta property=\"og:image\" content=\"https:\/\/www.ecinews.fr\/wp-content\/uploads\/import\/default\/files\/sites\/default\/files\/images\/eci9179_adi_actu-1024x1024.jpg\" \/>\n\t<meta property=\"og:image:width\" content=\"1024\" \/>\n\t<meta property=\"og:image:height\" content=\"1024\" \/>\n\t<meta property=\"og:image:type\" content=\"image\/jpeg\" \/>\n<meta name=\"author\" content=\"Alain Dieul\" \/>\n<meta name=\"twitter:card\" content=\"summary_large_image\" \/>\n<meta name=\"twitter:label1\" content=\"Written by\" \/>\n\t<meta name=\"twitter:data1\" content=\"Alain Dieul\" \/>\n\t<meta name=\"twitter:label2\" content=\"Est. reading time\" \/>\n\t<meta name=\"twitter:data2\" content=\"4 minutes\" \/>\n<script type=\"application\/ld+json\" class=\"yoast-schema-graph\">{\"@context\":\"https:\/\/schema.org\",\"@graph\":[{\"@type\":\"Article\",\"@id\":\"https:\/\/www.ecinews.fr\/fr\/analog-devices-annonce-une-plateforme-radio-complete-destinee-a-lecosysteme-o-ran-5g\/#article\",\"isPartOf\":{\"@id\":\"https:\/\/www.ecinews.fr\/fr\/analog-devices-annonce-une-plateforme-radio-complete-destinee-a-lecosysteme-o-ran-5g\/\"},\"author\":{\"name\":\"Alain Dieul\",\"@id\":\"https:\/\/www.eenewseurope.com\/en\/#\/schema\/person\/568c789a4794bd460460501ba91f5daf\"},\"headline\":\"Analog Devices annonce une plateforme radio compl\u00e8te destin\u00e9e \u00e0 l&rsquo;\u00e9cosyst\u00e8me O-RAN 5G\",\"datePublished\":\"2021-03-30T11:25:14+00:00\",\"dateModified\":\"2021-03-30T11:25:14+00:00\",\"mainEntityOfPage\":{\"@id\":\"https:\/\/www.ecinews.fr\/fr\/analog-devices-annonce-une-plateforme-radio-complete-destinee-a-lecosysteme-o-ran-5g\/\"},\"wordCount\":896,\"commentCount\":0,\"publisher\":{\"@id\":\"https:\/\/www.eenewseurope.com\/en\/#organization\"},\"inLanguage\":\"fr-FR\",\"potentialAction\":[{\"@type\":\"CommentAction\",\"name\":\"Comment\",\"target\":[\"https:\/\/www.ecinews.fr\/fr\/analog-devices-annonce-une-plateforme-radio-complete-destinee-a-lecosysteme-o-ran-5g\/#respond\"]}]},{\"@type\":\"WebPage\",\"@id\":\"https:\/\/www.ecinews.fr\/fr\/analog-devices-annonce-une-plateforme-radio-complete-destinee-a-lecosysteme-o-ran-5g\/\",\"url\":\"https:\/\/www.ecinews.fr\/fr\/analog-devices-annonce-une-plateforme-radio-complete-destinee-a-lecosysteme-o-ran-5g\/\",\"name\":\"Analog Devices annonce une plateforme radio compl\u00e8te destin\u00e9e \u00e0 l'\u00e9cosyst\u00e8me O-RAN 5G -\",\"isPartOf\":{\"@id\":\"https:\/\/www.eenewseurope.com\/en\/#website\"},\"datePublished\":\"2021-03-30T11:25:14+00:00\",\"dateModified\":\"2021-03-30T11:25:14+00:00\",\"breadcrumb\":{\"@id\":\"https:\/\/www.ecinews.fr\/fr\/analog-devices-annonce-une-plateforme-radio-complete-destinee-a-lecosysteme-o-ran-5g\/#breadcrumb\"},\"inLanguage\":\"fr-FR\",\"potentialAction\":[{\"@type\":\"ReadAction\",\"target\":[\"https:\/\/www.ecinews.fr\/fr\/analog-devices-annonce-une-plateforme-radio-complete-destinee-a-lecosysteme-o-ran-5g\/\"]}]},{\"@type\":\"BreadcrumbList\",\"@id\":\"https:\/\/www.ecinews.fr\/fr\/analog-devices-annonce-une-plateforme-radio-complete-destinee-a-lecosysteme-o-ran-5g\/#breadcrumb\",\"itemListElement\":[{\"@type\":\"ListItem\",\"position\":1,\"name\":\"Home\",\"item\":\"https:\/\/www.ecinews.fr\/fr\/\"},{\"@type\":\"ListItem\",\"position\":2,\"name\":\"Analog Devices annonce une plateforme radio compl\u00e8te destin\u00e9e \u00e0 l&rsquo;\u00e9cosyst\u00e8me O-RAN 5G\"}]},{\"@type\":\"WebSite\",\"@id\":\"https:\/\/www.eenewseurope.com\/en\/#website\",\"url\":\"https:\/\/www.eenewseurope.com\/en\/\",\"name\":\"EENewsEurope\",\"description\":\"Just another WordPress site\",\"publisher\":{\"@id\":\"https:\/\/www.eenewseurope.com\/en\/#organization\"},\"potentialAction\":[{\"@type\":\"SearchAction\",\"target\":{\"@type\":\"EntryPoint\",\"urlTemplate\":\"https:\/\/www.eenewseurope.com\/en\/?s={search_term_string}\"},\"query-input\":\"required name=search_term_string\"}],\"inLanguage\":\"fr-FR\"},{\"@type\":\"Organization\",\"@id\":\"https:\/\/www.eenewseurope.com\/en\/#organization\",\"name\":\"EENewsEurope\",\"url\":\"https:\/\/www.eenewseurope.com\/en\/\",\"logo\":{\"@type\":\"ImageObject\",\"inLanguage\":\"fr-FR\",\"@id\":\"https:\/\/www.eenewseurope.com\/en\/#\/schema\/logo\/image\/\",\"url\":\"https:\/\/www.ecinews.fr\/wp-content\/uploads\/2022\/02\/logo-1.jpg\",\"contentUrl\":\"https:\/\/www.ecinews.fr\/wp-content\/uploads\/2022\/02\/logo-1.jpg\",\"width\":283,\"height\":113,\"caption\":\"EENewsEurope\"},\"image\":{\"@id\":\"https:\/\/www.eenewseurope.com\/en\/#\/schema\/logo\/image\/\"}},{\"@type\":\"Person\",\"@id\":\"https:\/\/www.eenewseurope.com\/en\/#\/schema\/person\/568c789a4794bd460460501ba91f5daf\",\"name\":\"Alain Dieul\",\"image\":{\"@type\":\"ImageObject\",\"inLanguage\":\"fr-FR\",\"@id\":\"https:\/\/www.eenewseurope.com\/en\/#\/schema\/person\/image\/6d32dc651fbcef3b338066625b118364\",\"url\":\"https:\/\/secure.gravatar.com\/avatar\/93708ec89b35deb10f4cfbfe144b4e07?s=96&d=mm&r=g\",\"contentUrl\":\"https:\/\/secure.gravatar.com\/avatar\/93708ec89b35deb10f4cfbfe144b4e07?s=96&d=mm&r=g\",\"caption\":\"Alain Dieul\"}}]}<\/script>","yoast_head_json":{"title":"Analog Devices annonce une plateforme radio compl\u00e8te destin\u00e9e...","description":"Analog Devices, Inc., annonce une plateforme radio, construite autour d'un ASIC, destin\u00e9e aux unit\u00e9s radio 5G conformes \u00e0 la sp\u00e9cification O-RAN (Open...","robots":{"index":"index","follow":"follow","max-snippet":"max-snippet:-1","max-image-preview":"max-image-preview:large","max-video-preview":"max-video-preview:-1"},"canonical":"https:\/\/www.ecinews.fr\/fr\/wp-json\/wp\/v2\/posts\/15409\/","og_locale":"fr_FR","og_type":"article","og_title":"Analog Devices annonce une plateforme radio compl\u00e8te destin\u00e9e \u00e0 l'\u00e9cosyst\u00e8me O-RAN 5G","og_description":"Analog Devices, Inc., annonce une plateforme radio, construite autour d'un ASIC, destin\u00e9e aux unit\u00e9s radio 5G conformes \u00e0 la sp\u00e9cification O-RAN (Open Radio Access Networks). Cette nouvelle plateforme est con\u00e7ue pour raccourcir les d\u00e9lais de commercialisation et r\u00e9pondre aux besoins en constante \u00e9volution des r\u00e9seaux 5G.","og_url":"https:\/\/www.ecinews.fr\/fr\/wp-json\/wp\/v2\/posts\/15409\/","og_site_name":"EENewsEurope","article_published_time":"2021-03-30T11:25:14+00:00","og_image":[{"width":1024,"height":1024,"url":"https:\/\/www.ecinews.fr\/wp-content\/uploads\/import\/default\/files\/sites\/default\/files\/images\/eci9179_adi_actu-1024x1024.jpg","type":"image\/jpeg"}],"author":"Alain Dieul","twitter_card":"summary_large_image","twitter_misc":{"Written by":"Alain Dieul","Est. reading time":"4 minutes"},"schema":{"@context":"https:\/\/schema.org","@graph":[{"@type":"Article","@id":"https:\/\/www.ecinews.fr\/fr\/analog-devices-annonce-une-plateforme-radio-complete-destinee-a-lecosysteme-o-ran-5g\/#article","isPartOf":{"@id":"https:\/\/www.ecinews.fr\/fr\/analog-devices-annonce-une-plateforme-radio-complete-destinee-a-lecosysteme-o-ran-5g\/"},"author":{"name":"Alain Dieul","@id":"https:\/\/www.eenewseurope.com\/en\/#\/schema\/person\/568c789a4794bd460460501ba91f5daf"},"headline":"Analog Devices annonce une plateforme radio compl\u00e8te destin\u00e9e \u00e0 l&rsquo;\u00e9cosyst\u00e8me O-RAN 5G","datePublished":"2021-03-30T11:25:14+00:00","dateModified":"2021-03-30T11:25:14+00:00","mainEntityOfPage":{"@id":"https:\/\/www.ecinews.fr\/fr\/analog-devices-annonce-une-plateforme-radio-complete-destinee-a-lecosysteme-o-ran-5g\/"},"wordCount":896,"commentCount":0,"publisher":{"@id":"https:\/\/www.eenewseurope.com\/en\/#organization"},"inLanguage":"fr-FR","potentialAction":[{"@type":"CommentAction","name":"Comment","target":["https:\/\/www.ecinews.fr\/fr\/analog-devices-annonce-une-plateforme-radio-complete-destinee-a-lecosysteme-o-ran-5g\/#respond"]}]},{"@type":"WebPage","@id":"https:\/\/www.ecinews.fr\/fr\/analog-devices-annonce-une-plateforme-radio-complete-destinee-a-lecosysteme-o-ran-5g\/","url":"https:\/\/www.ecinews.fr\/fr\/analog-devices-annonce-une-plateforme-radio-complete-destinee-a-lecosysteme-o-ran-5g\/","name":"Analog Devices annonce une plateforme radio compl\u00e8te destin\u00e9e \u00e0 l'\u00e9cosyst\u00e8me O-RAN 5G -","isPartOf":{"@id":"https:\/\/www.eenewseurope.com\/en\/#website"},"datePublished":"2021-03-30T11:25:14+00:00","dateModified":"2021-03-30T11:25:14+00:00","breadcrumb":{"@id":"https:\/\/www.ecinews.fr\/fr\/analog-devices-annonce-une-plateforme-radio-complete-destinee-a-lecosysteme-o-ran-5g\/#breadcrumb"},"inLanguage":"fr-FR","potentialAction":[{"@type":"ReadAction","target":["https:\/\/www.ecinews.fr\/fr\/analog-devices-annonce-une-plateforme-radio-complete-destinee-a-lecosysteme-o-ran-5g\/"]}]},{"@type":"BreadcrumbList","@id":"https:\/\/www.ecinews.fr\/fr\/analog-devices-annonce-une-plateforme-radio-complete-destinee-a-lecosysteme-o-ran-5g\/#breadcrumb","itemListElement":[{"@type":"ListItem","position":1,"name":"Home","item":"https:\/\/www.ecinews.fr\/fr\/"},{"@type":"ListItem","position":2,"name":"Analog Devices annonce une plateforme radio compl\u00e8te destin\u00e9e \u00e0 l&rsquo;\u00e9cosyst\u00e8me O-RAN 5G"}]},{"@type":"WebSite","@id":"https:\/\/www.eenewseurope.com\/en\/#website","url":"https:\/\/www.eenewseurope.com\/en\/","name":"EENewsEurope","description":"Just another WordPress site","publisher":{"@id":"https:\/\/www.eenewseurope.com\/en\/#organization"},"potentialAction":[{"@type":"SearchAction","target":{"@type":"EntryPoint","urlTemplate":"https:\/\/www.eenewseurope.com\/en\/?s={search_term_string}"},"query-input":"required name=search_term_string"}],"inLanguage":"fr-FR"},{"@type":"Organization","@id":"https:\/\/www.eenewseurope.com\/en\/#organization","name":"EENewsEurope","url":"https:\/\/www.eenewseurope.com\/en\/","logo":{"@type":"ImageObject","inLanguage":"fr-FR","@id":"https:\/\/www.eenewseurope.com\/en\/#\/schema\/logo\/image\/","url":"https:\/\/www.ecinews.fr\/wp-content\/uploads\/2022\/02\/logo-1.jpg","contentUrl":"https:\/\/www.ecinews.fr\/wp-content\/uploads\/2022\/02\/logo-1.jpg","width":283,"height":113,"caption":"EENewsEurope"},"image":{"@id":"https:\/\/www.eenewseurope.com\/en\/#\/schema\/logo\/image\/"}},{"@type":"Person","@id":"https:\/\/www.eenewseurope.com\/en\/#\/schema\/person\/568c789a4794bd460460501ba91f5daf","name":"Alain Dieul","image":{"@type":"ImageObject","inLanguage":"fr-FR","@id":"https:\/\/www.eenewseurope.com\/en\/#\/schema\/person\/image\/6d32dc651fbcef3b338066625b118364","url":"https:\/\/secure.gravatar.com\/avatar\/93708ec89b35deb10f4cfbfe144b4e07?s=96&d=mm&r=g","contentUrl":"https:\/\/secure.gravatar.com\/avatar\/93708ec89b35deb10f4cfbfe144b4e07?s=96&d=mm&r=g","caption":"Alain Dieul"}}]}},"authors":[{"term_id":1141,"user_id":9,"is_guest":0,"slug":"alaindieul","display_name":"Alain Dieul","avatar_url":"https:\/\/secure.gravatar.com\/avatar\/93708ec89b35deb10f4cfbfe144b4e07?s=96&d=mm&r=g","0":null,"1":"","2":"","3":"","4":"","5":"","6":"","7":"","8":""}],"_links":{"self":[{"href":"https:\/\/www.ecinews.fr\/fr\/wp-json\/wp\/v2\/posts\/15409"}],"collection":[{"href":"https:\/\/www.ecinews.fr\/fr\/wp-json\/wp\/v2\/posts"}],"about":[{"href":"https:\/\/www.ecinews.fr\/fr\/wp-json\/wp\/v2\/types\/post"}],"author":[{"embeddable":true,"href":"https:\/\/www.ecinews.fr\/fr\/wp-json\/wp\/v2\/users\/9"}],"replies":[{"embeddable":true,"href":"https:\/\/www.ecinews.fr\/fr\/wp-json\/wp\/v2\/comments?post=15409"}],"version-history":[{"count":0,"href":"https:\/\/www.ecinews.fr\/fr\/wp-json\/wp\/v2\/posts\/15409\/revisions"}],"wp:featuredmedia":[{"embeddable":true,"href":"https:\/\/www.ecinews.fr\/fr\/wp-json\/wp\/v2\/media\/15410"}],"wp:attachment":[{"href":"https:\/\/www.ecinews.fr\/fr\/wp-json\/wp\/v2\/media?parent=15409"}],"wp:term":[{"taxonomy":"category","embeddable":true,"href":"https:\/\/www.ecinews.fr\/fr\/wp-json\/wp\/v2\/categories?post=15409"},{"taxonomy":"post_tag","embeddable":true,"href":"https:\/\/www.ecinews.fr\/fr\/wp-json\/wp\/v2\/tags?post=15409"},{"taxonomy":"domains","embeddable":true,"href":"https:\/\/www.ecinews.fr\/fr\/wp-json\/wp\/v2\/domains?post=15409"},{"taxonomy":"author","embeddable":true,"href":"https:\/\/www.ecinews.fr\/fr\/wp-json\/wp\/v2\/ppma_author?post=15409"}],"curies":[{"name":"wp","href":"https:\/\/api.w.org\/{rel}","templated":true}]}}