{"id":149128,"date":"2021-11-10T07:49:44","date_gmt":"2021-11-10T07:49:44","guid":{"rendered":"https:\/\/\/supercalcul-sipearl-partenaire-dintel-pour-accelerer-le-deploiement-de-lexascale\/"},"modified":"2021-11-10T07:49:44","modified_gmt":"2021-11-10T07:49:44","slug":"supercalcul-sipearl-partenaire-dintel-pour-accelerer-le-deploiement-de-lexascale","status":"publish","type":"post","link":"https:\/\/www.ecinews.fr\/fr\/supercalcul-sipearl-partenaire-dintel-pour-accelerer-le-deploiement-de-lexascale\/","title":{"rendered":"Supercalcul : SiPearl partenaire d\u2019Intel pour acc\u00e9l\u00e9rer le d\u00e9ploiement de l\u2019exascale"},"content":{"rendered":"<p>Pour permettre cette puissante combinaison, SiPearl pr\u00e9voit d\u2019utiliser et d\u2019optimiser pour son microprocesseur Rhea l\u2019interface de programmation ouverte et unifi\u00e9e, oneAPI, cr\u00e9\u00e9e par Intel. L\u2019utilisation de cette unique solution sur l\u2019ensemble du noeud de calcul h\u00e9t\u00e9rog\u00e8ne, constitu\u00e9 de Rhea et Ponte Vecchio, augmentera la productivit\u00e9 des d\u00e9veloppeurs et le rendement applicatif. Elle capitalisera \u00e9galement sur la pertinence de CXL, l\u2019interconnexion \u00e0 faible latence et partage optimis\u00e9 des ressources m\u00e9moire entre les microprocesseurs et leurs p\u00e9riph\u00e9riques &#8211; comme les acc\u00e9l\u00e9rateurs.&nbsp;&nbsp;<\/p>\n<p>\u00ab&nbsp;Nous sommes ravis que Ponte Vecchio, bas\u00e9 sur l&rsquo;architecture Intel Xe HPC, ait \u00e9t\u00e9 s\u00e9lectionn\u00e9 par SiPearl comme acc\u00e9l\u00e9rateur de calcul haute performance pour \u00e9quiper les premiers supercalculateurs exascale d&rsquo;Europe. Intel est fier d&rsquo;accompagner SiPearl dans l\u2019adoption de l\u2019interface de programmation unifi\u00e9e oneAPI afin d\u2019accro\u00eetre la productivit\u00e9 des d\u00e9veloppeurs. Alors que nous mettons en \u0153uvre notre strat\u00e9gie IDM 2.0 pour apporter des technologies de pointe \u00e0 nos partenaires europ\u00e9ens, nous voyons un grand potentiel dans notre travail avec SiPearl&nbsp;\u00bb, a d\u00e9clar\u00e9 Jeff McVeigh, Vice-pr\u00e9sident d&rsquo;Intel et Directeur G\u00e9n\u00e9ral de sa division Super Compute.<\/p>\n<p>\u00ab&nbsp;Nous nous f\u00e9licitons de cette collaboration avec Intel, dont l\u2019acc\u00e9l\u00e9rateur Ponte Vecchio, optimis\u00e9 pour le calcul haute performance, est extr\u00eamement innovant. L\u2019association de Rhea, le microprocesseur europ\u00e9en haute performance que nous concevons, avec l\u2019acc\u00e9l\u00e9rateur Ponte Vecchio d\u2019Intel en utilisant l\u2019interface de programmation oneAPI, va nous permettre de d\u00e9velopper rapidement des n\u0153uds de calcul h\u00e9t\u00e9rog\u00e8nes pour r\u00e9pondre aux besoins du supercalcul exascale europ\u00e9en&nbsp;\u00bb, conclut Philippe Notton, Pr\u00e9sident et fondateur de SiPearl.<\/p>\n<p><u>A propos de&nbsp;SiPearl<\/u><\/p>\n<p>Cr\u00e9\u00e9e par Philippe Notton, SiPearl est la soci\u00e9t\u00e9 qui donne corps au projet de l\u2019European Processor Initiative (EPI) en concevant le microprocesseur \u00e0 forte puissance de calcul et basse consommation destin\u00e9 au supercalculateur exascale europ\u00e9en. Cette nouvelle g\u00e9n\u00e9ration de microprocesseurs permettra d\u2019assurer la souverainet\u00e9 technologique de l\u2019Europe sur les march\u00e9s strat\u00e9giques du calcul haute performance et de l\u2019intelligence artificielle. SiPearl d\u00e9veloppe et commercialisera son offre en \u00e9troite collaboration avec ses 27 partenaires de l\u2019EPI &#8211; communaut\u00e9 scientifique, centres de supercalcul, grands noms de l\u2019informatique, l\u2019\u00e9lectronique et l\u2019automobile \u2013 qui sont ses parties prenantes et futurs clients. Elle est soutenue par l\u2019Union Europ\u00e9enne.<br \/>\nSiPearl est \u00e9galement membre du consortium Mont-Blanc 2020 pour \u00e9quiper l\u2019Europe d\u2019un microprocesseur d\u00e9di\u00e9 au calcul haute performance modulaire et efficace \u00e9nerg\u00e9tiquement ainsi que membre du collectif PlayFrance.Digital pour une Europe leader en num\u00e9rique.<\/p>\n<p><a href=\"http:\/\/www.sipearl.com\" target=\"notSet\" rel=\"noopener\">www.sipearl.com<\/a><\/p>\n","protected":false},"excerpt":{"rendered":"<p>SiPearl, le concepteur du microprocesseur \u00e0 forte puissance de calcul et basse consommation qui sera le c\u0153ur des supercalculateurs europ\u00e9ens, a nou\u00e9 un partenariat avec Intel afin de proposer une offre commune d\u00e9di\u00e9e aux premiers supercalculateurs exascale d\u2019Europe. Ce partenariat offrira \u00e0 leurs clients europ\u00e9ens la possibilit\u00e9 de combiner Rhea, le microprocesseur \u00e0 forte puissance de calcul et basse consommation d\u00e9velopp\u00e9 par SiPearl, avec l\u2019acc\u00e9l\u00e9rateur Ponte Vecchio d&rsquo;Intel, cr\u00e9ant ainsi un noeud de calcul haute performance qui favorisera le d\u00e9ploiement du supercalcul exascale en Europe.<\/p>\n","protected":false},"author":9,"featured_media":149129,"comment_status":"closed","ping_status":"closed","sticky":false,"template":"","format":"standard","meta":{"_acf_changed":false,"footnotes":""},"categories":[881],"tags":[],"domains":[47],"ppma_author":[1141],"class_list":["post-149128","post","type-post","status-publish","format-standard","has-post-thumbnail","hentry","category-nouveaux-produits","domains-electronique-eci"],"acf":[],"yoast_head":"<title>Supercalcul : SiPearl partenaire d\u2019Intel pour acc\u00e9l\u00e9rer le ...<\/title>\n<meta name=\"description\" content=\"SiPearl, le concepteur du microprocesseur \u00e0 forte puissance de calcul et basse consommation qui sera le c\u0153ur des supercalculateurs europ\u00e9ens, a nou\u00e9 un...\" \/>\n<meta name=\"robots\" content=\"index, follow, max-snippet:-1, max-image-preview:large, max-video-preview:-1\" \/>\n<link rel=\"canonical\" href=\"https:\/\/www.ecinews.fr\/fr\/wp-json\/wp\/v2\/posts\/149128\/\" \/>\n<meta property=\"og:locale\" content=\"fr_FR\" \/>\n<meta property=\"og:type\" content=\"article\" \/>\n<meta property=\"og:title\" content=\"Supercalcul : SiPearl partenaire d\u2019Intel pour acc\u00e9l\u00e9rer le d\u00e9ploiement de l\u2019exascale\" \/>\n<meta property=\"og:description\" content=\"SiPearl, le concepteur du microprocesseur \u00e0 forte puissance de calcul et basse consommation qui sera le c\u0153ur des supercalculateurs europ\u00e9ens, a nou\u00e9 un partenariat avec Intel afin de proposer une offre commune d\u00e9di\u00e9e aux premiers supercalculateurs exascale d\u2019Europe. Ce partenariat offrira \u00e0 leurs clients europ\u00e9ens la possibilit\u00e9 de combiner Rhea, le microprocesseur \u00e0 forte puissance de calcul et basse consommation d\u00e9velopp\u00e9 par SiPearl, avec l\u2019acc\u00e9l\u00e9rateur Ponte Vecchio d&#039;Intel, cr\u00e9ant ainsi un noeud de calcul haute performance qui favorisera le d\u00e9ploiement du supercalcul exascale en Europe.\" \/>\n<meta property=\"og:url\" content=\"https:\/\/www.ecinews.fr\/fr\/wp-json\/wp\/v2\/posts\/149128\/\" \/>\n<meta property=\"og:site_name\" content=\"EENewsEurope\" \/>\n<meta property=\"article:published_time\" content=\"2021-11-10T07:49:44+00:00\" \/>\n<meta property=\"og:image\" content=\"https:\/\/www.ecinews.fr\/wp-content\/uploads\/import\/default\/files\/sites\/default\/files\/images\/eci9845_sipearl.jpg\" \/>\n\t<meta property=\"og:image:width\" content=\"1057\" \/>\n\t<meta property=\"og:image:height\" content=\"635\" \/>\n\t<meta property=\"og:image:type\" content=\"image\/jpeg\" \/>\n<meta name=\"author\" content=\"Alain Dieul\" \/>\n<meta name=\"twitter:card\" content=\"summary_large_image\" \/>\n<meta name=\"twitter:label1\" content=\"Written by\" \/>\n\t<meta name=\"twitter:data1\" content=\"Alain Dieul\" \/>\n\t<meta name=\"twitter:label2\" content=\"Est. reading time\" \/>\n\t<meta name=\"twitter:data2\" content=\"2 minutes\" \/>\n<script type=\"application\/ld+json\" class=\"yoast-schema-graph\">{\"@context\":\"https:\/\/schema.org\",\"@graph\":[{\"@type\":\"Article\",\"@id\":\"https:\/\/www.ecinews.fr\/fr\/supercalcul-sipearl-partenaire-dintel-pour-accelerer-le-deploiement-de-lexascale\/#article\",\"isPartOf\":{\"@id\":\"https:\/\/www.ecinews.fr\/fr\/supercalcul-sipearl-partenaire-dintel-pour-accelerer-le-deploiement-de-lexascale\/\"},\"author\":{\"name\":\"Alain Dieul\",\"@id\":\"https:\/\/www.ecinews.fr\/fr\/#\/schema\/person\/568c789a4794bd460460501ba91f5daf\"},\"headline\":\"Supercalcul : SiPearl partenaire d\u2019Intel pour acc\u00e9l\u00e9rer le d\u00e9ploiement de l\u2019exascale\",\"datePublished\":\"2021-11-10T07:49:44+00:00\",\"dateModified\":\"2021-11-10T07:49:44+00:00\",\"mainEntityOfPage\":{\"@id\":\"https:\/\/www.ecinews.fr\/fr\/supercalcul-sipearl-partenaire-dintel-pour-accelerer-le-deploiement-de-lexascale\/\"},\"wordCount\":481,\"publisher\":{\"@id\":\"https:\/\/www.ecinews.fr\/fr\/#organization\"},\"articleSection\":[\"Nouveaux produits\"],\"inLanguage\":\"fr-FR\"},{\"@type\":\"WebPage\",\"@id\":\"https:\/\/www.ecinews.fr\/fr\/supercalcul-sipearl-partenaire-dintel-pour-accelerer-le-deploiement-de-lexascale\/\",\"url\":\"https:\/\/www.ecinews.fr\/fr\/supercalcul-sipearl-partenaire-dintel-pour-accelerer-le-deploiement-de-lexascale\/\",\"name\":\"Supercalcul : SiPearl partenaire d\u2019Intel pour acc\u00e9l\u00e9rer le d\u00e9ploiement de l\u2019exascale -\",\"isPartOf\":{\"@id\":\"https:\/\/www.ecinews.fr\/fr\/#website\"},\"datePublished\":\"2021-11-10T07:49:44+00:00\",\"dateModified\":\"2021-11-10T07:49:44+00:00\",\"breadcrumb\":{\"@id\":\"https:\/\/www.ecinews.fr\/fr\/supercalcul-sipearl-partenaire-dintel-pour-accelerer-le-deploiement-de-lexascale\/#breadcrumb\"},\"inLanguage\":\"fr-FR\",\"potentialAction\":[{\"@type\":\"ReadAction\",\"target\":[\"https:\/\/www.ecinews.fr\/fr\/supercalcul-sipearl-partenaire-dintel-pour-accelerer-le-deploiement-de-lexascale\/\"]}]},{\"@type\":\"BreadcrumbList\",\"@id\":\"https:\/\/www.ecinews.fr\/fr\/supercalcul-sipearl-partenaire-dintel-pour-accelerer-le-deploiement-de-lexascale\/#breadcrumb\",\"itemListElement\":[{\"@type\":\"ListItem\",\"position\":1,\"name\":\"Home\",\"item\":\"https:\/\/www.ecinews.fr\/fr\/\"},{\"@type\":\"ListItem\",\"position\":2,\"name\":\"Supercalcul : SiPearl partenaire d\u2019Intel pour acc\u00e9l\u00e9rer le d\u00e9ploiement de l\u2019exascale\"}]},{\"@type\":\"WebSite\",\"@id\":\"https:\/\/www.ecinews.fr\/fr\/#website\",\"url\":\"https:\/\/www.ecinews.fr\/fr\/\",\"name\":\"EENewsEurope\",\"description\":\"Just another WordPress site\",\"publisher\":{\"@id\":\"https:\/\/www.ecinews.fr\/fr\/#organization\"},\"potentialAction\":[{\"@type\":\"SearchAction\",\"target\":{\"@type\":\"EntryPoint\",\"urlTemplate\":\"https:\/\/www.ecinews.fr\/fr\/?s={search_term_string}\"},\"query-input\":\"required name=search_term_string\"}],\"inLanguage\":\"fr-FR\"},{\"@type\":\"Organization\",\"@id\":\"https:\/\/www.ecinews.fr\/fr\/#organization\",\"name\":\"EENewsEurope\",\"url\":\"https:\/\/www.ecinews.fr\/fr\/\",\"logo\":{\"@type\":\"ImageObject\",\"inLanguage\":\"fr-FR\",\"@id\":\"https:\/\/www.ecinews.fr\/fr\/#\/schema\/logo\/image\/\",\"url\":\"https:\/\/www.ecinews.fr\/wp-content\/uploads\/2022\/02\/logo-1.jpg\",\"contentUrl\":\"https:\/\/www.ecinews.fr\/wp-content\/uploads\/2022\/02\/logo-1.jpg\",\"width\":283,\"height\":113,\"caption\":\"EENewsEurope\"},\"image\":{\"@id\":\"https:\/\/www.ecinews.fr\/fr\/#\/schema\/logo\/image\/\"}},{\"@type\":\"Person\",\"@id\":\"https:\/\/www.ecinews.fr\/fr\/#\/schema\/person\/568c789a4794bd460460501ba91f5daf\",\"name\":\"Alain Dieul\",\"image\":{\"@type\":\"ImageObject\",\"inLanguage\":\"fr-FR\",\"@id\":\"https:\/\/www.ecinews.fr\/fr\/#\/schema\/person\/image\/6d32dc651fbcef3b338066625b118364\",\"url\":\"https:\/\/secure.gravatar.com\/avatar\/93708ec89b35deb10f4cfbfe144b4e07?s=96&d=mm&r=g\",\"contentUrl\":\"https:\/\/secure.gravatar.com\/avatar\/93708ec89b35deb10f4cfbfe144b4e07?s=96&d=mm&r=g\",\"caption\":\"Alain Dieul\"}}]}<\/script>","yoast_head_json":{"title":"Supercalcul : SiPearl partenaire d\u2019Intel pour acc\u00e9l\u00e9rer le ...","description":"SiPearl, le concepteur du microprocesseur \u00e0 forte puissance de calcul et basse consommation qui sera le c\u0153ur des supercalculateurs europ\u00e9ens, a nou\u00e9 un...","robots":{"index":"index","follow":"follow","max-snippet":"max-snippet:-1","max-image-preview":"max-image-preview:large","max-video-preview":"max-video-preview:-1"},"canonical":"https:\/\/www.ecinews.fr\/fr\/wp-json\/wp\/v2\/posts\/149128\/","og_locale":"fr_FR","og_type":"article","og_title":"Supercalcul : SiPearl partenaire d\u2019Intel pour acc\u00e9l\u00e9rer le d\u00e9ploiement de l\u2019exascale","og_description":"SiPearl, le concepteur du microprocesseur \u00e0 forte puissance de calcul et basse consommation qui sera le c\u0153ur des supercalculateurs europ\u00e9ens, a nou\u00e9 un partenariat avec Intel afin de proposer une offre commune d\u00e9di\u00e9e aux premiers supercalculateurs exascale d\u2019Europe. Ce partenariat offrira \u00e0 leurs clients europ\u00e9ens la possibilit\u00e9 de combiner Rhea, le microprocesseur \u00e0 forte puissance de calcul et basse consommation d\u00e9velopp\u00e9 par SiPearl, avec l\u2019acc\u00e9l\u00e9rateur Ponte Vecchio d'Intel, cr\u00e9ant ainsi un noeud de calcul haute performance qui favorisera le d\u00e9ploiement du supercalcul exascale en Europe.","og_url":"https:\/\/www.ecinews.fr\/fr\/wp-json\/wp\/v2\/posts\/149128\/","og_site_name":"EENewsEurope","article_published_time":"2021-11-10T07:49:44+00:00","og_image":[{"width":1057,"height":635,"url":"https:\/\/www.ecinews.fr\/wp-content\/uploads\/import\/default\/files\/sites\/default\/files\/images\/eci9845_sipearl.jpg","type":"image\/jpeg"}],"author":"Alain Dieul","twitter_card":"summary_large_image","twitter_misc":{"Written by":"Alain Dieul","Est. reading time":"2 minutes"},"schema":{"@context":"https:\/\/schema.org","@graph":[{"@type":"Article","@id":"https:\/\/www.ecinews.fr\/fr\/supercalcul-sipearl-partenaire-dintel-pour-accelerer-le-deploiement-de-lexascale\/#article","isPartOf":{"@id":"https:\/\/www.ecinews.fr\/fr\/supercalcul-sipearl-partenaire-dintel-pour-accelerer-le-deploiement-de-lexascale\/"},"author":{"name":"Alain Dieul","@id":"https:\/\/www.ecinews.fr\/fr\/#\/schema\/person\/568c789a4794bd460460501ba91f5daf"},"headline":"Supercalcul : SiPearl partenaire d\u2019Intel pour acc\u00e9l\u00e9rer le d\u00e9ploiement de l\u2019exascale","datePublished":"2021-11-10T07:49:44+00:00","dateModified":"2021-11-10T07:49:44+00:00","mainEntityOfPage":{"@id":"https:\/\/www.ecinews.fr\/fr\/supercalcul-sipearl-partenaire-dintel-pour-accelerer-le-deploiement-de-lexascale\/"},"wordCount":481,"publisher":{"@id":"https:\/\/www.ecinews.fr\/fr\/#organization"},"articleSection":["Nouveaux produits"],"inLanguage":"fr-FR"},{"@type":"WebPage","@id":"https:\/\/www.ecinews.fr\/fr\/supercalcul-sipearl-partenaire-dintel-pour-accelerer-le-deploiement-de-lexascale\/","url":"https:\/\/www.ecinews.fr\/fr\/supercalcul-sipearl-partenaire-dintel-pour-accelerer-le-deploiement-de-lexascale\/","name":"Supercalcul : SiPearl partenaire d\u2019Intel pour acc\u00e9l\u00e9rer le d\u00e9ploiement de l\u2019exascale -","isPartOf":{"@id":"https:\/\/www.ecinews.fr\/fr\/#website"},"datePublished":"2021-11-10T07:49:44+00:00","dateModified":"2021-11-10T07:49:44+00:00","breadcrumb":{"@id":"https:\/\/www.ecinews.fr\/fr\/supercalcul-sipearl-partenaire-dintel-pour-accelerer-le-deploiement-de-lexascale\/#breadcrumb"},"inLanguage":"fr-FR","potentialAction":[{"@type":"ReadAction","target":["https:\/\/www.ecinews.fr\/fr\/supercalcul-sipearl-partenaire-dintel-pour-accelerer-le-deploiement-de-lexascale\/"]}]},{"@type":"BreadcrumbList","@id":"https:\/\/www.ecinews.fr\/fr\/supercalcul-sipearl-partenaire-dintel-pour-accelerer-le-deploiement-de-lexascale\/#breadcrumb","itemListElement":[{"@type":"ListItem","position":1,"name":"Home","item":"https:\/\/www.ecinews.fr\/fr\/"},{"@type":"ListItem","position":2,"name":"Supercalcul : SiPearl partenaire d\u2019Intel pour acc\u00e9l\u00e9rer le d\u00e9ploiement de l\u2019exascale"}]},{"@type":"WebSite","@id":"https:\/\/www.ecinews.fr\/fr\/#website","url":"https:\/\/www.ecinews.fr\/fr\/","name":"EENewsEurope","description":"Just another WordPress site","publisher":{"@id":"https:\/\/www.ecinews.fr\/fr\/#organization"},"potentialAction":[{"@type":"SearchAction","target":{"@type":"EntryPoint","urlTemplate":"https:\/\/www.ecinews.fr\/fr\/?s={search_term_string}"},"query-input":"required name=search_term_string"}],"inLanguage":"fr-FR"},{"@type":"Organization","@id":"https:\/\/www.ecinews.fr\/fr\/#organization","name":"EENewsEurope","url":"https:\/\/www.ecinews.fr\/fr\/","logo":{"@type":"ImageObject","inLanguage":"fr-FR","@id":"https:\/\/www.ecinews.fr\/fr\/#\/schema\/logo\/image\/","url":"https:\/\/www.ecinews.fr\/wp-content\/uploads\/2022\/02\/logo-1.jpg","contentUrl":"https:\/\/www.ecinews.fr\/wp-content\/uploads\/2022\/02\/logo-1.jpg","width":283,"height":113,"caption":"EENewsEurope"},"image":{"@id":"https:\/\/www.ecinews.fr\/fr\/#\/schema\/logo\/image\/"}},{"@type":"Person","@id":"https:\/\/www.ecinews.fr\/fr\/#\/schema\/person\/568c789a4794bd460460501ba91f5daf","name":"Alain Dieul","image":{"@type":"ImageObject","inLanguage":"fr-FR","@id":"https:\/\/www.ecinews.fr\/fr\/#\/schema\/person\/image\/6d32dc651fbcef3b338066625b118364","url":"https:\/\/secure.gravatar.com\/avatar\/93708ec89b35deb10f4cfbfe144b4e07?s=96&d=mm&r=g","contentUrl":"https:\/\/secure.gravatar.com\/avatar\/93708ec89b35deb10f4cfbfe144b4e07?s=96&d=mm&r=g","caption":"Alain Dieul"}}]}},"authors":[{"term_id":1141,"user_id":9,"is_guest":0,"slug":"alaindieul","display_name":"Alain Dieul","avatar_url":"https:\/\/secure.gravatar.com\/avatar\/93708ec89b35deb10f4cfbfe144b4e07?s=96&d=mm&r=g","0":null,"1":"","2":"","3":"","4":"","5":"","6":"","7":"","8":""}],"_links":{"self":[{"href":"https:\/\/www.ecinews.fr\/fr\/wp-json\/wp\/v2\/posts\/149128"}],"collection":[{"href":"https:\/\/www.ecinews.fr\/fr\/wp-json\/wp\/v2\/posts"}],"about":[{"href":"https:\/\/www.ecinews.fr\/fr\/wp-json\/wp\/v2\/types\/post"}],"author":[{"embeddable":true,"href":"https:\/\/www.ecinews.fr\/fr\/wp-json\/wp\/v2\/users\/9"}],"replies":[{"embeddable":true,"href":"https:\/\/www.ecinews.fr\/fr\/wp-json\/wp\/v2\/comments?post=149128"}],"version-history":[{"count":0,"href":"https:\/\/www.ecinews.fr\/fr\/wp-json\/wp\/v2\/posts\/149128\/revisions"}],"wp:featuredmedia":[{"embeddable":true,"href":"https:\/\/www.ecinews.fr\/fr\/wp-json\/wp\/v2\/media\/149129"}],"wp:attachment":[{"href":"https:\/\/www.ecinews.fr\/fr\/wp-json\/wp\/v2\/media?parent=149128"}],"wp:term":[{"taxonomy":"category","embeddable":true,"href":"https:\/\/www.ecinews.fr\/fr\/wp-json\/wp\/v2\/categories?post=149128"},{"taxonomy":"post_tag","embeddable":true,"href":"https:\/\/www.ecinews.fr\/fr\/wp-json\/wp\/v2\/tags?post=149128"},{"taxonomy":"domains","embeddable":true,"href":"https:\/\/www.ecinews.fr\/fr\/wp-json\/wp\/v2\/domains?post=149128"},{"taxonomy":"author","embeddable":true,"href":"https:\/\/www.ecinews.fr\/fr\/wp-json\/wp\/v2\/ppma_author?post=149128"}],"curies":[{"name":"wp","href":"https:\/\/api.w.org\/{rel}","templated":true}]}}