{"id":148368,"date":"2021-11-09T17:19:07","date_gmt":"2021-11-09T17:19:07","guid":{"rendered":"https:\/\/\/leurope-va-se-doter-dune-chaine-de-valeur-sic-independante\/"},"modified":"2021-11-09T17:19:07","modified_gmt":"2021-11-09T17:19:07","slug":"leurope-va-se-doter-dune-chaine-de-valeur-sic-independante","status":"publish","type":"post","link":"https:\/\/www.ecinews.fr\/fr\/leurope-va-se-doter-dune-chaine-de-valeur-sic-independante\/","title":{"rendered":"L&rsquo;Europe va se doter d&rsquo;une cha\u00eene de valeur SiC ind\u00e9pendante"},"content":{"rendered":"<p>L&rsquo;am\u00e9lioration de l&rsquo;efficacit\u00e9 \u00e9nerg\u00e9tique et la r\u00e9duction des pertes qui en r\u00e9sulte dans toutes les applications \u00e9lectroniques constituent une pr\u00e9occupation g\u00e9n\u00e9rale de l&rsquo;industrie, d&rsquo;autant plus dans le contexte du changement climatique. L&rsquo;une des technologies cl\u00e9s pour les semi-conducteurs est la technologie du carbure de silicium (SiC). Pour cette derni\u00e8re, l&rsquo;industrie europ\u00e9enne envisage de se doter d\u2019une cha\u00eene de valeur qui la rende moins d\u00e9pendante des rapports de force politiques et \u00e9conomiques ext\u00e9rieurs. Dans le cadre du projet Transform (Trusted European SiC Value Chain for a greener Economy), 34 entreprises pr\u00e9voient de cr\u00e9er une cha\u00eene d&rsquo;approvisionnement durable pour cette technologie. Le projet couvre un large \u00e9ventail de cr\u00e9ation de valeur, depuis les mat\u00e9riaux de base, wafers et jusqu\u2019aux semiconducteurs de puissance SiC et \u00e0 l\u2019ensemble des syst\u00e8mes \u00e9lectroniques.<\/p>\n<p>Le projet Transform est destin\u00e9 \u00e0 aider l&rsquo;Europe \u00e0 devenir un leader dans les nouvelles technologies \u00e0 base de carbure de silicium\u00a0\u00bb, explique Jens Fabrowsky, membre du conseil de la division Automotive Electronics de Bosch GmbH, qui dirige le consortium. La cha\u00eene d&rsquo;approvisionnement durable qui doit \u00e9merger du projet doit \u00e9galement garantir que les composants SIC pourront \u00e0 l\u2019avenir \u00eatre de plus en plus utilis\u00e9s dans tous les domaines de l&rsquo;\u00e9lectronique de puissance. Par rapport aux composants silicium classiques, les SIC &nbsp;permettent des cycles de commutation plus rapides et donc des pertes plus faibles. De ce fait, , le refroidissement qui est r\u00e9duit permet d&rsquo;\u00e9conomiser directement de l&rsquo;\u00e9nergie. En raison de l&rsquo;intensit\u00e9 de champ \u00e9lectrique plus \u00e9lev\u00e9e du carbure de silicium, les dimensions des composants peuvent \u00e9galement \u00eatre r\u00e9duites. Selon le domaine d&rsquo;application, les experts s&rsquo;attendent \u00e0 des \u00e9conomies d&rsquo;\u00e9nergie allant jusqu&rsquo;\u00e0 30 % par rapport aux puces en silicium.<\/p>\n<p>La demande de ces composants \u00e0 haut rendement \u00e9nerg\u00e9tique va fortement augmenter, en particulier dans les applications \u00e0 forte consommation d&rsquo;\u00e9nergie &#8211; moteurs de v\u00e9hicules \u00e9lectriques, stations de recharge et alimentations \u00e9lectriques. La soci\u00e9t\u00e9 d&rsquo;\u00e9tudes de march\u00e9 et de conseil Yole pr\u00e9voit que l&rsquo;ensemble du march\u00e9 du SiC aura une croissance moyenne de 30 % par an pour atteindre plus de 2,5 milliards de dollars d&rsquo;ici 2025. Le projet Transform permettra donc de d\u00e9velopper de nouvelles technologies SiC et les moyens de productions.<\/p>\n<hr \/>\n<p>En outre, il s&rsquo;agit d&rsquo;assurer la production de substrats et de plaquettes jusqu&rsquo;\u00e0 l&rsquo;\u00e9lectronique de puissance des fabricants europ\u00e9ens. Le projet, qui se poursuivra jusqu&rsquo;en 2024, se concentre sur cinq cas d&rsquo;utilisation issus des secteurs de l&rsquo;automobile, de l&rsquo;industrie, des \u00e9nergies renouvelables et de l&rsquo;agriculture.<\/p>\n<p>Transform &nbsp;s&rsquo;est vu allouer un budget de plus de 89 millions d&rsquo;euros par l&rsquo;Union europ\u00e9enne.&nbsp;Il rassemble des acteurs cl\u00e9s de la cha\u00eene de valeur SiC d&rsquo;Autriche, de R\u00e9publique tch\u00e8que, de France, d&rsquo;Allemagne, d&rsquo;Italie, d&rsquo;Espagne et de Su\u00e8de.&nbsp;Les soci\u00e9t\u00e9s partenaires comprennent Aixtron, Danfoss, EV Group, Premo, Saint-Gobain, Semikron, Soitec, STMicroelectronics et Valeo-Siemens Automotive.&nbsp;Les organisations scientifiques participantes sont, par exemple, l&rsquo;Universit\u00e9 de technologie de Brno, le CEA Leti, Fraunhofer IISB et l&rsquo;Universit\u00e9 de S\u00e9ville.<\/p>\n<p><a href=\"https:\/\/www.bosch.com\/\" target=\"_blank\" rel=\"noopener\">www.bosch.com<\/a>&nbsp; &#8211;&nbsp;&nbsp;<a href=\"https:\/\/www.ecsel.eu\/projects\/transform\" target=\"_blank\" rel=\"noopener\">https:\/\/www.ecsel.eu\/projects\/transform<\/a><\/p>\n<p>Autre article&nbsp;<\/p>\n<p><a href=\"https:\/\/www.ecinews.fr\/news\/le-rachat-de-gtat-par-onsemi-renforce-la-consolidation-dans-le-sic\" target=\"notSet\" rel=\"noopener\">Le rachat de GTAT par OnSemi renforce la consolidation dans le SiC<\/a><\/p>\n<p>&nbsp;<\/p>\n<p>&nbsp;<\/p>\n<p>&nbsp;<\/p>\n<p>&nbsp;<\/p>\n<p>&nbsp;<\/p>\n<p>&nbsp;<\/p>\n<p>&nbsp;<\/p>\n<p>&nbsp;<\/p>\n<p>&nbsp;<\/p>\n<p>&nbsp;<\/p>\n<p>&nbsp;<\/p>\n<p>&nbsp;<\/p>\n<p>&nbsp;<\/p>\n<p>&nbsp;<\/p>\n<p>&nbsp;<\/p>\n","protected":false},"excerpt":{"rendered":"<p>Le carbure de silicium devrait am\u00e9liorer l&rsquo;efficacit\u00e9 \u00e9nerg\u00e9tique dans des secteurs cl\u00e9s de l&rsquo;\u00e9conomie.\u00a0L&rsquo;Europe veut d\u00e9sormais r\u00e9duire sa d\u00e9pendance dans ce secteur technologique.<\/p>\n","protected":false},"author":11,"featured_media":148369,"comment_status":"closed","ping_status":"closed","sticky":false,"template":"","format":"standard","meta":{"_acf_changed":false,"footnotes":""},"categories":[],"tags":[],"domains":[47],"ppma_author":[1143],"class_list":["post-148368","post","type-post","status-publish","format-standard","has-post-thumbnail","hentry","domains-electronique-eci"],"acf":[],"yoast_head":"<title>L&#039;Europe va se doter d&#039;une cha\u00eene de valeur SiC ind\u00e9pendante ...<\/title>\n<meta name=\"description\" content=\"Le carbure de silicium devrait am\u00e9liorer l&#039;efficacit\u00e9 \u00e9nerg\u00e9tique dans des secteurs cl\u00e9s de l&#039;\u00e9conomie.\u00a0L&#039;Europe veut d\u00e9sormais r\u00e9duire sa...\" \/>\n<meta name=\"robots\" content=\"index, follow, max-snippet:-1, max-image-preview:large, max-video-preview:-1\" \/>\n<link rel=\"canonical\" href=\"https:\/\/www.ecinews.fr\/fr\/wp-json\/wp\/v2\/posts\/148368\/\" \/>\n<meta property=\"og:locale\" content=\"fr_FR\" \/>\n<meta property=\"og:type\" content=\"article\" \/>\n<meta property=\"og:title\" content=\"L&#039;Europe va se doter d&#039;une cha\u00eene de valeur SiC ind\u00e9pendante\" \/>\n<meta property=\"og:description\" content=\"Le carbure de silicium devrait am\u00e9liorer l&#039;efficacit\u00e9 \u00e9nerg\u00e9tique dans des secteurs cl\u00e9s de l&#039;\u00e9conomie.\u00a0L&#039;Europe veut d\u00e9sormais r\u00e9duire sa d\u00e9pendance dans ce secteur technologique.\" \/>\n<meta property=\"og:url\" content=\"https:\/\/www.ecinews.fr\/fr\/wp-json\/wp\/v2\/posts\/148368\/\" \/>\n<meta property=\"og:site_name\" content=\"EENewsEurope\" \/>\n<meta property=\"article:published_time\" content=\"2021-11-09T17:19:07+00:00\" \/>\n<meta property=\"og:image\" content=\"https:\/\/www.ecinews.fr\/wp-content\/uploads\/import\/default\/files\/sites\/default\/files\/images\/soitec_wafers_0.jpg\" \/>\n\t<meta property=\"og:image:width\" content=\"725\" \/>\n\t<meta property=\"og:image:height\" content=\"367\" \/>\n\t<meta property=\"og:image:type\" content=\"image\/jpeg\" \/>\n<meta name=\"author\" content=\"Daniel Cardon\" \/>\n<meta name=\"twitter:card\" content=\"summary_large_image\" \/>\n<meta name=\"twitter:label1\" content=\"Written by\" \/>\n\t<meta name=\"twitter:data1\" content=\"Daniel Cardon\" \/>\n\t<meta name=\"twitter:label2\" content=\"Est. reading time\" \/>\n\t<meta name=\"twitter:data2\" content=\"3 minutes\" \/>\n<script type=\"application\/ld+json\" class=\"yoast-schema-graph\">{\"@context\":\"https:\/\/schema.org\",\"@graph\":[{\"@type\":\"Article\",\"@id\":\"https:\/\/www.ecinews.fr\/fr\/leurope-va-se-doter-dune-chaine-de-valeur-sic-independante\/#article\",\"isPartOf\":{\"@id\":\"https:\/\/www.ecinews.fr\/fr\/leurope-va-se-doter-dune-chaine-de-valeur-sic-independante\/\"},\"author\":{\"name\":\"Daniel Cardon\",\"@id\":\"https:\/\/www.ecinews.fr\/fr\/#\/schema\/person\/93c44cde463762f40a8236eaa44c1c17\"},\"headline\":\"L&rsquo;Europe va se doter d&rsquo;une cha\u00eene de valeur SiC ind\u00e9pendante\",\"datePublished\":\"2021-11-09T17:19:07+00:00\",\"dateModified\":\"2021-11-09T17:19:07+00:00\",\"mainEntityOfPage\":{\"@id\":\"https:\/\/www.ecinews.fr\/fr\/leurope-va-se-doter-dune-chaine-de-valeur-sic-independante\/\"},\"wordCount\":604,\"publisher\":{\"@id\":\"https:\/\/www.ecinews.fr\/fr\/#organization\"},\"inLanguage\":\"fr-FR\"},{\"@type\":\"WebPage\",\"@id\":\"https:\/\/www.ecinews.fr\/fr\/leurope-va-se-doter-dune-chaine-de-valeur-sic-independante\/\",\"url\":\"https:\/\/www.ecinews.fr\/fr\/leurope-va-se-doter-dune-chaine-de-valeur-sic-independante\/\",\"name\":\"L'Europe va se doter d'une cha\u00eene de valeur SiC ind\u00e9pendante -\",\"isPartOf\":{\"@id\":\"https:\/\/www.ecinews.fr\/fr\/#website\"},\"datePublished\":\"2021-11-09T17:19:07+00:00\",\"dateModified\":\"2021-11-09T17:19:07+00:00\",\"breadcrumb\":{\"@id\":\"https:\/\/www.ecinews.fr\/fr\/leurope-va-se-doter-dune-chaine-de-valeur-sic-independante\/#breadcrumb\"},\"inLanguage\":\"fr-FR\",\"potentialAction\":[{\"@type\":\"ReadAction\",\"target\":[\"https:\/\/www.ecinews.fr\/fr\/leurope-va-se-doter-dune-chaine-de-valeur-sic-independante\/\"]}]},{\"@type\":\"BreadcrumbList\",\"@id\":\"https:\/\/www.ecinews.fr\/fr\/leurope-va-se-doter-dune-chaine-de-valeur-sic-independante\/#breadcrumb\",\"itemListElement\":[{\"@type\":\"ListItem\",\"position\":1,\"name\":\"Home\",\"item\":\"https:\/\/www.ecinews.fr\/fr\/\"},{\"@type\":\"ListItem\",\"position\":2,\"name\":\"L&rsquo;Europe va se doter d&rsquo;une cha\u00eene de valeur SiC ind\u00e9pendante\"}]},{\"@type\":\"WebSite\",\"@id\":\"https:\/\/www.ecinews.fr\/fr\/#website\",\"url\":\"https:\/\/www.ecinews.fr\/fr\/\",\"name\":\"EENewsEurope\",\"description\":\"Just another WordPress site\",\"publisher\":{\"@id\":\"https:\/\/www.ecinews.fr\/fr\/#organization\"},\"potentialAction\":[{\"@type\":\"SearchAction\",\"target\":{\"@type\":\"EntryPoint\",\"urlTemplate\":\"https:\/\/www.ecinews.fr\/fr\/?s={search_term_string}\"},\"query-input\":\"required name=search_term_string\"}],\"inLanguage\":\"fr-FR\"},{\"@type\":\"Organization\",\"@id\":\"https:\/\/www.ecinews.fr\/fr\/#organization\",\"name\":\"EENewsEurope\",\"url\":\"https:\/\/www.ecinews.fr\/fr\/\",\"logo\":{\"@type\":\"ImageObject\",\"inLanguage\":\"fr-FR\",\"@id\":\"https:\/\/www.ecinews.fr\/fr\/#\/schema\/logo\/image\/\",\"url\":\"https:\/\/www.ecinews.fr\/wp-content\/uploads\/2022\/02\/logo-1.jpg\",\"contentUrl\":\"https:\/\/www.ecinews.fr\/wp-content\/uploads\/2022\/02\/logo-1.jpg\",\"width\":283,\"height\":113,\"caption\":\"EENewsEurope\"},\"image\":{\"@id\":\"https:\/\/www.ecinews.fr\/fr\/#\/schema\/logo\/image\/\"}},{\"@type\":\"Person\",\"@id\":\"https:\/\/www.ecinews.fr\/fr\/#\/schema\/person\/93c44cde463762f40a8236eaa44c1c17\",\"name\":\"Daniel Cardon\",\"image\":{\"@type\":\"ImageObject\",\"inLanguage\":\"fr-FR\",\"@id\":\"https:\/\/www.ecinews.fr\/fr\/#\/schema\/person\/image\/2b243f6bcc1cff7d86aadfb2cd0bd870\",\"url\":\"https:\/\/secure.gravatar.com\/avatar\/de9edc136dfc061ad4778e04635baefa?s=96&d=mm&r=g\",\"contentUrl\":\"https:\/\/secure.gravatar.com\/avatar\/de9edc136dfc061ad4778e04635baefa?s=96&d=mm&r=g\",\"caption\":\"Daniel Cardon\"}}]}<\/script>","yoast_head_json":{"title":"L'Europe va se doter d'une cha\u00eene de valeur SiC ind\u00e9pendante ...","description":"Le carbure de silicium devrait am\u00e9liorer l'efficacit\u00e9 \u00e9nerg\u00e9tique dans des secteurs cl\u00e9s de l'\u00e9conomie.\u00a0L'Europe veut d\u00e9sormais r\u00e9duire sa...","robots":{"index":"index","follow":"follow","max-snippet":"max-snippet:-1","max-image-preview":"max-image-preview:large","max-video-preview":"max-video-preview:-1"},"canonical":"https:\/\/www.ecinews.fr\/fr\/wp-json\/wp\/v2\/posts\/148368\/","og_locale":"fr_FR","og_type":"article","og_title":"L'Europe va se doter d'une cha\u00eene de valeur SiC ind\u00e9pendante","og_description":"Le carbure de silicium devrait am\u00e9liorer l'efficacit\u00e9 \u00e9nerg\u00e9tique dans des secteurs cl\u00e9s de l'\u00e9conomie.\u00a0L'Europe veut d\u00e9sormais r\u00e9duire sa d\u00e9pendance dans ce secteur technologique.","og_url":"https:\/\/www.ecinews.fr\/fr\/wp-json\/wp\/v2\/posts\/148368\/","og_site_name":"EENewsEurope","article_published_time":"2021-11-09T17:19:07+00:00","og_image":[{"width":725,"height":367,"url":"https:\/\/www.ecinews.fr\/wp-content\/uploads\/import\/default\/files\/sites\/default\/files\/images\/soitec_wafers_0.jpg","type":"image\/jpeg"}],"author":"Daniel Cardon","twitter_card":"summary_large_image","twitter_misc":{"Written by":"Daniel Cardon","Est. reading time":"3 minutes"},"schema":{"@context":"https:\/\/schema.org","@graph":[{"@type":"Article","@id":"https:\/\/www.ecinews.fr\/fr\/leurope-va-se-doter-dune-chaine-de-valeur-sic-independante\/#article","isPartOf":{"@id":"https:\/\/www.ecinews.fr\/fr\/leurope-va-se-doter-dune-chaine-de-valeur-sic-independante\/"},"author":{"name":"Daniel Cardon","@id":"https:\/\/www.ecinews.fr\/fr\/#\/schema\/person\/93c44cde463762f40a8236eaa44c1c17"},"headline":"L&rsquo;Europe va se doter d&rsquo;une cha\u00eene de valeur SiC ind\u00e9pendante","datePublished":"2021-11-09T17:19:07+00:00","dateModified":"2021-11-09T17:19:07+00:00","mainEntityOfPage":{"@id":"https:\/\/www.ecinews.fr\/fr\/leurope-va-se-doter-dune-chaine-de-valeur-sic-independante\/"},"wordCount":604,"publisher":{"@id":"https:\/\/www.ecinews.fr\/fr\/#organization"},"inLanguage":"fr-FR"},{"@type":"WebPage","@id":"https:\/\/www.ecinews.fr\/fr\/leurope-va-se-doter-dune-chaine-de-valeur-sic-independante\/","url":"https:\/\/www.ecinews.fr\/fr\/leurope-va-se-doter-dune-chaine-de-valeur-sic-independante\/","name":"L'Europe va se doter d'une cha\u00eene de valeur SiC ind\u00e9pendante -","isPartOf":{"@id":"https:\/\/www.ecinews.fr\/fr\/#website"},"datePublished":"2021-11-09T17:19:07+00:00","dateModified":"2021-11-09T17:19:07+00:00","breadcrumb":{"@id":"https:\/\/www.ecinews.fr\/fr\/leurope-va-se-doter-dune-chaine-de-valeur-sic-independante\/#breadcrumb"},"inLanguage":"fr-FR","potentialAction":[{"@type":"ReadAction","target":["https:\/\/www.ecinews.fr\/fr\/leurope-va-se-doter-dune-chaine-de-valeur-sic-independante\/"]}]},{"@type":"BreadcrumbList","@id":"https:\/\/www.ecinews.fr\/fr\/leurope-va-se-doter-dune-chaine-de-valeur-sic-independante\/#breadcrumb","itemListElement":[{"@type":"ListItem","position":1,"name":"Home","item":"https:\/\/www.ecinews.fr\/fr\/"},{"@type":"ListItem","position":2,"name":"L&rsquo;Europe va se doter d&rsquo;une cha\u00eene de valeur SiC ind\u00e9pendante"}]},{"@type":"WebSite","@id":"https:\/\/www.ecinews.fr\/fr\/#website","url":"https:\/\/www.ecinews.fr\/fr\/","name":"EENewsEurope","description":"Just another WordPress site","publisher":{"@id":"https:\/\/www.ecinews.fr\/fr\/#organization"},"potentialAction":[{"@type":"SearchAction","target":{"@type":"EntryPoint","urlTemplate":"https:\/\/www.ecinews.fr\/fr\/?s={search_term_string}"},"query-input":"required name=search_term_string"}],"inLanguage":"fr-FR"},{"@type":"Organization","@id":"https:\/\/www.ecinews.fr\/fr\/#organization","name":"EENewsEurope","url":"https:\/\/www.ecinews.fr\/fr\/","logo":{"@type":"ImageObject","inLanguage":"fr-FR","@id":"https:\/\/www.ecinews.fr\/fr\/#\/schema\/logo\/image\/","url":"https:\/\/www.ecinews.fr\/wp-content\/uploads\/2022\/02\/logo-1.jpg","contentUrl":"https:\/\/www.ecinews.fr\/wp-content\/uploads\/2022\/02\/logo-1.jpg","width":283,"height":113,"caption":"EENewsEurope"},"image":{"@id":"https:\/\/www.ecinews.fr\/fr\/#\/schema\/logo\/image\/"}},{"@type":"Person","@id":"https:\/\/www.ecinews.fr\/fr\/#\/schema\/person\/93c44cde463762f40a8236eaa44c1c17","name":"Daniel Cardon","image":{"@type":"ImageObject","inLanguage":"fr-FR","@id":"https:\/\/www.ecinews.fr\/fr\/#\/schema\/person\/image\/2b243f6bcc1cff7d86aadfb2cd0bd870","url":"https:\/\/secure.gravatar.com\/avatar\/de9edc136dfc061ad4778e04635baefa?s=96&d=mm&r=g","contentUrl":"https:\/\/secure.gravatar.com\/avatar\/de9edc136dfc061ad4778e04635baefa?s=96&d=mm&r=g","caption":"Daniel Cardon"}}]}},"authors":[{"term_id":1143,"user_id":11,"is_guest":0,"slug":"danielcardon","display_name":"Daniel Cardon","avatar_url":"https:\/\/secure.gravatar.com\/avatar\/de9edc136dfc061ad4778e04635baefa?s=96&d=mm&r=g","0":null,"1":"","2":"","3":"","4":"","5":"","6":"","7":"","8":""}],"_links":{"self":[{"href":"https:\/\/www.ecinews.fr\/fr\/wp-json\/wp\/v2\/posts\/148368"}],"collection":[{"href":"https:\/\/www.ecinews.fr\/fr\/wp-json\/wp\/v2\/posts"}],"about":[{"href":"https:\/\/www.ecinews.fr\/fr\/wp-json\/wp\/v2\/types\/post"}],"author":[{"embeddable":true,"href":"https:\/\/www.ecinews.fr\/fr\/wp-json\/wp\/v2\/users\/11"}],"replies":[{"embeddable":true,"href":"https:\/\/www.ecinews.fr\/fr\/wp-json\/wp\/v2\/comments?post=148368"}],"version-history":[{"count":0,"href":"https:\/\/www.ecinews.fr\/fr\/wp-json\/wp\/v2\/posts\/148368\/revisions"}],"wp:featuredmedia":[{"embeddable":true,"href":"https:\/\/www.ecinews.fr\/fr\/wp-json\/wp\/v2\/media\/148369"}],"wp:attachment":[{"href":"https:\/\/www.ecinews.fr\/fr\/wp-json\/wp\/v2\/media?parent=148368"}],"wp:term":[{"taxonomy":"category","embeddable":true,"href":"https:\/\/www.ecinews.fr\/fr\/wp-json\/wp\/v2\/categories?post=148368"},{"taxonomy":"post_tag","embeddable":true,"href":"https:\/\/www.ecinews.fr\/fr\/wp-json\/wp\/v2\/tags?post=148368"},{"taxonomy":"domains","embeddable":true,"href":"https:\/\/www.ecinews.fr\/fr\/wp-json\/wp\/v2\/domains?post=148368"},{"taxonomy":"author","embeddable":true,"href":"https:\/\/www.ecinews.fr\/fr\/wp-json\/wp\/v2\/ppma_author?post=148368"}],"curies":[{"name":"wp","href":"https:\/\/api.w.org\/{rel}","templated":true}]}}