{"id":13799,"date":"2021-04-21T15:22:48","date_gmt":"2021-04-21T15:22:48","guid":{"rendered":"https:\/\/\/renesas-touche-a-nouveau-par-larret-dune-fab-de-tsmc\/"},"modified":"2021-04-21T15:22:48","modified_gmt":"2021-04-21T15:22:48","slug":"renesas-touche-a-nouveau-par-larret-dune-fab-de-tsmc","status":"publish","type":"post","link":"https:\/\/www.ecinews.fr\/fr\/renesas-touche-a-nouveau-par-larret-dune-fab-de-tsmc\/","title":{"rendered":"Renesas touch\u00e9 \u00e0 nouveau par l&rsquo;arr\u00eat d&rsquo;une Fab de TSMC"},"content":{"rendered":"<p class=\"MsoNormal\">La mauvaise s\u00e9rie continue pour Renesas qui a maintenant vu un troisi\u00e8me site&nbsp;de fabrication de plaquettes pour ses circuits int\u00e9gr\u00e9s automobiles frapp\u00e9s par une panne. Le Fab 14 de TSMC avait allou\u00e9 une capacit\u00e9 de wafers \u00e0 la soci\u00e9t\u00e9 japonaise&nbsp;pour remplacer sa propre usine de wafers de Naka qui a connu un incendie le 19 mars et dont les op\u00e9rations n&rsquo;ont pas encore repris.<\/p>\n<p class=\"MsoNormal\">La fermeture de l&rsquo;usine de plaquettes S2 de Samsung \u00e0 Austin, au Texas, fin f\u00e9vrier, devrait \u00e9galement avoir frapp\u00e9 Renesas (voir <span><a href=\"https:\/\/www.eenewsanalog.com\/news\/qualcomm-tesla-renesas-hit-samsungs-texan-winter\">Qualcomm, Tesla, Renesas hit by Samsung&rsquo;s Texan winter<\/a><\/span>).<\/p>\n<p class=\"MsoNormal\">L&rsquo;usine de fabrication de plaquettes Fab 14 de TSMC est responsable d&rsquo;environ 4% de la production de plaquettes de 300 mm de TSMC et de 2% de la production mondiale totale de plaquettes de 300 mm de fonderie. Il ex\u00e9cute des processus de fabrication relativement matures \u00e0 40, 45, 65 et 90 nm et fabrique des microcontr\u00f4leurs automobiles et des capteurs d&rsquo;image CMOS pour ses clients.<\/p>\n<p class=\"MsoNormal\">\n<p class=\"MsoNormal\">Il est \u00e0 noter que&nbsp;les puces automobiles font partie de celles qui sont les plus difficile \u00e0 obtenir pendant la&nbsp;p\u00e9nurie d&rsquo;approvisionnement d\u00e9j\u00e0 en cours et qui devrait maintenant durer jusqu&rsquo;en 2022.<\/p>\n<p>Des alimentations de secours&nbsp;se sont enclench\u00e9es lors de la coupure de courant, mais il y aura n\u00e9anmoins eu des perturbations au niveau des \u00e9quipements et des fabrications&nbsp;en cours. Le courant a \u00e9t\u00e9 r\u00e9tabli \u00e0 19h30 le 14 avril, selon TrendForce qui affirme qu&rsquo;il pourrait prendre de deux \u00e0 sept jours pour recalibrer l&rsquo;\u00e9quipement et revenir \u00e0 un fonctionnement normal.<\/p>\n<p>TrendForce a ajout\u00e9&nbsp;que la Fab14 avait \u00e9t\u00e9 d\u00e9sign\u00e9e pour fournir la fabrication \u00e0 Renesas, dont la propre fabrique de wafers de 300 mm \u00e0 Naka a connu un incendie le 19 mars (voir <span><a href=\"https:\/\/www.eenewsanalog.com\/news\/renesas-wafer-fab-fire-worse-first-thought\">Renesas wafer fab fire worse than first thought<\/a><\/span>).&nbsp;En cons\u00e9quence, la fourniture de microcontr\u00f4leurs automobiles devrait \u00eatre touch\u00e9e&nbsp;par la panne de courant.<\/p>\n<p><strong>Lire aussi:<\/strong><\/p>\n<p><a href=\"https:\/\/www.ecinews.fr\/news\/la-production-des-fabs-de-samsung-et-tsmc-menacee-par-manque-deau\">La production des Fabs de Samsung et TSMC menac\u00e9e par manque d&rsquo;eau<\/a><\/p>\n<p><a href=\"https:\/\/www.ecinews.fr\/news\/globalfoundries-va-plus-que-doubler-sa-capacite-dresde\">Globalfoundries va plus que doubler sa capacit\u00e9 \u00e0 Dresde<\/a><\/p>\n<p><a href=\"https:\/\/www.ecinews.fr\/news\/renesas-debourse-6-milliards-pour-racheter-dialog\">Renesas d\u00e9bourse $6 milliards pour racheter Dialog<\/a><\/p>\n<p><b><span>Related links and articles: <\/span><\/b><\/p>\n<p class=\"MsoNormal\"><span><a href=\"http:\/\/www.tsmc.com\">www.tsmc.com<\/a><\/span><\/p>\n<p class=\"MsoNormal\"><span><a href=\"http:\/\/www.renesas.com\">www.renesas.com<\/a><\/span><\/p>\n<p class=\"MsoNormal\"><b><span>News articles: <\/span><\/b><\/p>\n<p class=\"MsoNoSpacing\"><span><a href=\"https:\/\/www.eenewsanalog.com\/news\/renesas-wafer-fab-fire-worse-first-thought\">Renesas wafer fab fire worse than first thought<\/a><\/span><\/p>\n<p class=\"MsoNoSpacing\"><span><a href=\"https:\/\/www.eenewsanalog.com\/news\/qualcomm-tesla-renesas-hit-samsungs-texan-winter\">Qualcomm, Tesla, Renesas hit by Samsung&rsquo;s Texan winter<\/a><\/span><\/p>\n<p class=\"MsoNoSpacing\"><a href=\"https:\/\/www.eenewsanalog.com\/news\/germany-boost-chipmaking-after-automotive-supply-chain-failure\">Germany to boost chipmaking after automotive supply chain failure <\/a><\/p>\n","protected":false},"excerpt":{"rendered":"<p>Une s\u00e9rie de malchance pour Renesas se poursuit alors que la Fab 14 de TSMC \u00e0 Tainan a \u00e9t\u00e9 frapp\u00e9e par une panne de courant le mercredi 14 avril en raison de la coupure d&rsquo;un c\u00e2ble \u00e9lectrique souterrain, selon des informations locales. <\/p>\n","protected":false},"author":7,"featured_media":13800,"comment_status":"open","ping_status":"closed","sticky":false,"template":"","format":"standard","meta":{"_acf_changed":false,"footnotes":""},"categories":[1],"tags":[889,891,913,906,910],"domains":[47],"ppma_author":[1139],"class_list":["post-13799","post","type-post","status-publish","format-standard","has-post-thumbnail","hentry","category-news","tag-analog-fr","tag-automotive-fr","tag-materials-processes-fr","tag-mpus-mcus-fr","tag-sensing-conditioning-fr","domains-electronique-eci"],"acf":[],"yoast_head":"<title>Renesas touch\u00e9 \u00e0 nouveau par l&#039;arr\u00eat d&#039;une Fab de TSMC ...<\/title>\n<meta name=\"description\" content=\"Une s\u00e9rie de malchance pour Renesas se poursuit alors que la Fab 14 de TSMC \u00e0 Tainan a \u00e9t\u00e9 frapp\u00e9e par une panne de courant le mercredi 14 avril en...\" \/>\n<meta name=\"robots\" content=\"index, follow, max-snippet:-1, max-image-preview:large, max-video-preview:-1\" \/>\n<link rel=\"canonical\" href=\"https:\/\/www.ecinews.fr\/fr\/wp-json\/wp\/v2\/posts\/13799\/\" \/>\n<meta property=\"og:locale\" content=\"fr_FR\" \/>\n<meta property=\"og:type\" content=\"article\" \/>\n<meta property=\"og:title\" content=\"Renesas touch\u00e9 \u00e0 nouveau par l&#039;arr\u00eat d&#039;une Fab de TSMC\" \/>\n<meta property=\"og:description\" content=\"Une s\u00e9rie de malchance pour Renesas se poursuit alors que la Fab 14 de TSMC \u00e0 Tainan a \u00e9t\u00e9 frapp\u00e9e par une panne de courant le mercredi 14 avril en raison de la coupure d&#039;un c\u00e2ble \u00e9lectrique souterrain, selon des informations locales.\" \/>\n<meta property=\"og:url\" content=\"https:\/\/www.ecinews.fr\/fr\/wp-json\/wp\/v2\/posts\/13799\/\" \/>\n<meta property=\"og:site_name\" content=\"EENewsEurope\" \/>\n<meta property=\"article:published_time\" content=\"2021-04-21T15:22:48+00:00\" \/>\n<meta property=\"og:image\" content=\"https:\/\/www.ecinews.fr\/wp-content\/uploads\/import\/default\/files\/sites\/default\/files\/images\/poweroutage630_0.jpg\" \/>\n\t<meta property=\"og:image:width\" content=\"630\" \/>\n\t<meta property=\"og:image:height\" content=\"380\" \/>\n\t<meta property=\"og:image:type\" content=\"image\/jpeg\" \/>\n<meta name=\"author\" content=\"Wisse Hettinga\" \/>\n<meta name=\"twitter:card\" content=\"summary_large_image\" \/>\n<meta name=\"twitter:label1\" content=\"Written by\" \/>\n\t<meta name=\"twitter:data1\" content=\"Wisse Hettinga\" \/>\n\t<meta name=\"twitter:label2\" content=\"Est. reading time\" \/>\n\t<meta name=\"twitter:data2\" content=\"2 minutes\" \/>\n<script type=\"application\/ld+json\" class=\"yoast-schema-graph\">{\"@context\":\"https:\/\/schema.org\",\"@graph\":[{\"@type\":\"Article\",\"@id\":\"https:\/\/www.ecinews.fr\/fr\/renesas-touche-a-nouveau-par-larret-dune-fab-de-tsmc\/#article\",\"isPartOf\":{\"@id\":\"https:\/\/www.ecinews.fr\/fr\/renesas-touche-a-nouveau-par-larret-dune-fab-de-tsmc\/\"},\"author\":{\"name\":\"Wisse Hettinga\",\"@id\":\"https:\/\/www.eenewseurope.com\/en\/#\/schema\/person\/c6b626c6c65f5e1e7794ce2d17b2ca82\"},\"headline\":\"Renesas touch\u00e9 \u00e0 nouveau par l&rsquo;arr\u00eat d&rsquo;une Fab de TSMC\",\"datePublished\":\"2021-04-21T15:22:48+00:00\",\"dateModified\":\"2021-04-21T15:22:48+00:00\",\"mainEntityOfPage\":{\"@id\":\"https:\/\/www.ecinews.fr\/fr\/renesas-touche-a-nouveau-par-larret-dune-fab-de-tsmc\/\"},\"wordCount\":407,\"commentCount\":0,\"publisher\":{\"@id\":\"https:\/\/www.eenewseurope.com\/en\/#organization\"},\"keywords\":[\"Analog\",\"Automotive\",\"Materials &amp; processes\",\"MPUs\/MCUs\",\"Sensing \/ Conditioning\"],\"articleSection\":[\"News\"],\"inLanguage\":\"fr-FR\",\"potentialAction\":[{\"@type\":\"CommentAction\",\"name\":\"Comment\",\"target\":[\"https:\/\/www.ecinews.fr\/fr\/renesas-touche-a-nouveau-par-larret-dune-fab-de-tsmc\/#respond\"]}]},{\"@type\":\"WebPage\",\"@id\":\"https:\/\/www.ecinews.fr\/fr\/renesas-touche-a-nouveau-par-larret-dune-fab-de-tsmc\/\",\"url\":\"https:\/\/www.ecinews.fr\/fr\/renesas-touche-a-nouveau-par-larret-dune-fab-de-tsmc\/\",\"name\":\"Renesas touch\u00e9 \u00e0 nouveau par l'arr\u00eat d'une Fab de TSMC -\",\"isPartOf\":{\"@id\":\"https:\/\/www.eenewseurope.com\/en\/#website\"},\"datePublished\":\"2021-04-21T15:22:48+00:00\",\"dateModified\":\"2021-04-21T15:22:48+00:00\",\"breadcrumb\":{\"@id\":\"https:\/\/www.ecinews.fr\/fr\/renesas-touche-a-nouveau-par-larret-dune-fab-de-tsmc\/#breadcrumb\"},\"inLanguage\":\"fr-FR\",\"potentialAction\":[{\"@type\":\"ReadAction\",\"target\":[\"https:\/\/www.ecinews.fr\/fr\/renesas-touche-a-nouveau-par-larret-dune-fab-de-tsmc\/\"]}]},{\"@type\":\"BreadcrumbList\",\"@id\":\"https:\/\/www.ecinews.fr\/fr\/renesas-touche-a-nouveau-par-larret-dune-fab-de-tsmc\/#breadcrumb\",\"itemListElement\":[{\"@type\":\"ListItem\",\"position\":1,\"name\":\"Home\",\"item\":\"https:\/\/www.ecinews.fr\/fr\/\"},{\"@type\":\"ListItem\",\"position\":2,\"name\":\"Renesas touch\u00e9 \u00e0 nouveau par l&rsquo;arr\u00eat d&rsquo;une Fab de TSMC\"}]},{\"@type\":\"WebSite\",\"@id\":\"https:\/\/www.eenewseurope.com\/en\/#website\",\"url\":\"https:\/\/www.eenewseurope.com\/en\/\",\"name\":\"EENewsEurope\",\"description\":\"Just another WordPress site\",\"publisher\":{\"@id\":\"https:\/\/www.eenewseurope.com\/en\/#organization\"},\"potentialAction\":[{\"@type\":\"SearchAction\",\"target\":{\"@type\":\"EntryPoint\",\"urlTemplate\":\"https:\/\/www.eenewseurope.com\/en\/?s={search_term_string}\"},\"query-input\":\"required name=search_term_string\"}],\"inLanguage\":\"fr-FR\"},{\"@type\":\"Organization\",\"@id\":\"https:\/\/www.eenewseurope.com\/en\/#organization\",\"name\":\"EENewsEurope\",\"url\":\"https:\/\/www.eenewseurope.com\/en\/\",\"logo\":{\"@type\":\"ImageObject\",\"inLanguage\":\"fr-FR\",\"@id\":\"https:\/\/www.eenewseurope.com\/en\/#\/schema\/logo\/image\/\",\"url\":\"https:\/\/www.ecinews.fr\/wp-content\/uploads\/2022\/02\/logo-1.jpg\",\"contentUrl\":\"https:\/\/www.ecinews.fr\/wp-content\/uploads\/2022\/02\/logo-1.jpg\",\"width\":283,\"height\":113,\"caption\":\"EENewsEurope\"},\"image\":{\"@id\":\"https:\/\/www.eenewseurope.com\/en\/#\/schema\/logo\/image\/\"}},{\"@type\":\"Person\",\"@id\":\"https:\/\/www.eenewseurope.com\/en\/#\/schema\/person\/c6b626c6c65f5e1e7794ce2d17b2ca82\",\"name\":\"Wisse Hettinga\",\"image\":{\"@type\":\"ImageObject\",\"inLanguage\":\"fr-FR\",\"@id\":\"https:\/\/www.eenewseurope.com\/en\/#\/schema\/person\/image\/5dc5f564ca306d7cb8b22735be49a465\",\"url\":\"https:\/\/secure.gravatar.com\/avatar\/24a36fe68de56eac2a45cbaf9aa4bb58?s=96&d=mm&r=g\",\"contentUrl\":\"https:\/\/secure.gravatar.com\/avatar\/24a36fe68de56eac2a45cbaf9aa4bb58?s=96&d=mm&r=g\",\"caption\":\"Wisse Hettinga\"}}]}<\/script>","yoast_head_json":{"title":"Renesas touch\u00e9 \u00e0 nouveau par l'arr\u00eat d'une Fab de TSMC ...","description":"Une s\u00e9rie de malchance pour Renesas se poursuit alors que la Fab 14 de TSMC \u00e0 Tainan a \u00e9t\u00e9 frapp\u00e9e par une panne de courant le mercredi 14 avril en...","robots":{"index":"index","follow":"follow","max-snippet":"max-snippet:-1","max-image-preview":"max-image-preview:large","max-video-preview":"max-video-preview:-1"},"canonical":"https:\/\/www.ecinews.fr\/fr\/wp-json\/wp\/v2\/posts\/13799\/","og_locale":"fr_FR","og_type":"article","og_title":"Renesas touch\u00e9 \u00e0 nouveau par l'arr\u00eat d'une Fab de TSMC","og_description":"Une s\u00e9rie de malchance pour Renesas se poursuit alors que la Fab 14 de TSMC \u00e0 Tainan a \u00e9t\u00e9 frapp\u00e9e par une panne de courant le mercredi 14 avril en raison de la coupure d'un c\u00e2ble \u00e9lectrique souterrain, selon des informations locales.","og_url":"https:\/\/www.ecinews.fr\/fr\/wp-json\/wp\/v2\/posts\/13799\/","og_site_name":"EENewsEurope","article_published_time":"2021-04-21T15:22:48+00:00","og_image":[{"width":630,"height":380,"url":"https:\/\/www.ecinews.fr\/wp-content\/uploads\/import\/default\/files\/sites\/default\/files\/images\/poweroutage630_0.jpg","type":"image\/jpeg"}],"author":"Wisse Hettinga","twitter_card":"summary_large_image","twitter_misc":{"Written by":"Wisse Hettinga","Est. reading time":"2 minutes"},"schema":{"@context":"https:\/\/schema.org","@graph":[{"@type":"Article","@id":"https:\/\/www.ecinews.fr\/fr\/renesas-touche-a-nouveau-par-larret-dune-fab-de-tsmc\/#article","isPartOf":{"@id":"https:\/\/www.ecinews.fr\/fr\/renesas-touche-a-nouveau-par-larret-dune-fab-de-tsmc\/"},"author":{"name":"Wisse Hettinga","@id":"https:\/\/www.eenewseurope.com\/en\/#\/schema\/person\/c6b626c6c65f5e1e7794ce2d17b2ca82"},"headline":"Renesas touch\u00e9 \u00e0 nouveau par l&rsquo;arr\u00eat d&rsquo;une Fab de TSMC","datePublished":"2021-04-21T15:22:48+00:00","dateModified":"2021-04-21T15:22:48+00:00","mainEntityOfPage":{"@id":"https:\/\/www.ecinews.fr\/fr\/renesas-touche-a-nouveau-par-larret-dune-fab-de-tsmc\/"},"wordCount":407,"commentCount":0,"publisher":{"@id":"https:\/\/www.eenewseurope.com\/en\/#organization"},"keywords":["Analog","Automotive","Materials &amp; processes","MPUs\/MCUs","Sensing \/ Conditioning"],"articleSection":["News"],"inLanguage":"fr-FR","potentialAction":[{"@type":"CommentAction","name":"Comment","target":["https:\/\/www.ecinews.fr\/fr\/renesas-touche-a-nouveau-par-larret-dune-fab-de-tsmc\/#respond"]}]},{"@type":"WebPage","@id":"https:\/\/www.ecinews.fr\/fr\/renesas-touche-a-nouveau-par-larret-dune-fab-de-tsmc\/","url":"https:\/\/www.ecinews.fr\/fr\/renesas-touche-a-nouveau-par-larret-dune-fab-de-tsmc\/","name":"Renesas touch\u00e9 \u00e0 nouveau par l'arr\u00eat d'une Fab de TSMC -","isPartOf":{"@id":"https:\/\/www.eenewseurope.com\/en\/#website"},"datePublished":"2021-04-21T15:22:48+00:00","dateModified":"2021-04-21T15:22:48+00:00","breadcrumb":{"@id":"https:\/\/www.ecinews.fr\/fr\/renesas-touche-a-nouveau-par-larret-dune-fab-de-tsmc\/#breadcrumb"},"inLanguage":"fr-FR","potentialAction":[{"@type":"ReadAction","target":["https:\/\/www.ecinews.fr\/fr\/renesas-touche-a-nouveau-par-larret-dune-fab-de-tsmc\/"]}]},{"@type":"BreadcrumbList","@id":"https:\/\/www.ecinews.fr\/fr\/renesas-touche-a-nouveau-par-larret-dune-fab-de-tsmc\/#breadcrumb","itemListElement":[{"@type":"ListItem","position":1,"name":"Home","item":"https:\/\/www.ecinews.fr\/fr\/"},{"@type":"ListItem","position":2,"name":"Renesas touch\u00e9 \u00e0 nouveau par l&rsquo;arr\u00eat d&rsquo;une Fab de TSMC"}]},{"@type":"WebSite","@id":"https:\/\/www.eenewseurope.com\/en\/#website","url":"https:\/\/www.eenewseurope.com\/en\/","name":"EENewsEurope","description":"Just another WordPress site","publisher":{"@id":"https:\/\/www.eenewseurope.com\/en\/#organization"},"potentialAction":[{"@type":"SearchAction","target":{"@type":"EntryPoint","urlTemplate":"https:\/\/www.eenewseurope.com\/en\/?s={search_term_string}"},"query-input":"required name=search_term_string"}],"inLanguage":"fr-FR"},{"@type":"Organization","@id":"https:\/\/www.eenewseurope.com\/en\/#organization","name":"EENewsEurope","url":"https:\/\/www.eenewseurope.com\/en\/","logo":{"@type":"ImageObject","inLanguage":"fr-FR","@id":"https:\/\/www.eenewseurope.com\/en\/#\/schema\/logo\/image\/","url":"https:\/\/www.ecinews.fr\/wp-content\/uploads\/2022\/02\/logo-1.jpg","contentUrl":"https:\/\/www.ecinews.fr\/wp-content\/uploads\/2022\/02\/logo-1.jpg","width":283,"height":113,"caption":"EENewsEurope"},"image":{"@id":"https:\/\/www.eenewseurope.com\/en\/#\/schema\/logo\/image\/"}},{"@type":"Person","@id":"https:\/\/www.eenewseurope.com\/en\/#\/schema\/person\/c6b626c6c65f5e1e7794ce2d17b2ca82","name":"Wisse Hettinga","image":{"@type":"ImageObject","inLanguage":"fr-FR","@id":"https:\/\/www.eenewseurope.com\/en\/#\/schema\/person\/image\/5dc5f564ca306d7cb8b22735be49a465","url":"https:\/\/secure.gravatar.com\/avatar\/24a36fe68de56eac2a45cbaf9aa4bb58?s=96&d=mm&r=g","contentUrl":"https:\/\/secure.gravatar.com\/avatar\/24a36fe68de56eac2a45cbaf9aa4bb58?s=96&d=mm&r=g","caption":"Wisse Hettinga"}}]}},"authors":[{"term_id":1139,"user_id":7,"is_guest":0,"slug":"wisse-hettinga","display_name":"Wisse Hettinga","avatar_url":"https:\/\/secure.gravatar.com\/avatar\/24a36fe68de56eac2a45cbaf9aa4bb58?s=96&d=mm&r=g","0":null,"1":"","2":"","3":"","4":"","5":"","6":"","7":"","8":""}],"_links":{"self":[{"href":"https:\/\/www.ecinews.fr\/fr\/wp-json\/wp\/v2\/posts\/13799"}],"collection":[{"href":"https:\/\/www.ecinews.fr\/fr\/wp-json\/wp\/v2\/posts"}],"about":[{"href":"https:\/\/www.ecinews.fr\/fr\/wp-json\/wp\/v2\/types\/post"}],"author":[{"embeddable":true,"href":"https:\/\/www.ecinews.fr\/fr\/wp-json\/wp\/v2\/users\/7"}],"replies":[{"embeddable":true,"href":"https:\/\/www.ecinews.fr\/fr\/wp-json\/wp\/v2\/comments?post=13799"}],"version-history":[{"count":0,"href":"https:\/\/www.ecinews.fr\/fr\/wp-json\/wp\/v2\/posts\/13799\/revisions"}],"wp:featuredmedia":[{"embeddable":true,"href":"https:\/\/www.ecinews.fr\/fr\/wp-json\/wp\/v2\/media\/13800"}],"wp:attachment":[{"href":"https:\/\/www.ecinews.fr\/fr\/wp-json\/wp\/v2\/media?parent=13799"}],"wp:term":[{"taxonomy":"category","embeddable":true,"href":"https:\/\/www.ecinews.fr\/fr\/wp-json\/wp\/v2\/categories?post=13799"},{"taxonomy":"post_tag","embeddable":true,"href":"https:\/\/www.ecinews.fr\/fr\/wp-json\/wp\/v2\/tags?post=13799"},{"taxonomy":"domains","embeddable":true,"href":"https:\/\/www.ecinews.fr\/fr\/wp-json\/wp\/v2\/domains?post=13799"},{"taxonomy":"author","embeddable":true,"href":"https:\/\/www.ecinews.fr\/fr\/wp-json\/wp\/v2\/ppma_author?post=13799"}],"curies":[{"name":"wp","href":"https:\/\/api.w.org\/{rel}","templated":true}]}}