{"id":13695,"date":"2021-04-22T15:46:39","date_gmt":"2021-04-22T15:46:39","guid":{"rendered":"https:\/\/\/leurope-lance-le-quantum-industry-consortium\/"},"modified":"2021-04-22T15:46:39","modified_gmt":"2021-04-22T15:46:39","slug":"leurope-lance-le-quantum-industry-consortium","status":"publish","type":"post","link":"https:\/\/www.ecinews.fr\/fr\/leurope-lance-le-quantum-industry-consortium\/","title":{"rendered":"L&rsquo;Europe lance le Quantum Industry Consortium"},"content":{"rendered":"<p><!-- Global site tag (gtag.js) - Google Analytics --><\/p>\n<p>\u00a0 window.dataLayer = window.dataLayer || [];<\/p>\n<p>\u00a0 function gtag(){dataLayer.push(arguments);}<\/p>\n<p>\u00a0 gtag(&lsquo;js&rsquo;, new Date());\u00a0 gtag(&lsquo;config&rsquo;, &lsquo;UA-160857065-1&rsquo;);<\/p>\n<p class=\"MsoNormal\">\n<p class=\"MsoNormal\">Le lancement d&rsquo;un consortium industriel pour les entreprises europ\u00e9ennes travaillant sur les technologies quantiques est une \u00e9tape cl\u00e9 et attendue depuis longtemps pour la technologie quantum en Europe.<\/p>\n<p class=\"MsoNormal\">&nbsp;Le processus de construction de cxette&nbsp;communaut\u00e9&nbsp;a d\u00e9but\u00e9 en juin 2020, avec l&rsquo;organisation d&rsquo;une t\u00e9l\u00e9conf\u00e9rence qui a rassembl\u00e9 environ 300 participants. Cela fait suite \u00e0 un investissement de 615 millions d&rsquo;euros du gouvernement n\u00e9erlandais pour stimuler les startups quantiques.<\/p>\n<ul>\n<li class=\"MsoNormal\"><a href=\"https:\/\/www.eenewseurope.com\/news\/netherlands-invests-615-million-euros-quantum-technology\" target=\"_blank\" rel=\"noopener\">The Netherlands invests <\/a><a href=\"https:\/\/www.eenewseurope.com\/news\/netherlands-invests-615-million-euros-quantum-technology\" target=\"_blank\" rel=\"noopener\">615 million euros in technology<\/a><\/li>\n<\/ul>\n<p class=\"MsoNormal\">\n<p class=\"MsoNormal\">\u00abLe r\u00e9seau Quantum Community et le J\u00fclich Forschungszentrum sont particuli\u00e8rement heureux d&rsquo;avoir assist\u00e9, apr\u00e8s pr\u00e8s de deux ans de travail acharn\u00e9, \u00e0 la naissance du Consortium europ\u00e9en de l&rsquo;industrie quantique (QuIC). En faisant entendre de mani\u00e8re coh\u00e9rente la voix des acteurs industriels de la technologie quantique, QuIC s&rsquo;associera \u00e0 toutes les autres initiatives quantiques europ\u00e9ennes pour surmonter tout \u00e9ventuel hiver quantique et faire de la d\u00e9cennie num\u00e9rique europ\u00e9enne une d\u00e9cennie quantique \u00bb, a d\u00e9clar\u00e9 le professeur Tommaso Calarco.<\/p>\n<p>Le QuIC a officiellement nomm\u00e9 son conseil d&rsquo;administration et a \u00e9lu Mme Laure Le Bars de SAP comme pr\u00e9sidente, Benno Broer de Qu &amp; Co et Thomas Strohm de Bosch comme vice-pr\u00e9sidents et M. Enrique Lizaso (Multiverse Computing) comme tr\u00e9sorier. De plus, tous les pr\u00e9sidents des neuf groupes de travail ont pr\u00e9sent\u00e9 leurs objectifs, jalons et livrables, avec un aper\u00e7u des t\u00e2ches futures.<\/p>\n<p>\u00abLa deuxi\u00e8me r\u00e9volution quantique apportera des avanc\u00e9es transformatrices \u00e0 la science, \u00e0 l&rsquo;industrie et \u00e0 la soci\u00e9t\u00e9. Je suis convaincu que l&rsquo;Europe peut \u00eatre un chef de file dans la recherche, l&rsquo;innovation et le d\u00e9veloppement des technologies quantiques. Faire de QuIC le centre de collaboration dans toute l&rsquo;Europe, cr\u00e9er un \u00e9cosyst\u00e8me solide et dynamique entre les PME, la grande industrie et les investisseurs, ainsi que des chercheurs de pointe, ne peut que stimuler la comp\u00e9titivit\u00e9 de l&rsquo;industrie europ\u00e9enne. Ensemble, nous d\u00e9veloppons des feuilles de route strat\u00e9giques, nous nous engageons dans des activit\u00e9s de pr\u00e9-normalisation, d\u00e9veloppons des strat\u00e9gies de propri\u00e9t\u00e9 intellectuelle, d\u00e9terminons les besoins en \u00e9ducation et en comp\u00e9tences, et nous sommes impatients de collaborer avec la Commission europ\u00e9enne et d&rsquo;autres parties prenantes \u00bb, a d\u00e9clar\u00e9 Laure Le Bars.<\/p>\n<p>La Commission europ\u00e9enne a soutenu le partenariat industriel parall\u00e8lement au projet de recherche phare Quantum.<\/p>\n<p class=\"MsoNormal\">\u00abLa cr\u00e9ation du consortium QUIC intervient \u00e0 un moment o\u00f9 l&rsquo;Union a des projets ambitieux de recherche quantique et de d\u00e9ploiement technologique en Europe, afin de faire de la d\u00e9cennie num\u00e9rique une r\u00e9alit\u00e9. L&rsquo;association sera un partenaire pr\u00e9cieux pour contribuer \u00e0 ces objectifs et pour d\u00e9velopper un \u00e9cosyst\u00e8me industriel quantique florissant en Europe \u00bb, a d\u00e9clar\u00e9 Thomas Skordas, directeur de l&rsquo;excellence num\u00e9rique et de l&rsquo;infrastructure scientifique de la DG CONNECT.<\/p>\n<p>La division n\u00e9erlandaise de QuiC sera dirig\u00e9e par Benno Broer de la soci\u00e9t\u00e9 Qu &amp; Co bas\u00e9e \u00e0 Amsterdam (\u00e9galement vice-pr\u00e9sident de QuiC) et Jelmer Renema de la soci\u00e9t\u00e9 Quix, bas\u00e9e \u00e0 Twente.<\/p>\n<p>\u00abIl ne fait aucun doute que les technologies quantiques auront un impact profond sur le monde, transformant les syst\u00e8mes de technologies de l&rsquo;information et de la communication pour offrir des avantages \u00e0 l&rsquo;ensemble de la soci\u00e9t\u00e9. Cet investissement dans le programme ambitieux de Quantum Delta NL signifie l\u2019engagement \u00e0 long terme des Pays-Bas \u00e0 faire progresser la technologie \u00bb, a d\u00e9clar\u00e9 Ronald Hanson, pr\u00e9sident du conseil de surveillance de Quantum Delta NL.<\/p>\n<p>Le projet n\u00e9erlandais de 615 millions d&rsquo;euros g\u00e9r\u00e9 par Quantum Delta NL devrait cr\u00e9er 30 000 emplois de haute technologie et avoir un impact \u00e9conomique cumul\u00e9 de 5 \u00e0 7 milliards d&rsquo;euros.<\/p>\n<p>\u00abUne approche d&rsquo;\u00e9cosyst\u00e8me&nbsp;a \u00e9t\u00e9 activ\u00e9e o\u00f9 les secteurs universitaire, public, priv\u00e9 et gouvernemental travaillent en symbiose pour faire avancer l&rsquo;initiative. Alors que les Pays-Bas sont d\u00e9j\u00e0 pass\u00e9s de la strat\u00e9gie \u00e0 la phase d&rsquo;ex\u00e9cution du NAQT, ce financement essentiel est n\u00e9cessaire pour faire \u00e9voluer l&rsquo;\u00e9cosyst\u00e8me sous toutes ses facettes: les personnes, les installations et le capital \u00bb, a d\u00e9clar\u00e9 Freeke Heijman, directeur de Quantum Delta NL.<\/p>\n<p><strong>Lire aussi:<\/strong><\/p>\n<p><a href=\"https:\/\/www.ecinews.fr\/news\/infineon-va-produire-un-processeur-quantique\">Infineon va produire un processeur quantique<\/a><\/p>\n<p style=\"margin: 0px 0px 10px;, sans-serif;font-size: 16px\"><span style=\"font-size:12px\"><u><a href=\"https:\/\/www.electronique-eci.com\/news\/technologies-quantiques-un-objectif-majeur-pour-la-region-nouvelle-aquitaine-autour-de-naquidis\" style=\"background: transparent\">Technologies quantiques : un objectif majeur pour la R\u00e9gion Nouvelle-Aquitaine autour de NaQuiDis<\/a><\/u><\/span><\/p>\n<p style=\"margin: 0px 0px 10px;, sans-serif;font-size: 16px\"><span style=\"font-size:12px\"><u><a href=\"https:\/\/www.electronique-eci.com\/news\/fabrication-du-premier-ordinateur-quantique-finlandais-vtt-sassocie-la-start-iqm\" style=\"background: transparent\">Fabrication du premier ordinateur quantique finlandais: VTT s\u2019associe \u00e0 la start-up IQM<\/a><\/u><\/span><\/p>\n<p><a href=\"https:\/\/qt.eu\/about-quantum-flagship\/events\/towards-a-european-quantum-industry-consortium\/\">qt.eu<\/a><\/p>\n<p class=\"MsoNormal\"><strong>Related quantum articles&nbsp;<\/strong><\/p>\n<p class=\"MsoNormal\"><a href=\"https:\/\/www.eenewseurope.com\/news\/bosch-boss-calls-quantum-commitment\"><\/a><\/p>\n<p class=\"MsoNormal\">&nbsp;<\/p>\n<ul>\n<li class=\"MsoNormal\"><a href=\"https:\/\/www.eenewseurope.com\/news\/quantum-sensor-startup-raises-ps31m-seed-investment\">Quantum sensor startup raises \u00a33.1m seed investment<\/a><\/li>\n<li class=\"MsoNormal\"><a href=\"https:\/\/www.eenewseurope.com\/news\/bosch-boss-calls-quantum-commitment\">Bosch boss calls for quantum commitment<\/a><\/li>\n<li class=\"MsoNormal\"><a href=\"https:\/\/www.eenewseurope.com\/news\/breakthrough-quantum-computing-4-qubit-array\"><\/a><span class=\"MsoHyperlink\"><a href=\"https:\/\/www.eenewseurope.com\/news\/breakthrough-quantum-computing-4-qubit-array\">Breakthrough for quantum computing with 4 qubit array<\/a><\/span><\/li>\n<li class=\"MsoNormal\"><a href=\"https:\/\/www.eenewseurope.com\/news\/uk-quantum-software-ibm\"><\/a><span class=\"MsoHyperlink\"><a href=\"https:\/\/www.eenewseurope.com\/news\/uk-quantum-software-ibm\">UK quantum software startup teams with IBM<span><\/span> <\/a><\/span><\/li>\n<li class=\"MsoNormal\"><a href=\"https:\/\/www.eenewseurope.com\/news\/uk-quantum-software-ibm\">Infineon to build quantum processor<\/a><\/li>\n<li class=\"MsoNormal\"><a href=\"https:\/\/www.eenewseurope.com\/news\/european-project-commercial-silicon-quantum-processor\">European project for commercial silicon quantum processor<\/a><\/li>\n<\/ul>\n<p class=\"MsoNormal\">&nbsp;<\/p>\n<p class=\"MsoNormal\">\n","protected":false},"excerpt":{"rendered":"<p>Le Consortium europ\u00e9en de l&rsquo;industrie quantique (QuIC) a tenu sa premi\u00e8re assembl\u00e9e g\u00e9n\u00e9rale, r\u00e9unissant 100 membres de tous les secteurs des technologies quantiques dont le si\u00e8ge est en Europe.<\/p>\n","protected":false},"author":7,"featured_media":13696,"comment_status":"open","ping_status":"closed","sticky":false,"template":"","format":"standard","meta":{"_acf_changed":false,"footnotes":""},"categories":[883],"tags":[894,913,906,917],"domains":[47],"ppma_author":[1139],"class_list":["post-13695","post","type-post","status-publish","format-standard","has-post-thumbnail","hentry","category-technologies","tag-boards-embedded-cards-fr","tag-materials-processes-fr","tag-mpus-mcus-fr","tag-software-embedded-tools-fr","domains-electronique-eci"],"acf":[],"yoast_head":"<title>L&#039;Europe lance le Quantum Industry Consortium ...<\/title>\n<meta name=\"description\" content=\"Le Consortium europ\u00e9en de l&#039;industrie quantique (QuIC) a tenu sa premi\u00e8re assembl\u00e9e g\u00e9n\u00e9rale, r\u00e9unissant 100 membres de tous les secteurs des...\" \/>\n<meta name=\"robots\" content=\"index, follow, max-snippet:-1, max-image-preview:large, max-video-preview:-1\" \/>\n<link rel=\"canonical\" href=\"https:\/\/www.ecinews.fr\/fr\/wp-json\/wp\/v2\/posts\/13695\/\" \/>\n<meta property=\"og:locale\" content=\"fr_FR\" \/>\n<meta property=\"og:type\" content=\"article\" \/>\n<meta property=\"og:title\" content=\"L&#039;Europe lance le Quantum Industry Consortium\" \/>\n<meta property=\"og:description\" content=\"Le Consortium europ\u00e9en de l&#039;industrie quantique (QuIC) a tenu sa premi\u00e8re assembl\u00e9e g\u00e9n\u00e9rale, r\u00e9unissant 100 membres de tous les secteurs des technologies quantiques dont le si\u00e8ge est en Europe.\" \/>\n<meta property=\"og:url\" content=\"https:\/\/www.ecinews.fr\/fr\/wp-json\/wp\/v2\/posts\/13695\/\" \/>\n<meta property=\"og:site_name\" content=\"EENewsEurope\" \/>\n<meta property=\"article:published_time\" content=\"2021-04-22T15:46:39+00:00\" \/>\n<meta property=\"og:image\" content=\"https:\/\/www.ecinews.fr\/wp-content\/uploads\/import\/default\/files\/sites\/default\/files\/images\/quicp.jpeg\" \/>\n\t<meta property=\"og:image:width\" content=\"750\" \/>\n\t<meta property=\"og:image:height\" content=\"250\" \/>\n\t<meta property=\"og:image:type\" content=\"image\/jpeg\" \/>\n<meta name=\"author\" content=\"Wisse Hettinga\" \/>\n<meta name=\"twitter:card\" content=\"summary_large_image\" \/>\n<meta name=\"twitter:label1\" content=\"Written by\" \/>\n\t<meta name=\"twitter:data1\" content=\"Wisse Hettinga\" \/>\n\t<meta name=\"twitter:label2\" content=\"Est. reading time\" \/>\n\t<meta name=\"twitter:data2\" content=\"4 minutes\" \/>\n<script type=\"application\/ld+json\" class=\"yoast-schema-graph\">{\"@context\":\"https:\/\/schema.org\",\"@graph\":[{\"@type\":\"Article\",\"@id\":\"https:\/\/www.ecinews.fr\/fr\/leurope-lance-le-quantum-industry-consortium\/#article\",\"isPartOf\":{\"@id\":\"https:\/\/www.ecinews.fr\/fr\/leurope-lance-le-quantum-industry-consortium\/\"},\"author\":{\"name\":\"Wisse Hettinga\",\"@id\":\"https:\/\/www.eenewseurope.com\/en\/#\/schema\/person\/c6b626c6c65f5e1e7794ce2d17b2ca82\"},\"headline\":\"L&rsquo;Europe lance le Quantum Industry Consortium\",\"datePublished\":\"2021-04-22T15:46:39+00:00\",\"dateModified\":\"2021-04-22T15:46:39+00:00\",\"mainEntityOfPage\":{\"@id\":\"https:\/\/www.ecinews.fr\/fr\/leurope-lance-le-quantum-industry-consortium\/\"},\"wordCount\":822,\"commentCount\":0,\"publisher\":{\"@id\":\"https:\/\/www.eenewseurope.com\/en\/#organization\"},\"keywords\":[\"Boards &amp; Embedded Cards\",\"Materials &amp; processes\",\"MPUs\/MCUs\",\"Software &amp; Embedded tools\"],\"articleSection\":[\"Technologies\"],\"inLanguage\":\"fr-FR\",\"potentialAction\":[{\"@type\":\"CommentAction\",\"name\":\"Comment\",\"target\":[\"https:\/\/www.ecinews.fr\/fr\/leurope-lance-le-quantum-industry-consortium\/#respond\"]}]},{\"@type\":\"WebPage\",\"@id\":\"https:\/\/www.ecinews.fr\/fr\/leurope-lance-le-quantum-industry-consortium\/\",\"url\":\"https:\/\/www.ecinews.fr\/fr\/leurope-lance-le-quantum-industry-consortium\/\",\"name\":\"L'Europe lance le Quantum Industry Consortium -\",\"isPartOf\":{\"@id\":\"https:\/\/www.eenewseurope.com\/en\/#website\"},\"datePublished\":\"2021-04-22T15:46:39+00:00\",\"dateModified\":\"2021-04-22T15:46:39+00:00\",\"breadcrumb\":{\"@id\":\"https:\/\/www.ecinews.fr\/fr\/leurope-lance-le-quantum-industry-consortium\/#breadcrumb\"},\"inLanguage\":\"fr-FR\",\"potentialAction\":[{\"@type\":\"ReadAction\",\"target\":[\"https:\/\/www.ecinews.fr\/fr\/leurope-lance-le-quantum-industry-consortium\/\"]}]},{\"@type\":\"BreadcrumbList\",\"@id\":\"https:\/\/www.ecinews.fr\/fr\/leurope-lance-le-quantum-industry-consortium\/#breadcrumb\",\"itemListElement\":[{\"@type\":\"ListItem\",\"position\":1,\"name\":\"Home\",\"item\":\"https:\/\/www.ecinews.fr\/fr\/\"},{\"@type\":\"ListItem\",\"position\":2,\"name\":\"L&rsquo;Europe lance le Quantum Industry Consortium\"}]},{\"@type\":\"WebSite\",\"@id\":\"https:\/\/www.eenewseurope.com\/en\/#website\",\"url\":\"https:\/\/www.eenewseurope.com\/en\/\",\"name\":\"EENewsEurope\",\"description\":\"Just another WordPress site\",\"publisher\":{\"@id\":\"https:\/\/www.eenewseurope.com\/en\/#organization\"},\"potentialAction\":[{\"@type\":\"SearchAction\",\"target\":{\"@type\":\"EntryPoint\",\"urlTemplate\":\"https:\/\/www.eenewseurope.com\/en\/?s={search_term_string}\"},\"query-input\":\"required name=search_term_string\"}],\"inLanguage\":\"fr-FR\"},{\"@type\":\"Organization\",\"@id\":\"https:\/\/www.eenewseurope.com\/en\/#organization\",\"name\":\"EENewsEurope\",\"url\":\"https:\/\/www.eenewseurope.com\/en\/\",\"logo\":{\"@type\":\"ImageObject\",\"inLanguage\":\"fr-FR\",\"@id\":\"https:\/\/www.eenewseurope.com\/en\/#\/schema\/logo\/image\/\",\"url\":\"https:\/\/www.ecinews.fr\/wp-content\/uploads\/2022\/02\/logo-1.jpg\",\"contentUrl\":\"https:\/\/www.ecinews.fr\/wp-content\/uploads\/2022\/02\/logo-1.jpg\",\"width\":283,\"height\":113,\"caption\":\"EENewsEurope\"},\"image\":{\"@id\":\"https:\/\/www.eenewseurope.com\/en\/#\/schema\/logo\/image\/\"}},{\"@type\":\"Person\",\"@id\":\"https:\/\/www.eenewseurope.com\/en\/#\/schema\/person\/c6b626c6c65f5e1e7794ce2d17b2ca82\",\"name\":\"Wisse Hettinga\",\"image\":{\"@type\":\"ImageObject\",\"inLanguage\":\"fr-FR\",\"@id\":\"https:\/\/www.eenewseurope.com\/en\/#\/schema\/person\/image\/5dc5f564ca306d7cb8b22735be49a465\",\"url\":\"https:\/\/secure.gravatar.com\/avatar\/24a36fe68de56eac2a45cbaf9aa4bb58?s=96&d=mm&r=g\",\"contentUrl\":\"https:\/\/secure.gravatar.com\/avatar\/24a36fe68de56eac2a45cbaf9aa4bb58?s=96&d=mm&r=g\",\"caption\":\"Wisse Hettinga\"}}]}<\/script>","yoast_head_json":{"title":"L'Europe lance le Quantum Industry Consortium ...","description":"Le Consortium europ\u00e9en de l'industrie quantique (QuIC) a tenu sa premi\u00e8re assembl\u00e9e g\u00e9n\u00e9rale, r\u00e9unissant 100 membres de tous les secteurs des...","robots":{"index":"index","follow":"follow","max-snippet":"max-snippet:-1","max-image-preview":"max-image-preview:large","max-video-preview":"max-video-preview:-1"},"canonical":"https:\/\/www.ecinews.fr\/fr\/wp-json\/wp\/v2\/posts\/13695\/","og_locale":"fr_FR","og_type":"article","og_title":"L'Europe lance le Quantum Industry Consortium","og_description":"Le Consortium europ\u00e9en de l'industrie quantique (QuIC) a tenu sa premi\u00e8re assembl\u00e9e g\u00e9n\u00e9rale, r\u00e9unissant 100 membres de tous les secteurs des technologies quantiques dont le si\u00e8ge est en Europe.","og_url":"https:\/\/www.ecinews.fr\/fr\/wp-json\/wp\/v2\/posts\/13695\/","og_site_name":"EENewsEurope","article_published_time":"2021-04-22T15:46:39+00:00","og_image":[{"width":750,"height":250,"url":"https:\/\/www.ecinews.fr\/wp-content\/uploads\/import\/default\/files\/sites\/default\/files\/images\/quicp.jpeg","type":"image\/jpeg"}],"author":"Wisse Hettinga","twitter_card":"summary_large_image","twitter_misc":{"Written by":"Wisse Hettinga","Est. reading time":"4 minutes"},"schema":{"@context":"https:\/\/schema.org","@graph":[{"@type":"Article","@id":"https:\/\/www.ecinews.fr\/fr\/leurope-lance-le-quantum-industry-consortium\/#article","isPartOf":{"@id":"https:\/\/www.ecinews.fr\/fr\/leurope-lance-le-quantum-industry-consortium\/"},"author":{"name":"Wisse Hettinga","@id":"https:\/\/www.eenewseurope.com\/en\/#\/schema\/person\/c6b626c6c65f5e1e7794ce2d17b2ca82"},"headline":"L&rsquo;Europe lance le Quantum Industry Consortium","datePublished":"2021-04-22T15:46:39+00:00","dateModified":"2021-04-22T15:46:39+00:00","mainEntityOfPage":{"@id":"https:\/\/www.ecinews.fr\/fr\/leurope-lance-le-quantum-industry-consortium\/"},"wordCount":822,"commentCount":0,"publisher":{"@id":"https:\/\/www.eenewseurope.com\/en\/#organization"},"keywords":["Boards &amp; Embedded Cards","Materials &amp; processes","MPUs\/MCUs","Software &amp; Embedded tools"],"articleSection":["Technologies"],"inLanguage":"fr-FR","potentialAction":[{"@type":"CommentAction","name":"Comment","target":["https:\/\/www.ecinews.fr\/fr\/leurope-lance-le-quantum-industry-consortium\/#respond"]}]},{"@type":"WebPage","@id":"https:\/\/www.ecinews.fr\/fr\/leurope-lance-le-quantum-industry-consortium\/","url":"https:\/\/www.ecinews.fr\/fr\/leurope-lance-le-quantum-industry-consortium\/","name":"L'Europe lance le Quantum Industry Consortium -","isPartOf":{"@id":"https:\/\/www.eenewseurope.com\/en\/#website"},"datePublished":"2021-04-22T15:46:39+00:00","dateModified":"2021-04-22T15:46:39+00:00","breadcrumb":{"@id":"https:\/\/www.ecinews.fr\/fr\/leurope-lance-le-quantum-industry-consortium\/#breadcrumb"},"inLanguage":"fr-FR","potentialAction":[{"@type":"ReadAction","target":["https:\/\/www.ecinews.fr\/fr\/leurope-lance-le-quantum-industry-consortium\/"]}]},{"@type":"BreadcrumbList","@id":"https:\/\/www.ecinews.fr\/fr\/leurope-lance-le-quantum-industry-consortium\/#breadcrumb","itemListElement":[{"@type":"ListItem","position":1,"name":"Home","item":"https:\/\/www.ecinews.fr\/fr\/"},{"@type":"ListItem","position":2,"name":"L&rsquo;Europe lance le Quantum Industry Consortium"}]},{"@type":"WebSite","@id":"https:\/\/www.eenewseurope.com\/en\/#website","url":"https:\/\/www.eenewseurope.com\/en\/","name":"EENewsEurope","description":"Just another WordPress site","publisher":{"@id":"https:\/\/www.eenewseurope.com\/en\/#organization"},"potentialAction":[{"@type":"SearchAction","target":{"@type":"EntryPoint","urlTemplate":"https:\/\/www.eenewseurope.com\/en\/?s={search_term_string}"},"query-input":"required name=search_term_string"}],"inLanguage":"fr-FR"},{"@type":"Organization","@id":"https:\/\/www.eenewseurope.com\/en\/#organization","name":"EENewsEurope","url":"https:\/\/www.eenewseurope.com\/en\/","logo":{"@type":"ImageObject","inLanguage":"fr-FR","@id":"https:\/\/www.eenewseurope.com\/en\/#\/schema\/logo\/image\/","url":"https:\/\/www.ecinews.fr\/wp-content\/uploads\/2022\/02\/logo-1.jpg","contentUrl":"https:\/\/www.ecinews.fr\/wp-content\/uploads\/2022\/02\/logo-1.jpg","width":283,"height":113,"caption":"EENewsEurope"},"image":{"@id":"https:\/\/www.eenewseurope.com\/en\/#\/schema\/logo\/image\/"}},{"@type":"Person","@id":"https:\/\/www.eenewseurope.com\/en\/#\/schema\/person\/c6b626c6c65f5e1e7794ce2d17b2ca82","name":"Wisse Hettinga","image":{"@type":"ImageObject","inLanguage":"fr-FR","@id":"https:\/\/www.eenewseurope.com\/en\/#\/schema\/person\/image\/5dc5f564ca306d7cb8b22735be49a465","url":"https:\/\/secure.gravatar.com\/avatar\/24a36fe68de56eac2a45cbaf9aa4bb58?s=96&d=mm&r=g","contentUrl":"https:\/\/secure.gravatar.com\/avatar\/24a36fe68de56eac2a45cbaf9aa4bb58?s=96&d=mm&r=g","caption":"Wisse Hettinga"}}]}},"authors":[{"term_id":1139,"user_id":7,"is_guest":0,"slug":"wisse-hettinga","display_name":"Wisse Hettinga","avatar_url":"https:\/\/secure.gravatar.com\/avatar\/24a36fe68de56eac2a45cbaf9aa4bb58?s=96&d=mm&r=g","0":null,"1":"","2":"","3":"","4":"","5":"","6":"","7":"","8":""}],"_links":{"self":[{"href":"https:\/\/www.ecinews.fr\/fr\/wp-json\/wp\/v2\/posts\/13695"}],"collection":[{"href":"https:\/\/www.ecinews.fr\/fr\/wp-json\/wp\/v2\/posts"}],"about":[{"href":"https:\/\/www.ecinews.fr\/fr\/wp-json\/wp\/v2\/types\/post"}],"author":[{"embeddable":true,"href":"https:\/\/www.ecinews.fr\/fr\/wp-json\/wp\/v2\/users\/7"}],"replies":[{"embeddable":true,"href":"https:\/\/www.ecinews.fr\/fr\/wp-json\/wp\/v2\/comments?post=13695"}],"version-history":[{"count":0,"href":"https:\/\/www.ecinews.fr\/fr\/wp-json\/wp\/v2\/posts\/13695\/revisions"}],"wp:featuredmedia":[{"embeddable":true,"href":"https:\/\/www.ecinews.fr\/fr\/wp-json\/wp\/v2\/media\/13696"}],"wp:attachment":[{"href":"https:\/\/www.ecinews.fr\/fr\/wp-json\/wp\/v2\/media?parent=13695"}],"wp:term":[{"taxonomy":"category","embeddable":true,"href":"https:\/\/www.ecinews.fr\/fr\/wp-json\/wp\/v2\/categories?post=13695"},{"taxonomy":"post_tag","embeddable":true,"href":"https:\/\/www.ecinews.fr\/fr\/wp-json\/wp\/v2\/tags?post=13695"},{"taxonomy":"domains","embeddable":true,"href":"https:\/\/www.ecinews.fr\/fr\/wp-json\/wp\/v2\/domains?post=13695"},{"taxonomy":"author","embeddable":true,"href":"https:\/\/www.ecinews.fr\/fr\/wp-json\/wp\/v2\/ppma_author?post=13695"}],"curies":[{"name":"wp","href":"https:\/\/api.w.org\/{rel}","templated":true}]}}