{"id":13371,"date":"2021-04-27T19:00:05","date_gmt":"2021-04-27T19:00:05","guid":{"rendered":"https:\/\/\/les-donnees-de-mobilite-des-smartphones-permettent-de-prevoir-des-foyers-de-covid-19\/"},"modified":"2021-04-27T19:00:05","modified_gmt":"2021-04-27T19:00:05","slug":"les-donnees-de-mobilite-des-smartphones-permettent-de-prevoir-des-foyers-de-covid-19","status":"publish","type":"post","link":"https:\/\/www.ecinews.fr\/fr\/les-donnees-de-mobilite-des-smartphones-permettent-de-prevoir-des-foyers-de-covid-19\/","title":{"rendered":"Les donn\u00e9es de mobilit\u00e9 des Smartphones permettent de pr\u00e9voir des foyers de COVID-19"},"content":{"rendered":"<p>Selon de nouvelles donn\u00e9es du CMAJ (Canadian Medical Association Journal), le suivi des donn\u00e9es de mobilit\u00e9&nbsp;des smartphonse montrant un plus grand mouvement de personnes est un pr\u00e9dicteur fort de l&rsquo;augmentation \u00e0 venir des taux de COVID-19.<\/p>\n<p>\u00abCette \u00e9tude montre que la mobilit\u00e9 pr\u00e9dit fortement le taux de croissance du SRAS-CoV-2 jusqu&rsquo;\u00e0 3 semaines dans le futur, et que des mesures rigoureuses continueront d&rsquo;\u00eatre n\u00e9cessaires jusqu&rsquo;au printemps 2022&nbsp;au Canada\u00bb, \u00e9crit le Dr Kevin Brown, de Sant\u00e9 publique Ontario, avec ses co-auteurs.<\/p>\n<p>Tant que les gens ne seront pas largement vaccin\u00e9s contre le SRAS-CoV-2, les interventions de sant\u00e9 publique non pharmaceutiques telles que l&rsquo;\u00e9loignement physique et la limitation des contacts sociaux seront les principaux moyens de contr\u00f4le de la propagation du virus au niveau de la population.<\/p>\n<p>\u00abLes mesures de mobilit\u00e9 capturant l&rsquo;activit\u00e9 humaine gr\u00e2ce au suivi anonyme des smartphones sont consid\u00e9r\u00e9es comme des indicateurs raisonnables des taux de contact en dehors de chez soi. Ces mesures peuvent fournir des sources d&rsquo;informations plus rapides et plus fiables sur les taux de contact par rapport aux enqu\u00eates sur l&#8217;emploi du temps des personnes ou \u00e0 la recherche des contacts, \u00ab\u00a0selon les auteurs.<\/p>\n<p>Les chercheurs ont examin\u00e9 les donn\u00e9es anonymis\u00e9es sur la mobilit\u00e9 des smartphones&nbsp;du 15 mars 2020 au 6 mars 2021, \u00e0 l&rsquo;\u00e9chelle nationale et provinciale ( au Canada), en contr\u00f4lant la date et la temp\u00e9rature ext\u00e9rieure. Ils ont constat\u00e9 qu&rsquo;une augmentation de 10% de la mobilit\u00e9 des Canadiens \u00e0 l&rsquo;ext\u00e9rieur de leur domicile \u00e9tait corr\u00e9l\u00e9e \u00e0 une augmentation de 25% des taux de croissance hebdomadaires ult\u00e9rieurs du SRAS-CoV-2. Ils ont examin\u00e9 le seuil de mobilit\u00e9 (le niveau n\u00e9cessaire pour contr\u00f4ler le virus) et l&rsquo;\u00e9cart de mobilit\u00e9 (la diff\u00e9rence entre le seuil et le mouvement r\u00e9el).<\/p>\n<p>&nbsp;<\/p>\n<hr \/>\n<p>&lt;&lt; Le seuil de mobilit\u00e9 et l&rsquo;\u00e9cart de mobilit\u00e9 peuvent \u00eatre utilis\u00e9s par les responsables de la sant\u00e9 publique et les gouvernements pour estimer le niveau des restrictions n\u00e9cessaires pour contr\u00f4ler la propagation du SRAS-CoV-2 et guider, en temps r\u00e9el, la mise en \u0153uvre et l&rsquo;intensit\u00e9 des interventions de sant\u00e9 publique non pharmaceutiques. pour contr\u00f4ler la pand\u00e9mie COVID-19 \u00bb, \u00e9crivent les auteurs.<\/p>\n<p>L&rsquo;\u00e9tude a \u00e9t\u00e9 men\u00e9e par des chercheurs de Sant\u00e9 publique Ontario, de l&rsquo;Universit\u00e9 de Toronto, du St.Michael&rsquo;s Hospital, de Unity Health, du Sinai Health System et du University Health Network, du Sunnybrook Research Institute, de l&rsquo;Institut de recherche de l&rsquo;H\u00f4pital d&rsquo;Ottawa, du Centre de recherche sur les communications Canada, du Women&rsquo;s College Hospital&nbsp;et l&rsquo;Agence de la sant\u00e9 publique du Canada.<\/p>\n<p><strong>Lire aussi:<\/strong><\/p>\n<p><a href=\"https:\/\/www.ecinews.fr\/news\/premiere-montre-bracelet-de-distanciation-sociale\">Premi\u00e8re montre-bracelet de distanciation sociale<\/a><\/p>\n<p><a href=\"http:\/\/www.cmaj.ca\">www.cmaj.ca<\/a><\/p>\n","protected":false},"excerpt":{"rendered":"<p>Les donn\u00e9es de mobilit\u00e9 obtenues gr\u00e2ce au suivi anonyme des smartphones pr\u00e9disent fortement le taux de croissance du Covid jusqu&rsquo;\u00e0 3 semaines dans le futur<\/p>\n","protected":false},"author":7,"featured_media":13372,"comment_status":"open","ping_status":"closed","sticky":false,"template":"","format":"standard","meta":{"_acf_changed":false,"footnotes":""},"categories":[1],"tags":[904,915],"domains":[47],"ppma_author":[1139],"class_list":["post-13371","post","type-post","status-publish","format-standard","has-post-thumbnail","hentry","category-news","tag-medicalelectronics-fr","tag-wireless-communications-fr","domains-electronique-eci"],"acf":[],"yoast_head":"<title>Les donn\u00e9es de mobilit\u00e9 des Smartphones permettent de pr\u00e9voi...<\/title>\n<meta name=\"description\" content=\"Les donn\u00e9es de mobilit\u00e9 obtenues gr\u00e2ce au suivi anonyme des smartphones pr\u00e9disent fortement le taux de croissance du Covid jusqu&#039;\u00e0 3 semaines dans le...\" \/>\n<meta name=\"robots\" content=\"index, follow, max-snippet:-1, max-image-preview:large, max-video-preview:-1\" \/>\n<link rel=\"canonical\" href=\"https:\/\/www.ecinews.fr\/fr\/wp-json\/wp\/v2\/posts\/13371\/\" \/>\n<meta property=\"og:locale\" content=\"fr_FR\" \/>\n<meta property=\"og:type\" content=\"article\" \/>\n<meta property=\"og:title\" content=\"Les donn\u00e9es de mobilit\u00e9 des Smartphones permettent de pr\u00e9voir des foyers de COVID-19\" \/>\n<meta property=\"og:description\" content=\"Les donn\u00e9es de mobilit\u00e9 obtenues gr\u00e2ce au suivi anonyme des smartphones pr\u00e9disent fortement le taux de croissance du Covid jusqu&#039;\u00e0 3 semaines dans le futur\" \/>\n<meta property=\"og:url\" content=\"https:\/\/www.ecinews.fr\/fr\/wp-json\/wp\/v2\/posts\/13371\/\" \/>\n<meta property=\"og:site_name\" content=\"EENewsEurope\" \/>\n<meta property=\"article:published_time\" content=\"2021-04-27T19:00:05+00:00\" \/>\n<meta property=\"og:image\" content=\"https:\/\/www.eenewseurope.com\/wp-content\/uploads\/import\/default\/files\/images\/01-picture-library\/JPJoosting\/Stock-Images\/medical-infection.jpg\" \/>\n\t<meta property=\"og:image:width\" content=\"1000\" \/>\n\t<meta property=\"og:image:height\" content=\"667\" \/>\n\t<meta property=\"og:image:type\" content=\"image\/jpeg\" \/>\n<meta name=\"author\" content=\"Wisse Hettinga\" \/>\n<meta name=\"twitter:card\" content=\"summary_large_image\" \/>\n<meta name=\"twitter:label1\" content=\"Written by\" \/>\n\t<meta name=\"twitter:data1\" content=\"Wisse Hettinga\" \/>\n\t<meta name=\"twitter:label2\" content=\"Est. reading time\" \/>\n\t<meta name=\"twitter:data2\" content=\"2 minutes\" \/>\n<script type=\"application\/ld+json\" class=\"yoast-schema-graph\">{\"@context\":\"https:\/\/schema.org\",\"@graph\":[{\"@type\":\"Article\",\"@id\":\"https:\/\/www.eenewseurope.com\/fr\/les-donnees-de-mobilite-des-smartphones-permettent-de-prevoir-des-foyers-de-covid-19\/#article\",\"isPartOf\":{\"@id\":\"https:\/\/www.eenewseurope.com\/fr\/les-donnees-de-mobilite-des-smartphones-permettent-de-prevoir-des-foyers-de-covid-19\/\"},\"author\":{\"name\":\"Wisse Hettinga\",\"@id\":\"https:\/\/www.eenewseurope.com\/en\/#\/schema\/person\/c6b626c6c65f5e1e7794ce2d17b2ca82\"},\"headline\":\"Les donn\u00e9es de mobilit\u00e9 des Smartphones permettent de pr\u00e9voir des foyers de COVID-19\",\"datePublished\":\"2021-04-27T19:00:05+00:00\",\"dateModified\":\"2021-04-27T19:00:05+00:00\",\"mainEntityOfPage\":{\"@id\":\"https:\/\/www.eenewseurope.com\/fr\/les-donnees-de-mobilite-des-smartphones-permettent-de-prevoir-des-foyers-de-covid-19\/\"},\"wordCount\":480,\"commentCount\":0,\"publisher\":{\"@id\":\"https:\/\/www.eenewseurope.com\/en\/#organization\"},\"keywords\":[\"MedicalElectronics\",\"Wireless Communications\"],\"articleSection\":[\"News\"],\"inLanguage\":\"fr-FR\",\"potentialAction\":[{\"@type\":\"CommentAction\",\"name\":\"Comment\",\"target\":[\"https:\/\/www.eenewseurope.com\/fr\/les-donnees-de-mobilite-des-smartphones-permettent-de-prevoir-des-foyers-de-covid-19\/#respond\"]}]},{\"@type\":\"WebPage\",\"@id\":\"https:\/\/www.eenewseurope.com\/fr\/les-donnees-de-mobilite-des-smartphones-permettent-de-prevoir-des-foyers-de-covid-19\/\",\"url\":\"https:\/\/www.eenewseurope.com\/fr\/les-donnees-de-mobilite-des-smartphones-permettent-de-prevoir-des-foyers-de-covid-19\/\",\"name\":\"Les donn\u00e9es de mobilit\u00e9 des Smartphones permettent de pr\u00e9voir des foyers de COVID-19 -\",\"isPartOf\":{\"@id\":\"https:\/\/www.eenewseurope.com\/en\/#website\"},\"datePublished\":\"2021-04-27T19:00:05+00:00\",\"dateModified\":\"2021-04-27T19:00:05+00:00\",\"breadcrumb\":{\"@id\":\"https:\/\/www.eenewseurope.com\/fr\/les-donnees-de-mobilite-des-smartphones-permettent-de-prevoir-des-foyers-de-covid-19\/#breadcrumb\"},\"inLanguage\":\"fr-FR\",\"potentialAction\":[{\"@type\":\"ReadAction\",\"target\":[\"https:\/\/www.eenewseurope.com\/fr\/les-donnees-de-mobilite-des-smartphones-permettent-de-prevoir-des-foyers-de-covid-19\/\"]}]},{\"@type\":\"BreadcrumbList\",\"@id\":\"https:\/\/www.eenewseurope.com\/fr\/les-donnees-de-mobilite-des-smartphones-permettent-de-prevoir-des-foyers-de-covid-19\/#breadcrumb\",\"itemListElement\":[{\"@type\":\"ListItem\",\"position\":1,\"name\":\"Home\",\"item\":\"https:\/\/www.ecinews.fr\/fr\/\"},{\"@type\":\"ListItem\",\"position\":2,\"name\":\"Les donn\u00e9es de mobilit\u00e9 des Smartphones permettent de pr\u00e9voir des foyers de COVID-19\"}]},{\"@type\":\"WebSite\",\"@id\":\"https:\/\/www.eenewseurope.com\/en\/#website\",\"url\":\"https:\/\/www.eenewseurope.com\/en\/\",\"name\":\"EENewsEurope\",\"description\":\"Just another WordPress site\",\"publisher\":{\"@id\":\"https:\/\/www.eenewseurope.com\/en\/#organization\"},\"potentialAction\":[{\"@type\":\"SearchAction\",\"target\":{\"@type\":\"EntryPoint\",\"urlTemplate\":\"https:\/\/www.eenewseurope.com\/en\/?s={search_term_string}\"},\"query-input\":\"required name=search_term_string\"}],\"inLanguage\":\"fr-FR\"},{\"@type\":\"Organization\",\"@id\":\"https:\/\/www.eenewseurope.com\/en\/#organization\",\"name\":\"EENewsEurope\",\"url\":\"https:\/\/www.eenewseurope.com\/en\/\",\"logo\":{\"@type\":\"ImageObject\",\"inLanguage\":\"fr-FR\",\"@id\":\"https:\/\/www.eenewseurope.com\/en\/#\/schema\/logo\/image\/\",\"url\":\"https:\/\/www.ecinews.fr\/wp-content\/uploads\/2022\/02\/logo-1.jpg\",\"contentUrl\":\"https:\/\/www.ecinews.fr\/wp-content\/uploads\/2022\/02\/logo-1.jpg\",\"width\":283,\"height\":113,\"caption\":\"EENewsEurope\"},\"image\":{\"@id\":\"https:\/\/www.eenewseurope.com\/en\/#\/schema\/logo\/image\/\"}},{\"@type\":\"Person\",\"@id\":\"https:\/\/www.eenewseurope.com\/en\/#\/schema\/person\/c6b626c6c65f5e1e7794ce2d17b2ca82\",\"name\":\"Wisse Hettinga\",\"image\":{\"@type\":\"ImageObject\",\"inLanguage\":\"fr-FR\",\"@id\":\"https:\/\/www.eenewseurope.com\/en\/#\/schema\/person\/image\/5dc5f564ca306d7cb8b22735be49a465\",\"url\":\"https:\/\/secure.gravatar.com\/avatar\/24a36fe68de56eac2a45cbaf9aa4bb58?s=96&d=mm&r=g\",\"contentUrl\":\"https:\/\/secure.gravatar.com\/avatar\/24a36fe68de56eac2a45cbaf9aa4bb58?s=96&d=mm&r=g\",\"caption\":\"Wisse Hettinga\"}}]}<\/script>","yoast_head_json":{"title":"Les donn\u00e9es de mobilit\u00e9 des Smartphones permettent de pr\u00e9voi...","description":"Les donn\u00e9es de mobilit\u00e9 obtenues gr\u00e2ce au suivi anonyme des smartphones pr\u00e9disent fortement le taux de croissance du Covid jusqu'\u00e0 3 semaines dans le...","robots":{"index":"index","follow":"follow","max-snippet":"max-snippet:-1","max-image-preview":"max-image-preview:large","max-video-preview":"max-video-preview:-1"},"canonical":"https:\/\/www.ecinews.fr\/fr\/wp-json\/wp\/v2\/posts\/13371\/","og_locale":"fr_FR","og_type":"article","og_title":"Les donn\u00e9es de mobilit\u00e9 des Smartphones permettent de pr\u00e9voir des foyers de COVID-19","og_description":"Les donn\u00e9es de mobilit\u00e9 obtenues gr\u00e2ce au suivi anonyme des smartphones pr\u00e9disent fortement le taux de croissance du Covid jusqu'\u00e0 3 semaines dans le futur","og_url":"https:\/\/www.ecinews.fr\/fr\/wp-json\/wp\/v2\/posts\/13371\/","og_site_name":"EENewsEurope","article_published_time":"2021-04-27T19:00:05+00:00","og_image":[{"width":1000,"height":667,"url":"https:\/\/www.eenewseurope.com\/wp-content\/uploads\/import\/default\/files\/images\/01-picture-library\/JPJoosting\/Stock-Images\/medical-infection.jpg","type":"image\/jpeg"}],"author":"Wisse Hettinga","twitter_card":"summary_large_image","twitter_misc":{"Written by":"Wisse Hettinga","Est. reading time":"2 minutes"},"schema":{"@context":"https:\/\/schema.org","@graph":[{"@type":"Article","@id":"https:\/\/www.eenewseurope.com\/fr\/les-donnees-de-mobilite-des-smartphones-permettent-de-prevoir-des-foyers-de-covid-19\/#article","isPartOf":{"@id":"https:\/\/www.eenewseurope.com\/fr\/les-donnees-de-mobilite-des-smartphones-permettent-de-prevoir-des-foyers-de-covid-19\/"},"author":{"name":"Wisse Hettinga","@id":"https:\/\/www.eenewseurope.com\/en\/#\/schema\/person\/c6b626c6c65f5e1e7794ce2d17b2ca82"},"headline":"Les donn\u00e9es de mobilit\u00e9 des Smartphones permettent de pr\u00e9voir des foyers de COVID-19","datePublished":"2021-04-27T19:00:05+00:00","dateModified":"2021-04-27T19:00:05+00:00","mainEntityOfPage":{"@id":"https:\/\/www.eenewseurope.com\/fr\/les-donnees-de-mobilite-des-smartphones-permettent-de-prevoir-des-foyers-de-covid-19\/"},"wordCount":480,"commentCount":0,"publisher":{"@id":"https:\/\/www.eenewseurope.com\/en\/#organization"},"keywords":["MedicalElectronics","Wireless Communications"],"articleSection":["News"],"inLanguage":"fr-FR","potentialAction":[{"@type":"CommentAction","name":"Comment","target":["https:\/\/www.eenewseurope.com\/fr\/les-donnees-de-mobilite-des-smartphones-permettent-de-prevoir-des-foyers-de-covid-19\/#respond"]}]},{"@type":"WebPage","@id":"https:\/\/www.eenewseurope.com\/fr\/les-donnees-de-mobilite-des-smartphones-permettent-de-prevoir-des-foyers-de-covid-19\/","url":"https:\/\/www.eenewseurope.com\/fr\/les-donnees-de-mobilite-des-smartphones-permettent-de-prevoir-des-foyers-de-covid-19\/","name":"Les donn\u00e9es de mobilit\u00e9 des Smartphones permettent de pr\u00e9voir des foyers de COVID-19 -","isPartOf":{"@id":"https:\/\/www.eenewseurope.com\/en\/#website"},"datePublished":"2021-04-27T19:00:05+00:00","dateModified":"2021-04-27T19:00:05+00:00","breadcrumb":{"@id":"https:\/\/www.eenewseurope.com\/fr\/les-donnees-de-mobilite-des-smartphones-permettent-de-prevoir-des-foyers-de-covid-19\/#breadcrumb"},"inLanguage":"fr-FR","potentialAction":[{"@type":"ReadAction","target":["https:\/\/www.eenewseurope.com\/fr\/les-donnees-de-mobilite-des-smartphones-permettent-de-prevoir-des-foyers-de-covid-19\/"]}]},{"@type":"BreadcrumbList","@id":"https:\/\/www.eenewseurope.com\/fr\/les-donnees-de-mobilite-des-smartphones-permettent-de-prevoir-des-foyers-de-covid-19\/#breadcrumb","itemListElement":[{"@type":"ListItem","position":1,"name":"Home","item":"https:\/\/www.ecinews.fr\/fr\/"},{"@type":"ListItem","position":2,"name":"Les donn\u00e9es de mobilit\u00e9 des Smartphones permettent de pr\u00e9voir des foyers de COVID-19"}]},{"@type":"WebSite","@id":"https:\/\/www.eenewseurope.com\/en\/#website","url":"https:\/\/www.eenewseurope.com\/en\/","name":"EENewsEurope","description":"Just another WordPress site","publisher":{"@id":"https:\/\/www.eenewseurope.com\/en\/#organization"},"potentialAction":[{"@type":"SearchAction","target":{"@type":"EntryPoint","urlTemplate":"https:\/\/www.eenewseurope.com\/en\/?s={search_term_string}"},"query-input":"required name=search_term_string"}],"inLanguage":"fr-FR"},{"@type":"Organization","@id":"https:\/\/www.eenewseurope.com\/en\/#organization","name":"EENewsEurope","url":"https:\/\/www.eenewseurope.com\/en\/","logo":{"@type":"ImageObject","inLanguage":"fr-FR","@id":"https:\/\/www.eenewseurope.com\/en\/#\/schema\/logo\/image\/","url":"https:\/\/www.ecinews.fr\/wp-content\/uploads\/2022\/02\/logo-1.jpg","contentUrl":"https:\/\/www.ecinews.fr\/wp-content\/uploads\/2022\/02\/logo-1.jpg","width":283,"height":113,"caption":"EENewsEurope"},"image":{"@id":"https:\/\/www.eenewseurope.com\/en\/#\/schema\/logo\/image\/"}},{"@type":"Person","@id":"https:\/\/www.eenewseurope.com\/en\/#\/schema\/person\/c6b626c6c65f5e1e7794ce2d17b2ca82","name":"Wisse Hettinga","image":{"@type":"ImageObject","inLanguage":"fr-FR","@id":"https:\/\/www.eenewseurope.com\/en\/#\/schema\/person\/image\/5dc5f564ca306d7cb8b22735be49a465","url":"https:\/\/secure.gravatar.com\/avatar\/24a36fe68de56eac2a45cbaf9aa4bb58?s=96&d=mm&r=g","contentUrl":"https:\/\/secure.gravatar.com\/avatar\/24a36fe68de56eac2a45cbaf9aa4bb58?s=96&d=mm&r=g","caption":"Wisse Hettinga"}}]}},"authors":[{"term_id":1139,"user_id":7,"is_guest":0,"slug":"wisse-hettinga","display_name":"Wisse Hettinga","avatar_url":"https:\/\/secure.gravatar.com\/avatar\/24a36fe68de56eac2a45cbaf9aa4bb58?s=96&d=mm&r=g","0":null,"1":"","2":"","3":"","4":"","5":"","6":"","7":"","8":""}],"_links":{"self":[{"href":"https:\/\/www.ecinews.fr\/fr\/wp-json\/wp\/v2\/posts\/13371"}],"collection":[{"href":"https:\/\/www.ecinews.fr\/fr\/wp-json\/wp\/v2\/posts"}],"about":[{"href":"https:\/\/www.ecinews.fr\/fr\/wp-json\/wp\/v2\/types\/post"}],"author":[{"embeddable":true,"href":"https:\/\/www.ecinews.fr\/fr\/wp-json\/wp\/v2\/users\/7"}],"replies":[{"embeddable":true,"href":"https:\/\/www.ecinews.fr\/fr\/wp-json\/wp\/v2\/comments?post=13371"}],"version-history":[{"count":0,"href":"https:\/\/www.ecinews.fr\/fr\/wp-json\/wp\/v2\/posts\/13371\/revisions"}],"wp:featuredmedia":[{"embeddable":true,"href":"https:\/\/www.ecinews.fr\/fr\/wp-json\/wp\/v2\/media\/13372"}],"wp:attachment":[{"href":"https:\/\/www.ecinews.fr\/fr\/wp-json\/wp\/v2\/media?parent=13371"}],"wp:term":[{"taxonomy":"category","embeddable":true,"href":"https:\/\/www.ecinews.fr\/fr\/wp-json\/wp\/v2\/categories?post=13371"},{"taxonomy":"post_tag","embeddable":true,"href":"https:\/\/www.ecinews.fr\/fr\/wp-json\/wp\/v2\/tags?post=13371"},{"taxonomy":"domains","embeddable":true,"href":"https:\/\/www.ecinews.fr\/fr\/wp-json\/wp\/v2\/domains?post=13371"},{"taxonomy":"author","embeddable":true,"href":"https:\/\/www.ecinews.fr\/fr\/wp-json\/wp\/v2\/ppma_author?post=13371"}],"curies":[{"name":"wp","href":"https:\/\/api.w.org\/{rel}","templated":true}]}}