{"id":133402,"date":"2018-01-16T00:46:31","date_gmt":"2018-01-16T00:46:31","guid":{"rendered":"https:\/\/\/48v-le-futur-de-la-mobilite-electrique\/"},"modified":"2018-01-16T00:46:31","modified_gmt":"2018-01-16T00:46:31","slug":"48v-le-futur-de-la-mobilite-electrique","status":"publish","type":"post","link":"https:\/\/www.ecinews.fr\/fr\/48v-le-futur-de-la-mobilite-electrique\/","title":{"rendered":"48V : le futur de la mobilit\u00e9 \u00e9lectrique"},"content":{"rendered":"<p>&nbsp;Parmi les nombreuses innovations expos\u00e9es,Valeo a pr\u00e9sent\u00e9 notamment une nouvelle solution 100% \u00e9lectrique, fonctionnant \u00e0 basse tension, \u00e0 la fois parfaitement adapt\u00e9e \u00e0 la mobilit\u00e9 urbaine (100 km d\u2019autonomie et 100 km\/h maximum) et plus abordable qu\u2019un syst\u00e8me 100% \u00e9lectrique utilisant la haute tension.&nbsp;<\/p>\n<ul>\n<li>Une solution intelligente, parfaitement adapt\u00e9e \u00e0 la mobilit\u00e9 urbaine &nbsp;&nbsp;<\/li>\n<li>Une solution \u00e9lectrique in\u00e9dite fonctionnant \u00e0 basse tension &nbsp;&nbsp;&nbsp;<\/li>\n<li>Plus \u00e9conomique que les solutions haute tension existant actuellement &nbsp;&nbsp;&nbsp;<\/li>\n<li>Une vitesse maximale de 100km\/h et une autonomie de 100km&nbsp;<\/li>\n<\/ul>\n<p>Valeo a pr\u00e9sent\u00e9 en exclusivit\u00e9 mondiale au CES 2018 son nouveau prototype de v\u00e9hicule 100% \u00e9lectrique fonctionnant \u00e0 basse tension (48V). A l\u2019heure o\u00f9 pays et grandes m\u00e9tropoles affichent des ambitions toujours plus fortes en mati\u00e8re de r\u00e9duction des \u00e9missions de C02, ce syst\u00e8me ouvre une nouvelle voie pour le futur de la mobilit\u00e9 en ville. V\u00e9hicule \u00e9lectrique deux places, pouvant atteindre une vitesse maximale de 100km\/h et une autonomie de 100km et \u00eatre recharg\u00e9 sur n\u2019importe quelle borne \u00e9lectrique, ce d\u00e9monstrateur technologique est parfaitement dimensionn\u00e9 et adapt\u00e9 \u00e0 la mobilit\u00e9 en ville, o\u00f9 les trajets sont courts et les vitesses r\u00e9duites. Le 48V 100% \u00e9lectrique est \u00e9galement et surtout plus \u00e9conomique (20% moins cher) qu\u2019une solution tout \u00e9lectrique fonctionnant \u00e0 haute tension, car il ne n\u00e9cessite pas certains composants et syst\u00e8mes obligatoires garantissant la s\u00e9curit\u00e9 des usagers des v\u00e9hicules \u00e0 haut-voltage. Le co\u00fbt d\u2019un petit v\u00e9hicule 48V 100% \u00e9lectrique pourrait ainsi atteindre 7 500 \u20ac environ. Cette solution in\u00e9dite pourrait ainsi favoriser l\u2019acc\u00e9l\u00e9ration de la r\u00e9volution de l\u2019\u00e9lectrification, en rendant le co\u00fbt d\u2019un v\u00e9hicule tout \u00e9lectrique plus accessible.<\/p>\n<p>Valeo est parvenu \u00e0 d\u00e9velopper cette solution in\u00e9dite 48V 100% \u00e9lectrique gr\u00e2ce \u00e0 son exp\u00e9rience et son expertise du 48V pour des applications hybrides, dont elle aujourd\u2019hui leader sur le march\u00e9.<\/p>\n<p><a href=\"http:\/\/www.valeo.com\/fr\/\">www.valeo.com\/fr\/<\/a><\/p>\n","protected":false},"excerpt":{"rendered":"<p>Au CES 2018, Valeo a pr\u00e9sent\u00e9 des technologies in\u00e9dites favorisant le d\u00e9veloppement de la voiture \u00e9lectrique, autonome, connect\u00e9e, accessible \u00e0 tous, mais personnalis\u00e9e et adapt\u00e9e \u00e0 chacun.<\/p>\n","protected":false},"author":11,"featured_media":133403,"comment_status":"closed","ping_status":"closed","sticky":false,"template":"","format":"standard","meta":{"_acf_changed":false,"footnotes":""},"categories":[],"tags":[891],"domains":[47],"ppma_author":[1143],"class_list":["post-133402","post","type-post","status-publish","format-standard","has-post-thumbnail","hentry","tag-automotive-fr","domains-electronique-eci"],"acf":[],"yoast_head":"<title>48V : le futur de la mobilit\u00e9 \u00e9lectrique ...<\/title>\n<meta name=\"description\" content=\"Au CES 2018, Valeo a pr\u00e9sent\u00e9 des technologies in\u00e9dites favorisant le d\u00e9veloppement de la voiture \u00e9lectrique, autonome, connect\u00e9e, accessible \u00e0 tous,...\" \/>\n<meta name=\"robots\" content=\"index, follow, max-snippet:-1, max-image-preview:large, max-video-preview:-1\" \/>\n<link rel=\"canonical\" href=\"https:\/\/www.ecinews.fr\/fr\/wp-json\/wp\/v2\/posts\/133402\/\" \/>\n<meta property=\"og:locale\" content=\"fr_FR\" \/>\n<meta property=\"og:type\" content=\"article\" \/>\n<meta property=\"og:title\" content=\"48V : le futur de la mobilit\u00e9 \u00e9lectrique\" \/>\n<meta property=\"og:description\" content=\"Au CES 2018, Valeo a pr\u00e9sent\u00e9 des technologies in\u00e9dites favorisant le d\u00e9veloppement de la voiture \u00e9lectrique, autonome, connect\u00e9e, accessible \u00e0 tous, mais personnalis\u00e9e et adapt\u00e9e \u00e0 chacun.\" \/>\n<meta property=\"og:url\" content=\"https:\/\/www.ecinews.fr\/fr\/wp-json\/wp\/v2\/posts\/133402\/\" \/>\n<meta property=\"og:site_name\" content=\"EENewsEurope\" \/>\n<meta property=\"article:published_time\" content=\"2018-01-16T00:46:31+00:00\" \/>\n<meta property=\"og:image\" content=\"https:\/\/www.ecinews.fr\/wp-content\/uploads\/import\/default\/files\/sites\/default\/files\/images\/valeo-ces-.jpg\" \/>\n\t<meta property=\"og:image:width\" content=\"399\" \/>\n\t<meta property=\"og:image:height\" content=\"269\" \/>\n\t<meta property=\"og:image:type\" content=\"image\/jpeg\" \/>\n<meta name=\"author\" content=\"Daniel Cardon\" \/>\n<meta name=\"twitter:card\" content=\"summary_large_image\" \/>\n<meta name=\"twitter:label1\" content=\"Written by\" \/>\n\t<meta name=\"twitter:data1\" content=\"Daniel Cardon\" \/>\n\t<meta name=\"twitter:label2\" content=\"Est. reading time\" \/>\n\t<meta name=\"twitter:data2\" content=\"2 minutes\" \/>\n<script type=\"application\/ld+json\" class=\"yoast-schema-graph\">{\"@context\":\"https:\/\/schema.org\",\"@graph\":[{\"@type\":\"Article\",\"@id\":\"https:\/\/www.ecinews.fr\/fr\/48v-le-futur-de-la-mobilite-electrique\/#article\",\"isPartOf\":{\"@id\":\"https:\/\/www.ecinews.fr\/fr\/48v-le-futur-de-la-mobilite-electrique\/\"},\"author\":{\"name\":\"Daniel Cardon\",\"@id\":\"https:\/\/www.eenewseurope.com\/en\/#\/schema\/person\/93c44cde463762f40a8236eaa44c1c17\"},\"headline\":\"48V : le futur de la mobilit\u00e9 \u00e9lectrique\",\"datePublished\":\"2018-01-16T00:46:31+00:00\",\"dateModified\":\"2018-01-16T00:46:31+00:00\",\"mainEntityOfPage\":{\"@id\":\"https:\/\/www.ecinews.fr\/fr\/48v-le-futur-de-la-mobilite-electrique\/\"},\"wordCount\":333,\"publisher\":{\"@id\":\"https:\/\/www.eenewseurope.com\/en\/#organization\"},\"keywords\":[\"Automotive\"],\"inLanguage\":\"fr-FR\"},{\"@type\":\"WebPage\",\"@id\":\"https:\/\/www.ecinews.fr\/fr\/48v-le-futur-de-la-mobilite-electrique\/\",\"url\":\"https:\/\/www.ecinews.fr\/fr\/48v-le-futur-de-la-mobilite-electrique\/\",\"name\":\"48V : le futur de la mobilit\u00e9 \u00e9lectrique -\",\"isPartOf\":{\"@id\":\"https:\/\/www.eenewseurope.com\/en\/#website\"},\"datePublished\":\"2018-01-16T00:46:31+00:00\",\"dateModified\":\"2018-01-16T00:46:31+00:00\",\"breadcrumb\":{\"@id\":\"https:\/\/www.ecinews.fr\/fr\/48v-le-futur-de-la-mobilite-electrique\/#breadcrumb\"},\"inLanguage\":\"fr-FR\",\"potentialAction\":[{\"@type\":\"ReadAction\",\"target\":[\"https:\/\/www.ecinews.fr\/fr\/48v-le-futur-de-la-mobilite-electrique\/\"]}]},{\"@type\":\"BreadcrumbList\",\"@id\":\"https:\/\/www.ecinews.fr\/fr\/48v-le-futur-de-la-mobilite-electrique\/#breadcrumb\",\"itemListElement\":[{\"@type\":\"ListItem\",\"position\":1,\"name\":\"Home\",\"item\":\"https:\/\/www.ecinews.fr\/fr\/\"},{\"@type\":\"ListItem\",\"position\":2,\"name\":\"48V : le futur de la mobilit\u00e9 \u00e9lectrique\"}]},{\"@type\":\"WebSite\",\"@id\":\"https:\/\/www.eenewseurope.com\/en\/#website\",\"url\":\"https:\/\/www.eenewseurope.com\/en\/\",\"name\":\"EENewsEurope\",\"description\":\"Just another WordPress site\",\"publisher\":{\"@id\":\"https:\/\/www.eenewseurope.com\/en\/#organization\"},\"potentialAction\":[{\"@type\":\"SearchAction\",\"target\":{\"@type\":\"EntryPoint\",\"urlTemplate\":\"https:\/\/www.eenewseurope.com\/en\/?s={search_term_string}\"},\"query-input\":\"required name=search_term_string\"}],\"inLanguage\":\"fr-FR\"},{\"@type\":\"Organization\",\"@id\":\"https:\/\/www.eenewseurope.com\/en\/#organization\",\"name\":\"EENewsEurope\",\"url\":\"https:\/\/www.eenewseurope.com\/en\/\",\"logo\":{\"@type\":\"ImageObject\",\"inLanguage\":\"fr-FR\",\"@id\":\"https:\/\/www.eenewseurope.com\/en\/#\/schema\/logo\/image\/\",\"url\":\"https:\/\/www.ecinews.fr\/wp-content\/uploads\/2022\/02\/logo-1.jpg\",\"contentUrl\":\"https:\/\/www.ecinews.fr\/wp-content\/uploads\/2022\/02\/logo-1.jpg\",\"width\":283,\"height\":113,\"caption\":\"EENewsEurope\"},\"image\":{\"@id\":\"https:\/\/www.eenewseurope.com\/en\/#\/schema\/logo\/image\/\"}},{\"@type\":\"Person\",\"@id\":\"https:\/\/www.eenewseurope.com\/en\/#\/schema\/person\/93c44cde463762f40a8236eaa44c1c17\",\"name\":\"Daniel Cardon\",\"image\":{\"@type\":\"ImageObject\",\"inLanguage\":\"fr-FR\",\"@id\":\"https:\/\/www.eenewseurope.com\/en\/#\/schema\/person\/image\/2b243f6bcc1cff7d86aadfb2cd0bd870\",\"url\":\"https:\/\/secure.gravatar.com\/avatar\/de9edc136dfc061ad4778e04635baefa?s=96&d=mm&r=g\",\"contentUrl\":\"https:\/\/secure.gravatar.com\/avatar\/de9edc136dfc061ad4778e04635baefa?s=96&d=mm&r=g\",\"caption\":\"Daniel Cardon\"}}]}<\/script>","yoast_head_json":{"title":"48V : le futur de la mobilit\u00e9 \u00e9lectrique ...","description":"Au CES 2018, Valeo a pr\u00e9sent\u00e9 des technologies in\u00e9dites favorisant le d\u00e9veloppement de la voiture \u00e9lectrique, autonome, connect\u00e9e, accessible \u00e0 tous,...","robots":{"index":"index","follow":"follow","max-snippet":"max-snippet:-1","max-image-preview":"max-image-preview:large","max-video-preview":"max-video-preview:-1"},"canonical":"https:\/\/www.ecinews.fr\/fr\/wp-json\/wp\/v2\/posts\/133402\/","og_locale":"fr_FR","og_type":"article","og_title":"48V : le futur de la mobilit\u00e9 \u00e9lectrique","og_description":"Au CES 2018, Valeo a pr\u00e9sent\u00e9 des technologies in\u00e9dites favorisant le d\u00e9veloppement de la voiture \u00e9lectrique, autonome, connect\u00e9e, accessible \u00e0 tous, mais personnalis\u00e9e et adapt\u00e9e \u00e0 chacun.","og_url":"https:\/\/www.ecinews.fr\/fr\/wp-json\/wp\/v2\/posts\/133402\/","og_site_name":"EENewsEurope","article_published_time":"2018-01-16T00:46:31+00:00","og_image":[{"width":399,"height":269,"url":"https:\/\/www.ecinews.fr\/wp-content\/uploads\/import\/default\/files\/sites\/default\/files\/images\/valeo-ces-.jpg","type":"image\/jpeg"}],"author":"Daniel Cardon","twitter_card":"summary_large_image","twitter_misc":{"Written by":"Daniel Cardon","Est. reading time":"2 minutes"},"schema":{"@context":"https:\/\/schema.org","@graph":[{"@type":"Article","@id":"https:\/\/www.ecinews.fr\/fr\/48v-le-futur-de-la-mobilite-electrique\/#article","isPartOf":{"@id":"https:\/\/www.ecinews.fr\/fr\/48v-le-futur-de-la-mobilite-electrique\/"},"author":{"name":"Daniel Cardon","@id":"https:\/\/www.eenewseurope.com\/en\/#\/schema\/person\/93c44cde463762f40a8236eaa44c1c17"},"headline":"48V : le futur de la mobilit\u00e9 \u00e9lectrique","datePublished":"2018-01-16T00:46:31+00:00","dateModified":"2018-01-16T00:46:31+00:00","mainEntityOfPage":{"@id":"https:\/\/www.ecinews.fr\/fr\/48v-le-futur-de-la-mobilite-electrique\/"},"wordCount":333,"publisher":{"@id":"https:\/\/www.eenewseurope.com\/en\/#organization"},"keywords":["Automotive"],"inLanguage":"fr-FR"},{"@type":"WebPage","@id":"https:\/\/www.ecinews.fr\/fr\/48v-le-futur-de-la-mobilite-electrique\/","url":"https:\/\/www.ecinews.fr\/fr\/48v-le-futur-de-la-mobilite-electrique\/","name":"48V : le futur de la mobilit\u00e9 \u00e9lectrique -","isPartOf":{"@id":"https:\/\/www.eenewseurope.com\/en\/#website"},"datePublished":"2018-01-16T00:46:31+00:00","dateModified":"2018-01-16T00:46:31+00:00","breadcrumb":{"@id":"https:\/\/www.ecinews.fr\/fr\/48v-le-futur-de-la-mobilite-electrique\/#breadcrumb"},"inLanguage":"fr-FR","potentialAction":[{"@type":"ReadAction","target":["https:\/\/www.ecinews.fr\/fr\/48v-le-futur-de-la-mobilite-electrique\/"]}]},{"@type":"BreadcrumbList","@id":"https:\/\/www.ecinews.fr\/fr\/48v-le-futur-de-la-mobilite-electrique\/#breadcrumb","itemListElement":[{"@type":"ListItem","position":1,"name":"Home","item":"https:\/\/www.ecinews.fr\/fr\/"},{"@type":"ListItem","position":2,"name":"48V : le futur de la mobilit\u00e9 \u00e9lectrique"}]},{"@type":"WebSite","@id":"https:\/\/www.eenewseurope.com\/en\/#website","url":"https:\/\/www.eenewseurope.com\/en\/","name":"EENewsEurope","description":"Just another WordPress site","publisher":{"@id":"https:\/\/www.eenewseurope.com\/en\/#organization"},"potentialAction":[{"@type":"SearchAction","target":{"@type":"EntryPoint","urlTemplate":"https:\/\/www.eenewseurope.com\/en\/?s={search_term_string}"},"query-input":"required name=search_term_string"}],"inLanguage":"fr-FR"},{"@type":"Organization","@id":"https:\/\/www.eenewseurope.com\/en\/#organization","name":"EENewsEurope","url":"https:\/\/www.eenewseurope.com\/en\/","logo":{"@type":"ImageObject","inLanguage":"fr-FR","@id":"https:\/\/www.eenewseurope.com\/en\/#\/schema\/logo\/image\/","url":"https:\/\/www.ecinews.fr\/wp-content\/uploads\/2022\/02\/logo-1.jpg","contentUrl":"https:\/\/www.ecinews.fr\/wp-content\/uploads\/2022\/02\/logo-1.jpg","width":283,"height":113,"caption":"EENewsEurope"},"image":{"@id":"https:\/\/www.eenewseurope.com\/en\/#\/schema\/logo\/image\/"}},{"@type":"Person","@id":"https:\/\/www.eenewseurope.com\/en\/#\/schema\/person\/93c44cde463762f40a8236eaa44c1c17","name":"Daniel Cardon","image":{"@type":"ImageObject","inLanguage":"fr-FR","@id":"https:\/\/www.eenewseurope.com\/en\/#\/schema\/person\/image\/2b243f6bcc1cff7d86aadfb2cd0bd870","url":"https:\/\/secure.gravatar.com\/avatar\/de9edc136dfc061ad4778e04635baefa?s=96&d=mm&r=g","contentUrl":"https:\/\/secure.gravatar.com\/avatar\/de9edc136dfc061ad4778e04635baefa?s=96&d=mm&r=g","caption":"Daniel Cardon"}}]}},"authors":[{"term_id":1143,"user_id":11,"is_guest":0,"slug":"danielcardon","display_name":"Daniel Cardon","avatar_url":"https:\/\/secure.gravatar.com\/avatar\/de9edc136dfc061ad4778e04635baefa?s=96&d=mm&r=g","0":null,"1":"","2":"","3":"","4":"","5":"","6":"","7":"","8":""}],"_links":{"self":[{"href":"https:\/\/www.ecinews.fr\/fr\/wp-json\/wp\/v2\/posts\/133402"}],"collection":[{"href":"https:\/\/www.ecinews.fr\/fr\/wp-json\/wp\/v2\/posts"}],"about":[{"href":"https:\/\/www.ecinews.fr\/fr\/wp-json\/wp\/v2\/types\/post"}],"author":[{"embeddable":true,"href":"https:\/\/www.ecinews.fr\/fr\/wp-json\/wp\/v2\/users\/11"}],"replies":[{"embeddable":true,"href":"https:\/\/www.ecinews.fr\/fr\/wp-json\/wp\/v2\/comments?post=133402"}],"version-history":[{"count":0,"href":"https:\/\/www.ecinews.fr\/fr\/wp-json\/wp\/v2\/posts\/133402\/revisions"}],"wp:featuredmedia":[{"embeddable":true,"href":"https:\/\/www.ecinews.fr\/fr\/wp-json\/wp\/v2\/media\/133403"}],"wp:attachment":[{"href":"https:\/\/www.ecinews.fr\/fr\/wp-json\/wp\/v2\/media?parent=133402"}],"wp:term":[{"taxonomy":"category","embeddable":true,"href":"https:\/\/www.ecinews.fr\/fr\/wp-json\/wp\/v2\/categories?post=133402"},{"taxonomy":"post_tag","embeddable":true,"href":"https:\/\/www.ecinews.fr\/fr\/wp-json\/wp\/v2\/tags?post=133402"},{"taxonomy":"domains","embeddable":true,"href":"https:\/\/www.ecinews.fr\/fr\/wp-json\/wp\/v2\/domains?post=133402"},{"taxonomy":"author","embeddable":true,"href":"https:\/\/www.ecinews.fr\/fr\/wp-json\/wp\/v2\/ppma_author?post=133402"}],"curies":[{"name":"wp","href":"https:\/\/api.w.org\/{rel}","templated":true}]}}