{"id":131458,"date":"2018-02-01T11:11:48","date_gmt":"2018-02-01T11:11:48","guid":{"rendered":"https:\/\/\/feu-vert-de-leurope-pour-le-rachat-de-nxp-par-qualcomm\/"},"modified":"2018-02-01T11:11:48","modified_gmt":"2018-02-01T11:11:48","slug":"feu-vert-de-leurope-pour-le-rachat-de-nxp-par-qualcomm","status":"publish","type":"post","link":"https:\/\/www.ecinews.fr\/fr\/feu-vert-de-leurope-pour-le-rachat-de-nxp-par-qualcomm\/","title":{"rendered":"Feu vert de l&rsquo;Europe pour le rachat de NXP par Qualcomm"},"content":{"rendered":"<p><span id=\"result_box\" lang=\"fr\"><span title=\"The acquisition has now been approved in 8 out of 9 juridstictions that Qualcomm was seeking around the world with China remaining.\n\n\">L&rsquo;acquisition a maintenant \u00e9t\u00e9 approuv\u00e9e dans 8 des 9 juridictions que Qualcomm devait obtenir \u00e0 travers le monde avec la Chine restant en attente.<\/span><\/span><\/p>\n<p><span id=\"result_box\" lang=\"fr\"><span title=\"To obtain the latest approvals Qualcomm has made agreements around near-field communication (NFC) patents that are essential to contactless payment.\">Pour obtenir les derni\u00e8res approbations, Qualcomm a conclu des accords concernant les brevets de communication en champ proche (NFC) indispensables au paiement sans contact. <\/span><span title=\"Qualcomm said it has agreed to exclude certain near-field communication (NFC) patents from the proposed transaction and to ensure that NXP licenses those patents to third patents.\">Qualcomm a d\u00e9clar\u00e9 qu&rsquo;il avait accept\u00e9 d&rsquo;exclure certains brevets de communication en champ proche (NFC) de la transaction propos\u00e9e et de s&rsquo;assurer que NXP conc\u00e8de sous licence ces brevets \u00e0 des tiers. <\/span><span title=\"It has also said it will not assert NFC patents it will acquire from NXP and that it will maintain interoperability between Qualcomm's baseband chipsets and NXP's NFC chips and baseband chipsets and NFC chips from rivals.\">Il a \u00e9galement d\u00e9clar\u00e9 qu&rsquo;il ne revendiquerait pas les brevets NFC qu&rsquo;il obtiendra de NXP et qu&rsquo;il maintiendra l&rsquo;interop\u00e9rabilit\u00e9 entre les chipsets en bande de base de Qualcomm et les puces NFC de NXP et les chipsets en bande de base et les puces NFC de ses rivaux. <\/span><span title=\"Qualcomm also said it will continue to offer to license out the MIFARE technology on terms equivalent to those offered by NXP today.\n\n\">Qualcomm a \u00e9galement d\u00e9clar\u00e9 qu&rsquo;il continuerait \u00e0 offrir des licenses de la technologie MIFARE \u00e0 des conditions \u00e9quivalentes \u00e0 celles offertes par NXP aujourd&rsquo;hui.<\/span><\/span><\/p>\n<p><span id=\"result_box\" lang=\"fr\"><span title=\"The European Commission said that its approval is conditional on full compliance with commitments offered by Qualcomm.\n\n\">La Commission europ\u00e9enne a d\u00e9clar\u00e9 que son approbation est subordonn\u00e9e au plein respect des engagements propos\u00e9s par Qualcomm.<\/span><\/p>\n<p><span title=\"Commissioner Margrethe Vestager, in charge of competition policy, said: &quot;We use our smartphones for many different things and now also more and more as mobile wallets, to pay for public transport or make other secure payments. With this decision, we ensure that Qualcomm's\">La commissaire Margrethe Vestager, responsable de la politique de la concurrence, a d\u00e9clar\u00e9: \u00ab\u00a0Nous utilisons nos smartphones pour de nombreuses choses diff\u00e9rentes et maintenant de plus en plus comme portefeuilles mobiles, pour payer les transports publics ou effectuer d&rsquo;autres paiements s\u00e9curis\u00e9s. <\/span><span title=\"takeover of NXP will not prevent consumers from continuing to enjoy the benefits of these innovative technologies at competitive prices.&quot;\n\n\">La reprise de NXP n&#8217;emp\u00eachera pas les consommateurs de continuer \u00e0 profiter des avantages de ces technologies innovantes \u00e0 des prix comp\u00e9titifs. \u00ab\u00a0<\/span><\/span><\/p>\n<p><span id=\"result_box\" lang=\"fr\"><span title=\"Qualcomm CEO Steve Mollenkopf said he was optimistic that China will clear the deal soon.\">Le PDG de Qualcomm, Steve Mollenkopf, a d\u00e9clar\u00e9 qu&rsquo;il \u00e9tait optimiste sur un accord prochain de la Chine pour pouvoir cl\u00f4turer la transaction.<\/span><\/span><\/p>\n<p><a href=\"http:\/\/www.qualcomm.com\">www.qualcomm.com<\/a><\/p>\n<p><strong>La r\u00e9daction vous conseille aussi:<\/strong><\/p>\n<p><a href=\"http:\/\/www.electronique-eci.com\/news\/rachat-de-nxp-par-qualcomm-vers-une-conclusion-en-2018\"><strong>Rachat de NXP par Qualcomm : vers une conclusion en 2018 ?<\/strong><\/a><\/p>\n<p><a href=\"http:\/\/www.electronique-eci.com\/news\/virtualisation-des-reseau-succes-en-chine-pour-nxp\"><strong>Virtualisation des r\u00e9seau&nbsp;: succ\u00e8s en Chine pour NXP<\/strong><\/a><\/p>\n<p>&nbsp;<\/p>\n<p><strong>Other News articles: <\/strong><\/p>\n<p><a href=\"http:\/\/www.eenewseurope.com\/news\/qualcomm-appeals-ecs-one-billion-euros-fine-modem-chips\">Qualcomm appeals EC&rsquo;s billion-euro fine on modem chips<\/a><\/p>\n<p><a href=\"http:\/\/www.eenewsanalog.com\/news\/taiwan-hits-qualcomm-773-million-antitrust-fine\">Taiwan hits Qualcomm with $773 million antitrust fine<\/a><\/p>\n","protected":false},"excerpt":{"rendered":"<p>Qualcomm Inc. a annonc\u00e9 que la Commission Europ\u00e9enne et la Korea Fair Trade Commission avaient donn\u00e9 leur OK pour l&rsquo;acquisition de NXP Semiconductors NV sous certaines conditions.<\/p>\n","protected":false},"author":22,"featured_media":131459,"comment_status":"closed","ping_status":"closed","sticky":false,"template":"","format":"standard","meta":{"_acf_changed":false,"footnotes":""},"categories":[880],"tags":[889,893,891,909,894,912,895,896,897,898,899,900,901,902,903,892,913,904,905,906,907,908,890,916,910,917,911,914,915],"domains":[47],"ppma_author":[1149],"class_list":["post-131458","post","type-post","status-publish","format-standard","has-post-thumbnail","hentry","category-actualites-economiques","tag-analog-fr","tag-authentication-encryption-fr","tag-automotive-fr","tag-batteries-power-supplies-fr","tag-boards-embedded-cards-fr","tag-dataacquisition-fr","tag-developmentkits-fr","tag-digitalsignalprocessing-fr","tag-displays-interfaces-fr","tag-distributors-fr","tag-eda-cad-tools-fr","tag-electromechanical-fr","tag-energyharvesting-fr","tag-flexibleelectronics-fr","tag-interconnect-cables-fr","tag-ledlighting-fr","tag-materials-processes-fr","tag-medicalelectronics-fr","tag-memory-data-storage-fr","tag-mpus-mcus-fr","tag-optoelectronics-fr","tag-plds-fpgas-asics-fr","tag-powermanagement-fr","tag-rf-transmission-fr","tag-sensing-conditioning-fr","tag-software-embedded-tools-fr","tag-testandmeasurement-fr","tag-wearables-fr","tag-wireless-communications-fr","domains-electronique-eci"],"acf":[],"yoast_head":"<title>Feu vert de l&#039;Europe pour le rachat de NXP par Qualcomm ...<\/title>\n<meta name=\"description\" content=\"Qualcomm Inc. a annonc\u00e9 que la Commission Europ\u00e9enne et la Korea Fair Trade Commission avaient donn\u00e9 leur OK pour l&#039;acquisition de NXP Semiconductors NV...\" \/>\n<meta name=\"robots\" content=\"index, follow, max-snippet:-1, max-image-preview:large, max-video-preview:-1\" \/>\n<link rel=\"canonical\" href=\"https:\/\/www.ecinews.fr\/fr\/wp-json\/wp\/v2\/posts\/131458\/\" \/>\n<meta property=\"og:locale\" content=\"fr_FR\" \/>\n<meta property=\"og:type\" content=\"article\" \/>\n<meta property=\"og:title\" content=\"Feu vert de l&#039;Europe pour le rachat de NXP par Qualcomm\" \/>\n<meta property=\"og:description\" content=\"Qualcomm Inc. a annonc\u00e9 que la Commission Europ\u00e9enne et la Korea Fair Trade Commission avaient donn\u00e9 leur OK pour l&#039;acquisition de NXP Semiconductors NV sous certaines conditions.\" \/>\n<meta property=\"og:url\" content=\"https:\/\/www.ecinews.fr\/fr\/wp-json\/wp\/v2\/posts\/131458\/\" \/>\n<meta property=\"og:site_name\" content=\"EENewsEurope\" \/>\n<meta property=\"article:published_time\" content=\"2018-02-01T11:11:48+00:00\" \/>\n<meta property=\"og:image\" content=\"https:\/\/www.ecinews.fr\/wp-content\/uploads\/import\/default\/files\/sites\/default\/files\/images\/screen_shot_2018-01-29_at_11.26.12.png\" \/>\n\t<meta property=\"og:image:width\" content=\"636\" \/>\n\t<meta property=\"og:image:height\" content=\"366\" \/>\n\t<meta property=\"og:image:type\" content=\"image\/png\" \/>\n<meta name=\"author\" content=\"eeNews Europe\" \/>\n<meta name=\"twitter:card\" content=\"summary_large_image\" \/>\n<meta name=\"twitter:label1\" content=\"Written by\" \/>\n\t<meta name=\"twitter:data1\" content=\"eeNews Europe\" \/>\n\t<meta name=\"twitter:label2\" content=\"Est. reading time\" \/>\n\t<meta name=\"twitter:data2\" content=\"2 minutes\" \/>\n<script type=\"application\/ld+json\" class=\"yoast-schema-graph\">{\"@context\":\"https:\/\/schema.org\",\"@graph\":[{\"@type\":\"Article\",\"@id\":\"https:\/\/www.ecinews.fr\/fr\/feu-vert-de-leurope-pour-le-rachat-de-nxp-par-qualcomm\/#article\",\"isPartOf\":{\"@id\":\"https:\/\/www.ecinews.fr\/fr\/feu-vert-de-leurope-pour-le-rachat-de-nxp-par-qualcomm\/\"},\"author\":{\"name\":\"eeNews Europe\",\"@id\":\"https:\/\/www.eenewseurope.com\/en\/#\/schema\/person\/9eff4051fa9dac8230052de45e32b0f4\"},\"headline\":\"Feu vert de l&rsquo;Europe pour le rachat de NXP par Qualcomm\",\"datePublished\":\"2018-02-01T11:11:48+00:00\",\"dateModified\":\"2018-02-01T11:11:48+00:00\",\"mainEntityOfPage\":{\"@id\":\"https:\/\/www.ecinews.fr\/fr\/feu-vert-de-leurope-pour-le-rachat-de-nxp-par-qualcomm\/\"},\"wordCount\":341,\"publisher\":{\"@id\":\"https:\/\/www.eenewseurope.com\/en\/#organization\"},\"keywords\":[\"Analog\",\"Authentication &amp; Encryption\",\"Automotive\",\"Batteries \/ Power Supplies\",\"Boards &amp; Embedded Cards\",\"DataAcquisition\",\"DevelopmentKits\",\"DigitalSignalProcessing\",\"Displays &amp; Interfaces\",\"Distributors\",\"EDA &amp; CAD tools\",\"Electromechanical\",\"EnergyHarvesting\",\"FlexibleElectronics\",\"Interconnect &amp; cables\",\"LEDlighting\",\"Materials &amp; processes\",\"MedicalElectronics\",\"Memory &amp; Data Storage\",\"MPUs\/MCUs\",\"Optoelectronics\",\"PLDs\/FPGAs\/ASICs\",\"PowerManagement\",\"RF transmission\",\"Sensing \/ Conditioning\",\"Software &amp; Embedded tools\",\"TestandMeasurement\",\"Wearables\",\"Wireless Communications\"],\"articleSection\":[\"Actualit\u00e9s \u00e9conomiques\"],\"inLanguage\":\"fr-FR\"},{\"@type\":\"WebPage\",\"@id\":\"https:\/\/www.ecinews.fr\/fr\/feu-vert-de-leurope-pour-le-rachat-de-nxp-par-qualcomm\/\",\"url\":\"https:\/\/www.ecinews.fr\/fr\/feu-vert-de-leurope-pour-le-rachat-de-nxp-par-qualcomm\/\",\"name\":\"Feu vert de l'Europe pour le rachat de NXP par Qualcomm -\",\"isPartOf\":{\"@id\":\"https:\/\/www.eenewseurope.com\/en\/#website\"},\"datePublished\":\"2018-02-01T11:11:48+00:00\",\"dateModified\":\"2018-02-01T11:11:48+00:00\",\"breadcrumb\":{\"@id\":\"https:\/\/www.ecinews.fr\/fr\/feu-vert-de-leurope-pour-le-rachat-de-nxp-par-qualcomm\/#breadcrumb\"},\"inLanguage\":\"fr-FR\",\"potentialAction\":[{\"@type\":\"ReadAction\",\"target\":[\"https:\/\/www.ecinews.fr\/fr\/feu-vert-de-leurope-pour-le-rachat-de-nxp-par-qualcomm\/\"]}]},{\"@type\":\"BreadcrumbList\",\"@id\":\"https:\/\/www.ecinews.fr\/fr\/feu-vert-de-leurope-pour-le-rachat-de-nxp-par-qualcomm\/#breadcrumb\",\"itemListElement\":[{\"@type\":\"ListItem\",\"position\":1,\"name\":\"Home\",\"item\":\"https:\/\/www.ecinews.fr\/fr\/\"},{\"@type\":\"ListItem\",\"position\":2,\"name\":\"Feu vert de l&rsquo;Europe pour le rachat de NXP par Qualcomm\"}]},{\"@type\":\"WebSite\",\"@id\":\"https:\/\/www.eenewseurope.com\/en\/#website\",\"url\":\"https:\/\/www.eenewseurope.com\/en\/\",\"name\":\"EENewsEurope\",\"description\":\"Just another WordPress site\",\"publisher\":{\"@id\":\"https:\/\/www.eenewseurope.com\/en\/#organization\"},\"potentialAction\":[{\"@type\":\"SearchAction\",\"target\":{\"@type\":\"EntryPoint\",\"urlTemplate\":\"https:\/\/www.eenewseurope.com\/en\/?s={search_term_string}\"},\"query-input\":\"required name=search_term_string\"}],\"inLanguage\":\"fr-FR\"},{\"@type\":\"Organization\",\"@id\":\"https:\/\/www.eenewseurope.com\/en\/#organization\",\"name\":\"EENewsEurope\",\"url\":\"https:\/\/www.eenewseurope.com\/en\/\",\"logo\":{\"@type\":\"ImageObject\",\"inLanguage\":\"fr-FR\",\"@id\":\"https:\/\/www.eenewseurope.com\/en\/#\/schema\/logo\/image\/\",\"url\":\"https:\/\/www.ecinews.fr\/wp-content\/uploads\/2022\/02\/logo-1.jpg\",\"contentUrl\":\"https:\/\/www.ecinews.fr\/wp-content\/uploads\/2022\/02\/logo-1.jpg\",\"width\":283,\"height\":113,\"caption\":\"EENewsEurope\"},\"image\":{\"@id\":\"https:\/\/www.eenewseurope.com\/en\/#\/schema\/logo\/image\/\"}},{\"@type\":\"Person\",\"@id\":\"https:\/\/www.eenewseurope.com\/en\/#\/schema\/person\/9eff4051fa9dac8230052de45e32b0f4\",\"name\":\"eeNews Europe\",\"image\":{\"@type\":\"ImageObject\",\"inLanguage\":\"fr-FR\",\"@id\":\"https:\/\/www.eenewseurope.com\/en\/#\/schema\/person\/image\/fae8f0cb15861c4ae0ed4872e2c9fc22\",\"url\":\"https:\/\/secure.gravatar.com\/avatar\/5081509054e28b04ecd976976e723ce0?s=96&d=mm&r=g\",\"contentUrl\":\"https:\/\/secure.gravatar.com\/avatar\/5081509054e28b04ecd976976e723ce0?s=96&d=mm&r=g\",\"caption\":\"eeNews Europe\"}}]}<\/script>","yoast_head_json":{"title":"Feu vert de l'Europe pour le rachat de NXP par Qualcomm ...","description":"Qualcomm Inc. a annonc\u00e9 que la Commission Europ\u00e9enne et la Korea Fair Trade Commission avaient donn\u00e9 leur OK pour l'acquisition de NXP Semiconductors NV...","robots":{"index":"index","follow":"follow","max-snippet":"max-snippet:-1","max-image-preview":"max-image-preview:large","max-video-preview":"max-video-preview:-1"},"canonical":"https:\/\/www.ecinews.fr\/fr\/wp-json\/wp\/v2\/posts\/131458\/","og_locale":"fr_FR","og_type":"article","og_title":"Feu vert de l'Europe pour le rachat de NXP par Qualcomm","og_description":"Qualcomm Inc. a annonc\u00e9 que la Commission Europ\u00e9enne et la Korea Fair Trade Commission avaient donn\u00e9 leur OK pour l'acquisition de NXP Semiconductors NV sous certaines conditions.","og_url":"https:\/\/www.ecinews.fr\/fr\/wp-json\/wp\/v2\/posts\/131458\/","og_site_name":"EENewsEurope","article_published_time":"2018-02-01T11:11:48+00:00","og_image":[{"width":636,"height":366,"url":"https:\/\/www.ecinews.fr\/wp-content\/uploads\/import\/default\/files\/sites\/default\/files\/images\/screen_shot_2018-01-29_at_11.26.12.png","type":"image\/png"}],"author":"eeNews Europe","twitter_card":"summary_large_image","twitter_misc":{"Written by":"eeNews Europe","Est. reading time":"2 minutes"},"schema":{"@context":"https:\/\/schema.org","@graph":[{"@type":"Article","@id":"https:\/\/www.ecinews.fr\/fr\/feu-vert-de-leurope-pour-le-rachat-de-nxp-par-qualcomm\/#article","isPartOf":{"@id":"https:\/\/www.ecinews.fr\/fr\/feu-vert-de-leurope-pour-le-rachat-de-nxp-par-qualcomm\/"},"author":{"name":"eeNews Europe","@id":"https:\/\/www.eenewseurope.com\/en\/#\/schema\/person\/9eff4051fa9dac8230052de45e32b0f4"},"headline":"Feu vert de l&rsquo;Europe pour le rachat de NXP par Qualcomm","datePublished":"2018-02-01T11:11:48+00:00","dateModified":"2018-02-01T11:11:48+00:00","mainEntityOfPage":{"@id":"https:\/\/www.ecinews.fr\/fr\/feu-vert-de-leurope-pour-le-rachat-de-nxp-par-qualcomm\/"},"wordCount":341,"publisher":{"@id":"https:\/\/www.eenewseurope.com\/en\/#organization"},"keywords":["Analog","Authentication &amp; Encryption","Automotive","Batteries \/ Power Supplies","Boards &amp; Embedded Cards","DataAcquisition","DevelopmentKits","DigitalSignalProcessing","Displays &amp; Interfaces","Distributors","EDA &amp; CAD tools","Electromechanical","EnergyHarvesting","FlexibleElectronics","Interconnect &amp; cables","LEDlighting","Materials &amp; processes","MedicalElectronics","Memory &amp; Data Storage","MPUs\/MCUs","Optoelectronics","PLDs\/FPGAs\/ASICs","PowerManagement","RF transmission","Sensing \/ Conditioning","Software &amp; Embedded tools","TestandMeasurement","Wearables","Wireless Communications"],"articleSection":["Actualit\u00e9s \u00e9conomiques"],"inLanguage":"fr-FR"},{"@type":"WebPage","@id":"https:\/\/www.ecinews.fr\/fr\/feu-vert-de-leurope-pour-le-rachat-de-nxp-par-qualcomm\/","url":"https:\/\/www.ecinews.fr\/fr\/feu-vert-de-leurope-pour-le-rachat-de-nxp-par-qualcomm\/","name":"Feu vert de l'Europe pour le rachat de NXP par Qualcomm -","isPartOf":{"@id":"https:\/\/www.eenewseurope.com\/en\/#website"},"datePublished":"2018-02-01T11:11:48+00:00","dateModified":"2018-02-01T11:11:48+00:00","breadcrumb":{"@id":"https:\/\/www.ecinews.fr\/fr\/feu-vert-de-leurope-pour-le-rachat-de-nxp-par-qualcomm\/#breadcrumb"},"inLanguage":"fr-FR","potentialAction":[{"@type":"ReadAction","target":["https:\/\/www.ecinews.fr\/fr\/feu-vert-de-leurope-pour-le-rachat-de-nxp-par-qualcomm\/"]}]},{"@type":"BreadcrumbList","@id":"https:\/\/www.ecinews.fr\/fr\/feu-vert-de-leurope-pour-le-rachat-de-nxp-par-qualcomm\/#breadcrumb","itemListElement":[{"@type":"ListItem","position":1,"name":"Home","item":"https:\/\/www.ecinews.fr\/fr\/"},{"@type":"ListItem","position":2,"name":"Feu vert de l&rsquo;Europe pour le rachat de NXP par Qualcomm"}]},{"@type":"WebSite","@id":"https:\/\/www.eenewseurope.com\/en\/#website","url":"https:\/\/www.eenewseurope.com\/en\/","name":"EENewsEurope","description":"Just another WordPress site","publisher":{"@id":"https:\/\/www.eenewseurope.com\/en\/#organization"},"potentialAction":[{"@type":"SearchAction","target":{"@type":"EntryPoint","urlTemplate":"https:\/\/www.eenewseurope.com\/en\/?s={search_term_string}"},"query-input":"required name=search_term_string"}],"inLanguage":"fr-FR"},{"@type":"Organization","@id":"https:\/\/www.eenewseurope.com\/en\/#organization","name":"EENewsEurope","url":"https:\/\/www.eenewseurope.com\/en\/","logo":{"@type":"ImageObject","inLanguage":"fr-FR","@id":"https:\/\/www.eenewseurope.com\/en\/#\/schema\/logo\/image\/","url":"https:\/\/www.ecinews.fr\/wp-content\/uploads\/2022\/02\/logo-1.jpg","contentUrl":"https:\/\/www.ecinews.fr\/wp-content\/uploads\/2022\/02\/logo-1.jpg","width":283,"height":113,"caption":"EENewsEurope"},"image":{"@id":"https:\/\/www.eenewseurope.com\/en\/#\/schema\/logo\/image\/"}},{"@type":"Person","@id":"https:\/\/www.eenewseurope.com\/en\/#\/schema\/person\/9eff4051fa9dac8230052de45e32b0f4","name":"eeNews Europe","image":{"@type":"ImageObject","inLanguage":"fr-FR","@id":"https:\/\/www.eenewseurope.com\/en\/#\/schema\/person\/image\/fae8f0cb15861c4ae0ed4872e2c9fc22","url":"https:\/\/secure.gravatar.com\/avatar\/5081509054e28b04ecd976976e723ce0?s=96&d=mm&r=g","contentUrl":"https:\/\/secure.gravatar.com\/avatar\/5081509054e28b04ecd976976e723ce0?s=96&d=mm&r=g","caption":"eeNews Europe"}}]}},"authors":[{"term_id":1149,"user_id":22,"is_guest":0,"slug":"eenews-europe","display_name":"eeNews Europe","avatar_url":"https:\/\/secure.gravatar.com\/avatar\/5081509054e28b04ecd976976e723ce0?s=96&d=mm&r=g","0":null,"1":"","2":"","3":"","4":"","5":"","6":"","7":"","8":""}],"_links":{"self":[{"href":"https:\/\/www.ecinews.fr\/fr\/wp-json\/wp\/v2\/posts\/131458"}],"collection":[{"href":"https:\/\/www.ecinews.fr\/fr\/wp-json\/wp\/v2\/posts"}],"about":[{"href":"https:\/\/www.ecinews.fr\/fr\/wp-json\/wp\/v2\/types\/post"}],"author":[{"embeddable":true,"href":"https:\/\/www.ecinews.fr\/fr\/wp-json\/wp\/v2\/users\/22"}],"replies":[{"embeddable":true,"href":"https:\/\/www.ecinews.fr\/fr\/wp-json\/wp\/v2\/comments?post=131458"}],"version-history":[{"count":0,"href":"https:\/\/www.ecinews.fr\/fr\/wp-json\/wp\/v2\/posts\/131458\/revisions"}],"wp:featuredmedia":[{"embeddable":true,"href":"https:\/\/www.ecinews.fr\/fr\/wp-json\/wp\/v2\/media\/131459"}],"wp:attachment":[{"href":"https:\/\/www.ecinews.fr\/fr\/wp-json\/wp\/v2\/media?parent=131458"}],"wp:term":[{"taxonomy":"category","embeddable":true,"href":"https:\/\/www.ecinews.fr\/fr\/wp-json\/wp\/v2\/categories?post=131458"},{"taxonomy":"post_tag","embeddable":true,"href":"https:\/\/www.ecinews.fr\/fr\/wp-json\/wp\/v2\/tags?post=131458"},{"taxonomy":"domains","embeddable":true,"href":"https:\/\/www.ecinews.fr\/fr\/wp-json\/wp\/v2\/domains?post=131458"},{"taxonomy":"author","embeddable":true,"href":"https:\/\/www.ecinews.fr\/fr\/wp-json\/wp\/v2\/ppma_author?post=131458"}],"curies":[{"name":"wp","href":"https:\/\/api.w.org\/{rel}","templated":true}]}}