{"id":130570,"date":"2018-02-09T16:58:53","date_gmt":"2018-02-09T16:58:53","guid":{"rendered":"https:\/\/\/porsche-prend-un-virage-electrique-a-6-milliards-deuros\/"},"modified":"2018-02-09T16:58:53","modified_gmt":"2018-02-09T16:58:53","slug":"porsche-prend-un-virage-electrique-a-6-milliards-deuros","status":"publish","type":"post","link":"https:\/\/www.ecinews.fr\/fr\/porsche-prend-un-virage-electrique-a-6-milliards-deuros\/","title":{"rendered":"Porsche prend un virage \u00e9lectrique \u00e0 6 milliards d&rsquo;Euros"},"content":{"rendered":"<p><span id=\"result_box\" lang=\"fr\"><span title=\"The decision was made by the Porsche AG Supervisory Board at its most recent meeting.\n\n\">La d\u00e9cision a \u00e9t\u00e9 prise par le Conseil de surveillance de Porsche AG lors de sa derni\u00e8re r\u00e9union.<\/span><\/p>\n<p><span title=\"\u201cWe are doubling our expenditure on electromobility from around three billion euro to more than six billion euro\u201d, explains Oliver Blume, Chairman of the Executive Board of Porsche AG.\">\u00abNous doublons nos d\u00e9penses en mati\u00e8re d&rsquo;\u00e9lectromobilit\u00e9 de trois milliards d&rsquo;euros \u00e0 plus de six milliards d&rsquo;euros\u00bb, explique Oliver Blume, pr\u00e9sident du directoire de Porsche AG. <\/span><span title=\"\u201cAlongside development of our models with combustion engines, we are setting an important course for the future with this decision.\u201d\n\n\">\u00ab\u00a0Parall\u00e8lement au d\u00e9veloppement de nos mod\u00e8les avec des moteurs \u00e0 combustion, nous prenons une direction importante pour l&rsquo;avenir avec cette d\u00e9cision.\u00a0\u00bb<\/span><\/span><\/p>\n<p><span id=\"result_box\" lang=\"fr\"><span title=\"The plans have been bolstered significantly to include around three billion euro of investment in material assets, and slightly more than three billion euro in development costs.\n\n\">Les plans ont \u00e9t\u00e9 consid\u00e9rablement renforc\u00e9s pour inclure environ trois milliards d&rsquo;euros d&rsquo;investissements en actifs mat\u00e9riels et un peu plus de trois milliards d&rsquo;euros en co\u00fbts de d\u00e9veloppement.<\/span><\/p>\n<p><span title=\"From these additional three billion euro, some 500 million euro will be used for the development of Mission E variants and derivatives, around one billion euro for electrification and hybridisation of the existing product range, several hundred million for the expansion of sites, plus around 700\">De ces trois milliards d&rsquo;euros suppl\u00e9mentaires, environ 500 millions d&rsquo;euros seront utilis\u00e9s pour le d\u00e9veloppement des variantes et produits d\u00e9riv\u00e9s de Mission E, environ un milliard d&rsquo;euros pour l&rsquo;\u00e9lectrification et l&rsquo;hybridation de la gamme existante, plusieurs centaines de millions pour l&rsquo;expansion des sites d&rsquo;assemblage et environ 700 <\/span><span title=\"million euro in new technologies, charging infrastructure and smart mobility.\n\n\">millions d&rsquo;euros dans les nouvelles technologies, les infrastructures de recharge et la mobilit\u00e9 intelligente.<\/span><\/span><\/p>\n<p>&nbsp;<\/p>\n<hr \/>\n<p><span id=\"result_box\" lang=\"fr\"><span title=\"In Zuffenhausen, a new paint shop, dedicated assembly area and a conveyor bridge for transporting the painted bodies and drive units to the final assembly area are currently being constructed.\">A Zuffenhausen, un nouvel atelier de peinture, une zone d&rsquo;assemblage d\u00e9di\u00e9e et un pont convoyeur pour le transport des carosseries peintes et des chassis moteurs vers la zone d&rsquo;assemblage final sont en cours de construction. <\/span><span title=\"The existing engine plant is being expanded to manufacture electric drives and the body shop will also be developed.\">L&rsquo;usine de moteurs existante est en cours d&rsquo;extension pour fabriquer des moteurs \u00e9lectriques et l&rsquo;atelier de carrosserie sera \u00e9galement d\u00e9velopp\u00e9. <\/span><span title=\"Investment is also planned for the Weissach Development Centre.\">Des investissements sont \u00e9galement pr\u00e9vus pour le centre de d\u00e9veloppement de Weissach. <\/span><span title=\"The Mission E project has created approximately 1200 new jobs\n\n\">Le projet Mission E a cr\u00e9\u00e9 environ 1200 nouveaux emplois<\/span><\/span><\/p>\n<p>&nbsp; <span id=\"result_box\" lang=\"fr\"><span title=\"The purely electric Mission E sports car has a system power of 600hp, meaning that it will require significantly less than 3.5 seconds to sprint from 0 to 100 km\/h;\">La voiture de sport Mission E, purement \u00e9lectrique, a une puissance de 600 ch, ce qui signifie qu&rsquo;il lui faudra bien moins de 3,5 secondes pour acc\u00e9l\u00e9rer de 0 \u00e0 100 km \/ h; <\/span><span title=\"it will also be able to accelerate and brake repeatedly without any loss of performance, and it will offer a range of 500 kilometres in the NEDC.\">elle pourra \u00e9galement acc\u00e9l\u00e9rer et freiner de fa\u00e7on r\u00e9p\u00e9t\u00e9e sans perte de performance, et offrira une autonomie de 500 kilom\u00e8tres selopn NEDC. <\/span><span title=\"The charging time will be very short: Thanks to the 800-V system voltage, it will take just 15 minutes for 400 kilometres.\n\n\">Le temps de charge sera tr\u00e8s court: gr\u00e2ce \u00e0 la tension du syst\u00e8me de 800-V, il ne faudra que 15 minutes de charge pour pouvoir parcourir 400 kilom\u00e8tres.<\/span><\/span><\/p>\n<p><span id=\"result_box\" lang=\"fr\"><span title=\"Porsche, along with Audi, is representing the Volkswagen Group in Ionity, a joint venture with the BMW Group, Daimler AG and Ford Motor Company.\">Porsche, avec Audi, repr\u00e9sente le groupe Volkswagen dans Ionity, une coentreprise avec BMW Group, Daimler AG et Ford Motor Company. <\/span><span title=\"The goal of this venture is to construct and operate 400 powerful rapid charging stations along the major European traffic routes by 2020. Construction began back in 2017. To complement the work of Ionity, the Porsche dealer network is becoming part of a nationwide rapid charging infrastructure\">L&rsquo;objectif de cette entreprise est de construire et d&rsquo;exploiter 400 stations de recharge rapide puissantes le long des principales routes europ\u00e9ennes d&rsquo;ici 2020. La construction a d\u00e9but\u00e9 en 2017. Pour compl\u00e9ter le travail d&rsquo;Ionity, le r\u00e9seau de concessionnaires Porsche devient partie int\u00e9grante d&rsquo;une infrastructure de recharge rapide.<\/span><\/span><\/p>\n<p>Porsche \u2013 <a href=\"http:\/\/www.porsche.com\">www.porsche.com<\/a><\/p>\n<p>&nbsp;<\/p>\n<p><strong>La r\u00e9daction vous conseille aussi:<\/strong><\/p>\n<p><a href=\"http:\/\/www.electronique-eci.com\/news\/porsche-lanc%C3%A9-lanti-tesla-%C2%A0un-scoop-de-notre-correspondant-%C3%A0-munich\"><strong>Porsche a lanc\u00e9 l&rsquo;anti Tesla &#8211; &nbsp;un scoop de notre correspondant \u00e0 Munich<\/strong><\/a><\/p>\n<p><a href=\"http:\/\/www.electronique-eci.com\/news\/un-consortium-va-concurrencer-tesla-pour-la-production-de-batteries\"><strong>Un consortium va concurrencer Tesla pour la production de batteries<\/strong><\/a><\/p>\n<p>&nbsp;<\/p>\n<p><strong>Related articles in English:<\/strong><\/p>\n<p><a href=\"http:\/\/www.eenewsautomotive.com\/news\/carmakers-launch-european-open-charging-network\">Carmakers launch European open charging network<\/a><\/p>\n<p><a href=\"http:\/\/www.eenewsautomotive.com\/news\/illegal-software-found-porsche-engines-certification-withdrawn\">Illegal software found in Porsche engines, certification withdrawn<\/a><\/p>\n<p><a href=\"http:\/\/www.power-eetimes.com\/news\/porsche-gives-green-light-race-against-tesla\">Porsche gives green light for race against Tesla<\/a><\/p>\n<p><a href=\"http:\/\/www.eenewsautomotive.com\/news\/porsche-drives-digitisation-romania\">Porsche drives digitisation from Romania<\/a><\/p>\n","protected":false},"excerpt":{"rendered":"<p>Le constructeur de voitures de sport Porsche a annonc\u00e9 son intention d&rsquo;investir plus de six milliards d&rsquo;euros dans l&rsquo;\u00e9lectromobilit\u00e9 d&rsquo;ici \u00e0 2022, en se concentrant \u00e0 la fois sur les hybrides rechargeables et les v\u00e9hicules purement \u00e9lectriques.<\/p>\n","protected":false},"author":22,"featured_media":130571,"comment_status":"closed","ping_status":"closed","sticky":false,"template":"","format":"standard","meta":{"_acf_changed":false,"footnotes":""},"categories":[],"tags":[891],"domains":[47],"ppma_author":[1149],"class_list":["post-130570","post","type-post","status-publish","format-standard","has-post-thumbnail","hentry","tag-automotive-fr","domains-electronique-eci"],"acf":[],"yoast_head":"<title>Porsche prend un virage \u00e9lectrique \u00e0 6 milliards d&#039;Euros ...<\/title>\n<meta name=\"description\" content=\"Le constructeur de voitures de sport Porsche a annonc\u00e9 son intention d&#039;investir plus de six milliards d&#039;euros dans l&#039;\u00e9lectromobilit\u00e9 d&#039;ici \u00e0 2022, en se...\" \/>\n<meta name=\"robots\" content=\"index, follow, max-snippet:-1, max-image-preview:large, max-video-preview:-1\" \/>\n<link rel=\"canonical\" href=\"https:\/\/www.ecinews.fr\/fr\/wp-json\/wp\/v2\/posts\/130570\/\" \/>\n<meta property=\"og:locale\" content=\"fr_FR\" \/>\n<meta property=\"og:type\" content=\"article\" \/>\n<meta property=\"og:title\" content=\"Porsche prend un virage \u00e9lectrique \u00e0 6 milliards d&#039;Euros\" \/>\n<meta property=\"og:description\" content=\"Le constructeur de voitures de sport Porsche a annonc\u00e9 son intention d&#039;investir plus de six milliards d&#039;euros dans l&#039;\u00e9lectromobilit\u00e9 d&#039;ici \u00e0 2022, en se concentrant \u00e0 la fois sur les hybrides rechargeables et les v\u00e9hicules purement \u00e9lectriques.\" \/>\n<meta property=\"og:url\" content=\"https:\/\/www.ecinews.fr\/fr\/wp-json\/wp\/v2\/posts\/130570\/\" \/>\n<meta property=\"og:site_name\" content=\"EENewsEurope\" \/>\n<meta property=\"article:published_time\" content=\"2018-02-09T16:58:53+00:00\" \/>\n<meta property=\"og:image\" content=\"https:\/\/www.ecinews.fr\/wp-content\/uploads\/import\/default\/files\/sites\/default\/files\/images\/2018-02-05-eenews-jh-porsche.jpg\" \/>\n\t<meta property=\"og:image:width\" content=\"700\" \/>\n\t<meta property=\"og:image:height\" content=\"394\" \/>\n\t<meta property=\"og:image:type\" content=\"image\/jpeg\" \/>\n<meta name=\"author\" content=\"eeNews Europe\" \/>\n<meta name=\"twitter:card\" content=\"summary_large_image\" \/>\n<meta name=\"twitter:label1\" content=\"Written by\" \/>\n\t<meta name=\"twitter:data1\" content=\"eeNews Europe\" \/>\n\t<meta name=\"twitter:label2\" content=\"Est. reading time\" \/>\n\t<meta name=\"twitter:data2\" content=\"2 minutes\" \/>\n<script type=\"application\/ld+json\" class=\"yoast-schema-graph\">{\"@context\":\"https:\/\/schema.org\",\"@graph\":[{\"@type\":\"Article\",\"@id\":\"https:\/\/www.ecinews.fr\/fr\/porsche-prend-un-virage-electrique-a-6-milliards-deuros\/#article\",\"isPartOf\":{\"@id\":\"https:\/\/www.ecinews.fr\/fr\/porsche-prend-un-virage-electrique-a-6-milliards-deuros\/\"},\"author\":{\"name\":\"eeNews Europe\",\"@id\":\"https:\/\/www.eenewseurope.com\/en\/#\/schema\/person\/9eff4051fa9dac8230052de45e32b0f4\"},\"headline\":\"Porsche prend un virage \u00e9lectrique \u00e0 6 milliards d&rsquo;Euros\",\"datePublished\":\"2018-02-09T16:58:53+00:00\",\"dateModified\":\"2018-02-09T16:58:53+00:00\",\"mainEntityOfPage\":{\"@id\":\"https:\/\/www.ecinews.fr\/fr\/porsche-prend-un-virage-electrique-a-6-milliards-deuros\/\"},\"wordCount\":511,\"publisher\":{\"@id\":\"https:\/\/www.eenewseurope.com\/en\/#organization\"},\"keywords\":[\"Automotive\"],\"inLanguage\":\"fr-FR\"},{\"@type\":\"WebPage\",\"@id\":\"https:\/\/www.ecinews.fr\/fr\/porsche-prend-un-virage-electrique-a-6-milliards-deuros\/\",\"url\":\"https:\/\/www.ecinews.fr\/fr\/porsche-prend-un-virage-electrique-a-6-milliards-deuros\/\",\"name\":\"Porsche prend un virage \u00e9lectrique \u00e0 6 milliards d'Euros -\",\"isPartOf\":{\"@id\":\"https:\/\/www.eenewseurope.com\/en\/#website\"},\"datePublished\":\"2018-02-09T16:58:53+00:00\",\"dateModified\":\"2018-02-09T16:58:53+00:00\",\"breadcrumb\":{\"@id\":\"https:\/\/www.ecinews.fr\/fr\/porsche-prend-un-virage-electrique-a-6-milliards-deuros\/#breadcrumb\"},\"inLanguage\":\"fr-FR\",\"potentialAction\":[{\"@type\":\"ReadAction\",\"target\":[\"https:\/\/www.ecinews.fr\/fr\/porsche-prend-un-virage-electrique-a-6-milliards-deuros\/\"]}]},{\"@type\":\"BreadcrumbList\",\"@id\":\"https:\/\/www.ecinews.fr\/fr\/porsche-prend-un-virage-electrique-a-6-milliards-deuros\/#breadcrumb\",\"itemListElement\":[{\"@type\":\"ListItem\",\"position\":1,\"name\":\"Home\",\"item\":\"https:\/\/www.ecinews.fr\/fr\/\"},{\"@type\":\"ListItem\",\"position\":2,\"name\":\"Porsche prend un virage \u00e9lectrique \u00e0 6 milliards d&rsquo;Euros\"}]},{\"@type\":\"WebSite\",\"@id\":\"https:\/\/www.eenewseurope.com\/en\/#website\",\"url\":\"https:\/\/www.eenewseurope.com\/en\/\",\"name\":\"EENewsEurope\",\"description\":\"Just another WordPress site\",\"publisher\":{\"@id\":\"https:\/\/www.eenewseurope.com\/en\/#organization\"},\"potentialAction\":[{\"@type\":\"SearchAction\",\"target\":{\"@type\":\"EntryPoint\",\"urlTemplate\":\"https:\/\/www.eenewseurope.com\/en\/?s={search_term_string}\"},\"query-input\":\"required name=search_term_string\"}],\"inLanguage\":\"fr-FR\"},{\"@type\":\"Organization\",\"@id\":\"https:\/\/www.eenewseurope.com\/en\/#organization\",\"name\":\"EENewsEurope\",\"url\":\"https:\/\/www.eenewseurope.com\/en\/\",\"logo\":{\"@type\":\"ImageObject\",\"inLanguage\":\"fr-FR\",\"@id\":\"https:\/\/www.eenewseurope.com\/en\/#\/schema\/logo\/image\/\",\"url\":\"https:\/\/www.ecinews.fr\/wp-content\/uploads\/2022\/02\/logo-1.jpg\",\"contentUrl\":\"https:\/\/www.ecinews.fr\/wp-content\/uploads\/2022\/02\/logo-1.jpg\",\"width\":283,\"height\":113,\"caption\":\"EENewsEurope\"},\"image\":{\"@id\":\"https:\/\/www.eenewseurope.com\/en\/#\/schema\/logo\/image\/\"}},{\"@type\":\"Person\",\"@id\":\"https:\/\/www.eenewseurope.com\/en\/#\/schema\/person\/9eff4051fa9dac8230052de45e32b0f4\",\"name\":\"eeNews Europe\",\"image\":{\"@type\":\"ImageObject\",\"inLanguage\":\"fr-FR\",\"@id\":\"https:\/\/www.eenewseurope.com\/en\/#\/schema\/person\/image\/fae8f0cb15861c4ae0ed4872e2c9fc22\",\"url\":\"https:\/\/secure.gravatar.com\/avatar\/5081509054e28b04ecd976976e723ce0?s=96&d=mm&r=g\",\"contentUrl\":\"https:\/\/secure.gravatar.com\/avatar\/5081509054e28b04ecd976976e723ce0?s=96&d=mm&r=g\",\"caption\":\"eeNews Europe\"}}]}<\/script>","yoast_head_json":{"title":"Porsche prend un virage \u00e9lectrique \u00e0 6 milliards d'Euros ...","description":"Le constructeur de voitures de sport Porsche a annonc\u00e9 son intention d'investir plus de six milliards d'euros dans l'\u00e9lectromobilit\u00e9 d'ici \u00e0 2022, en se...","robots":{"index":"index","follow":"follow","max-snippet":"max-snippet:-1","max-image-preview":"max-image-preview:large","max-video-preview":"max-video-preview:-1"},"canonical":"https:\/\/www.ecinews.fr\/fr\/wp-json\/wp\/v2\/posts\/130570\/","og_locale":"fr_FR","og_type":"article","og_title":"Porsche prend un virage \u00e9lectrique \u00e0 6 milliards d'Euros","og_description":"Le constructeur de voitures de sport Porsche a annonc\u00e9 son intention d'investir plus de six milliards d'euros dans l'\u00e9lectromobilit\u00e9 d'ici \u00e0 2022, en se concentrant \u00e0 la fois sur les hybrides rechargeables et les v\u00e9hicules purement \u00e9lectriques.","og_url":"https:\/\/www.ecinews.fr\/fr\/wp-json\/wp\/v2\/posts\/130570\/","og_site_name":"EENewsEurope","article_published_time":"2018-02-09T16:58:53+00:00","og_image":[{"width":700,"height":394,"url":"https:\/\/www.ecinews.fr\/wp-content\/uploads\/import\/default\/files\/sites\/default\/files\/images\/2018-02-05-eenews-jh-porsche.jpg","type":"image\/jpeg"}],"author":"eeNews Europe","twitter_card":"summary_large_image","twitter_misc":{"Written by":"eeNews Europe","Est. reading time":"2 minutes"},"schema":{"@context":"https:\/\/schema.org","@graph":[{"@type":"Article","@id":"https:\/\/www.ecinews.fr\/fr\/porsche-prend-un-virage-electrique-a-6-milliards-deuros\/#article","isPartOf":{"@id":"https:\/\/www.ecinews.fr\/fr\/porsche-prend-un-virage-electrique-a-6-milliards-deuros\/"},"author":{"name":"eeNews Europe","@id":"https:\/\/www.eenewseurope.com\/en\/#\/schema\/person\/9eff4051fa9dac8230052de45e32b0f4"},"headline":"Porsche prend un virage \u00e9lectrique \u00e0 6 milliards d&rsquo;Euros","datePublished":"2018-02-09T16:58:53+00:00","dateModified":"2018-02-09T16:58:53+00:00","mainEntityOfPage":{"@id":"https:\/\/www.ecinews.fr\/fr\/porsche-prend-un-virage-electrique-a-6-milliards-deuros\/"},"wordCount":511,"publisher":{"@id":"https:\/\/www.eenewseurope.com\/en\/#organization"},"keywords":["Automotive"],"inLanguage":"fr-FR"},{"@type":"WebPage","@id":"https:\/\/www.ecinews.fr\/fr\/porsche-prend-un-virage-electrique-a-6-milliards-deuros\/","url":"https:\/\/www.ecinews.fr\/fr\/porsche-prend-un-virage-electrique-a-6-milliards-deuros\/","name":"Porsche prend un virage \u00e9lectrique \u00e0 6 milliards d'Euros -","isPartOf":{"@id":"https:\/\/www.eenewseurope.com\/en\/#website"},"datePublished":"2018-02-09T16:58:53+00:00","dateModified":"2018-02-09T16:58:53+00:00","breadcrumb":{"@id":"https:\/\/www.ecinews.fr\/fr\/porsche-prend-un-virage-electrique-a-6-milliards-deuros\/#breadcrumb"},"inLanguage":"fr-FR","potentialAction":[{"@type":"ReadAction","target":["https:\/\/www.ecinews.fr\/fr\/porsche-prend-un-virage-electrique-a-6-milliards-deuros\/"]}]},{"@type":"BreadcrumbList","@id":"https:\/\/www.ecinews.fr\/fr\/porsche-prend-un-virage-electrique-a-6-milliards-deuros\/#breadcrumb","itemListElement":[{"@type":"ListItem","position":1,"name":"Home","item":"https:\/\/www.ecinews.fr\/fr\/"},{"@type":"ListItem","position":2,"name":"Porsche prend un virage \u00e9lectrique \u00e0 6 milliards d&rsquo;Euros"}]},{"@type":"WebSite","@id":"https:\/\/www.eenewseurope.com\/en\/#website","url":"https:\/\/www.eenewseurope.com\/en\/","name":"EENewsEurope","description":"Just another WordPress site","publisher":{"@id":"https:\/\/www.eenewseurope.com\/en\/#organization"},"potentialAction":[{"@type":"SearchAction","target":{"@type":"EntryPoint","urlTemplate":"https:\/\/www.eenewseurope.com\/en\/?s={search_term_string}"},"query-input":"required name=search_term_string"}],"inLanguage":"fr-FR"},{"@type":"Organization","@id":"https:\/\/www.eenewseurope.com\/en\/#organization","name":"EENewsEurope","url":"https:\/\/www.eenewseurope.com\/en\/","logo":{"@type":"ImageObject","inLanguage":"fr-FR","@id":"https:\/\/www.eenewseurope.com\/en\/#\/schema\/logo\/image\/","url":"https:\/\/www.ecinews.fr\/wp-content\/uploads\/2022\/02\/logo-1.jpg","contentUrl":"https:\/\/www.ecinews.fr\/wp-content\/uploads\/2022\/02\/logo-1.jpg","width":283,"height":113,"caption":"EENewsEurope"},"image":{"@id":"https:\/\/www.eenewseurope.com\/en\/#\/schema\/logo\/image\/"}},{"@type":"Person","@id":"https:\/\/www.eenewseurope.com\/en\/#\/schema\/person\/9eff4051fa9dac8230052de45e32b0f4","name":"eeNews Europe","image":{"@type":"ImageObject","inLanguage":"fr-FR","@id":"https:\/\/www.eenewseurope.com\/en\/#\/schema\/person\/image\/fae8f0cb15861c4ae0ed4872e2c9fc22","url":"https:\/\/secure.gravatar.com\/avatar\/5081509054e28b04ecd976976e723ce0?s=96&d=mm&r=g","contentUrl":"https:\/\/secure.gravatar.com\/avatar\/5081509054e28b04ecd976976e723ce0?s=96&d=mm&r=g","caption":"eeNews Europe"}}]}},"authors":[{"term_id":1149,"user_id":22,"is_guest":0,"slug":"eenews-europe","display_name":"eeNews Europe","avatar_url":"https:\/\/secure.gravatar.com\/avatar\/5081509054e28b04ecd976976e723ce0?s=96&d=mm&r=g","0":null,"1":"","2":"","3":"","4":"","5":"","6":"","7":"","8":""}],"_links":{"self":[{"href":"https:\/\/www.ecinews.fr\/fr\/wp-json\/wp\/v2\/posts\/130570"}],"collection":[{"href":"https:\/\/www.ecinews.fr\/fr\/wp-json\/wp\/v2\/posts"}],"about":[{"href":"https:\/\/www.ecinews.fr\/fr\/wp-json\/wp\/v2\/types\/post"}],"author":[{"embeddable":true,"href":"https:\/\/www.ecinews.fr\/fr\/wp-json\/wp\/v2\/users\/22"}],"replies":[{"embeddable":true,"href":"https:\/\/www.ecinews.fr\/fr\/wp-json\/wp\/v2\/comments?post=130570"}],"version-history":[{"count":0,"href":"https:\/\/www.ecinews.fr\/fr\/wp-json\/wp\/v2\/posts\/130570\/revisions"}],"wp:featuredmedia":[{"embeddable":true,"href":"https:\/\/www.ecinews.fr\/fr\/wp-json\/wp\/v2\/media\/130571"}],"wp:attachment":[{"href":"https:\/\/www.ecinews.fr\/fr\/wp-json\/wp\/v2\/media?parent=130570"}],"wp:term":[{"taxonomy":"category","embeddable":true,"href":"https:\/\/www.ecinews.fr\/fr\/wp-json\/wp\/v2\/categories?post=130570"},{"taxonomy":"post_tag","embeddable":true,"href":"https:\/\/www.ecinews.fr\/fr\/wp-json\/wp\/v2\/tags?post=130570"},{"taxonomy":"domains","embeddable":true,"href":"https:\/\/www.ecinews.fr\/fr\/wp-json\/wp\/v2\/domains?post=130570"},{"taxonomy":"author","embeddable":true,"href":"https:\/\/www.ecinews.fr\/fr\/wp-json\/wp\/v2\/ppma_author?post=130570"}],"curies":[{"name":"wp","href":"https:\/\/api.w.org\/{rel}","templated":true}]}}