{"id":12955,"date":"2021-05-03T14:28:42","date_gmt":"2021-05-03T14:28:42","guid":{"rendered":"https:\/\/\/intel-reclame-8-milliards-deuros-daides-pour-construire-eurofab\/"},"modified":"2021-05-03T14:28:42","modified_gmt":"2021-05-03T14:28:42","slug":"intel-reclame-8-milliards-deuros-daides-pour-construire-eurofab","status":"publish","type":"post","link":"https:\/\/www.ecinews.fr\/fr\/intel-reclame-8-milliards-deuros-daides-pour-construire-eurofab\/","title":{"rendered":"Intel r\u00e9clame 8 milliards d&rsquo;euros d&rsquo;aides pour construire EuroFab"},"content":{"rendered":"<p><!-- Global site tag (gtag.js) - Google Analytics --><br \/>\n  window.dataLayer = window.dataLayer || [];<br \/>\n  function gtag(){dataLayer.push(arguments);}<br \/>\n  gtag(&lsquo;js&rsquo;, new Date());  gtag(&lsquo;config&rsquo;, &lsquo;UA-160857065-1&rsquo;);<\/p>\n<p class=\"MsoNormal\">\u00ab\u00a0Ce que nous demandons aux gouvernements am\u00e9ricain et europ\u00e9en, c&rsquo;est de nous rendre comp\u00e9titifs pour fabriquer ici par rapport \u00e0 l&rsquo;Asie\u00a0\u00bb, a d\u00e9clar\u00e9 Gelsinger. 10 milliards de dollars pourraient repr\u00e9senter le co\u00fbt pour&nbsp;la dur\u00e9e de vie typique d&rsquo;une fab de taille moyenne comme EuroFab, mais peut-\u00eatre seulement un tiers du co\u00fbt d&rsquo;une fab de pointe \u00e0 grande \u00e9chelle qui peut passer au n\u0153ud de fabrication de 2 nm. \u00c0 l&rsquo;heure actuelle, Intel a lui-m\u00eame du mal \u00e0 mettre en place son propre process de fabrication 7 nm.<\/p>\n<ul>\n<li class=\"MsoNormal\"><a href=\"https:\/\/www.ecinews.fr\/news\/la-commission-europeenne-parle-de-fab-2nm-avec-tsmc-intel-et-samsung\">La Commission Europ\u00e9enne parle de Fab 2nm avec TSMC, Intel et Samsung<\/a><\/li>\n<\/ul>\n<p class=\"MsoNormal\"><a href=\"https:\/\/www.eenewseurope.com\/news\/intel-TSMC-5nm\"><\/a><span style=\"font-size:12.0pt;line-height:107%;,serif\"><a href=\"https:\/\/www.eenewseurope.com\/news\/2nm-eurofab-tsmc-intel-samsung\"><span style=\"font-size:11.0pt;line-height:107%;,sans-serif\"><\/span><\/a><\/span>Plus t\u00f4t dans la m\u00eame journ\u00e9e, Breton avait rencontr\u00e9 Maria Merced, la pr\u00e9sidente de TSMC Europe et des repr\u00e9sentants de Samsung Electronics. Ces deux soci\u00e9t\u00e9s sont les leaders techniques de la fabrication de puces les deux \u00e9tant capables de produire \u00e0 5 nm et se dirigeant vers 3 nm. Breton a d\u00e9clar\u00e9 que l&rsquo;appel vid\u00e9o avec Merced avait \u00e9t\u00e9 un \u00ab\u00a0bon \u00e9change\u00a0\u00bb tandis que la r\u00e9union avec Gelsinger \u00e9tait une \u00ab\u00a0discussion approfondie\u00a0\u00bb.<\/p>\n<p>Il appara\u00eet que les int\u00e9r\u00eats de l&rsquo;Union europ\u00e9enne et d&rsquo;Intel sont les plus \u00e9troitement align\u00e9s. Les politiciens europ\u00e9ens veulent inverser la tendance \u00e0 la baisse du volume et de la capacit\u00e9 technique de la fabrication europ\u00e9enne de puces. Intel, qui a \u00e9galement connu des difficult\u00e9s au cours de la derni\u00e8re d\u00e9cennie, souhaite revigorer ses propres capacit\u00e9s de fabrication et a d\u00e9clar\u00e9 son intention de r\u00e9int\u00e9grer le secteur des puces de fonderie.<\/p>\n<p>Gelsinger a \u00e9galement d\u00e9clar\u00e9 que l&rsquo;Europe continentale serait le meilleur emplacement pour une nouvelle usine; bien qu&rsquo;Intel dispose d\u00e9j\u00e0 d&rsquo;un important complexe de fabrication en Irlande. L&rsquo;Allemagne et le Benelux semblent \u00eatre les candidats les plus probables.<\/p>\n<p class=\"MsoNormal\">Le commissaire Thierry Breton devrait s&rsquo;entretenir avec les CEOs&nbsp;de la soci\u00e9t\u00e9 d&rsquo;\u00e9quipement de lithographie ASML Holding NV et de NXP Semiconductors NV le mardi 4 mai.<\/p>\n<p class=\"MsoNormal\"><span style=\"font-size:12px\"><a href=\"https:\/\/www.ecinews.fr\/news\/intel-sous-traite-la-fabrication-de-ses-core-i3-5nm-tsmc\" style=\"background: transparent;text-decoration: none\"><strong style=\"font-weight: bold\">Intel sous-traite la fabrication de ses Core i3 5nm \u00e0 TSMC<\/strong><\/a><\/span><\/p>\n<p class=\"MsoNormal\">Gelsinger s&rsquo;est ensuite rendu en Isra\u00ebl o\u00f9 il devrait annoncer un investissement de 200 millions de dollars sur le campus de fabrication de plaquettes de l&rsquo;entreprise \u00e0 Kiryat Gat. Lundi, Intel annonce \u00e9galement un investissement dans sa fabrique de plaquettes I Rio Rancho, au Nouveau-Mexique. On rapporte que cet investissement sera de l&rsquo;ordre de&nbsp;3,5 milliards de dollars.<\/p>\n<p class=\"MsoNormal\">\n<p class=\"MsoNormal\">Cela fait \u00e9galement suite \u00e0 un investissement accru dans les&nbsp;capacit\u00e9s de production chez Samsung et UMC.<\/p>\n<p class=\"MsoNormal\"><strong>Lire aussi:<\/strong><\/p>\n<p><a href=\"https:\/\/www.ecinews.fr\/news\/intel-qui-va-construire-deux-fabs-servira-de-fonderie-pour-leurope\">Intel qui va construire deux Fabs, servira de fonderie pour l&rsquo;Europe<\/a><\/p>\n<p><a href=\"https:\/\/www.ecinews.fr\/news\/la-commission-europeenne-parle-de-fab-2nm-avec-tsmc-intel-et-samsung\">La Commission Europ\u00e9enne parle de Fab 2nm avec TSMC, Intel et Samsung<\/a><\/p>\n<p class=\"MsoNormal\" style=\"margin: 0px 0px 10px;, sans-serif;font-size: 16px;font-style: normal;font-weight: 400;letter-spacing: normal;text-align: start;text-indent: 0px;text-transform: none\"><u><span style=\"font-size:12px\"><a href=\"https:\/\/www.ecinews.fr\/news\/leurope-doit-sortir-de-ses-30-ans-de-sommeil-dans-les-semiconducteurs\" style=\"background: transparent;text-decoration: none\"><strong style=\"font-weight: bold\">L&rsquo;Europe doit sortir de ses 30 ans de sommeil dans les semiconducteurs<\/strong><\/a><\/span><\/u><\/p>\n<p class=\"MsoNormal\" style=\"margin: 0px 0px 10px;, sans-serif;font-size: 16px;font-style: normal;font-weight: 400;letter-spacing: normal;text-align: start;text-indent: 0px;text-transform: none\"><u><span style=\"font-size:12px\"><a href=\"https:\/\/www.ecinews.fr\/news\/le-defi-de-leurope-des-semiconducteurs\" style=\"background: transparent;text-decoration: none\"><strong style=\"font-weight: bold\">Le d\u00e9fi de l&rsquo;Europe des semiconducteurs<\/strong><\/a><\/span><\/u><\/p>\n<p class=\"MsoNormal\" style=\"margin: 0px 0px 10px;, sans-serif;font-size: 16px;font-style: normal;font-weight: 400;letter-spacing: normal;text-align: start;text-indent: 0px;text-transform: none\"><u><span style=\"font-size:12px\"><a href=\"https:\/\/www.ecinews.fr\/news\/intel-sous-traite-la-fabrication-de-ses-core-i3-5nm-tsmc\" style=\"background: transparent;text-decoration: none\"><strong style=\"font-weight: bold\">Intel sous-traite la fabrication de ses Core i3 5nm \u00e0 TSMC<\/strong><\/a><\/span><\/u><\/p>\n<p class=\"MsoNormal\"><b><span>Related links and articles:<\/span><\/b><\/p>\n<p class=\"MsoNormal\"><b><span><\/span><\/b><\/p>\n<p class=\"MsoNormal\"><span><a href=\"http:\/\/www.intel.com\">www.intel.com<\/a><\/span><\/p>\n<p class=\"MsoNormal\"><b><span>News articles: <\/span><\/b><\/p>\n<ul>\n<li class=\"MsoNormal\"><span><a href=\"https:\/\/www.eenewsanalog.com\/news\/european-2nm-chip-fab-futile-endeavour-says-think-tank\"><span>2nm chip fab in Europe futile says think tank<\/span><\/a><\/span><\/li>\n<li class=\"MsoNoSpacing\"><span><a href=\"https:\/\/www.eenewsanalog.com\/news\/reports-europe-wants-samsung-and-tsmc-enter-fab-project\">Reports: Europe wants Samsung and TSMC to enter fab project<\/a><\/span><\/li>\n<li class=\"MsoNoSpacing\"><span><a href=\"https:\/\/www.eenewsanalog.com\/news\/expanding-chip-production-us-europe-unrealistic-says-tsmc-chair\">Expanding chip production in US, Europe is unrealistic, says TSMC chair<\/a><\/span><u><span style=\"color:blue\"> <\/span><\/u><\/li>\n<li class=\"MsoNoSpacing\"><span><a href=\"https:\/\/www.eenewsanalog.com\/news\/opinion-time-europe-wake-30-year-slumber\">Opinion: Time for Europe to wake from a 30-year slumber<\/a><\/span><\/li>\n<\/ul>\n<p class=\"MsoNoSpacing\">&nbsp;<\/p>\n<p class=\"MsoNormal\">\n<p class=\"MsoNoSpacing\">\n","protected":false},"excerpt":{"rendered":"<p>Le PDG d&rsquo;Intel, Pat Gelsinger, souhaite une subvention de 8 milliards d&rsquo;euros (environ 10 milliards de dollars) pour construire une Fab 2nm en Europe, selon des informations communiqu\u00e9es lors de sa rencontre avec le commissaire europ\u00e9en Thierry Breton, vendredi 30 avril.<\/p>\n","protected":false},"author":7,"featured_media":12956,"comment_status":"open","ping_status":"closed","sticky":false,"template":"","format":"standard","meta":{"_acf_changed":false,"footnotes":""},"categories":[883],"tags":[889,920,891,919,913,906,908],"domains":[47],"ppma_author":[1139],"class_list":["post-12955","post","type-post","status-publish","format-standard","has-post-thumbnail","hentry","category-technologies","tag-analog-fr","tag-artificialintelligence-fr","tag-automotive-fr","tag-iot-fr","tag-materials-processes-fr","tag-mpus-mcus-fr","tag-plds-fpgas-asics-fr","domains-electronique-eci"],"acf":[],"yoast_head":"<title>Intel r\u00e9clame 8 milliards d&#039;euros d&#039;aides pour construire Euro...<\/title>\n<meta name=\"description\" content=\"Le PDG d&#039;Intel, Pat Gelsinger, souhaite une subvention de 8 milliards d&#039;euros (environ 10 milliards de dollars) pour construire une Fab 2nm en Europe, selon...\" \/>\n<meta name=\"robots\" content=\"index, follow, max-snippet:-1, max-image-preview:large, max-video-preview:-1\" \/>\n<link rel=\"canonical\" href=\"https:\/\/www.ecinews.fr\/fr\/wp-json\/wp\/v2\/posts\/12955\/\" \/>\n<meta property=\"og:locale\" content=\"fr_FR\" \/>\n<meta property=\"og:type\" content=\"article\" \/>\n<meta property=\"og:title\" content=\"Intel r\u00e9clame 8 milliards d&#039;euros d&#039;aides pour construire EuroFab\" \/>\n<meta property=\"og:description\" content=\"Le PDG d&#039;Intel, Pat Gelsinger, souhaite une subvention de 8 milliards d&#039;euros (environ 10 milliards de dollars) pour construire une Fab 2nm en Europe, selon des informations communiqu\u00e9es lors de sa rencontre avec le commissaire europ\u00e9en Thierry Breton, vendredi 30 avril.\" \/>\n<meta property=\"og:url\" content=\"https:\/\/www.ecinews.fr\/fr\/wp-json\/wp\/v2\/posts\/12955\/\" \/>\n<meta property=\"og:site_name\" content=\"EENewsEurope\" \/>\n<meta property=\"article:published_time\" content=\"2021-05-03T14:28:42+00:00\" \/>\n<meta property=\"og:image\" content=\"https:\/\/www.eenewseurope.com\/wp-content\/uploads\/import\/default\/files\/sites\/default\/files\/images\/chipproduction630_10.jpg\" \/>\n\t<meta property=\"og:image:width\" content=\"630\" \/>\n\t<meta property=\"og:image:height\" content=\"420\" \/>\n\t<meta property=\"og:image:type\" content=\"image\/jpeg\" \/>\n<meta name=\"author\" content=\"Wisse Hettinga\" \/>\n<meta name=\"twitter:card\" content=\"summary_large_image\" \/>\n<meta name=\"twitter:label1\" content=\"Written by\" \/>\n\t<meta name=\"twitter:data1\" content=\"Wisse Hettinga\" \/>\n\t<meta name=\"twitter:label2\" content=\"Est. reading time\" \/>\n\t<meta name=\"twitter:data2\" content=\"3 minutes\" \/>\n<script type=\"application\/ld+json\" class=\"yoast-schema-graph\">{\"@context\":\"https:\/\/schema.org\",\"@graph\":[{\"@type\":\"Article\",\"@id\":\"https:\/\/www.eenewseurope.com\/fr\/intel-reclame-8-milliards-deuros-daides-pour-construire-eurofab\/#article\",\"isPartOf\":{\"@id\":\"https:\/\/www.eenewseurope.com\/fr\/intel-reclame-8-milliards-deuros-daides-pour-construire-eurofab\/\"},\"author\":{\"name\":\"Wisse Hettinga\",\"@id\":\"https:\/\/www.ecinews.fr\/fr\/#\/schema\/person\/c6b626c6c65f5e1e7794ce2d17b2ca82\"},\"headline\":\"Intel r\u00e9clame 8 milliards d&rsquo;euros d&rsquo;aides pour construire EuroFab\",\"datePublished\":\"2021-05-03T14:28:42+00:00\",\"dateModified\":\"2021-05-03T14:28:42+00:00\",\"mainEntityOfPage\":{\"@id\":\"https:\/\/www.eenewseurope.com\/fr\/intel-reclame-8-milliards-deuros-daides-pour-construire-eurofab\/\"},\"wordCount\":573,\"commentCount\":0,\"publisher\":{\"@id\":\"https:\/\/www.ecinews.fr\/fr\/#organization\"},\"keywords\":[\"Analog\",\"ArtificialIntelligence\",\"Automotive\",\"IoT\",\"Materials &amp; processes\",\"MPUs\/MCUs\",\"PLDs\/FPGAs\/ASICs\"],\"articleSection\":[\"Technologies\"],\"inLanguage\":\"fr-FR\",\"potentialAction\":[{\"@type\":\"CommentAction\",\"name\":\"Comment\",\"target\":[\"https:\/\/www.eenewseurope.com\/fr\/intel-reclame-8-milliards-deuros-daides-pour-construire-eurofab\/#respond\"]}]},{\"@type\":\"WebPage\",\"@id\":\"https:\/\/www.eenewseurope.com\/fr\/intel-reclame-8-milliards-deuros-daides-pour-construire-eurofab\/\",\"url\":\"https:\/\/www.eenewseurope.com\/fr\/intel-reclame-8-milliards-deuros-daides-pour-construire-eurofab\/\",\"name\":\"Intel r\u00e9clame 8 milliards d'euros d'aides pour construire EuroFab -\",\"isPartOf\":{\"@id\":\"https:\/\/www.ecinews.fr\/fr\/#website\"},\"datePublished\":\"2021-05-03T14:28:42+00:00\",\"dateModified\":\"2021-05-03T14:28:42+00:00\",\"breadcrumb\":{\"@id\":\"https:\/\/www.eenewseurope.com\/fr\/intel-reclame-8-milliards-deuros-daides-pour-construire-eurofab\/#breadcrumb\"},\"inLanguage\":\"fr-FR\",\"potentialAction\":[{\"@type\":\"ReadAction\",\"target\":[\"https:\/\/www.eenewseurope.com\/fr\/intel-reclame-8-milliards-deuros-daides-pour-construire-eurofab\/\"]}]},{\"@type\":\"BreadcrumbList\",\"@id\":\"https:\/\/www.eenewseurope.com\/fr\/intel-reclame-8-milliards-deuros-daides-pour-construire-eurofab\/#breadcrumb\",\"itemListElement\":[{\"@type\":\"ListItem\",\"position\":1,\"name\":\"Home\",\"item\":\"https:\/\/www.ecinews.fr\/fr\/\"},{\"@type\":\"ListItem\",\"position\":2,\"name\":\"Intel r\u00e9clame 8 milliards d&rsquo;euros d&rsquo;aides pour construire EuroFab\"}]},{\"@type\":\"WebSite\",\"@id\":\"https:\/\/www.ecinews.fr\/fr\/#website\",\"url\":\"https:\/\/www.ecinews.fr\/fr\/\",\"name\":\"EENewsEurope\",\"description\":\"Just another WordPress site\",\"publisher\":{\"@id\":\"https:\/\/www.ecinews.fr\/fr\/#organization\"},\"potentialAction\":[{\"@type\":\"SearchAction\",\"target\":{\"@type\":\"EntryPoint\",\"urlTemplate\":\"https:\/\/www.ecinews.fr\/fr\/?s={search_term_string}\"},\"query-input\":\"required name=search_term_string\"}],\"inLanguage\":\"fr-FR\"},{\"@type\":\"Organization\",\"@id\":\"https:\/\/www.ecinews.fr\/fr\/#organization\",\"name\":\"EENewsEurope\",\"url\":\"https:\/\/www.ecinews.fr\/fr\/\",\"logo\":{\"@type\":\"ImageObject\",\"inLanguage\":\"fr-FR\",\"@id\":\"https:\/\/www.ecinews.fr\/fr\/#\/schema\/logo\/image\/\",\"url\":\"https:\/\/www.ecinews.fr\/wp-content\/uploads\/2022\/02\/logo-1.jpg\",\"contentUrl\":\"https:\/\/www.ecinews.fr\/wp-content\/uploads\/2022\/02\/logo-1.jpg\",\"width\":283,\"height\":113,\"caption\":\"EENewsEurope\"},\"image\":{\"@id\":\"https:\/\/www.ecinews.fr\/fr\/#\/schema\/logo\/image\/\"}},{\"@type\":\"Person\",\"@id\":\"https:\/\/www.ecinews.fr\/fr\/#\/schema\/person\/c6b626c6c65f5e1e7794ce2d17b2ca82\",\"name\":\"Wisse Hettinga\",\"image\":{\"@type\":\"ImageObject\",\"inLanguage\":\"fr-FR\",\"@id\":\"https:\/\/www.ecinews.fr\/fr\/#\/schema\/person\/image\/5dc5f564ca306d7cb8b22735be49a465\",\"url\":\"https:\/\/secure.gravatar.com\/avatar\/24a36fe68de56eac2a45cbaf9aa4bb58?s=96&d=mm&r=g\",\"contentUrl\":\"https:\/\/secure.gravatar.com\/avatar\/24a36fe68de56eac2a45cbaf9aa4bb58?s=96&d=mm&r=g\",\"caption\":\"Wisse Hettinga\"}}]}<\/script>","yoast_head_json":{"title":"Intel r\u00e9clame 8 milliards d'euros d'aides pour construire Euro...","description":"Le PDG d'Intel, Pat Gelsinger, souhaite une subvention de 8 milliards d'euros (environ 10 milliards de dollars) pour construire une Fab 2nm en Europe, selon...","robots":{"index":"index","follow":"follow","max-snippet":"max-snippet:-1","max-image-preview":"max-image-preview:large","max-video-preview":"max-video-preview:-1"},"canonical":"https:\/\/www.ecinews.fr\/fr\/wp-json\/wp\/v2\/posts\/12955\/","og_locale":"fr_FR","og_type":"article","og_title":"Intel r\u00e9clame 8 milliards d'euros d'aides pour construire EuroFab","og_description":"Le PDG d'Intel, Pat Gelsinger, souhaite une subvention de 8 milliards d'euros (environ 10 milliards de dollars) pour construire une Fab 2nm en Europe, selon des informations communiqu\u00e9es lors de sa rencontre avec le commissaire europ\u00e9en Thierry Breton, vendredi 30 avril.","og_url":"https:\/\/www.ecinews.fr\/fr\/wp-json\/wp\/v2\/posts\/12955\/","og_site_name":"EENewsEurope","article_published_time":"2021-05-03T14:28:42+00:00","og_image":[{"width":630,"height":420,"url":"https:\/\/www.eenewseurope.com\/wp-content\/uploads\/import\/default\/files\/sites\/default\/files\/images\/chipproduction630_10.jpg","type":"image\/jpeg"}],"author":"Wisse Hettinga","twitter_card":"summary_large_image","twitter_misc":{"Written by":"Wisse Hettinga","Est. reading time":"3 minutes"},"schema":{"@context":"https:\/\/schema.org","@graph":[{"@type":"Article","@id":"https:\/\/www.eenewseurope.com\/fr\/intel-reclame-8-milliards-deuros-daides-pour-construire-eurofab\/#article","isPartOf":{"@id":"https:\/\/www.eenewseurope.com\/fr\/intel-reclame-8-milliards-deuros-daides-pour-construire-eurofab\/"},"author":{"name":"Wisse Hettinga","@id":"https:\/\/www.ecinews.fr\/fr\/#\/schema\/person\/c6b626c6c65f5e1e7794ce2d17b2ca82"},"headline":"Intel r\u00e9clame 8 milliards d&rsquo;euros d&rsquo;aides pour construire EuroFab","datePublished":"2021-05-03T14:28:42+00:00","dateModified":"2021-05-03T14:28:42+00:00","mainEntityOfPage":{"@id":"https:\/\/www.eenewseurope.com\/fr\/intel-reclame-8-milliards-deuros-daides-pour-construire-eurofab\/"},"wordCount":573,"commentCount":0,"publisher":{"@id":"https:\/\/www.ecinews.fr\/fr\/#organization"},"keywords":["Analog","ArtificialIntelligence","Automotive","IoT","Materials &amp; processes","MPUs\/MCUs","PLDs\/FPGAs\/ASICs"],"articleSection":["Technologies"],"inLanguage":"fr-FR","potentialAction":[{"@type":"CommentAction","name":"Comment","target":["https:\/\/www.eenewseurope.com\/fr\/intel-reclame-8-milliards-deuros-daides-pour-construire-eurofab\/#respond"]}]},{"@type":"WebPage","@id":"https:\/\/www.eenewseurope.com\/fr\/intel-reclame-8-milliards-deuros-daides-pour-construire-eurofab\/","url":"https:\/\/www.eenewseurope.com\/fr\/intel-reclame-8-milliards-deuros-daides-pour-construire-eurofab\/","name":"Intel r\u00e9clame 8 milliards d'euros d'aides pour construire EuroFab -","isPartOf":{"@id":"https:\/\/www.ecinews.fr\/fr\/#website"},"datePublished":"2021-05-03T14:28:42+00:00","dateModified":"2021-05-03T14:28:42+00:00","breadcrumb":{"@id":"https:\/\/www.eenewseurope.com\/fr\/intel-reclame-8-milliards-deuros-daides-pour-construire-eurofab\/#breadcrumb"},"inLanguage":"fr-FR","potentialAction":[{"@type":"ReadAction","target":["https:\/\/www.eenewseurope.com\/fr\/intel-reclame-8-milliards-deuros-daides-pour-construire-eurofab\/"]}]},{"@type":"BreadcrumbList","@id":"https:\/\/www.eenewseurope.com\/fr\/intel-reclame-8-milliards-deuros-daides-pour-construire-eurofab\/#breadcrumb","itemListElement":[{"@type":"ListItem","position":1,"name":"Home","item":"https:\/\/www.ecinews.fr\/fr\/"},{"@type":"ListItem","position":2,"name":"Intel r\u00e9clame 8 milliards d&rsquo;euros d&rsquo;aides pour construire EuroFab"}]},{"@type":"WebSite","@id":"https:\/\/www.ecinews.fr\/fr\/#website","url":"https:\/\/www.ecinews.fr\/fr\/","name":"EENewsEurope","description":"Just another WordPress site","publisher":{"@id":"https:\/\/www.ecinews.fr\/fr\/#organization"},"potentialAction":[{"@type":"SearchAction","target":{"@type":"EntryPoint","urlTemplate":"https:\/\/www.ecinews.fr\/fr\/?s={search_term_string}"},"query-input":"required name=search_term_string"}],"inLanguage":"fr-FR"},{"@type":"Organization","@id":"https:\/\/www.ecinews.fr\/fr\/#organization","name":"EENewsEurope","url":"https:\/\/www.ecinews.fr\/fr\/","logo":{"@type":"ImageObject","inLanguage":"fr-FR","@id":"https:\/\/www.ecinews.fr\/fr\/#\/schema\/logo\/image\/","url":"https:\/\/www.ecinews.fr\/wp-content\/uploads\/2022\/02\/logo-1.jpg","contentUrl":"https:\/\/www.ecinews.fr\/wp-content\/uploads\/2022\/02\/logo-1.jpg","width":283,"height":113,"caption":"EENewsEurope"},"image":{"@id":"https:\/\/www.ecinews.fr\/fr\/#\/schema\/logo\/image\/"}},{"@type":"Person","@id":"https:\/\/www.ecinews.fr\/fr\/#\/schema\/person\/c6b626c6c65f5e1e7794ce2d17b2ca82","name":"Wisse Hettinga","image":{"@type":"ImageObject","inLanguage":"fr-FR","@id":"https:\/\/www.ecinews.fr\/fr\/#\/schema\/person\/image\/5dc5f564ca306d7cb8b22735be49a465","url":"https:\/\/secure.gravatar.com\/avatar\/24a36fe68de56eac2a45cbaf9aa4bb58?s=96&d=mm&r=g","contentUrl":"https:\/\/secure.gravatar.com\/avatar\/24a36fe68de56eac2a45cbaf9aa4bb58?s=96&d=mm&r=g","caption":"Wisse Hettinga"}}]}},"authors":[{"term_id":1139,"user_id":7,"is_guest":0,"slug":"wisse-hettinga","display_name":"Wisse Hettinga","avatar_url":"https:\/\/secure.gravatar.com\/avatar\/24a36fe68de56eac2a45cbaf9aa4bb58?s=96&d=mm&r=g","0":null,"1":"","2":"","3":"","4":"","5":"","6":"","7":"","8":""}],"_links":{"self":[{"href":"https:\/\/www.ecinews.fr\/fr\/wp-json\/wp\/v2\/posts\/12955"}],"collection":[{"href":"https:\/\/www.ecinews.fr\/fr\/wp-json\/wp\/v2\/posts"}],"about":[{"href":"https:\/\/www.ecinews.fr\/fr\/wp-json\/wp\/v2\/types\/post"}],"author":[{"embeddable":true,"href":"https:\/\/www.ecinews.fr\/fr\/wp-json\/wp\/v2\/users\/7"}],"replies":[{"embeddable":true,"href":"https:\/\/www.ecinews.fr\/fr\/wp-json\/wp\/v2\/comments?post=12955"}],"version-history":[{"count":0,"href":"https:\/\/www.ecinews.fr\/fr\/wp-json\/wp\/v2\/posts\/12955\/revisions"}],"wp:featuredmedia":[{"embeddable":true,"href":"https:\/\/www.ecinews.fr\/fr\/wp-json\/wp\/v2\/media\/12956"}],"wp:attachment":[{"href":"https:\/\/www.ecinews.fr\/fr\/wp-json\/wp\/v2\/media?parent=12955"}],"wp:term":[{"taxonomy":"category","embeddable":true,"href":"https:\/\/www.ecinews.fr\/fr\/wp-json\/wp\/v2\/categories?post=12955"},{"taxonomy":"post_tag","embeddable":true,"href":"https:\/\/www.ecinews.fr\/fr\/wp-json\/wp\/v2\/tags?post=12955"},{"taxonomy":"domains","embeddable":true,"href":"https:\/\/www.ecinews.fr\/fr\/wp-json\/wp\/v2\/domains?post=12955"},{"taxonomy":"author","embeddable":true,"href":"https:\/\/www.ecinews.fr\/fr\/wp-json\/wp\/v2\/ppma_author?post=12955"}],"curies":[{"name":"wp","href":"https:\/\/api.w.org\/{rel}","templated":true}]}}