{"id":126208,"date":"2018-03-26T12:56:51","date_gmt":"2018-03-26T12:56:51","guid":{"rendered":"https:\/\/\/leurope-propose-une-taxe-de-3-sur-les-gafa\/"},"modified":"2018-03-26T12:56:51","modified_gmt":"2018-03-26T12:56:51","slug":"leurope-propose-une-taxe-de-3-sur-les-gafa","status":"publish","type":"post","link":"https:\/\/www.ecinews.fr\/fr\/leurope-propose-une-taxe-de-3-sur-les-gafa\/","title":{"rendered":"L&rsquo;Europe propose une taxe de 3% sur les GAFA"},"content":{"rendered":"<p><span id=\"result_box\" lang=\"fr\"><span title=\"The EC estimates that digital companies currently have an average effective tax rate that is half that of the traditional businesses in the European Union.\n\n\">La CE estime que les entreprises du num\u00e9rique ont actuellement un taux d&rsquo;imposition effectif moyen qui est la moiti\u00e9 de celui des entreprises traditionnelles de l&rsquo;Union europ\u00e9enne.<\/span><\/p>\n<p><span title=\"As part of the process of reforming the tax rules the is proposing an interim tax of 3 percent of profits and this is likely to hit digital giants such as Google, Facebook, Amazon and E-bay.\">Dans le cadre du processus de r\u00e9forme des r\u00e8gles fiscales, la CE propose une taxe provisoire de 3% du chiffre d&rsquo;affaires, ce qui devrait impacter les g\u00e9ants du num\u00e9rique tels que Google, Facebook, Amazon et E-bay. <\/span><span title=\"An interim tax at 3 percent would raise an additional \u20ac5 billion in annual tax revenue across the Europe Union, the European Commission estimates.\n\n\">Une taxe provisoire de 3% permettrait de g\u00e9n\u00e9rer 5 milliards d&rsquo;euros de recettes fiscales suppl\u00e9mentaires dans l&rsquo;ensemble de l&rsquo;Union europ\u00e9enne, selon les estimations de la Commission europ\u00e9enne.<\/span><\/span><\/p>\n<p><span id=\"result_box\" lang=\"fr\"><span title=\"One of the primary issues is that it is hard to levy tax from companies that have little or no physical presence in a country even though they are making money from having users, subscribers or customers there.\">L&rsquo;un des principaux probl\u00e8mes est qu&rsquo;il est difficile de pr\u00e9lever des imp\u00f4ts aupr\u00e8s d&rsquo;entreprises qui ont peu ou pas de pr\u00e9sence physique dans un pays, alors m\u00eame qu&rsquo;elles y gagnent de l&rsquo;argent en ayant des utilisateurs, des abonn\u00e9s ou des clients. <\/span><span title=\"The European Commission is proposing that companies where value is created by the presence of users should be taxed in proportion to there user\/subscriber base.\n\n\">La Commission europ\u00e9enne propose que les entreprises dont la valeur est cr\u00e9\u00e9e par la pr\u00e9sence d&rsquo;utilisateurs soient tax\u00e9es proportionnellement \u00e0 leur nombre d&rsquo;utilisateurs \/ abonn\u00e9s.<\/span><\/span><\/p>\n<p><span id=\"result_box\" lang=\"fr\"><span title=\"The proposed threshold is if the company has more than \u20ac7 million in annual revenues in a member state or more than 100,000 users in a member state in a year or has more than 3000 business contracts for digital services in a year.\n\n\">Le seuil propos\u00e9 est si la soci\u00e9t\u00e9 a plus de 7 millions d&rsquo;euros de revenus annuels dans un \u00c9tat membre ou plus de 100 000 utilisateurs dans un \u00c9tat membre dans une ann\u00e9e ou a plus de 3000 contrats commerciaux pour des services num\u00e9riques sur une ann\u00e9e.<\/span><\/span><\/p>\n<hr \/>\n<p><span id=\"result_box\" lang=\"fr\"><span title=\"The interim tax would applied on such activities as the sale of online advertising;\">La taxe temporaire s&rsquo;appliquerait \u00e0 des activit\u00e9s telles que la vente de publicit\u00e9 en ligne; <\/span><span title=\"social media activities and platforms for the sale of goods and services between users and the sale of data generated from user-provided information.\n\n\">activit\u00e9s et plateformes de m\u00e9dias sociaux pour la vente de biens et services entre utilisateurs et la vente de donn\u00e9es g\u00e9n\u00e9r\u00e9es \u00e0 partir d&rsquo;informations fournies par l&rsquo;utilisateur.<\/span><\/p>\n<p><span title=\"The interim tax would be collected where the users are located rather than where the company is located and would only apply to companies with annual worldwide sales of \u20ac750 million (about $920 million) or European Union revenues of \u20ac50 million (about $60 million)\">L&rsquo;imp\u00f4t provisoire serait per\u00e7u l\u00e0 o\u00f9 se trouvent les utilisateurs plut\u00f4t que l\u00e0 o\u00f9 la soci\u00e9t\u00e9 est implant\u00e9e et ne s&rsquo;appliquerait qu&rsquo;aux entreprises r\u00e9alisant des ventes mondiales annuelles de plus de 750 millions d&rsquo;euros (environ 920 millions de dollars) ou de plus de 50 millions d&rsquo;euros (environ 60 millions de dollars) de revenus dans l&rsquo;union europ\u00e9enne<\/span><span title=\".\n\n\">.<\/span><\/span><br \/>\n<span id=\"result_box\" lang=\"fr\"><span title=\"The proposals will next be considered by the European Council for adoption as European Union policy and go to the European Parliament for consultation and potentially eventual legislation.\">Les propositions seront ensuite examin\u00e9es par le Conseil europ\u00e9en pour adoption en tant que politique de l&rsquo;Union europ\u00e9enne et seront ensuite soumises au Parlement europ\u00e9en pour consultation et possible l\u00e9gislation europ\u00e9enne. <\/span><span title=\"Meanwhile the European Union will continue to contribute to global discussions on taxation of digital companies within the G20 and the Organisation for Economic Co-operation and Development.\">En attendant, l&rsquo;Union europ\u00e9enne continuera \u00e0 contribuer aux discussions mondiales sur la fiscalit\u00e9 des entreprises num\u00e9riques au sein du G20 et de l&rsquo;Organisation de coop\u00e9ration et de d\u00e9veloppement \u00e9conomiques.<\/span><\/span><\/p>\n<p><strong>La r\u00e9daction vous conseille:<\/strong><\/p>\n<p><a href=\"http:\/\/www.electronique-eci.com\/news\/leurope-veut-des-luminaires-led-modulaires-pour-une-economie-circulaire\">L&rsquo;Europe veut des luminaires LED modulaires pour une \u00e9conomie circulaire<\/a><\/p>\n<p><a href=\"http:\/\/www.electronique-eci.com\/news\/feu-vert-de-leurope-pour-le-rachat-de-nxp-par-qualcomm\">Feu vert de l&rsquo;Europe pour le rachat de NXP par Qualcomm<\/a><\/p>\n<p>&nbsp;<\/p>\n<p><strong>Related links and articles in English:<\/strong><\/p>\n<p><a href=\"http:\/\/www.eenewsanalog.com\/news\/europe-rethink-1010020-chip-project\">Europe to rethink 10\/100\/20 chip project<\/a><\/p>\n<p><a href=\"http:\/\/www.eenewsanalog.com\/news\/women-are-one-sixth-europes-ict-work-force\">Women are one sixth of Europe&rsquo;s ICT work force<\/a><\/p>\n<p><a href=\"http:\/\/www.eenewsanalog.com\/news\/save-european-manufacturing-trade-bodies-tell-eu\">Save European manufacturing, trade bodies tell EU<\/a><\/p>\n","protected":false},"excerpt":{"rendered":"<p>La Commission europ\u00e9enne a propos\u00e9 de nouvelles r\u00e8gles en mati\u00e8re de fiscalit\u00e9 pour tenter d&rsquo;augmenter l&rsquo;imp\u00f4t pr\u00e9lev\u00e9 sur les entreprises num\u00e9riques qui, selon elle, paient nettement moins d&rsquo;imp\u00f4ts que les entreprises traditionnelles.<\/p>\n","protected":false},"author":22,"featured_media":126209,"comment_status":"closed","ping_status":"closed","sticky":false,"template":"","format":"standard","meta":{"_acf_changed":false,"footnotes":""},"categories":[],"tags":[891,912,904,917],"domains":[47],"ppma_author":[1149],"class_list":["post-126208","post","type-post","status-publish","format-standard","has-post-thumbnail","hentry","tag-automotive-fr","tag-dataacquisition-fr","tag-medicalelectronics-fr","tag-software-embedded-tools-fr","domains-electronique-eci"],"acf":[],"yoast_head":"<title>L&#039;Europe propose une taxe de 3% sur les GAFA ...<\/title>\n<meta name=\"description\" content=\"La Commission europ\u00e9enne a propos\u00e9 de nouvelles r\u00e8gles en mati\u00e8re de fiscalit\u00e9 pour tenter d&#039;augmenter l&#039;imp\u00f4t pr\u00e9lev\u00e9 sur les entreprises...\" \/>\n<meta name=\"robots\" content=\"index, follow, max-snippet:-1, max-image-preview:large, max-video-preview:-1\" \/>\n<link rel=\"canonical\" href=\"https:\/\/www.ecinews.fr\/fr\/wp-json\/wp\/v2\/posts\/126208\/\" \/>\n<meta property=\"og:locale\" content=\"fr_FR\" \/>\n<meta property=\"og:type\" content=\"article\" \/>\n<meta property=\"og:title\" content=\"L&#039;Europe propose une taxe de 3% sur les GAFA\" \/>\n<meta property=\"og:description\" content=\"La Commission europ\u00e9enne a propos\u00e9 de nouvelles r\u00e8gles en mati\u00e8re de fiscalit\u00e9 pour tenter d&#039;augmenter l&#039;imp\u00f4t pr\u00e9lev\u00e9 sur les entreprises num\u00e9riques qui, selon elle, paient nettement moins d&#039;imp\u00f4ts que les entreprises traditionnelles.\" \/>\n<meta property=\"og:url\" content=\"https:\/\/www.ecinews.fr\/fr\/wp-json\/wp\/v2\/posts\/126208\/\" \/>\n<meta property=\"og:site_name\" content=\"EENewsEurope\" \/>\n<meta property=\"article:published_time\" content=\"2018-03-26T12:56:51+00:00\" \/>\n<meta property=\"og:image\" content=\"https:\/\/www.ecinews.fr\/wp-content\/uploads\/import\/default\/files\/sites\/default\/files\/images\/tax630.jpg\" \/>\n\t<meta property=\"og:image:width\" content=\"630\" \/>\n\t<meta property=\"og:image:height\" content=\"400\" \/>\n\t<meta property=\"og:image:type\" content=\"image\/jpeg\" \/>\n<meta name=\"author\" content=\"eeNews Europe\" \/>\n<meta name=\"twitter:card\" content=\"summary_large_image\" \/>\n<meta name=\"twitter:label1\" content=\"Written by\" \/>\n\t<meta name=\"twitter:data1\" content=\"eeNews Europe\" \/>\n\t<meta name=\"twitter:label2\" content=\"Est. reading time\" \/>\n\t<meta name=\"twitter:data2\" content=\"2 minutes\" \/>\n<script type=\"application\/ld+json\" class=\"yoast-schema-graph\">{\"@context\":\"https:\/\/schema.org\",\"@graph\":[{\"@type\":\"Article\",\"@id\":\"https:\/\/www.ecinews.fr\/fr\/leurope-propose-une-taxe-de-3-sur-les-gafa\/#article\",\"isPartOf\":{\"@id\":\"https:\/\/www.ecinews.fr\/fr\/leurope-propose-une-taxe-de-3-sur-les-gafa\/\"},\"author\":{\"name\":\"eeNews Europe\",\"@id\":\"https:\/\/www.eenewseurope.com\/en\/#\/schema\/person\/9eff4051fa9dac8230052de45e32b0f4\"},\"headline\":\"L&rsquo;Europe propose une taxe de 3% sur les GAFA\",\"datePublished\":\"2018-03-26T12:56:51+00:00\",\"dateModified\":\"2018-03-26T12:56:51+00:00\",\"mainEntityOfPage\":{\"@id\":\"https:\/\/www.ecinews.fr\/fr\/leurope-propose-une-taxe-de-3-sur-les-gafa\/\"},\"wordCount\":488,\"publisher\":{\"@id\":\"https:\/\/www.eenewseurope.com\/en\/#organization\"},\"keywords\":[\"Automotive\",\"DataAcquisition\",\"MedicalElectronics\",\"Software &amp; Embedded tools\"],\"inLanguage\":\"fr-FR\"},{\"@type\":\"WebPage\",\"@id\":\"https:\/\/www.ecinews.fr\/fr\/leurope-propose-une-taxe-de-3-sur-les-gafa\/\",\"url\":\"https:\/\/www.ecinews.fr\/fr\/leurope-propose-une-taxe-de-3-sur-les-gafa\/\",\"name\":\"L'Europe propose une taxe de 3% sur les GAFA -\",\"isPartOf\":{\"@id\":\"https:\/\/www.eenewseurope.com\/en\/#website\"},\"datePublished\":\"2018-03-26T12:56:51+00:00\",\"dateModified\":\"2018-03-26T12:56:51+00:00\",\"breadcrumb\":{\"@id\":\"https:\/\/www.ecinews.fr\/fr\/leurope-propose-une-taxe-de-3-sur-les-gafa\/#breadcrumb\"},\"inLanguage\":\"fr-FR\",\"potentialAction\":[{\"@type\":\"ReadAction\",\"target\":[\"https:\/\/www.ecinews.fr\/fr\/leurope-propose-une-taxe-de-3-sur-les-gafa\/\"]}]},{\"@type\":\"BreadcrumbList\",\"@id\":\"https:\/\/www.ecinews.fr\/fr\/leurope-propose-une-taxe-de-3-sur-les-gafa\/#breadcrumb\",\"itemListElement\":[{\"@type\":\"ListItem\",\"position\":1,\"name\":\"Home\",\"item\":\"https:\/\/www.ecinews.fr\/fr\/\"},{\"@type\":\"ListItem\",\"position\":2,\"name\":\"L&rsquo;Europe propose une taxe de 3% sur les GAFA\"}]},{\"@type\":\"WebSite\",\"@id\":\"https:\/\/www.eenewseurope.com\/en\/#website\",\"url\":\"https:\/\/www.eenewseurope.com\/en\/\",\"name\":\"EENewsEurope\",\"description\":\"Just another WordPress site\",\"publisher\":{\"@id\":\"https:\/\/www.eenewseurope.com\/en\/#organization\"},\"potentialAction\":[{\"@type\":\"SearchAction\",\"target\":{\"@type\":\"EntryPoint\",\"urlTemplate\":\"https:\/\/www.eenewseurope.com\/en\/?s={search_term_string}\"},\"query-input\":\"required name=search_term_string\"}],\"inLanguage\":\"fr-FR\"},{\"@type\":\"Organization\",\"@id\":\"https:\/\/www.eenewseurope.com\/en\/#organization\",\"name\":\"EENewsEurope\",\"url\":\"https:\/\/www.eenewseurope.com\/en\/\",\"logo\":{\"@type\":\"ImageObject\",\"inLanguage\":\"fr-FR\",\"@id\":\"https:\/\/www.eenewseurope.com\/en\/#\/schema\/logo\/image\/\",\"url\":\"https:\/\/www.ecinews.fr\/wp-content\/uploads\/2022\/02\/logo-1.jpg\",\"contentUrl\":\"https:\/\/www.ecinews.fr\/wp-content\/uploads\/2022\/02\/logo-1.jpg\",\"width\":283,\"height\":113,\"caption\":\"EENewsEurope\"},\"image\":{\"@id\":\"https:\/\/www.eenewseurope.com\/en\/#\/schema\/logo\/image\/\"}},{\"@type\":\"Person\",\"@id\":\"https:\/\/www.eenewseurope.com\/en\/#\/schema\/person\/9eff4051fa9dac8230052de45e32b0f4\",\"name\":\"eeNews Europe\",\"image\":{\"@type\":\"ImageObject\",\"inLanguage\":\"fr-FR\",\"@id\":\"https:\/\/www.eenewseurope.com\/en\/#\/schema\/person\/image\/fae8f0cb15861c4ae0ed4872e2c9fc22\",\"url\":\"https:\/\/secure.gravatar.com\/avatar\/5081509054e28b04ecd976976e723ce0?s=96&d=mm&r=g\",\"contentUrl\":\"https:\/\/secure.gravatar.com\/avatar\/5081509054e28b04ecd976976e723ce0?s=96&d=mm&r=g\",\"caption\":\"eeNews Europe\"}}]}<\/script>","yoast_head_json":{"title":"L'Europe propose une taxe de 3% sur les GAFA ...","description":"La Commission europ\u00e9enne a propos\u00e9 de nouvelles r\u00e8gles en mati\u00e8re de fiscalit\u00e9 pour tenter d'augmenter l'imp\u00f4t pr\u00e9lev\u00e9 sur les entreprises...","robots":{"index":"index","follow":"follow","max-snippet":"max-snippet:-1","max-image-preview":"max-image-preview:large","max-video-preview":"max-video-preview:-1"},"canonical":"https:\/\/www.ecinews.fr\/fr\/wp-json\/wp\/v2\/posts\/126208\/","og_locale":"fr_FR","og_type":"article","og_title":"L'Europe propose une taxe de 3% sur les GAFA","og_description":"La Commission europ\u00e9enne a propos\u00e9 de nouvelles r\u00e8gles en mati\u00e8re de fiscalit\u00e9 pour tenter d'augmenter l'imp\u00f4t pr\u00e9lev\u00e9 sur les entreprises num\u00e9riques qui, selon elle, paient nettement moins d'imp\u00f4ts que les entreprises traditionnelles.","og_url":"https:\/\/www.ecinews.fr\/fr\/wp-json\/wp\/v2\/posts\/126208\/","og_site_name":"EENewsEurope","article_published_time":"2018-03-26T12:56:51+00:00","og_image":[{"width":630,"height":400,"url":"https:\/\/www.ecinews.fr\/wp-content\/uploads\/import\/default\/files\/sites\/default\/files\/images\/tax630.jpg","type":"image\/jpeg"}],"author":"eeNews Europe","twitter_card":"summary_large_image","twitter_misc":{"Written by":"eeNews Europe","Est. reading time":"2 minutes"},"schema":{"@context":"https:\/\/schema.org","@graph":[{"@type":"Article","@id":"https:\/\/www.ecinews.fr\/fr\/leurope-propose-une-taxe-de-3-sur-les-gafa\/#article","isPartOf":{"@id":"https:\/\/www.ecinews.fr\/fr\/leurope-propose-une-taxe-de-3-sur-les-gafa\/"},"author":{"name":"eeNews Europe","@id":"https:\/\/www.eenewseurope.com\/en\/#\/schema\/person\/9eff4051fa9dac8230052de45e32b0f4"},"headline":"L&rsquo;Europe propose une taxe de 3% sur les GAFA","datePublished":"2018-03-26T12:56:51+00:00","dateModified":"2018-03-26T12:56:51+00:00","mainEntityOfPage":{"@id":"https:\/\/www.ecinews.fr\/fr\/leurope-propose-une-taxe-de-3-sur-les-gafa\/"},"wordCount":488,"publisher":{"@id":"https:\/\/www.eenewseurope.com\/en\/#organization"},"keywords":["Automotive","DataAcquisition","MedicalElectronics","Software &amp; Embedded tools"],"inLanguage":"fr-FR"},{"@type":"WebPage","@id":"https:\/\/www.ecinews.fr\/fr\/leurope-propose-une-taxe-de-3-sur-les-gafa\/","url":"https:\/\/www.ecinews.fr\/fr\/leurope-propose-une-taxe-de-3-sur-les-gafa\/","name":"L'Europe propose une taxe de 3% sur les GAFA -","isPartOf":{"@id":"https:\/\/www.eenewseurope.com\/en\/#website"},"datePublished":"2018-03-26T12:56:51+00:00","dateModified":"2018-03-26T12:56:51+00:00","breadcrumb":{"@id":"https:\/\/www.ecinews.fr\/fr\/leurope-propose-une-taxe-de-3-sur-les-gafa\/#breadcrumb"},"inLanguage":"fr-FR","potentialAction":[{"@type":"ReadAction","target":["https:\/\/www.ecinews.fr\/fr\/leurope-propose-une-taxe-de-3-sur-les-gafa\/"]}]},{"@type":"BreadcrumbList","@id":"https:\/\/www.ecinews.fr\/fr\/leurope-propose-une-taxe-de-3-sur-les-gafa\/#breadcrumb","itemListElement":[{"@type":"ListItem","position":1,"name":"Home","item":"https:\/\/www.ecinews.fr\/fr\/"},{"@type":"ListItem","position":2,"name":"L&rsquo;Europe propose une taxe de 3% sur les GAFA"}]},{"@type":"WebSite","@id":"https:\/\/www.eenewseurope.com\/en\/#website","url":"https:\/\/www.eenewseurope.com\/en\/","name":"EENewsEurope","description":"Just another WordPress site","publisher":{"@id":"https:\/\/www.eenewseurope.com\/en\/#organization"},"potentialAction":[{"@type":"SearchAction","target":{"@type":"EntryPoint","urlTemplate":"https:\/\/www.eenewseurope.com\/en\/?s={search_term_string}"},"query-input":"required name=search_term_string"}],"inLanguage":"fr-FR"},{"@type":"Organization","@id":"https:\/\/www.eenewseurope.com\/en\/#organization","name":"EENewsEurope","url":"https:\/\/www.eenewseurope.com\/en\/","logo":{"@type":"ImageObject","inLanguage":"fr-FR","@id":"https:\/\/www.eenewseurope.com\/en\/#\/schema\/logo\/image\/","url":"https:\/\/www.ecinews.fr\/wp-content\/uploads\/2022\/02\/logo-1.jpg","contentUrl":"https:\/\/www.ecinews.fr\/wp-content\/uploads\/2022\/02\/logo-1.jpg","width":283,"height":113,"caption":"EENewsEurope"},"image":{"@id":"https:\/\/www.eenewseurope.com\/en\/#\/schema\/logo\/image\/"}},{"@type":"Person","@id":"https:\/\/www.eenewseurope.com\/en\/#\/schema\/person\/9eff4051fa9dac8230052de45e32b0f4","name":"eeNews Europe","image":{"@type":"ImageObject","inLanguage":"fr-FR","@id":"https:\/\/www.eenewseurope.com\/en\/#\/schema\/person\/image\/fae8f0cb15861c4ae0ed4872e2c9fc22","url":"https:\/\/secure.gravatar.com\/avatar\/5081509054e28b04ecd976976e723ce0?s=96&d=mm&r=g","contentUrl":"https:\/\/secure.gravatar.com\/avatar\/5081509054e28b04ecd976976e723ce0?s=96&d=mm&r=g","caption":"eeNews Europe"}}]}},"authors":[{"term_id":1149,"user_id":22,"is_guest":0,"slug":"eenews-europe","display_name":"eeNews Europe","avatar_url":"https:\/\/secure.gravatar.com\/avatar\/5081509054e28b04ecd976976e723ce0?s=96&d=mm&r=g","0":null,"1":"","2":"","3":"","4":"","5":"","6":"","7":"","8":""}],"_links":{"self":[{"href":"https:\/\/www.ecinews.fr\/fr\/wp-json\/wp\/v2\/posts\/126208"}],"collection":[{"href":"https:\/\/www.ecinews.fr\/fr\/wp-json\/wp\/v2\/posts"}],"about":[{"href":"https:\/\/www.ecinews.fr\/fr\/wp-json\/wp\/v2\/types\/post"}],"author":[{"embeddable":true,"href":"https:\/\/www.ecinews.fr\/fr\/wp-json\/wp\/v2\/users\/22"}],"replies":[{"embeddable":true,"href":"https:\/\/www.ecinews.fr\/fr\/wp-json\/wp\/v2\/comments?post=126208"}],"version-history":[{"count":0,"href":"https:\/\/www.ecinews.fr\/fr\/wp-json\/wp\/v2\/posts\/126208\/revisions"}],"wp:featuredmedia":[{"embeddable":true,"href":"https:\/\/www.ecinews.fr\/fr\/wp-json\/wp\/v2\/media\/126209"}],"wp:attachment":[{"href":"https:\/\/www.ecinews.fr\/fr\/wp-json\/wp\/v2\/media?parent=126208"}],"wp:term":[{"taxonomy":"category","embeddable":true,"href":"https:\/\/www.ecinews.fr\/fr\/wp-json\/wp\/v2\/categories?post=126208"},{"taxonomy":"post_tag","embeddable":true,"href":"https:\/\/www.ecinews.fr\/fr\/wp-json\/wp\/v2\/tags?post=126208"},{"taxonomy":"domains","embeddable":true,"href":"https:\/\/www.ecinews.fr\/fr\/wp-json\/wp\/v2\/domains?post=126208"},{"taxonomy":"author","embeddable":true,"href":"https:\/\/www.ecinews.fr\/fr\/wp-json\/wp\/v2\/ppma_author?post=126208"}],"curies":[{"name":"wp","href":"https:\/\/api.w.org\/{rel}","templated":true}]}}