{"id":125320,"date":"2018-04-04T22:07:28","date_gmt":"2018-04-04T22:07:28","guid":{"rendered":"https:\/\/\/pourquoi-intel-va-revendre-wind-river\/"},"modified":"2018-04-04T22:07:28","modified_gmt":"2018-04-04T22:07:28","slug":"pourquoi-intel-va-revendre-wind-river","status":"publish","type":"post","link":"https:\/\/www.ecinews.fr\/fr\/pourquoi-intel-va-revendre-wind-river\/","title":{"rendered":"Pourquoi Intel va revendre Wind River"},"content":{"rendered":"<p><span id=\"result_box\" lang=\"fr\"><span title=\"Nehal Raj, Partner and Head of Technology investing at TPG said of the acquisition, \u201cWe see a tremendous market opportunity in industrial software driven by the convergence of the IoT, intelligent devices and edge computing.\">Nehal Raj, Associ\u00e9 et Directeur des investissements technologiques chez TPG a d\u00e9clar\u00e9 \u00e0 propos de l&rsquo;acquisition: \u00abNous voyons une formidable opportunit\u00e9 de march\u00e9 dans les logiciels industriels, port\u00e9e par la convergence de l&rsquo;IoT, des appareils intelligents et de l&rsquo;informatique de pointe. <\/span><span title=\"Wind River is well positioned to benefit from these trends.\">Wind River est bien positionn\u00e9 pour b\u00e9n\u00e9ficier de ces tendances. <\/span><span title=\"We plan to build on its strong foundation with investments in both organic and inorganic growth.\u201d\n\n\">Nous allons b\u00e2tir sur ces bases solides et engager des investissements pour une croissance organique et externe. \u00ab\u00a0<\/span><\/span><\/p>\n<p><span id=\"result_box\" lang=\"fr\"><span title=\"\u201cThis acquisition will establish Wind River as a leading independent software provider uniquely positioned to advance digital transformation within critical infrastructure segments with our comprehensive edge to cloud portfolio,\u201d said Jim Douglas, Wind River President.\">\u00ab\u00a0Cette acquisition permettra \u00e0 Wind River de devenir un fournisseur de logiciels ind\u00e9pendant de premier plan, positionn\u00e9 de mani\u00e8re unique pour faire progresser la transformation num\u00e9rique dans les segments d&rsquo;infrastructures critiques gr\u00e2ce \u00e0 notre portefeuille complet\u00a0\u00bb, a d\u00e9clar\u00e9 Jim Douglas, pr\u00e9sident de Wind River. <\/span><span title=\"\u201cTPG will provide Wind River with the flexibility and financial resources to fuel growth opportunities as a standalone software company that enables the deployment of safe, secure, and reliable intelligent systems.\u201d\n\n\">\u00ab\u00a0TPG fournira \u00e0 Wind River la flexibilit\u00e9 et les ressources financi\u00e8res n\u00e9cessaires pour alimenter les opportunit\u00e9s de croissance en tant que soci\u00e9t\u00e9 de logiciels autonome qui permet le d\u00e9ploiement de syst\u00e8mes intelligents s\u00fbrs, s\u00e9curis\u00e9s et fiables.\u00a0\u00bb<\/span><\/span><\/p>\n<p><span id=\"result_box\" lang=\"fr\"><span title=\"Tom Lantzsch, senior vice president and general manager of the Internet of Things Group at Intel said, \u201cWind River will remain an important ecosystem partner, and we will continue to collaborate on critical software-defined infrastructure opportunities to advance an autonomous future.\">Tom Lantzsch, vice-pr\u00e9sident senior et directeur g\u00e9n\u00e9ral du groupe Internet of Things chez Intel, a d\u00e9clar\u00e9: \u00abWind River restera un partenaire important pour notre \u00e9cosyst\u00e8me et nous continuerons \u00e0 collaborer sur des opportunit\u00e9s critiques d&rsquo;infrastructure d\u00e9finies par logiciel pour aller vers un avenir autonome. <\/span><span title=\"We expect this transition will be seamless for our mutual customers and partners.\u201d\n\n\">Nous pr\u00e9voyons que cette transition sera transparente pour nos clients et partenaires mutuels. \u00ab\u00a0<\/span><\/p>\n<p><span title=\"The transaction is expected to close in the second quarter of 2018. The terms of the agreement are not being disclosed.\">La transaction devrait \u00eatre conclue au deuxi\u00e8me trimestre de 2018. Les modalit\u00e9s de l&rsquo;entente ne sont pas divulgu\u00e9es.<\/span><\/span><\/p>\n<p>NDLR: Intel avait achet\u00e9 Wind River, qui \u00e9tait alors une soci\u00e9t\u00e9 ind\u00e9pendante, en juin 2009 pour $884 millions.<\/p>\n<p><strong>More information<\/strong><\/p>\n<p><a href=\"https:\/\/www.tpg.com\/\">https:\/\/www.tpg.com\/<\/a><\/p>\n<p><strong>Related news<\/strong><\/p>\n<p><a href=\"http:\/\/www.eenewseurope.com\/Learning-center\/wind-river-lessons-driving-mars-autonomous-vehicles-disrupting-automotive\">Wind River: Lessons from Driving on Mars &#8211; Autonomous Vehicles Disrupting Automotive Manufacturing<\/a><\/p>\n<p><a href=\"http:\/\/www.eenewseurope.com\/Learning-center\/wind-river-next-generation-automobiles-will-look-manned-and-unmanned-aircraft\">Wind River: Next-Generation Automobiles Will Look Like Manned and Unmanned Aircraft<\/a><\/p>\n<p><a href=\"http:\/\/www.eenewseurope.com\/news\/elektrobit-and-nxp-join-forces-automated-driving\">Elektrobit and NXP join forces on automated driving<\/a><\/p>\n<p><a href=\"http:\/\/www.eenewseurope.com\/news\/wind-river-os-support-intels-functional-safety-processor-0\">Wind River OS support for Intel\u2019s functional-safety processor<\/a><\/p>\n","protected":false},"excerpt":{"rendered":"<p>Intel va revendre Wind River au fond d&rsquo;investissement TPG. La nouvelle soci\u00e9t\u00e9 gardera la m\u00eame \u00e9quipe de direction.<\/p>\n","protected":false},"author":22,"featured_media":125321,"comment_status":"closed","ping_status":"closed","sticky":false,"template":"","format":"standard","meta":{"_acf_changed":false,"footnotes":""},"categories":[],"tags":[891,917],"domains":[47],"ppma_author":[1149],"class_list":["post-125320","post","type-post","status-publish","format-standard","has-post-thumbnail","hentry","tag-automotive-fr","tag-software-embedded-tools-fr","domains-electronique-eci"],"acf":[],"yoast_head":"<title>Pourquoi Intel va revendre Wind River ...<\/title>\n<meta name=\"description\" content=\"Intel va revendre Wind River au fond d&#039;investissement TPG. La nouvelle soci\u00e9t\u00e9 gardera la m\u00eame \u00e9quipe de direction.\" \/>\n<meta name=\"robots\" content=\"index, follow, max-snippet:-1, max-image-preview:large, max-video-preview:-1\" \/>\n<link rel=\"canonical\" href=\"https:\/\/www.ecinews.fr\/fr\/wp-json\/wp\/v2\/posts\/125320\/\" \/>\n<meta property=\"og:locale\" content=\"fr_FR\" \/>\n<meta property=\"og:type\" content=\"article\" \/>\n<meta property=\"og:title\" content=\"Pourquoi Intel va revendre Wind River\" \/>\n<meta property=\"og:description\" content=\"Intel va revendre Wind River au fond d&#039;investissement TPG. La nouvelle soci\u00e9t\u00e9 gardera la m\u00eame \u00e9quipe de direction.\" \/>\n<meta property=\"og:url\" content=\"https:\/\/www.ecinews.fr\/fr\/wp-json\/wp\/v2\/posts\/125320\/\" \/>\n<meta property=\"og:site_name\" content=\"EENewsEurope\" \/>\n<meta property=\"article:published_time\" content=\"2018-04-04T22:07:28+00:00\" \/>\n<meta property=\"og:image\" content=\"https:\/\/www.eenewseurope.com\/wp-content\/uploads\/import\/default\/files\/images\/01-picture-libraryde\/business-acquisition.jpg\" \/>\n\t<meta property=\"og:image:width\" content=\"849\" \/>\n\t<meta property=\"og:image:height\" content=\"565\" \/>\n\t<meta property=\"og:image:type\" content=\"image\/jpeg\" \/>\n<meta name=\"author\" content=\"eeNews Europe\" \/>\n<meta name=\"twitter:card\" content=\"summary_large_image\" \/>\n<meta name=\"twitter:label1\" content=\"Written by\" \/>\n\t<meta name=\"twitter:data1\" content=\"eeNews Europe\" \/>\n\t<meta name=\"twitter:label2\" content=\"Est. reading time\" \/>\n\t<meta name=\"twitter:data2\" content=\"2 minutes\" \/>\n<script type=\"application\/ld+json\" class=\"yoast-schema-graph\">{\"@context\":\"https:\/\/schema.org\",\"@graph\":[{\"@type\":\"Article\",\"@id\":\"https:\/\/www.eenewseurope.com\/fr\/pourquoi-intel-va-revendre-wind-river\/#article\",\"isPartOf\":{\"@id\":\"https:\/\/www.eenewseurope.com\/fr\/pourquoi-intel-va-revendre-wind-river\/\"},\"author\":{\"name\":\"eeNews Europe\",\"@id\":\"https:\/\/www.eenewseurope.com\/en\/#\/schema\/person\/9eff4051fa9dac8230052de45e32b0f4\"},\"headline\":\"Pourquoi Intel va revendre Wind River\",\"datePublished\":\"2018-04-04T22:07:28+00:00\",\"dateModified\":\"2018-04-04T22:07:28+00:00\",\"mainEntityOfPage\":{\"@id\":\"https:\/\/www.eenewseurope.com\/fr\/pourquoi-intel-va-revendre-wind-river\/\"},\"wordCount\":327,\"publisher\":{\"@id\":\"https:\/\/www.eenewseurope.com\/en\/#organization\"},\"keywords\":[\"Automotive\",\"Software &amp; Embedded tools\"],\"inLanguage\":\"fr-FR\"},{\"@type\":\"WebPage\",\"@id\":\"https:\/\/www.eenewseurope.com\/fr\/pourquoi-intel-va-revendre-wind-river\/\",\"url\":\"https:\/\/www.eenewseurope.com\/fr\/pourquoi-intel-va-revendre-wind-river\/\",\"name\":\"Pourquoi Intel va revendre Wind River -\",\"isPartOf\":{\"@id\":\"https:\/\/www.eenewseurope.com\/en\/#website\"},\"datePublished\":\"2018-04-04T22:07:28+00:00\",\"dateModified\":\"2018-04-04T22:07:28+00:00\",\"breadcrumb\":{\"@id\":\"https:\/\/www.eenewseurope.com\/fr\/pourquoi-intel-va-revendre-wind-river\/#breadcrumb\"},\"inLanguage\":\"fr-FR\",\"potentialAction\":[{\"@type\":\"ReadAction\",\"target\":[\"https:\/\/www.eenewseurope.com\/fr\/pourquoi-intel-va-revendre-wind-river\/\"]}]},{\"@type\":\"BreadcrumbList\",\"@id\":\"https:\/\/www.eenewseurope.com\/fr\/pourquoi-intel-va-revendre-wind-river\/#breadcrumb\",\"itemListElement\":[{\"@type\":\"ListItem\",\"position\":1,\"name\":\"Home\",\"item\":\"https:\/\/www.ecinews.fr\/fr\/\"},{\"@type\":\"ListItem\",\"position\":2,\"name\":\"Pourquoi Intel va revendre Wind River\"}]},{\"@type\":\"WebSite\",\"@id\":\"https:\/\/www.eenewseurope.com\/en\/#website\",\"url\":\"https:\/\/www.eenewseurope.com\/en\/\",\"name\":\"EENewsEurope\",\"description\":\"Just another WordPress site\",\"publisher\":{\"@id\":\"https:\/\/www.eenewseurope.com\/en\/#organization\"},\"potentialAction\":[{\"@type\":\"SearchAction\",\"target\":{\"@type\":\"EntryPoint\",\"urlTemplate\":\"https:\/\/www.eenewseurope.com\/en\/?s={search_term_string}\"},\"query-input\":\"required name=search_term_string\"}],\"inLanguage\":\"fr-FR\"},{\"@type\":\"Organization\",\"@id\":\"https:\/\/www.eenewseurope.com\/en\/#organization\",\"name\":\"EENewsEurope\",\"url\":\"https:\/\/www.eenewseurope.com\/en\/\",\"logo\":{\"@type\":\"ImageObject\",\"inLanguage\":\"fr-FR\",\"@id\":\"https:\/\/www.eenewseurope.com\/en\/#\/schema\/logo\/image\/\",\"url\":\"https:\/\/www.ecinews.fr\/wp-content\/uploads\/2022\/02\/logo-1.jpg\",\"contentUrl\":\"https:\/\/www.ecinews.fr\/wp-content\/uploads\/2022\/02\/logo-1.jpg\",\"width\":283,\"height\":113,\"caption\":\"EENewsEurope\"},\"image\":{\"@id\":\"https:\/\/www.eenewseurope.com\/en\/#\/schema\/logo\/image\/\"}},{\"@type\":\"Person\",\"@id\":\"https:\/\/www.eenewseurope.com\/en\/#\/schema\/person\/9eff4051fa9dac8230052de45e32b0f4\",\"name\":\"eeNews Europe\",\"image\":{\"@type\":\"ImageObject\",\"inLanguage\":\"fr-FR\",\"@id\":\"https:\/\/www.eenewseurope.com\/en\/#\/schema\/person\/image\/fae8f0cb15861c4ae0ed4872e2c9fc22\",\"url\":\"https:\/\/secure.gravatar.com\/avatar\/5081509054e28b04ecd976976e723ce0?s=96&d=mm&r=g\",\"contentUrl\":\"https:\/\/secure.gravatar.com\/avatar\/5081509054e28b04ecd976976e723ce0?s=96&d=mm&r=g\",\"caption\":\"eeNews Europe\"}}]}<\/script>","yoast_head_json":{"title":"Pourquoi Intel va revendre Wind River ...","description":"Intel va revendre Wind River au fond d'investissement TPG. La nouvelle soci\u00e9t\u00e9 gardera la m\u00eame \u00e9quipe de direction.","robots":{"index":"index","follow":"follow","max-snippet":"max-snippet:-1","max-image-preview":"max-image-preview:large","max-video-preview":"max-video-preview:-1"},"canonical":"https:\/\/www.ecinews.fr\/fr\/wp-json\/wp\/v2\/posts\/125320\/","og_locale":"fr_FR","og_type":"article","og_title":"Pourquoi Intel va revendre Wind River","og_description":"Intel va revendre Wind River au fond d'investissement TPG. La nouvelle soci\u00e9t\u00e9 gardera la m\u00eame \u00e9quipe de direction.","og_url":"https:\/\/www.ecinews.fr\/fr\/wp-json\/wp\/v2\/posts\/125320\/","og_site_name":"EENewsEurope","article_published_time":"2018-04-04T22:07:28+00:00","og_image":[{"width":849,"height":565,"url":"https:\/\/www.eenewseurope.com\/wp-content\/uploads\/import\/default\/files\/images\/01-picture-libraryde\/business-acquisition.jpg","type":"image\/jpeg"}],"author":"eeNews Europe","twitter_card":"summary_large_image","twitter_misc":{"Written by":"eeNews Europe","Est. reading time":"2 minutes"},"schema":{"@context":"https:\/\/schema.org","@graph":[{"@type":"Article","@id":"https:\/\/www.eenewseurope.com\/fr\/pourquoi-intel-va-revendre-wind-river\/#article","isPartOf":{"@id":"https:\/\/www.eenewseurope.com\/fr\/pourquoi-intel-va-revendre-wind-river\/"},"author":{"name":"eeNews Europe","@id":"https:\/\/www.eenewseurope.com\/en\/#\/schema\/person\/9eff4051fa9dac8230052de45e32b0f4"},"headline":"Pourquoi Intel va revendre Wind River","datePublished":"2018-04-04T22:07:28+00:00","dateModified":"2018-04-04T22:07:28+00:00","mainEntityOfPage":{"@id":"https:\/\/www.eenewseurope.com\/fr\/pourquoi-intel-va-revendre-wind-river\/"},"wordCount":327,"publisher":{"@id":"https:\/\/www.eenewseurope.com\/en\/#organization"},"keywords":["Automotive","Software &amp; Embedded tools"],"inLanguage":"fr-FR"},{"@type":"WebPage","@id":"https:\/\/www.eenewseurope.com\/fr\/pourquoi-intel-va-revendre-wind-river\/","url":"https:\/\/www.eenewseurope.com\/fr\/pourquoi-intel-va-revendre-wind-river\/","name":"Pourquoi Intel va revendre Wind River -","isPartOf":{"@id":"https:\/\/www.eenewseurope.com\/en\/#website"},"datePublished":"2018-04-04T22:07:28+00:00","dateModified":"2018-04-04T22:07:28+00:00","breadcrumb":{"@id":"https:\/\/www.eenewseurope.com\/fr\/pourquoi-intel-va-revendre-wind-river\/#breadcrumb"},"inLanguage":"fr-FR","potentialAction":[{"@type":"ReadAction","target":["https:\/\/www.eenewseurope.com\/fr\/pourquoi-intel-va-revendre-wind-river\/"]}]},{"@type":"BreadcrumbList","@id":"https:\/\/www.eenewseurope.com\/fr\/pourquoi-intel-va-revendre-wind-river\/#breadcrumb","itemListElement":[{"@type":"ListItem","position":1,"name":"Home","item":"https:\/\/www.ecinews.fr\/fr\/"},{"@type":"ListItem","position":2,"name":"Pourquoi Intel va revendre Wind River"}]},{"@type":"WebSite","@id":"https:\/\/www.eenewseurope.com\/en\/#website","url":"https:\/\/www.eenewseurope.com\/en\/","name":"EENewsEurope","description":"Just another WordPress site","publisher":{"@id":"https:\/\/www.eenewseurope.com\/en\/#organization"},"potentialAction":[{"@type":"SearchAction","target":{"@type":"EntryPoint","urlTemplate":"https:\/\/www.eenewseurope.com\/en\/?s={search_term_string}"},"query-input":"required name=search_term_string"}],"inLanguage":"fr-FR"},{"@type":"Organization","@id":"https:\/\/www.eenewseurope.com\/en\/#organization","name":"EENewsEurope","url":"https:\/\/www.eenewseurope.com\/en\/","logo":{"@type":"ImageObject","inLanguage":"fr-FR","@id":"https:\/\/www.eenewseurope.com\/en\/#\/schema\/logo\/image\/","url":"https:\/\/www.ecinews.fr\/wp-content\/uploads\/2022\/02\/logo-1.jpg","contentUrl":"https:\/\/www.ecinews.fr\/wp-content\/uploads\/2022\/02\/logo-1.jpg","width":283,"height":113,"caption":"EENewsEurope"},"image":{"@id":"https:\/\/www.eenewseurope.com\/en\/#\/schema\/logo\/image\/"}},{"@type":"Person","@id":"https:\/\/www.eenewseurope.com\/en\/#\/schema\/person\/9eff4051fa9dac8230052de45e32b0f4","name":"eeNews Europe","image":{"@type":"ImageObject","inLanguage":"fr-FR","@id":"https:\/\/www.eenewseurope.com\/en\/#\/schema\/person\/image\/fae8f0cb15861c4ae0ed4872e2c9fc22","url":"https:\/\/secure.gravatar.com\/avatar\/5081509054e28b04ecd976976e723ce0?s=96&d=mm&r=g","contentUrl":"https:\/\/secure.gravatar.com\/avatar\/5081509054e28b04ecd976976e723ce0?s=96&d=mm&r=g","caption":"eeNews Europe"}}]}},"authors":[{"term_id":1149,"user_id":22,"is_guest":0,"slug":"eenews-europe","display_name":"eeNews Europe","avatar_url":"https:\/\/secure.gravatar.com\/avatar\/5081509054e28b04ecd976976e723ce0?s=96&d=mm&r=g","0":null,"1":"","2":"","3":"","4":"","5":"","6":"","7":"","8":""}],"_links":{"self":[{"href":"https:\/\/www.ecinews.fr\/fr\/wp-json\/wp\/v2\/posts\/125320"}],"collection":[{"href":"https:\/\/www.ecinews.fr\/fr\/wp-json\/wp\/v2\/posts"}],"about":[{"href":"https:\/\/www.ecinews.fr\/fr\/wp-json\/wp\/v2\/types\/post"}],"author":[{"embeddable":true,"href":"https:\/\/www.ecinews.fr\/fr\/wp-json\/wp\/v2\/users\/22"}],"replies":[{"embeddable":true,"href":"https:\/\/www.ecinews.fr\/fr\/wp-json\/wp\/v2\/comments?post=125320"}],"version-history":[{"count":0,"href":"https:\/\/www.ecinews.fr\/fr\/wp-json\/wp\/v2\/posts\/125320\/revisions"}],"wp:featuredmedia":[{"embeddable":true,"href":"https:\/\/www.ecinews.fr\/fr\/wp-json\/wp\/v2\/media\/125321"}],"wp:attachment":[{"href":"https:\/\/www.ecinews.fr\/fr\/wp-json\/wp\/v2\/media?parent=125320"}],"wp:term":[{"taxonomy":"category","embeddable":true,"href":"https:\/\/www.ecinews.fr\/fr\/wp-json\/wp\/v2\/categories?post=125320"},{"taxonomy":"post_tag","embeddable":true,"href":"https:\/\/www.ecinews.fr\/fr\/wp-json\/wp\/v2\/tags?post=125320"},{"taxonomy":"domains","embeddable":true,"href":"https:\/\/www.ecinews.fr\/fr\/wp-json\/wp\/v2\/domains?post=125320"},{"taxonomy":"author","embeddable":true,"href":"https:\/\/www.ecinews.fr\/fr\/wp-json\/wp\/v2\/ppma_author?post=125320"}],"curies":[{"name":"wp","href":"https:\/\/api.w.org\/{rel}","templated":true}]}}