{"id":12383,"date":"2021-05-11T05:45:50","date_gmt":"2021-05-11T05:45:50","guid":{"rendered":"https:\/\/\/digi-key-electronics-nomme-global-distributor-of-the-year-par-digi-international-pour-la-quatrieme-annee-consecutive\/"},"modified":"2021-05-11T05:45:50","modified_gmt":"2021-05-11T05:45:50","slug":"digi-key-electronics-nomme-global-distributor-of-the-year-par-digi-international-pour-la-quatrieme-annee-consecutive","status":"publish","type":"post","link":"https:\/\/www.ecinews.fr\/fr\/digi-key-electronics-nomme-global-distributor-of-the-year-par-digi-international-pour-la-quatrieme-annee-consecutive\/","title":{"rendered":"Digi-Key Electronics nomm\u00e9 \u00ab Global Distributor of the Year \u00bb par Digi International pour la quatri\u00e8me ann\u00e9e cons\u00e9cutive"},"content":{"rendered":"<p><span style=\"font-size:10.0pt;,sans-serif\">Digi&nbsp;International est un distributeur leader mondial de produits, services et solutions de connectivit\u00e9 pour l&rsquo;Internet des objets (IoT). Digi aide ses clients \u00e0 cr\u00e9er des produits connect\u00e9s nouvelle g\u00e9n\u00e9ration et \u00e0 d\u00e9ployer et g\u00e9rer des infrastructures de communications strat\u00e9giques dans les environnements exigeants avec des niveaux \u00e9lev\u00e9s de s\u00e9curit\u00e9 et de fiabilit\u00e9.<\/span><\/p>\n<p><span style=\"font-size:10.0pt;,sans-serif\">\u00ab&nbsp;Nous sommes honor\u00e9s de recevoir ce prix pour la quatri\u00e8me ann\u00e9e cons\u00e9cutive&nbsp;\u00bb, a d\u00e9clar\u00e9 David&nbsp;Stein, vice-pr\u00e9sident de la gestion des fournisseurs mondiaux chez Digi-Key. \u00ab&nbsp;L&rsquo;approche technologique de Digi en mati\u00e8re de solutions sans fil, r\u00e9seau et IoT embarqu\u00e9es, de modules SOM et d&rsquo;ordinateurs mono-cartes s&rsquo;aligne bien avec les domaines d&rsquo;intervention de Digi-Key. Leurs produits conviennent parfaitement aux ing\u00e9nieurs qui cherchent \u00e0 cr\u00e9er des conceptions tourn\u00e9es vers l&rsquo;avenir. Nous sommes tr\u00e8s fiers de cette r\u00e9ussite et du formidable partenariat entre nos entreprises.&nbsp;\u00bb<\/span><\/p>\n<p><span style=\"font-size:10.0pt;,sans-serif\">\u00ab&nbsp;Digi-Key est un pr\u00e9cieux partenaire et Digi tient \u00e0 les f\u00e9liciter pour ce prix amplement m\u00e9rit\u00e9, qui r\u00e9compense leur excellence en mati\u00e8re de ventes et de service client&nbsp;\u00bb, a d\u00e9clar\u00e9 Steve&nbsp;Ericson, directeur g\u00e9n\u00e9ral des solutions OEM pour Digi&nbsp;International. \u00ab&nbsp;Digi-Key a jou\u00e9 un r\u00f4le important dans notre r\u00e9ussite en 2020. Nous nous r\u00e9jouissons de poursuivre sur cette lanc\u00e9e en 2021 et au-del\u00e0.&nbsp;\u00bb<\/span><\/p>\n<p><span class=\"MsoHyperlink\"><span lang=\"EN-US\" style=\"font-size:10.0pt;,sans-serif;color:windowtext;text-decoration:none\"><a href=\"http:\/\/www.digikey.fr\"><span style=\"color:windowtext;text-decoration:none\">www.digikey.f<\/span><\/a><\/span><\/span><a href=\"http:\/\/www.digikey.fr\"><span class=\"MsoHyperlink\"><span lang=\"EN-US\" style=\"font-size:10.0pt;,sans-serif;color:windowtext;text-decoration:none\">r<\/span><\/span><\/a><\/p>\n","protected":false},"excerpt":{"rendered":"<p>Digi-Key Electronics a re\u00e7u le prix \u00ab Global Distributor of the Year 2020 \u00bb de Digi International. C&rsquo;est la quatri\u00e8me ann\u00e9e cons\u00e9cutive que Digi-Key re\u00e7oit ce prix, qui r\u00e9compense les partenaires de Digi International qui se d\u00e9marquent en offrant une valeur ajout\u00e9e aux clients et qui contribuent au d\u00e9veloppement du march\u00e9 IoT global.<\/p>\n","protected":false},"author":9,"featured_media":12384,"comment_status":"open","ping_status":"closed","sticky":false,"template":"","format":"standard","meta":{"_acf_changed":false,"footnotes":""},"categories":[],"tags":[],"domains":[47],"ppma_author":[1141],"class_list":["post-12383","post","type-post","status-publish","format-standard","has-post-thumbnail","hentry","domains-electronique-eci"],"acf":[],"yoast_head":"<title><\/title>\n<meta name=\"description\" content=\"Digi-Key Electronics a re\u00e7u le prix \u00ab Global Distributor of the Year 2020 \u00bb de Digi International. C&#039;est la quatri\u00e8me ann\u00e9e cons\u00e9cutive que Digi-Key...\" \/>\n<meta name=\"robots\" content=\"index, follow, max-snippet:-1, max-image-preview:large, max-video-preview:-1\" \/>\n<link rel=\"canonical\" href=\"https:\/\/www.ecinews.fr\/fr\/wp-json\/wp\/v2\/posts\/12383\/\" \/>\n<meta property=\"og:locale\" content=\"fr_FR\" \/>\n<meta property=\"og:type\" content=\"article\" \/>\n<meta property=\"og:title\" content=\"Digi-Key Electronics nomm\u00e9 \u00ab Global Distributor of the Year \u00bb par Digi International pour la quatri\u00e8me ann\u00e9e cons\u00e9cutive\" \/>\n<meta property=\"og:description\" content=\"Digi-Key Electronics a re\u00e7u le prix \u00ab Global Distributor of the Year 2020 \u00bb de Digi International. C&#039;est la quatri\u00e8me ann\u00e9e cons\u00e9cutive que Digi-Key re\u00e7oit ce prix, qui r\u00e9compense les partenaires de Digi International qui se d\u00e9marquent en offrant une valeur ajout\u00e9e aux clients et qui contribuent au d\u00e9veloppement du march\u00e9 IoT global.\" \/>\n<meta property=\"og:url\" content=\"https:\/\/www.ecinews.fr\/fr\/wp-json\/wp\/v2\/posts\/12383\/\" \/>\n<meta property=\"og:site_name\" content=\"EENewsEurope\" \/>\n<meta property=\"article:published_time\" content=\"2021-05-11T05:45:50+00:00\" \/>\n<meta property=\"og:image\" content=\"https:\/\/www.ecinews.fr\/wp-content\/uploads\/import\/default\/files\/sites\/default\/files\/images\/eci9246_dk_and_digi_international_actu.jpg\" \/>\n\t<meta property=\"og:image:width\" content=\"1845\" \/>\n\t<meta property=\"og:image:height\" content=\"1882\" \/>\n\t<meta property=\"og:image:type\" content=\"image\/jpeg\" \/>\n<meta name=\"author\" content=\"Alain Dieul\" \/>\n<meta name=\"twitter:card\" content=\"summary_large_image\" \/>\n<meta name=\"twitter:label1\" content=\"Written by\" \/>\n\t<meta name=\"twitter:data1\" content=\"Alain Dieul\" \/>\n\t<meta name=\"twitter:label2\" content=\"Est. reading time\" \/>\n\t<meta name=\"twitter:data2\" content=\"1 minute\" \/>\n<script type=\"application\/ld+json\" class=\"yoast-schema-graph\">{\"@context\":\"https:\/\/schema.org\",\"@graph\":[{\"@type\":\"Article\",\"@id\":\"https:\/\/www.ecinews.fr\/fr\/digi-key-electronics-nomme-global-distributor-of-the-year-par-digi-international-pour-la-quatrieme-annee-consecutive\/#article\",\"isPartOf\":{\"@id\":\"https:\/\/www.ecinews.fr\/fr\/digi-key-electronics-nomme-global-distributor-of-the-year-par-digi-international-pour-la-quatrieme-annee-consecutive\/\"},\"author\":{\"name\":\"Alain Dieul\",\"@id\":\"https:\/\/www.eenewseurope.com\/en\/#\/schema\/person\/568c789a4794bd460460501ba91f5daf\"},\"headline\":\"Digi-Key Electronics nomm\u00e9 \u00ab Global Distributor of the Year \u00bb par Digi International pour la quatri\u00e8me ann\u00e9e cons\u00e9cutive\",\"datePublished\":\"2021-05-11T05:45:50+00:00\",\"dateModified\":\"2021-05-11T05:45:50+00:00\",\"mainEntityOfPage\":{\"@id\":\"https:\/\/www.ecinews.fr\/fr\/digi-key-electronics-nomme-global-distributor-of-the-year-par-digi-international-pour-la-quatrieme-annee-consecutive\/\"},\"wordCount\":268,\"commentCount\":0,\"publisher\":{\"@id\":\"https:\/\/www.eenewseurope.com\/en\/#organization\"},\"inLanguage\":\"fr-FR\",\"potentialAction\":[{\"@type\":\"CommentAction\",\"name\":\"Comment\",\"target\":[\"https:\/\/www.ecinews.fr\/fr\/digi-key-electronics-nomme-global-distributor-of-the-year-par-digi-international-pour-la-quatrieme-annee-consecutive\/#respond\"]}]},{\"@type\":\"WebPage\",\"@id\":\"https:\/\/www.ecinews.fr\/fr\/digi-key-electronics-nomme-global-distributor-of-the-year-par-digi-international-pour-la-quatrieme-annee-consecutive\/\",\"url\":\"https:\/\/www.ecinews.fr\/fr\/digi-key-electronics-nomme-global-distributor-of-the-year-par-digi-international-pour-la-quatrieme-annee-consecutive\/\",\"name\":\"Digi-Key Electronics nomm\u00e9 \u00ab Global Distributor of the Year \u00bb par Digi International pour la quatri\u00e8me ann\u00e9e cons\u00e9cutive -\",\"isPartOf\":{\"@id\":\"https:\/\/www.eenewseurope.com\/en\/#website\"},\"datePublished\":\"2021-05-11T05:45:50+00:00\",\"dateModified\":\"2021-05-11T05:45:50+00:00\",\"breadcrumb\":{\"@id\":\"https:\/\/www.ecinews.fr\/fr\/digi-key-electronics-nomme-global-distributor-of-the-year-par-digi-international-pour-la-quatrieme-annee-consecutive\/#breadcrumb\"},\"inLanguage\":\"fr-FR\",\"potentialAction\":[{\"@type\":\"ReadAction\",\"target\":[\"https:\/\/www.ecinews.fr\/fr\/digi-key-electronics-nomme-global-distributor-of-the-year-par-digi-international-pour-la-quatrieme-annee-consecutive\/\"]}]},{\"@type\":\"BreadcrumbList\",\"@id\":\"https:\/\/www.ecinews.fr\/fr\/digi-key-electronics-nomme-global-distributor-of-the-year-par-digi-international-pour-la-quatrieme-annee-consecutive\/#breadcrumb\",\"itemListElement\":[{\"@type\":\"ListItem\",\"position\":1,\"name\":\"Home\",\"item\":\"https:\/\/www.ecinews.fr\/fr\/\"},{\"@type\":\"ListItem\",\"position\":2,\"name\":\"Digi-Key Electronics nomm\u00e9 \u00ab Global Distributor of the Year \u00bb par Digi International pour la quatri\u00e8me ann\u00e9e cons\u00e9cutive\"}]},{\"@type\":\"WebSite\",\"@id\":\"https:\/\/www.eenewseurope.com\/en\/#website\",\"url\":\"https:\/\/www.eenewseurope.com\/en\/\",\"name\":\"EENewsEurope\",\"description\":\"Just another WordPress site\",\"publisher\":{\"@id\":\"https:\/\/www.eenewseurope.com\/en\/#organization\"},\"potentialAction\":[{\"@type\":\"SearchAction\",\"target\":{\"@type\":\"EntryPoint\",\"urlTemplate\":\"https:\/\/www.eenewseurope.com\/en\/?s={search_term_string}\"},\"query-input\":\"required name=search_term_string\"}],\"inLanguage\":\"fr-FR\"},{\"@type\":\"Organization\",\"@id\":\"https:\/\/www.eenewseurope.com\/en\/#organization\",\"name\":\"EENewsEurope\",\"url\":\"https:\/\/www.eenewseurope.com\/en\/\",\"logo\":{\"@type\":\"ImageObject\",\"inLanguage\":\"fr-FR\",\"@id\":\"https:\/\/www.eenewseurope.com\/en\/#\/schema\/logo\/image\/\",\"url\":\"https:\/\/www.ecinews.fr\/wp-content\/uploads\/2022\/02\/logo-1.jpg\",\"contentUrl\":\"https:\/\/www.ecinews.fr\/wp-content\/uploads\/2022\/02\/logo-1.jpg\",\"width\":283,\"height\":113,\"caption\":\"EENewsEurope\"},\"image\":{\"@id\":\"https:\/\/www.eenewseurope.com\/en\/#\/schema\/logo\/image\/\"}},{\"@type\":\"Person\",\"@id\":\"https:\/\/www.eenewseurope.com\/en\/#\/schema\/person\/568c789a4794bd460460501ba91f5daf\",\"name\":\"Alain Dieul\",\"image\":{\"@type\":\"ImageObject\",\"inLanguage\":\"fr-FR\",\"@id\":\"https:\/\/www.eenewseurope.com\/en\/#\/schema\/person\/image\/6d32dc651fbcef3b338066625b118364\",\"url\":\"https:\/\/secure.gravatar.com\/avatar\/93708ec89b35deb10f4cfbfe144b4e07?s=96&d=mm&r=g\",\"contentUrl\":\"https:\/\/secure.gravatar.com\/avatar\/93708ec89b35deb10f4cfbfe144b4e07?s=96&d=mm&r=g\",\"caption\":\"Alain Dieul\"}}]}<\/script>","yoast_head_json":{"title":"Digi-Key Electronics nomm\u00e9 \u00ab Global Distributor of the Year ?...","description":"Digi-Key Electronics a re\u00e7u le prix \u00ab Global Distributor of the Year 2020 \u00bb de Digi International. C'est la quatri\u00e8me ann\u00e9e cons\u00e9cutive que Digi-Key...","robots":{"index":"index","follow":"follow","max-snippet":"max-snippet:-1","max-image-preview":"max-image-preview:large","max-video-preview":"max-video-preview:-1"},"canonical":"https:\/\/www.ecinews.fr\/fr\/wp-json\/wp\/v2\/posts\/12383\/","og_locale":"fr_FR","og_type":"article","og_title":"Digi-Key Electronics nomm\u00e9 \u00ab Global Distributor of the Year \u00bb par Digi International pour la quatri\u00e8me ann\u00e9e cons\u00e9cutive","og_description":"Digi-Key Electronics a re\u00e7u le prix \u00ab Global Distributor of the Year 2020 \u00bb de Digi International. C'est la quatri\u00e8me ann\u00e9e cons\u00e9cutive que Digi-Key re\u00e7oit ce prix, qui r\u00e9compense les partenaires de Digi International qui se d\u00e9marquent en offrant une valeur ajout\u00e9e aux clients et qui contribuent au d\u00e9veloppement du march\u00e9 IoT global.","og_url":"https:\/\/www.ecinews.fr\/fr\/wp-json\/wp\/v2\/posts\/12383\/","og_site_name":"EENewsEurope","article_published_time":"2021-05-11T05:45:50+00:00","og_image":[{"width":1845,"height":1882,"url":"https:\/\/www.ecinews.fr\/wp-content\/uploads\/import\/default\/files\/sites\/default\/files\/images\/eci9246_dk_and_digi_international_actu.jpg","type":"image\/jpeg"}],"author":"Alain Dieul","twitter_card":"summary_large_image","twitter_misc":{"Written by":"Alain Dieul","Est. reading time":"1 minute"},"schema":{"@context":"https:\/\/schema.org","@graph":[{"@type":"Article","@id":"https:\/\/www.ecinews.fr\/fr\/digi-key-electronics-nomme-global-distributor-of-the-year-par-digi-international-pour-la-quatrieme-annee-consecutive\/#article","isPartOf":{"@id":"https:\/\/www.ecinews.fr\/fr\/digi-key-electronics-nomme-global-distributor-of-the-year-par-digi-international-pour-la-quatrieme-annee-consecutive\/"},"author":{"name":"Alain Dieul","@id":"https:\/\/www.eenewseurope.com\/en\/#\/schema\/person\/568c789a4794bd460460501ba91f5daf"},"headline":"Digi-Key Electronics nomm\u00e9 \u00ab Global Distributor of the Year \u00bb par Digi International pour la quatri\u00e8me ann\u00e9e cons\u00e9cutive","datePublished":"2021-05-11T05:45:50+00:00","dateModified":"2021-05-11T05:45:50+00:00","mainEntityOfPage":{"@id":"https:\/\/www.ecinews.fr\/fr\/digi-key-electronics-nomme-global-distributor-of-the-year-par-digi-international-pour-la-quatrieme-annee-consecutive\/"},"wordCount":268,"commentCount":0,"publisher":{"@id":"https:\/\/www.eenewseurope.com\/en\/#organization"},"inLanguage":"fr-FR","potentialAction":[{"@type":"CommentAction","name":"Comment","target":["https:\/\/www.ecinews.fr\/fr\/digi-key-electronics-nomme-global-distributor-of-the-year-par-digi-international-pour-la-quatrieme-annee-consecutive\/#respond"]}]},{"@type":"WebPage","@id":"https:\/\/www.ecinews.fr\/fr\/digi-key-electronics-nomme-global-distributor-of-the-year-par-digi-international-pour-la-quatrieme-annee-consecutive\/","url":"https:\/\/www.ecinews.fr\/fr\/digi-key-electronics-nomme-global-distributor-of-the-year-par-digi-international-pour-la-quatrieme-annee-consecutive\/","name":"Digi-Key Electronics nomm\u00e9 \u00ab Global Distributor of the Year \u00bb par Digi International pour la quatri\u00e8me ann\u00e9e cons\u00e9cutive -","isPartOf":{"@id":"https:\/\/www.eenewseurope.com\/en\/#website"},"datePublished":"2021-05-11T05:45:50+00:00","dateModified":"2021-05-11T05:45:50+00:00","breadcrumb":{"@id":"https:\/\/www.ecinews.fr\/fr\/digi-key-electronics-nomme-global-distributor-of-the-year-par-digi-international-pour-la-quatrieme-annee-consecutive\/#breadcrumb"},"inLanguage":"fr-FR","potentialAction":[{"@type":"ReadAction","target":["https:\/\/www.ecinews.fr\/fr\/digi-key-electronics-nomme-global-distributor-of-the-year-par-digi-international-pour-la-quatrieme-annee-consecutive\/"]}]},{"@type":"BreadcrumbList","@id":"https:\/\/www.ecinews.fr\/fr\/digi-key-electronics-nomme-global-distributor-of-the-year-par-digi-international-pour-la-quatrieme-annee-consecutive\/#breadcrumb","itemListElement":[{"@type":"ListItem","position":1,"name":"Home","item":"https:\/\/www.ecinews.fr\/fr\/"},{"@type":"ListItem","position":2,"name":"Digi-Key Electronics nomm\u00e9 \u00ab Global Distributor of the Year \u00bb par Digi International pour la quatri\u00e8me ann\u00e9e cons\u00e9cutive"}]},{"@type":"WebSite","@id":"https:\/\/www.eenewseurope.com\/en\/#website","url":"https:\/\/www.eenewseurope.com\/en\/","name":"EENewsEurope","description":"Just another WordPress site","publisher":{"@id":"https:\/\/www.eenewseurope.com\/en\/#organization"},"potentialAction":[{"@type":"SearchAction","target":{"@type":"EntryPoint","urlTemplate":"https:\/\/www.eenewseurope.com\/en\/?s={search_term_string}"},"query-input":"required name=search_term_string"}],"inLanguage":"fr-FR"},{"@type":"Organization","@id":"https:\/\/www.eenewseurope.com\/en\/#organization","name":"EENewsEurope","url":"https:\/\/www.eenewseurope.com\/en\/","logo":{"@type":"ImageObject","inLanguage":"fr-FR","@id":"https:\/\/www.eenewseurope.com\/en\/#\/schema\/logo\/image\/","url":"https:\/\/www.ecinews.fr\/wp-content\/uploads\/2022\/02\/logo-1.jpg","contentUrl":"https:\/\/www.ecinews.fr\/wp-content\/uploads\/2022\/02\/logo-1.jpg","width":283,"height":113,"caption":"EENewsEurope"},"image":{"@id":"https:\/\/www.eenewseurope.com\/en\/#\/schema\/logo\/image\/"}},{"@type":"Person","@id":"https:\/\/www.eenewseurope.com\/en\/#\/schema\/person\/568c789a4794bd460460501ba91f5daf","name":"Alain Dieul","image":{"@type":"ImageObject","inLanguage":"fr-FR","@id":"https:\/\/www.eenewseurope.com\/en\/#\/schema\/person\/image\/6d32dc651fbcef3b338066625b118364","url":"https:\/\/secure.gravatar.com\/avatar\/93708ec89b35deb10f4cfbfe144b4e07?s=96&d=mm&r=g","contentUrl":"https:\/\/secure.gravatar.com\/avatar\/93708ec89b35deb10f4cfbfe144b4e07?s=96&d=mm&r=g","caption":"Alain Dieul"}}]}},"authors":[{"term_id":1141,"user_id":9,"is_guest":0,"slug":"alaindieul","display_name":"Alain Dieul","avatar_url":"https:\/\/secure.gravatar.com\/avatar\/93708ec89b35deb10f4cfbfe144b4e07?s=96&d=mm&r=g","0":null,"1":"","2":"","3":"","4":"","5":"","6":"","7":"","8":""}],"_links":{"self":[{"href":"https:\/\/www.ecinews.fr\/fr\/wp-json\/wp\/v2\/posts\/12383"}],"collection":[{"href":"https:\/\/www.ecinews.fr\/fr\/wp-json\/wp\/v2\/posts"}],"about":[{"href":"https:\/\/www.ecinews.fr\/fr\/wp-json\/wp\/v2\/types\/post"}],"author":[{"embeddable":true,"href":"https:\/\/www.ecinews.fr\/fr\/wp-json\/wp\/v2\/users\/9"}],"replies":[{"embeddable":true,"href":"https:\/\/www.ecinews.fr\/fr\/wp-json\/wp\/v2\/comments?post=12383"}],"version-history":[{"count":0,"href":"https:\/\/www.ecinews.fr\/fr\/wp-json\/wp\/v2\/posts\/12383\/revisions"}],"wp:featuredmedia":[{"embeddable":true,"href":"https:\/\/www.ecinews.fr\/fr\/wp-json\/wp\/v2\/media\/12384"}],"wp:attachment":[{"href":"https:\/\/www.ecinews.fr\/fr\/wp-json\/wp\/v2\/media?parent=12383"}],"wp:term":[{"taxonomy":"category","embeddable":true,"href":"https:\/\/www.ecinews.fr\/fr\/wp-json\/wp\/v2\/categories?post=12383"},{"taxonomy":"post_tag","embeddable":true,"href":"https:\/\/www.ecinews.fr\/fr\/wp-json\/wp\/v2\/tags?post=12383"},{"taxonomy":"domains","embeddable":true,"href":"https:\/\/www.ecinews.fr\/fr\/wp-json\/wp\/v2\/domains?post=12383"},{"taxonomy":"author","embeddable":true,"href":"https:\/\/www.ecinews.fr\/fr\/wp-json\/wp\/v2\/ppma_author?post=12383"}],"curies":[{"name":"wp","href":"https:\/\/api.w.org\/{rel}","templated":true}]}}