{"id":123696,"date":"2018-04-23T11:28:21","date_gmt":"2018-04-23T11:28:21","guid":{"rendered":"https:\/\/\/pourquoi-facebook-veut-ses-propres-processeurs\/"},"modified":"2018-04-23T11:28:21","modified_gmt":"2018-04-23T11:28:21","slug":"pourquoi-facebook-veut-ses-propres-processeurs","status":"publish","type":"post","link":"https:\/\/www.ecinews.fr\/fr\/pourquoi-facebook-veut-ses-propres-processeurs\/","title":{"rendered":"Pourquoi Facebook veut ses propres processeurs"},"content":{"rendered":"<p><span id=\"result_box\" lang=\"fr\"><span title=\"The job, based at Menlo Park, California, covers the creation of firmware and driver development, silicon architecture and micro-architecture and keeping Facebook's silicon strategy in-line with the company's long-range objectives.\n\n\">Le poste, bas\u00e9 \u00e0 Menlo Park, en Californie, couvre la cr\u00e9ation de micrologiciels et de d\u00e9veloppement de pilotes, l&rsquo;architecture du silicium et la micro-architecture et d&rsquo;aligner la strat\u00e9gie silicium de Facebook avec les objectifs \u00e0 long terme de l&rsquo;entreprise.<\/span><\/p>\n<p><span title=\"The applicant is expected to have at least 15 years of experience in managing SoC development teams at the director or manager level as a track record of first pass ASIC and systems success.\n\n\">Le candidat doit avoir au moins 15 ans d&rsquo;exp\u00e9rience dans la gestion des \u00e9quipes de d\u00e9veloppement des SoC au niveau de directeur ou de gestionnaire avec comme ant\u00e9c\u00e9dent des ASICs r\u00e9ussis au premier passage et des syst\u00e8mes fonctionnels.<\/span><\/span><\/p>\n<p><span id=\"result_box\" lang=\"fr\"><span title=\"The company also wants an ASIC and FPGA designer to work in the same location.\">La soci\u00e9t\u00e9 recherche \u00e9galement un concepteur ASIC et FPGA travaillant au m\u00eame endroit. <\/span><span title=\"&quot;The candidate would need to work with software and system engineers to understand limitations of current hardware and use their expertise to build custom solutions targeted at multiple verticals including AI\/ML, compression, and video encoding,&quot; the advert states displaying an interest in artificial\">\u00abLe candidat choisi devra travailler avec des ing\u00e9nieurs logiciels et syst\u00e8mes pour comprendre les limites du mat\u00e9riel actuel et utiliser leur expertise pour cr\u00e9er des solutions personnalis\u00e9es ciblant plusieurs domaines verticaux, y compris AI \/ ML, compression et encodage vid\u00e9o\u00bb, indique l&rsquo;annonce avec in int\u00e9r\u00eat pour l&rsquo; <\/span><span title=\"intelligence and machine learning.\n\n\">intelligence artificielle et l&rsquo;apprentissage automatique.<\/span><\/span><\/p>\n<p><span id=\"result_box\" lang=\"fr\"><span title=\"Facebook already has electronics engineers working on its Oculus virtual reality headsets but the advertised job is in the infrastructure division suggesting Facebook is looking to build its own processors for use in datacenters.\n\n\">Facebook a d\u00e9j\u00e0 des ing\u00e9nieurs en \u00e9lectronique travaillant sur ses casques de r\u00e9alit\u00e9 virtuelle Oculus, mais le poste annonc\u00e9 est dans la division de l&rsquo;infrastructure, ce qui sugg\u00e8re que Facebook cherche \u00e0 construire ses propres processeurs pour une utilisation dans les centres de donn\u00e9es.<\/span><\/p>\n<p><span title=\"Facebook was a founder of the Open Compute Project in 2011 and is one of a few companies that are major data center operators.\n\n\">Facebook a \u00e9t\u00e9 l&rsquo;un des fondateurs du projet Open Compute en 2011 et est l&rsquo;une des rares entreprises \u00e0 \u00eatre un grand op\u00e9rateur de centres de donn\u00e9es.<\/span><\/span><\/p>\n<p><span id=\"result_box\" lang=\"fr\"><span title=\"Facebook has reportedly said it will need switch ASICs with optical interfaces within three years for its next big network upgrade.\">Facebook aurait d\u00e9clar\u00e9 qu&rsquo;il aura besoin de commutateurs ASIC avec des interfaces optiques d&rsquo;ici \u00e0 trois ans pour sa prochaine grande mise \u00e0 niveau du r\u00e9seau. <\/span><span title=\"The timing of that network upgrade could coincide with the time when an SoC\/ASIC development team could start to make an impact within the company\">Le moment de la mise \u00e0 niveau de ce r\u00e9seau pourrait co\u00efncider avec le moment o\u00f9 une \u00e9quipe de d\u00e9veloppement SoC \/ ASIC pourrait commencer \u00e0 avoir un impact au sein de l&rsquo;entreprise<\/span><\/span><\/p>\n<p>La R\u00e9daction vous conseille:<\/p>\n<p><a href=\"http:\/\/www.electronique-eci.com\/news\/facebook-investit-dans-station-f-pour-promouvoir-lia\">Facebook investit dans Station F pour promouvoir l&rsquo;IA<\/a><\/p>\n<p><a href=\"http:\/\/www.electronique-eci.com\/news\/leurope-propose-une-taxe-de-3-sur-les-gafa\">L&rsquo;Europe propose une taxe de 3% sur les GAFA<\/a><\/p>\n<p><strong>Related links and articles:<\/strong><\/p>\n<p><a href=\"https:\/\/www.facebook.com\/careers\/jobs\/a0I1H00000LgnqFUAR\/?q=SoC%2FASIC%20manager&amp;location=menlo-park\">Facebook job advert<\/a><\/p>\n<p><strong>News articles: <\/strong><\/p>\n<p><a href=\"http:\/\/www.electronics-eetimes.com\/news\/amazon-now-sells-own-arm-chips\">Amazon now sells own ARM chips<\/a><\/p>\n<p><a href=\"http:\/\/www.eenewseurope.com\/news\/google-designing-ai-processors\">Google designing AI processors<\/a><\/p>\n","protected":false},"excerpt":{"rendered":"<p>Facebook a plac\u00e9 une annonce pour recruter un manager pour construire une organisation de d\u00e9veloppement SoC \/ ASIC au sein de l&rsquo;entreprise et semble pr\u00eat \u00e0 suivre le chemin emprunt\u00e9 par d&rsquo;autres entreprises telles qu&rsquo;Apple, Amazon et Google.<\/p>\n","protected":false},"author":22,"featured_media":123697,"comment_status":"closed","ping_status":"closed","sticky":false,"template":"","format":"standard","meta":{"_acf_changed":false,"footnotes":""},"categories":[883],"tags":[893,906,917],"domains":[47],"ppma_author":[1149],"class_list":["post-123696","post","type-post","status-publish","format-standard","has-post-thumbnail","hentry","category-technologies","tag-authentication-encryption-fr","tag-mpus-mcus-fr","tag-software-embedded-tools-fr","domains-electronique-eci"],"acf":[],"yoast_head":"<title>Pourquoi Facebook veut ses propres processeurs ...<\/title>\n<meta name=\"description\" content=\"Facebook a plac\u00e9 une annonce pour recruter un manager pour construire une organisation de d\u00e9veloppement SoC \/ ASIC au sein de l&#039;entreprise et semble pr\u00eat...\" \/>\n<meta name=\"robots\" content=\"index, follow, max-snippet:-1, max-image-preview:large, max-video-preview:-1\" \/>\n<link rel=\"canonical\" href=\"https:\/\/www.ecinews.fr\/fr\/wp-json\/wp\/v2\/posts\/123696\/\" \/>\n<meta property=\"og:locale\" content=\"fr_FR\" \/>\n<meta property=\"og:type\" content=\"article\" \/>\n<meta property=\"og:title\" content=\"Pourquoi Facebook veut ses propres processeurs\" \/>\n<meta property=\"og:description\" content=\"Facebook a plac\u00e9 une annonce pour recruter un manager pour construire une organisation de d\u00e9veloppement SoC \/ ASIC au sein de l&#039;entreprise et semble pr\u00eat \u00e0 suivre le chemin emprunt\u00e9 par d&#039;autres entreprises telles qu&#039;Apple, Amazon et Google.\" \/>\n<meta property=\"og:url\" content=\"https:\/\/www.ecinews.fr\/fr\/wp-json\/wp\/v2\/posts\/123696\/\" \/>\n<meta property=\"og:site_name\" content=\"EENewsEurope\" \/>\n<meta property=\"article:published_time\" content=\"2018-04-23T11:28:21+00:00\" \/>\n<meta property=\"og:image\" content=\"https:\/\/www.ecinews.fr\/wp-content\/uploads\/import\/default\/files\/sites\/default\/files\/images\/screen_shot_2018-04-19_at_13.42.44.png\" \/>\n\t<meta property=\"og:image:width\" content=\"690\" \/>\n\t<meta property=\"og:image:height\" content=\"416\" \/>\n\t<meta property=\"og:image:type\" content=\"image\/png\" \/>\n<meta name=\"author\" content=\"eeNews Europe\" \/>\n<meta name=\"twitter:card\" content=\"summary_large_image\" \/>\n<meta name=\"twitter:label1\" content=\"Written by\" \/>\n\t<meta name=\"twitter:data1\" content=\"eeNews Europe\" \/>\n\t<meta name=\"twitter:label2\" content=\"Est. reading time\" \/>\n\t<meta name=\"twitter:data2\" content=\"2 minutes\" \/>\n<script type=\"application\/ld+json\" class=\"yoast-schema-graph\">{\"@context\":\"https:\/\/schema.org\",\"@graph\":[{\"@type\":\"Article\",\"@id\":\"https:\/\/www.ecinews.fr\/fr\/pourquoi-facebook-veut-ses-propres-processeurs\/#article\",\"isPartOf\":{\"@id\":\"https:\/\/www.ecinews.fr\/fr\/pourquoi-facebook-veut-ses-propres-processeurs\/\"},\"author\":{\"name\":\"eeNews Europe\",\"@id\":\"https:\/\/www.eenewseurope.com\/en\/#\/schema\/person\/9eff4051fa9dac8230052de45e32b0f4\"},\"headline\":\"Pourquoi Facebook veut ses propres processeurs\",\"datePublished\":\"2018-04-23T11:28:21+00:00\",\"dateModified\":\"2018-04-23T11:28:21+00:00\",\"mainEntityOfPage\":{\"@id\":\"https:\/\/www.ecinews.fr\/fr\/pourquoi-facebook-veut-ses-propres-processeurs\/\"},\"wordCount\":351,\"publisher\":{\"@id\":\"https:\/\/www.eenewseurope.com\/en\/#organization\"},\"keywords\":[\"Authentication &amp; Encryption\",\"MPUs\/MCUs\",\"Software &amp; Embedded tools\"],\"articleSection\":[\"Technologies\"],\"inLanguage\":\"fr-FR\"},{\"@type\":\"WebPage\",\"@id\":\"https:\/\/www.ecinews.fr\/fr\/pourquoi-facebook-veut-ses-propres-processeurs\/\",\"url\":\"https:\/\/www.ecinews.fr\/fr\/pourquoi-facebook-veut-ses-propres-processeurs\/\",\"name\":\"Pourquoi Facebook veut ses propres processeurs -\",\"isPartOf\":{\"@id\":\"https:\/\/www.eenewseurope.com\/en\/#website\"},\"datePublished\":\"2018-04-23T11:28:21+00:00\",\"dateModified\":\"2018-04-23T11:28:21+00:00\",\"breadcrumb\":{\"@id\":\"https:\/\/www.ecinews.fr\/fr\/pourquoi-facebook-veut-ses-propres-processeurs\/#breadcrumb\"},\"inLanguage\":\"fr-FR\",\"potentialAction\":[{\"@type\":\"ReadAction\",\"target\":[\"https:\/\/www.ecinews.fr\/fr\/pourquoi-facebook-veut-ses-propres-processeurs\/\"]}]},{\"@type\":\"BreadcrumbList\",\"@id\":\"https:\/\/www.ecinews.fr\/fr\/pourquoi-facebook-veut-ses-propres-processeurs\/#breadcrumb\",\"itemListElement\":[{\"@type\":\"ListItem\",\"position\":1,\"name\":\"Home\",\"item\":\"https:\/\/www.ecinews.fr\/fr\/\"},{\"@type\":\"ListItem\",\"position\":2,\"name\":\"Pourquoi Facebook veut ses propres processeurs\"}]},{\"@type\":\"WebSite\",\"@id\":\"https:\/\/www.eenewseurope.com\/en\/#website\",\"url\":\"https:\/\/www.eenewseurope.com\/en\/\",\"name\":\"EENewsEurope\",\"description\":\"Just another WordPress site\",\"publisher\":{\"@id\":\"https:\/\/www.eenewseurope.com\/en\/#organization\"},\"potentialAction\":[{\"@type\":\"SearchAction\",\"target\":{\"@type\":\"EntryPoint\",\"urlTemplate\":\"https:\/\/www.eenewseurope.com\/en\/?s={search_term_string}\"},\"query-input\":\"required name=search_term_string\"}],\"inLanguage\":\"fr-FR\"},{\"@type\":\"Organization\",\"@id\":\"https:\/\/www.eenewseurope.com\/en\/#organization\",\"name\":\"EENewsEurope\",\"url\":\"https:\/\/www.eenewseurope.com\/en\/\",\"logo\":{\"@type\":\"ImageObject\",\"inLanguage\":\"fr-FR\",\"@id\":\"https:\/\/www.eenewseurope.com\/en\/#\/schema\/logo\/image\/\",\"url\":\"https:\/\/www.ecinews.fr\/wp-content\/uploads\/2022\/02\/logo-1.jpg\",\"contentUrl\":\"https:\/\/www.ecinews.fr\/wp-content\/uploads\/2022\/02\/logo-1.jpg\",\"width\":283,\"height\":113,\"caption\":\"EENewsEurope\"},\"image\":{\"@id\":\"https:\/\/www.eenewseurope.com\/en\/#\/schema\/logo\/image\/\"}},{\"@type\":\"Person\",\"@id\":\"https:\/\/www.eenewseurope.com\/en\/#\/schema\/person\/9eff4051fa9dac8230052de45e32b0f4\",\"name\":\"eeNews Europe\",\"image\":{\"@type\":\"ImageObject\",\"inLanguage\":\"fr-FR\",\"@id\":\"https:\/\/www.eenewseurope.com\/en\/#\/schema\/person\/image\/fae8f0cb15861c4ae0ed4872e2c9fc22\",\"url\":\"https:\/\/secure.gravatar.com\/avatar\/5081509054e28b04ecd976976e723ce0?s=96&d=mm&r=g\",\"contentUrl\":\"https:\/\/secure.gravatar.com\/avatar\/5081509054e28b04ecd976976e723ce0?s=96&d=mm&r=g\",\"caption\":\"eeNews Europe\"}}]}<\/script>","yoast_head_json":{"title":"Pourquoi Facebook veut ses propres processeurs ...","description":"Facebook a plac\u00e9 une annonce pour recruter un manager pour construire une organisation de d\u00e9veloppement SoC \/ ASIC au sein de l'entreprise et semble pr\u00eat...","robots":{"index":"index","follow":"follow","max-snippet":"max-snippet:-1","max-image-preview":"max-image-preview:large","max-video-preview":"max-video-preview:-1"},"canonical":"https:\/\/www.ecinews.fr\/fr\/wp-json\/wp\/v2\/posts\/123696\/","og_locale":"fr_FR","og_type":"article","og_title":"Pourquoi Facebook veut ses propres processeurs","og_description":"Facebook a plac\u00e9 une annonce pour recruter un manager pour construire une organisation de d\u00e9veloppement SoC \/ ASIC au sein de l'entreprise et semble pr\u00eat \u00e0 suivre le chemin emprunt\u00e9 par d'autres entreprises telles qu'Apple, Amazon et Google.","og_url":"https:\/\/www.ecinews.fr\/fr\/wp-json\/wp\/v2\/posts\/123696\/","og_site_name":"EENewsEurope","article_published_time":"2018-04-23T11:28:21+00:00","og_image":[{"width":690,"height":416,"url":"https:\/\/www.ecinews.fr\/wp-content\/uploads\/import\/default\/files\/sites\/default\/files\/images\/screen_shot_2018-04-19_at_13.42.44.png","type":"image\/png"}],"author":"eeNews Europe","twitter_card":"summary_large_image","twitter_misc":{"Written by":"eeNews Europe","Est. reading time":"2 minutes"},"schema":{"@context":"https:\/\/schema.org","@graph":[{"@type":"Article","@id":"https:\/\/www.ecinews.fr\/fr\/pourquoi-facebook-veut-ses-propres-processeurs\/#article","isPartOf":{"@id":"https:\/\/www.ecinews.fr\/fr\/pourquoi-facebook-veut-ses-propres-processeurs\/"},"author":{"name":"eeNews Europe","@id":"https:\/\/www.eenewseurope.com\/en\/#\/schema\/person\/9eff4051fa9dac8230052de45e32b0f4"},"headline":"Pourquoi Facebook veut ses propres processeurs","datePublished":"2018-04-23T11:28:21+00:00","dateModified":"2018-04-23T11:28:21+00:00","mainEntityOfPage":{"@id":"https:\/\/www.ecinews.fr\/fr\/pourquoi-facebook-veut-ses-propres-processeurs\/"},"wordCount":351,"publisher":{"@id":"https:\/\/www.eenewseurope.com\/en\/#organization"},"keywords":["Authentication &amp; Encryption","MPUs\/MCUs","Software &amp; Embedded tools"],"articleSection":["Technologies"],"inLanguage":"fr-FR"},{"@type":"WebPage","@id":"https:\/\/www.ecinews.fr\/fr\/pourquoi-facebook-veut-ses-propres-processeurs\/","url":"https:\/\/www.ecinews.fr\/fr\/pourquoi-facebook-veut-ses-propres-processeurs\/","name":"Pourquoi Facebook veut ses propres processeurs -","isPartOf":{"@id":"https:\/\/www.eenewseurope.com\/en\/#website"},"datePublished":"2018-04-23T11:28:21+00:00","dateModified":"2018-04-23T11:28:21+00:00","breadcrumb":{"@id":"https:\/\/www.ecinews.fr\/fr\/pourquoi-facebook-veut-ses-propres-processeurs\/#breadcrumb"},"inLanguage":"fr-FR","potentialAction":[{"@type":"ReadAction","target":["https:\/\/www.ecinews.fr\/fr\/pourquoi-facebook-veut-ses-propres-processeurs\/"]}]},{"@type":"BreadcrumbList","@id":"https:\/\/www.ecinews.fr\/fr\/pourquoi-facebook-veut-ses-propres-processeurs\/#breadcrumb","itemListElement":[{"@type":"ListItem","position":1,"name":"Home","item":"https:\/\/www.ecinews.fr\/fr\/"},{"@type":"ListItem","position":2,"name":"Pourquoi Facebook veut ses propres processeurs"}]},{"@type":"WebSite","@id":"https:\/\/www.eenewseurope.com\/en\/#website","url":"https:\/\/www.eenewseurope.com\/en\/","name":"EENewsEurope","description":"Just another WordPress site","publisher":{"@id":"https:\/\/www.eenewseurope.com\/en\/#organization"},"potentialAction":[{"@type":"SearchAction","target":{"@type":"EntryPoint","urlTemplate":"https:\/\/www.eenewseurope.com\/en\/?s={search_term_string}"},"query-input":"required name=search_term_string"}],"inLanguage":"fr-FR"},{"@type":"Organization","@id":"https:\/\/www.eenewseurope.com\/en\/#organization","name":"EENewsEurope","url":"https:\/\/www.eenewseurope.com\/en\/","logo":{"@type":"ImageObject","inLanguage":"fr-FR","@id":"https:\/\/www.eenewseurope.com\/en\/#\/schema\/logo\/image\/","url":"https:\/\/www.ecinews.fr\/wp-content\/uploads\/2022\/02\/logo-1.jpg","contentUrl":"https:\/\/www.ecinews.fr\/wp-content\/uploads\/2022\/02\/logo-1.jpg","width":283,"height":113,"caption":"EENewsEurope"},"image":{"@id":"https:\/\/www.eenewseurope.com\/en\/#\/schema\/logo\/image\/"}},{"@type":"Person","@id":"https:\/\/www.eenewseurope.com\/en\/#\/schema\/person\/9eff4051fa9dac8230052de45e32b0f4","name":"eeNews Europe","image":{"@type":"ImageObject","inLanguage":"fr-FR","@id":"https:\/\/www.eenewseurope.com\/en\/#\/schema\/person\/image\/fae8f0cb15861c4ae0ed4872e2c9fc22","url":"https:\/\/secure.gravatar.com\/avatar\/5081509054e28b04ecd976976e723ce0?s=96&d=mm&r=g","contentUrl":"https:\/\/secure.gravatar.com\/avatar\/5081509054e28b04ecd976976e723ce0?s=96&d=mm&r=g","caption":"eeNews Europe"}}]}},"authors":[{"term_id":1149,"user_id":22,"is_guest":0,"slug":"eenews-europe","display_name":"eeNews Europe","avatar_url":"https:\/\/secure.gravatar.com\/avatar\/5081509054e28b04ecd976976e723ce0?s=96&d=mm&r=g","0":null,"1":"","2":"","3":"","4":"","5":"","6":"","7":"","8":""}],"_links":{"self":[{"href":"https:\/\/www.ecinews.fr\/fr\/wp-json\/wp\/v2\/posts\/123696"}],"collection":[{"href":"https:\/\/www.ecinews.fr\/fr\/wp-json\/wp\/v2\/posts"}],"about":[{"href":"https:\/\/www.ecinews.fr\/fr\/wp-json\/wp\/v2\/types\/post"}],"author":[{"embeddable":true,"href":"https:\/\/www.ecinews.fr\/fr\/wp-json\/wp\/v2\/users\/22"}],"replies":[{"embeddable":true,"href":"https:\/\/www.ecinews.fr\/fr\/wp-json\/wp\/v2\/comments?post=123696"}],"version-history":[{"count":0,"href":"https:\/\/www.ecinews.fr\/fr\/wp-json\/wp\/v2\/posts\/123696\/revisions"}],"wp:featuredmedia":[{"embeddable":true,"href":"https:\/\/www.ecinews.fr\/fr\/wp-json\/wp\/v2\/media\/123697"}],"wp:attachment":[{"href":"https:\/\/www.ecinews.fr\/fr\/wp-json\/wp\/v2\/media?parent=123696"}],"wp:term":[{"taxonomy":"category","embeddable":true,"href":"https:\/\/www.ecinews.fr\/fr\/wp-json\/wp\/v2\/categories?post=123696"},{"taxonomy":"post_tag","embeddable":true,"href":"https:\/\/www.ecinews.fr\/fr\/wp-json\/wp\/v2\/tags?post=123696"},{"taxonomy":"domains","embeddable":true,"href":"https:\/\/www.ecinews.fr\/fr\/wp-json\/wp\/v2\/domains?post=123696"},{"taxonomy":"author","embeddable":true,"href":"https:\/\/www.ecinews.fr\/fr\/wp-json\/wp\/v2\/ppma_author?post=123696"}],"curies":[{"name":"wp","href":"https:\/\/api.w.org\/{rel}","templated":true}]}}