{"id":12319,"date":"2021-05-11T13:47:38","date_gmt":"2021-05-11T13:47:38","guid":{"rendered":"https:\/\/\/collaboration-aura-aero-et-akka-technologies-sur-2-avions-electriques\/"},"modified":"2021-05-11T13:47:38","modified_gmt":"2021-05-11T13:47:38","slug":"collaboration-aura-aero-et-akka-technologies-sur-2-avions-electriques","status":"publish","type":"post","link":"https:\/\/www.ecinews.fr\/fr\/collaboration-aura-aero-et-akka-technologies-sur-2-avions-electriques\/","title":{"rendered":"Collaboration Aura Aero et Akka Technologies sur 2 avions \u00e9lectriques"},"content":{"rendered":"<p>Akka utilisera son expertise venant de ses activit\u00e9s a\u00e9ronautique et automobile pour accompagner Aura dans les deux projets au cours des deux prochaines ann\u00e9es avec le d\u00e9veloppement de plusieurs blocs technologiques pour l&rsquo;ERA ( avion r\u00e9gional \u00e9lectrique) ainsi que pour le d\u00e9veloppement et l&rsquo;int\u00e9gration d&rsquo;un BMS (Syst\u00e8me de gestion des batteries) pour l&rsquo;avion de voltige a\u00e9rienne \u00e9lectrique INTEGRAL-E.<\/p>\n<p>Akka pr\u00e9voit de constituer une \u00e9quipe exp\u00e9riment\u00e9e de 40 ing\u00e9nieurs dans ses deux centres d&rsquo;expertise d&rsquo;ing\u00e9nierie et d&rsquo;aviation bas\u00e9s \u00e0 Toulouse pour fournir des capacit\u00e9s de R&amp;D \u00e0 Aura Aero. Airbus dispose \u00e9galement d&rsquo;une importante usine d&rsquo;ing\u00e9nierie \u00e0 Toulouse. Cette d\u00e9cision intervient alors qu&rsquo;un autre constructeur a\u00e9ronautique fran\u00e7ais, Safran, commence le d\u00e9veloppement d&rsquo;un avion r\u00e9gional \u00e9lectrique 8 places avec la soci\u00e9t\u00e9 am\u00e9ricaine Bye.<\/p>\n<p>&nbsp;<\/p>\n<p class=\"MsoNormal\">\n<ul>\n<li class=\"MsoNormal\"><a href=\"https:\/\/www.eenewspower.com\/news\/safran-teams-8-seater-electric-aircraft-solar-panels\">Safran teams for 8 seater with solar panels<\/a><\/li>\n<\/ul>\n<p class=\"MsoNormal\">\u00abNous sommes ravis de pouvoir travailler avec Akka pour d\u00e9velopper le nouveau programme Aura Aero\u00bb, a d\u00e9clar\u00e9 J\u00e9r\u00e9my Caussade, pr\u00e9sident et co-fondateur d&rsquo;Aura. \u00abLes comp\u00e9tences mises \u00e0 disposition renforceront notre expertise interne et contribueront au d\u00e9veloppement de notre nouvel avion ERA, un avion r\u00e9gional de 19 places \u00e0 propulsion \u00e9lectrique, \u00e9co-efficace et innovant. Plus que jamais, nous sommes conscients que les femmes et les hommes sont au c\u0153ur de nos succ\u00e8s actuels et futurs.<\/p>\n<p>\u00abCe partenariat illustre l\u2019agilit\u00e9 d\u2019Akka \u00e0 tirer parti de sa profonde expertise dans le&nbsp;domaine a\u00e9ronautique en Occitanie pour contribuer au d\u00e9veloppement de projets destin\u00e9s \u00e0 ouvrir la voie \u00e0 l\u2019aviation du futur\u00bb, a d\u00e9clar\u00e9 St\u00e9phane Latieule, SVP Aerospace chez Akka France.<\/p>\n<p>Akka s&rsquo;est remis&nbsp;des effets de la pand\u00e9mie, d\u00e9clare Mauro Ricci, pr\u00e9sident-directeur g\u00e9n\u00e9ral. \u00abNous avons acc\u00e9l\u00e9r\u00e9 le repositionnement de nos activit\u00e9s avec de multiples initiatives pour tirer parti de notre c\u0153ur de m\u00e9tier, en diversifiant nos capacit\u00e9s dans le num\u00e9rique dans tous nos secteurs d&rsquo;activit\u00e9 et en R&amp;D avec Akka Research\u00bb, a-t-il d\u00e9clar\u00e9. \u00abGr\u00e2ce \u00e0 notre travail visant \u00e0 all\u00e9ger nos organisations et \u00e0 g\u00e9rer rigoureusement notre base de co\u00fbts avec un accent constant sur la gestion de la tr\u00e9sorerie, nous en portons d\u00e9j\u00e0 les premiers fruits. Le b\u00e9n\u00e9fice de chacune de nos business units est de retour en territoire positif, tandis que la croissance du chiffre d&rsquo;affaires au T3 et au T4 confirme la reprise progressive de l&rsquo;activit\u00e9. \u00bb<\/p>\n<p>\u00abNous pr\u00e9voyons que la reprise progressive et mod\u00e9r\u00e9e se poursuivra au premier semestre 2021 et s&rsquo;acc\u00e9l\u00e9rera au deuxi\u00e8me semestre 2021 avec une bonne dynamique dans nos activit\u00e9s num\u00e9riques et dans la plupart de nos secteurs\u00bb, a-t-il d\u00e9clar\u00e9.<\/p>\n<p><strong>Lire aussi:<\/strong><\/p>\n<p><a href=\"https:\/\/www.ecinews.fr\/news\/lavion-propulsion-hybride-prend-sa-source-au-bourget\">L&rsquo;avion \u00e0 propulsion hybride prend sa source au Bourget<\/a><\/p>\n<p><a href=\"https:\/\/www.ecinews.fr\/news\/turbotech-revolutionne-les-avions-hybrides-electriques\">Turbotech r\u00e9volutionne les avions hybrides \u00e9lectriques<\/a><\/p>\n<p><a href=\"https:\/\/www.akka-technologies.com\/\">https:\/\/www.akka-technologies.com\/<\/a><\/p>\n<p class=\"MsoNormal\">\n<p class=\"MsoNormal\"><strong>Related electric aircraft and Akka articles <\/strong><\/p>\n<p class=\"MsoNormal\"><strong><a href=\"https:\/\/www.eenewseurope.com\/news\/mbtech-boosts-electromobility-new-competence-centre\"><\/a><\/strong><\/p>\n<ul>\n<li class=\"MsoNormal\"><span class=\"MsoHyperlink\"><a href=\"https:\/\/www.eenewseurope.com\/news\/mbtech-boosts-electromobility-new-competence-centre\">MBtech boosts electromobility with new competence centre<\/a><\/span><\/li>\n<li class=\"MsoNormal\"><span class=\"MsoHyperlink\"><a href=\"https:\/\/www.eenewseurope.com\/news\/altran-turns-capgemini-engineering\">Altran turns into Capgemini Engineering<\/a><\/span><\/li>\n<li class=\"MsoNormal\"><span class=\"MsoHyperlink\"><a href=\"https:\/\/www.eenewseurope.com\/news\/electric-air-taxi-firm-readies-takeoff\">Electric air taxi firm readies for takeoff<\/a><\/span><\/li>\n<li class=\"MsoNormal\"><a href=\"https:\/\/www.eenewseurope.com\/news\/electric-aircraft-maker-raises-240m\">Lilium raises $240m<\/a><\/li>\n<li class=\"MsoNormal\"><a href=\"https:\/\/www.eenewseurope.com\/news\/lillium-e-plane-completes-maiden-flight\/page\/0\/1\">Lillium e-plane completes maiden flight<\/a> <\/li>\n<\/ul>\n<p class=\"MsoNormal\">\n<p class=\"MsoNormal\">\n","protected":false},"excerpt":{"rendered":"<p>La soci\u00e9t\u00e9 d&rsquo;ing\u00e9nierie parisienne Akka Technologies travaille avec l&rsquo;avionneur Aura Aero \u00e0 Toulouse sur un ERA (Electric Regional Aircraft) de 19 places ainsi qu&rsquo;un avion \u00e9lectrique de voltige.<\/p>\n","protected":false},"author":7,"featured_media":12320,"comment_status":"open","ping_status":"closed","sticky":false,"template":"","format":"standard","meta":{"_acf_changed":false,"footnotes":""},"categories":[883],"tags":[909,913,890],"domains":[47],"ppma_author":[1139],"class_list":["post-12319","post","type-post","status-publish","format-standard","has-post-thumbnail","hentry","category-technologies","tag-batteries-power-supplies-fr","tag-materials-processes-fr","tag-powermanagement-fr","domains-electronique-eci"],"acf":[],"yoast_head":"<title>Collaboration Aura Aero et Akka Technologies sur 2 avions \u00e9lec...<\/title>\n<meta name=\"description\" content=\"La soci\u00e9t\u00e9 d&#039;ing\u00e9nierie parisienne Akka Technologies travaille avec l&#039;avionneur Aura Aero \u00e0 Toulouse sur un ERA (Electric Regional Aircraft) de 19 places...\" \/>\n<meta name=\"robots\" content=\"index, follow, max-snippet:-1, max-image-preview:large, max-video-preview:-1\" \/>\n<link rel=\"canonical\" href=\"https:\/\/www.ecinews.fr\/fr\/wp-json\/wp\/v2\/posts\/12319\/\" \/>\n<meta property=\"og:locale\" content=\"fr_FR\" \/>\n<meta property=\"og:type\" content=\"article\" \/>\n<meta property=\"og:title\" content=\"Collaboration Aura Aero et Akka Technologies sur 2 avions \u00e9lectriques\" \/>\n<meta property=\"og:description\" content=\"La soci\u00e9t\u00e9 d&#039;ing\u00e9nierie parisienne Akka Technologies travaille avec l&#039;avionneur Aura Aero \u00e0 Toulouse sur un ERA (Electric Regional Aircraft) de 19 places ainsi qu&#039;un avion \u00e9lectrique de voltige.\" \/>\n<meta property=\"og:url\" content=\"https:\/\/www.ecinews.fr\/fr\/wp-json\/wp\/v2\/posts\/12319\/\" \/>\n<meta property=\"og:site_name\" content=\"EENewsEurope\" \/>\n<meta property=\"article:published_time\" content=\"2021-05-11T13:47:38+00:00\" \/>\n<meta property=\"og:image\" content=\"https:\/\/www.ecinews.fr\/wp-content\/uploads\/import\/default\/files\/sites\/default\/files\/images\/2021-05-10-integralr_000_0.png\" \/>\n\t<meta property=\"og:image:width\" content=\"1000\" \/>\n\t<meta property=\"og:image:height\" content=\"700\" \/>\n\t<meta property=\"og:image:type\" content=\"image\/png\" \/>\n<meta name=\"author\" content=\"Wisse Hettinga\" \/>\n<meta name=\"twitter:card\" content=\"summary_large_image\" \/>\n<meta name=\"twitter:label1\" content=\"Written by\" \/>\n\t<meta name=\"twitter:data1\" content=\"Wisse Hettinga\" \/>\n\t<meta name=\"twitter:label2\" content=\"Est. reading time\" \/>\n\t<meta name=\"twitter:data2\" content=\"3 minutes\" \/>\n<script type=\"application\/ld+json\" class=\"yoast-schema-graph\">{\"@context\":\"https:\/\/schema.org\",\"@graph\":[{\"@type\":\"Article\",\"@id\":\"https:\/\/www.ecinews.fr\/fr\/collaboration-aura-aero-et-akka-technologies-sur-2-avions-electriques\/#article\",\"isPartOf\":{\"@id\":\"https:\/\/www.ecinews.fr\/fr\/collaboration-aura-aero-et-akka-technologies-sur-2-avions-electriques\/\"},\"author\":{\"name\":\"Wisse Hettinga\",\"@id\":\"https:\/\/www.eenewseurope.com\/en\/#\/schema\/person\/c6b626c6c65f5e1e7794ce2d17b2ca82\"},\"headline\":\"Collaboration Aura Aero et Akka Technologies sur 2 avions \u00e9lectriques\",\"datePublished\":\"2021-05-11T13:47:38+00:00\",\"dateModified\":\"2021-05-11T13:47:38+00:00\",\"mainEntityOfPage\":{\"@id\":\"https:\/\/www.ecinews.fr\/fr\/collaboration-aura-aero-et-akka-technologies-sur-2-avions-electriques\/\"},\"wordCount\":543,\"commentCount\":0,\"publisher\":{\"@id\":\"https:\/\/www.eenewseurope.com\/en\/#organization\"},\"keywords\":[\"Batteries \/ Power Supplies\",\"Materials &amp; processes\",\"PowerManagement\"],\"articleSection\":[\"Technologies\"],\"inLanguage\":\"fr-FR\",\"potentialAction\":[{\"@type\":\"CommentAction\",\"name\":\"Comment\",\"target\":[\"https:\/\/www.ecinews.fr\/fr\/collaboration-aura-aero-et-akka-technologies-sur-2-avions-electriques\/#respond\"]}]},{\"@type\":\"WebPage\",\"@id\":\"https:\/\/www.ecinews.fr\/fr\/collaboration-aura-aero-et-akka-technologies-sur-2-avions-electriques\/\",\"url\":\"https:\/\/www.ecinews.fr\/fr\/collaboration-aura-aero-et-akka-technologies-sur-2-avions-electriques\/\",\"name\":\"Collaboration Aura Aero et Akka Technologies sur 2 avions \u00e9lectriques -\",\"isPartOf\":{\"@id\":\"https:\/\/www.eenewseurope.com\/en\/#website\"},\"datePublished\":\"2021-05-11T13:47:38+00:00\",\"dateModified\":\"2021-05-11T13:47:38+00:00\",\"breadcrumb\":{\"@id\":\"https:\/\/www.ecinews.fr\/fr\/collaboration-aura-aero-et-akka-technologies-sur-2-avions-electriques\/#breadcrumb\"},\"inLanguage\":\"fr-FR\",\"potentialAction\":[{\"@type\":\"ReadAction\",\"target\":[\"https:\/\/www.ecinews.fr\/fr\/collaboration-aura-aero-et-akka-technologies-sur-2-avions-electriques\/\"]}]},{\"@type\":\"BreadcrumbList\",\"@id\":\"https:\/\/www.ecinews.fr\/fr\/collaboration-aura-aero-et-akka-technologies-sur-2-avions-electriques\/#breadcrumb\",\"itemListElement\":[{\"@type\":\"ListItem\",\"position\":1,\"name\":\"Home\",\"item\":\"https:\/\/www.ecinews.fr\/fr\/\"},{\"@type\":\"ListItem\",\"position\":2,\"name\":\"Collaboration Aura Aero et Akka Technologies sur 2 avions \u00e9lectriques\"}]},{\"@type\":\"WebSite\",\"@id\":\"https:\/\/www.eenewseurope.com\/en\/#website\",\"url\":\"https:\/\/www.eenewseurope.com\/en\/\",\"name\":\"EENewsEurope\",\"description\":\"Just another WordPress site\",\"publisher\":{\"@id\":\"https:\/\/www.eenewseurope.com\/en\/#organization\"},\"potentialAction\":[{\"@type\":\"SearchAction\",\"target\":{\"@type\":\"EntryPoint\",\"urlTemplate\":\"https:\/\/www.eenewseurope.com\/en\/?s={search_term_string}\"},\"query-input\":\"required name=search_term_string\"}],\"inLanguage\":\"fr-FR\"},{\"@type\":\"Organization\",\"@id\":\"https:\/\/www.eenewseurope.com\/en\/#organization\",\"name\":\"EENewsEurope\",\"url\":\"https:\/\/www.eenewseurope.com\/en\/\",\"logo\":{\"@type\":\"ImageObject\",\"inLanguage\":\"fr-FR\",\"@id\":\"https:\/\/www.eenewseurope.com\/en\/#\/schema\/logo\/image\/\",\"url\":\"https:\/\/www.ecinews.fr\/wp-content\/uploads\/2022\/02\/logo-1.jpg\",\"contentUrl\":\"https:\/\/www.ecinews.fr\/wp-content\/uploads\/2022\/02\/logo-1.jpg\",\"width\":283,\"height\":113,\"caption\":\"EENewsEurope\"},\"image\":{\"@id\":\"https:\/\/www.eenewseurope.com\/en\/#\/schema\/logo\/image\/\"}},{\"@type\":\"Person\",\"@id\":\"https:\/\/www.eenewseurope.com\/en\/#\/schema\/person\/c6b626c6c65f5e1e7794ce2d17b2ca82\",\"name\":\"Wisse Hettinga\",\"image\":{\"@type\":\"ImageObject\",\"inLanguage\":\"fr-FR\",\"@id\":\"https:\/\/www.eenewseurope.com\/en\/#\/schema\/person\/image\/5dc5f564ca306d7cb8b22735be49a465\",\"url\":\"https:\/\/secure.gravatar.com\/avatar\/24a36fe68de56eac2a45cbaf9aa4bb58?s=96&d=mm&r=g\",\"contentUrl\":\"https:\/\/secure.gravatar.com\/avatar\/24a36fe68de56eac2a45cbaf9aa4bb58?s=96&d=mm&r=g\",\"caption\":\"Wisse Hettinga\"}}]}<\/script>","yoast_head_json":{"title":"Collaboration Aura Aero et Akka Technologies sur 2 avions \u00e9lec...","description":"La soci\u00e9t\u00e9 d'ing\u00e9nierie parisienne Akka Technologies travaille avec l'avionneur Aura Aero \u00e0 Toulouse sur un ERA (Electric Regional Aircraft) de 19 places...","robots":{"index":"index","follow":"follow","max-snippet":"max-snippet:-1","max-image-preview":"max-image-preview:large","max-video-preview":"max-video-preview:-1"},"canonical":"https:\/\/www.ecinews.fr\/fr\/wp-json\/wp\/v2\/posts\/12319\/","og_locale":"fr_FR","og_type":"article","og_title":"Collaboration Aura Aero et Akka Technologies sur 2 avions \u00e9lectriques","og_description":"La soci\u00e9t\u00e9 d'ing\u00e9nierie parisienne Akka Technologies travaille avec l'avionneur Aura Aero \u00e0 Toulouse sur un ERA (Electric Regional Aircraft) de 19 places ainsi qu'un avion \u00e9lectrique de voltige.","og_url":"https:\/\/www.ecinews.fr\/fr\/wp-json\/wp\/v2\/posts\/12319\/","og_site_name":"EENewsEurope","article_published_time":"2021-05-11T13:47:38+00:00","og_image":[{"width":1000,"height":700,"url":"https:\/\/www.ecinews.fr\/wp-content\/uploads\/import\/default\/files\/sites\/default\/files\/images\/2021-05-10-integralr_000_0.png","type":"image\/png"}],"author":"Wisse Hettinga","twitter_card":"summary_large_image","twitter_misc":{"Written by":"Wisse Hettinga","Est. reading time":"3 minutes"},"schema":{"@context":"https:\/\/schema.org","@graph":[{"@type":"Article","@id":"https:\/\/www.ecinews.fr\/fr\/collaboration-aura-aero-et-akka-technologies-sur-2-avions-electriques\/#article","isPartOf":{"@id":"https:\/\/www.ecinews.fr\/fr\/collaboration-aura-aero-et-akka-technologies-sur-2-avions-electriques\/"},"author":{"name":"Wisse Hettinga","@id":"https:\/\/www.eenewseurope.com\/en\/#\/schema\/person\/c6b626c6c65f5e1e7794ce2d17b2ca82"},"headline":"Collaboration Aura Aero et Akka Technologies sur 2 avions \u00e9lectriques","datePublished":"2021-05-11T13:47:38+00:00","dateModified":"2021-05-11T13:47:38+00:00","mainEntityOfPage":{"@id":"https:\/\/www.ecinews.fr\/fr\/collaboration-aura-aero-et-akka-technologies-sur-2-avions-electriques\/"},"wordCount":543,"commentCount":0,"publisher":{"@id":"https:\/\/www.eenewseurope.com\/en\/#organization"},"keywords":["Batteries \/ Power Supplies","Materials &amp; processes","PowerManagement"],"articleSection":["Technologies"],"inLanguage":"fr-FR","potentialAction":[{"@type":"CommentAction","name":"Comment","target":["https:\/\/www.ecinews.fr\/fr\/collaboration-aura-aero-et-akka-technologies-sur-2-avions-electriques\/#respond"]}]},{"@type":"WebPage","@id":"https:\/\/www.ecinews.fr\/fr\/collaboration-aura-aero-et-akka-technologies-sur-2-avions-electriques\/","url":"https:\/\/www.ecinews.fr\/fr\/collaboration-aura-aero-et-akka-technologies-sur-2-avions-electriques\/","name":"Collaboration Aura Aero et Akka Technologies sur 2 avions \u00e9lectriques -","isPartOf":{"@id":"https:\/\/www.eenewseurope.com\/en\/#website"},"datePublished":"2021-05-11T13:47:38+00:00","dateModified":"2021-05-11T13:47:38+00:00","breadcrumb":{"@id":"https:\/\/www.ecinews.fr\/fr\/collaboration-aura-aero-et-akka-technologies-sur-2-avions-electriques\/#breadcrumb"},"inLanguage":"fr-FR","potentialAction":[{"@type":"ReadAction","target":["https:\/\/www.ecinews.fr\/fr\/collaboration-aura-aero-et-akka-technologies-sur-2-avions-electriques\/"]}]},{"@type":"BreadcrumbList","@id":"https:\/\/www.ecinews.fr\/fr\/collaboration-aura-aero-et-akka-technologies-sur-2-avions-electriques\/#breadcrumb","itemListElement":[{"@type":"ListItem","position":1,"name":"Home","item":"https:\/\/www.ecinews.fr\/fr\/"},{"@type":"ListItem","position":2,"name":"Collaboration Aura Aero et Akka Technologies sur 2 avions \u00e9lectriques"}]},{"@type":"WebSite","@id":"https:\/\/www.eenewseurope.com\/en\/#website","url":"https:\/\/www.eenewseurope.com\/en\/","name":"EENewsEurope","description":"Just another WordPress site","publisher":{"@id":"https:\/\/www.eenewseurope.com\/en\/#organization"},"potentialAction":[{"@type":"SearchAction","target":{"@type":"EntryPoint","urlTemplate":"https:\/\/www.eenewseurope.com\/en\/?s={search_term_string}"},"query-input":"required name=search_term_string"}],"inLanguage":"fr-FR"},{"@type":"Organization","@id":"https:\/\/www.eenewseurope.com\/en\/#organization","name":"EENewsEurope","url":"https:\/\/www.eenewseurope.com\/en\/","logo":{"@type":"ImageObject","inLanguage":"fr-FR","@id":"https:\/\/www.eenewseurope.com\/en\/#\/schema\/logo\/image\/","url":"https:\/\/www.ecinews.fr\/wp-content\/uploads\/2022\/02\/logo-1.jpg","contentUrl":"https:\/\/www.ecinews.fr\/wp-content\/uploads\/2022\/02\/logo-1.jpg","width":283,"height":113,"caption":"EENewsEurope"},"image":{"@id":"https:\/\/www.eenewseurope.com\/en\/#\/schema\/logo\/image\/"}},{"@type":"Person","@id":"https:\/\/www.eenewseurope.com\/en\/#\/schema\/person\/c6b626c6c65f5e1e7794ce2d17b2ca82","name":"Wisse Hettinga","image":{"@type":"ImageObject","inLanguage":"fr-FR","@id":"https:\/\/www.eenewseurope.com\/en\/#\/schema\/person\/image\/5dc5f564ca306d7cb8b22735be49a465","url":"https:\/\/secure.gravatar.com\/avatar\/24a36fe68de56eac2a45cbaf9aa4bb58?s=96&d=mm&r=g","contentUrl":"https:\/\/secure.gravatar.com\/avatar\/24a36fe68de56eac2a45cbaf9aa4bb58?s=96&d=mm&r=g","caption":"Wisse Hettinga"}}]}},"authors":[{"term_id":1139,"user_id":7,"is_guest":0,"slug":"wisse-hettinga","display_name":"Wisse Hettinga","avatar_url":"https:\/\/secure.gravatar.com\/avatar\/24a36fe68de56eac2a45cbaf9aa4bb58?s=96&d=mm&r=g","0":null,"1":"","2":"","3":"","4":"","5":"","6":"","7":"","8":""}],"_links":{"self":[{"href":"https:\/\/www.ecinews.fr\/fr\/wp-json\/wp\/v2\/posts\/12319"}],"collection":[{"href":"https:\/\/www.ecinews.fr\/fr\/wp-json\/wp\/v2\/posts"}],"about":[{"href":"https:\/\/www.ecinews.fr\/fr\/wp-json\/wp\/v2\/types\/post"}],"author":[{"embeddable":true,"href":"https:\/\/www.ecinews.fr\/fr\/wp-json\/wp\/v2\/users\/7"}],"replies":[{"embeddable":true,"href":"https:\/\/www.ecinews.fr\/fr\/wp-json\/wp\/v2\/comments?post=12319"}],"version-history":[{"count":0,"href":"https:\/\/www.ecinews.fr\/fr\/wp-json\/wp\/v2\/posts\/12319\/revisions"}],"wp:featuredmedia":[{"embeddable":true,"href":"https:\/\/www.ecinews.fr\/fr\/wp-json\/wp\/v2\/media\/12320"}],"wp:attachment":[{"href":"https:\/\/www.ecinews.fr\/fr\/wp-json\/wp\/v2\/media?parent=12319"}],"wp:term":[{"taxonomy":"category","embeddable":true,"href":"https:\/\/www.ecinews.fr\/fr\/wp-json\/wp\/v2\/categories?post=12319"},{"taxonomy":"post_tag","embeddable":true,"href":"https:\/\/www.ecinews.fr\/fr\/wp-json\/wp\/v2\/tags?post=12319"},{"taxonomy":"domains","embeddable":true,"href":"https:\/\/www.ecinews.fr\/fr\/wp-json\/wp\/v2\/domains?post=12319"},{"taxonomy":"author","embeddable":true,"href":"https:\/\/www.ecinews.fr\/fr\/wp-json\/wp\/v2\/ppma_author?post=12319"}],"curies":[{"name":"wp","href":"https:\/\/api.w.org\/{rel}","templated":true}]}}