{"id":123060,"date":"2018-04-30T22:15:27","date_gmt":"2018-04-30T22:15:27","guid":{"rendered":"https:\/\/\/lg-sempare-de-la-societe-declairage-automobile-zkw\/"},"modified":"2018-04-30T22:15:27","modified_gmt":"2018-04-30T22:15:27","slug":"lg-sempare-de-la-societe-declairage-automobile-zkw","status":"publish","type":"post","link":"https:\/\/www.ecinews.fr\/fr\/lg-sempare-de-la-societe-declairage-automobile-zkw\/","title":{"rendered":"LG s&#8217;empare de la soci\u00e9t\u00e9 d&rsquo;\u00e9clairage automobile ZKW"},"content":{"rendered":"<p>Depuis un an, des rumeurs de transaction entre les deux parties circulaient. Selon les rapports, Panasonic, Magna et B &amp; C Holding \u00e9taient int\u00e9ress\u00e9s. Cependant, ils se sont retir\u00e9s du processus de vente plus t\u00f4t en raison des attentes \u00e9lev\u00e9es du vendeur. LG aurait donc pay\u00e9 1,1 milliard d&rsquo;euros pour l&rsquo;acquisition.<\/p>\n<p>LG a \u00e9mis une garantie d&#8217;emploi de 5 ans pour les 3 450 employ\u00e9s de ZKW en Autriche mais ZKW g\u00e8re \u00e9galement des usines en R\u00e9publique tch\u00e8que, en Slovaquie, en Chine, en Inde, au Mexique et aux \u00c9tats-Unis&#8230;<\/p>\n<p>Par ailleurs, ZKW devrait rester une unit\u00e9 ind\u00e9pendante. L&rsquo;entreprise autrichienne fonctionnera en tant que centre de comp\u00e9tence mondial pour l&rsquo;\u00e9clairage automobile au sein du groupe LG et les synergies avec LG devraient permettre au groupe de prendre le leadership mondial dans la technologie d&rsquo;\u00e9clairage des v\u00e9hicules. La soci\u00e9t\u00e9 a \u00e9galement des projets pour les syst\u00e8mes avanc\u00e9s d&rsquo;assistance au conducteur (ADAS) et la conduite autonome.<\/p>\n","protected":false},"excerpt":{"rendered":"<p>Le groupe cor\u00e9en LG Electronics \u00e9tend ses activit\u00e9s dans le domaine de l&rsquo;\u00e9clairage automobile, avec l&rsquo;acquisition de la soci\u00e9t\u00e9 autrichienne ZKW qui emploie 9 000 employ\u00e9s dans le monde pour un chiffre d&rsquo;affaires de 1,23 milliard d&rsquo;euros.<\/p>\n","protected":false},"author":11,"featured_media":123061,"comment_status":"closed","ping_status":"closed","sticky":false,"template":"","format":"standard","meta":{"_acf_changed":false,"footnotes":""},"categories":[],"tags":[891],"domains":[47],"ppma_author":[1143],"class_list":["post-123060","post","type-post","status-publish","format-standard","has-post-thumbnail","hentry","tag-automotive-fr","domains-electronique-eci"],"acf":[],"yoast_head":"<title>LG s&#039;empare de la soci\u00e9t\u00e9 d&#039;\u00e9clairage automobile ZKW ...<\/title>\n<meta name=\"description\" content=\"Le groupe cor\u00e9en LG Electronics \u00e9tend ses activit\u00e9s dans le domaine de l&#039;\u00e9clairage automobile, avec l&#039;acquisition de la soci\u00e9t\u00e9 autrichienne ZKW qui...\" \/>\n<meta name=\"robots\" content=\"index, follow, max-snippet:-1, max-image-preview:large, max-video-preview:-1\" \/>\n<link rel=\"canonical\" href=\"https:\/\/www.ecinews.fr\/fr\/wp-json\/wp\/v2\/posts\/123060\/\" \/>\n<meta property=\"og:locale\" content=\"fr_FR\" \/>\n<meta property=\"og:type\" content=\"article\" \/>\n<meta property=\"og:title\" content=\"LG s&#039;empare de la soci\u00e9t\u00e9 d&#039;\u00e9clairage automobile ZKW\" \/>\n<meta property=\"og:description\" content=\"Le groupe cor\u00e9en LG Electronics \u00e9tend ses activit\u00e9s dans le domaine de l&#039;\u00e9clairage automobile, avec l&#039;acquisition de la soci\u00e9t\u00e9 autrichienne ZKW qui emploie 9 000 employ\u00e9s dans le monde pour un chiffre d&#039;affaires de 1,23 milliard d&#039;euros.\" \/>\n<meta property=\"og:url\" content=\"https:\/\/www.ecinews.fr\/fr\/wp-json\/wp\/v2\/posts\/123060\/\" \/>\n<meta property=\"og:site_name\" content=\"EENewsEurope\" \/>\n<meta property=\"article:published_time\" content=\"2018-04-30T22:15:27+00:00\" \/>\n<meta property=\"og:image\" content=\"https:\/\/www.eenewseurope.com\/wp-content\/uploads\/import\/default\/files\/sites\/default\/files\/images\/acquisition_1.jpg\" \/>\n\t<meta property=\"og:image:width\" content=\"440\" \/>\n\t<meta property=\"og:image:height\" content=\"332\" \/>\n\t<meta property=\"og:image:type\" content=\"image\/jpeg\" \/>\n<meta name=\"author\" content=\"Daniel Cardon\" \/>\n<meta name=\"twitter:card\" content=\"summary_large_image\" \/>\n<meta name=\"twitter:label1\" content=\"Written by\" \/>\n\t<meta name=\"twitter:data1\" content=\"Daniel Cardon\" \/>\n\t<meta name=\"twitter:label2\" content=\"Est. reading time\" \/>\n\t<meta name=\"twitter:data2\" content=\"1 minute\" \/>\n<script type=\"application\/ld+json\" class=\"yoast-schema-graph\">{\"@context\":\"https:\/\/schema.org\",\"@graph\":[{\"@type\":\"Article\",\"@id\":\"https:\/\/www.eenewseurope.com\/fr\/lg-sempare-de-la-societe-declairage-automobile-zkw\/#article\",\"isPartOf\":{\"@id\":\"https:\/\/www.eenewseurope.com\/fr\/lg-sempare-de-la-societe-declairage-automobile-zkw\/\"},\"author\":{\"name\":\"Daniel Cardon\",\"@id\":\"https:\/\/www.ecinews.fr\/fr\/#\/schema\/person\/93c44cde463762f40a8236eaa44c1c17\"},\"headline\":\"LG s&#8217;empare de la soci\u00e9t\u00e9 d&rsquo;\u00e9clairage automobile ZKW\",\"datePublished\":\"2018-04-30T22:15:27+00:00\",\"dateModified\":\"2018-04-30T22:15:27+00:00\",\"mainEntityOfPage\":{\"@id\":\"https:\/\/www.eenewseurope.com\/fr\/lg-sempare-de-la-societe-declairage-automobile-zkw\/\"},\"wordCount\":182,\"publisher\":{\"@id\":\"https:\/\/www.ecinews.fr\/fr\/#organization\"},\"keywords\":[\"Automotive\"],\"inLanguage\":\"fr-FR\"},{\"@type\":\"WebPage\",\"@id\":\"https:\/\/www.eenewseurope.com\/fr\/lg-sempare-de-la-societe-declairage-automobile-zkw\/\",\"url\":\"https:\/\/www.eenewseurope.com\/fr\/lg-sempare-de-la-societe-declairage-automobile-zkw\/\",\"name\":\"LG s'empare de la soci\u00e9t\u00e9 d'\u00e9clairage automobile ZKW -\",\"isPartOf\":{\"@id\":\"https:\/\/www.ecinews.fr\/fr\/#website\"},\"datePublished\":\"2018-04-30T22:15:27+00:00\",\"dateModified\":\"2018-04-30T22:15:27+00:00\",\"breadcrumb\":{\"@id\":\"https:\/\/www.eenewseurope.com\/fr\/lg-sempare-de-la-societe-declairage-automobile-zkw\/#breadcrumb\"},\"inLanguage\":\"fr-FR\",\"potentialAction\":[{\"@type\":\"ReadAction\",\"target\":[\"https:\/\/www.eenewseurope.com\/fr\/lg-sempare-de-la-societe-declairage-automobile-zkw\/\"]}]},{\"@type\":\"BreadcrumbList\",\"@id\":\"https:\/\/www.eenewseurope.com\/fr\/lg-sempare-de-la-societe-declairage-automobile-zkw\/#breadcrumb\",\"itemListElement\":[{\"@type\":\"ListItem\",\"position\":1,\"name\":\"Home\",\"item\":\"https:\/\/www.ecinews.fr\/fr\/\"},{\"@type\":\"ListItem\",\"position\":2,\"name\":\"LG s&#8217;empare de la soci\u00e9t\u00e9 d&rsquo;\u00e9clairage automobile ZKW\"}]},{\"@type\":\"WebSite\",\"@id\":\"https:\/\/www.ecinews.fr\/fr\/#website\",\"url\":\"https:\/\/www.ecinews.fr\/fr\/\",\"name\":\"EENewsEurope\",\"description\":\"Just another WordPress site\",\"publisher\":{\"@id\":\"https:\/\/www.ecinews.fr\/fr\/#organization\"},\"potentialAction\":[{\"@type\":\"SearchAction\",\"target\":{\"@type\":\"EntryPoint\",\"urlTemplate\":\"https:\/\/www.ecinews.fr\/fr\/?s={search_term_string}\"},\"query-input\":\"required name=search_term_string\"}],\"inLanguage\":\"fr-FR\"},{\"@type\":\"Organization\",\"@id\":\"https:\/\/www.ecinews.fr\/fr\/#organization\",\"name\":\"EENewsEurope\",\"url\":\"https:\/\/www.ecinews.fr\/fr\/\",\"logo\":{\"@type\":\"ImageObject\",\"inLanguage\":\"fr-FR\",\"@id\":\"https:\/\/www.ecinews.fr\/fr\/#\/schema\/logo\/image\/\",\"url\":\"https:\/\/www.ecinews.fr\/wp-content\/uploads\/2022\/02\/logo-1.jpg\",\"contentUrl\":\"https:\/\/www.ecinews.fr\/wp-content\/uploads\/2022\/02\/logo-1.jpg\",\"width\":283,\"height\":113,\"caption\":\"EENewsEurope\"},\"image\":{\"@id\":\"https:\/\/www.ecinews.fr\/fr\/#\/schema\/logo\/image\/\"}},{\"@type\":\"Person\",\"@id\":\"https:\/\/www.ecinews.fr\/fr\/#\/schema\/person\/93c44cde463762f40a8236eaa44c1c17\",\"name\":\"Daniel Cardon\",\"image\":{\"@type\":\"ImageObject\",\"inLanguage\":\"fr-FR\",\"@id\":\"https:\/\/www.ecinews.fr\/fr\/#\/schema\/person\/image\/2b243f6bcc1cff7d86aadfb2cd0bd870\",\"url\":\"https:\/\/secure.gravatar.com\/avatar\/de9edc136dfc061ad4778e04635baefa?s=96&d=mm&r=g\",\"contentUrl\":\"https:\/\/secure.gravatar.com\/avatar\/de9edc136dfc061ad4778e04635baefa?s=96&d=mm&r=g\",\"caption\":\"Daniel Cardon\"}}]}<\/script>","yoast_head_json":{"title":"LG s'empare de la soci\u00e9t\u00e9 d'\u00e9clairage automobile ZKW ...","description":"Le groupe cor\u00e9en LG Electronics \u00e9tend ses activit\u00e9s dans le domaine de l'\u00e9clairage automobile, avec l'acquisition de la soci\u00e9t\u00e9 autrichienne ZKW qui...","robots":{"index":"index","follow":"follow","max-snippet":"max-snippet:-1","max-image-preview":"max-image-preview:large","max-video-preview":"max-video-preview:-1"},"canonical":"https:\/\/www.ecinews.fr\/fr\/wp-json\/wp\/v2\/posts\/123060\/","og_locale":"fr_FR","og_type":"article","og_title":"LG s'empare de la soci\u00e9t\u00e9 d'\u00e9clairage automobile ZKW","og_description":"Le groupe cor\u00e9en LG Electronics \u00e9tend ses activit\u00e9s dans le domaine de l'\u00e9clairage automobile, avec l'acquisition de la soci\u00e9t\u00e9 autrichienne ZKW qui emploie 9 000 employ\u00e9s dans le monde pour un chiffre d'affaires de 1,23 milliard d'euros.","og_url":"https:\/\/www.ecinews.fr\/fr\/wp-json\/wp\/v2\/posts\/123060\/","og_site_name":"EENewsEurope","article_published_time":"2018-04-30T22:15:27+00:00","og_image":[{"width":440,"height":332,"url":"https:\/\/www.eenewseurope.com\/wp-content\/uploads\/import\/default\/files\/sites\/default\/files\/images\/acquisition_1.jpg","type":"image\/jpeg"}],"author":"Daniel Cardon","twitter_card":"summary_large_image","twitter_misc":{"Written by":"Daniel Cardon","Est. reading time":"1 minute"},"schema":{"@context":"https:\/\/schema.org","@graph":[{"@type":"Article","@id":"https:\/\/www.eenewseurope.com\/fr\/lg-sempare-de-la-societe-declairage-automobile-zkw\/#article","isPartOf":{"@id":"https:\/\/www.eenewseurope.com\/fr\/lg-sempare-de-la-societe-declairage-automobile-zkw\/"},"author":{"name":"Daniel Cardon","@id":"https:\/\/www.ecinews.fr\/fr\/#\/schema\/person\/93c44cde463762f40a8236eaa44c1c17"},"headline":"LG s&#8217;empare de la soci\u00e9t\u00e9 d&rsquo;\u00e9clairage automobile ZKW","datePublished":"2018-04-30T22:15:27+00:00","dateModified":"2018-04-30T22:15:27+00:00","mainEntityOfPage":{"@id":"https:\/\/www.eenewseurope.com\/fr\/lg-sempare-de-la-societe-declairage-automobile-zkw\/"},"wordCount":182,"publisher":{"@id":"https:\/\/www.ecinews.fr\/fr\/#organization"},"keywords":["Automotive"],"inLanguage":"fr-FR"},{"@type":"WebPage","@id":"https:\/\/www.eenewseurope.com\/fr\/lg-sempare-de-la-societe-declairage-automobile-zkw\/","url":"https:\/\/www.eenewseurope.com\/fr\/lg-sempare-de-la-societe-declairage-automobile-zkw\/","name":"LG s'empare de la soci\u00e9t\u00e9 d'\u00e9clairage automobile ZKW -","isPartOf":{"@id":"https:\/\/www.ecinews.fr\/fr\/#website"},"datePublished":"2018-04-30T22:15:27+00:00","dateModified":"2018-04-30T22:15:27+00:00","breadcrumb":{"@id":"https:\/\/www.eenewseurope.com\/fr\/lg-sempare-de-la-societe-declairage-automobile-zkw\/#breadcrumb"},"inLanguage":"fr-FR","potentialAction":[{"@type":"ReadAction","target":["https:\/\/www.eenewseurope.com\/fr\/lg-sempare-de-la-societe-declairage-automobile-zkw\/"]}]},{"@type":"BreadcrumbList","@id":"https:\/\/www.eenewseurope.com\/fr\/lg-sempare-de-la-societe-declairage-automobile-zkw\/#breadcrumb","itemListElement":[{"@type":"ListItem","position":1,"name":"Home","item":"https:\/\/www.ecinews.fr\/fr\/"},{"@type":"ListItem","position":2,"name":"LG s&#8217;empare de la soci\u00e9t\u00e9 d&rsquo;\u00e9clairage automobile ZKW"}]},{"@type":"WebSite","@id":"https:\/\/www.ecinews.fr\/fr\/#website","url":"https:\/\/www.ecinews.fr\/fr\/","name":"EENewsEurope","description":"Just another WordPress site","publisher":{"@id":"https:\/\/www.ecinews.fr\/fr\/#organization"},"potentialAction":[{"@type":"SearchAction","target":{"@type":"EntryPoint","urlTemplate":"https:\/\/www.ecinews.fr\/fr\/?s={search_term_string}"},"query-input":"required name=search_term_string"}],"inLanguage":"fr-FR"},{"@type":"Organization","@id":"https:\/\/www.ecinews.fr\/fr\/#organization","name":"EENewsEurope","url":"https:\/\/www.ecinews.fr\/fr\/","logo":{"@type":"ImageObject","inLanguage":"fr-FR","@id":"https:\/\/www.ecinews.fr\/fr\/#\/schema\/logo\/image\/","url":"https:\/\/www.ecinews.fr\/wp-content\/uploads\/2022\/02\/logo-1.jpg","contentUrl":"https:\/\/www.ecinews.fr\/wp-content\/uploads\/2022\/02\/logo-1.jpg","width":283,"height":113,"caption":"EENewsEurope"},"image":{"@id":"https:\/\/www.ecinews.fr\/fr\/#\/schema\/logo\/image\/"}},{"@type":"Person","@id":"https:\/\/www.ecinews.fr\/fr\/#\/schema\/person\/93c44cde463762f40a8236eaa44c1c17","name":"Daniel Cardon","image":{"@type":"ImageObject","inLanguage":"fr-FR","@id":"https:\/\/www.ecinews.fr\/fr\/#\/schema\/person\/image\/2b243f6bcc1cff7d86aadfb2cd0bd870","url":"https:\/\/secure.gravatar.com\/avatar\/de9edc136dfc061ad4778e04635baefa?s=96&d=mm&r=g","contentUrl":"https:\/\/secure.gravatar.com\/avatar\/de9edc136dfc061ad4778e04635baefa?s=96&d=mm&r=g","caption":"Daniel Cardon"}}]}},"authors":[{"term_id":1143,"user_id":11,"is_guest":0,"slug":"danielcardon","display_name":"Daniel Cardon","avatar_url":"https:\/\/secure.gravatar.com\/avatar\/de9edc136dfc061ad4778e04635baefa?s=96&d=mm&r=g","0":null,"1":"","2":"","3":"","4":"","5":"","6":"","7":"","8":""}],"_links":{"self":[{"href":"https:\/\/www.ecinews.fr\/fr\/wp-json\/wp\/v2\/posts\/123060"}],"collection":[{"href":"https:\/\/www.ecinews.fr\/fr\/wp-json\/wp\/v2\/posts"}],"about":[{"href":"https:\/\/www.ecinews.fr\/fr\/wp-json\/wp\/v2\/types\/post"}],"author":[{"embeddable":true,"href":"https:\/\/www.ecinews.fr\/fr\/wp-json\/wp\/v2\/users\/11"}],"replies":[{"embeddable":true,"href":"https:\/\/www.ecinews.fr\/fr\/wp-json\/wp\/v2\/comments?post=123060"}],"version-history":[{"count":0,"href":"https:\/\/www.ecinews.fr\/fr\/wp-json\/wp\/v2\/posts\/123060\/revisions"}],"wp:featuredmedia":[{"embeddable":true,"href":"https:\/\/www.ecinews.fr\/fr\/wp-json\/wp\/v2\/media\/123061"}],"wp:attachment":[{"href":"https:\/\/www.ecinews.fr\/fr\/wp-json\/wp\/v2\/media?parent=123060"}],"wp:term":[{"taxonomy":"category","embeddable":true,"href":"https:\/\/www.ecinews.fr\/fr\/wp-json\/wp\/v2\/categories?post=123060"},{"taxonomy":"post_tag","embeddable":true,"href":"https:\/\/www.ecinews.fr\/fr\/wp-json\/wp\/v2\/tags?post=123060"},{"taxonomy":"domains","embeddable":true,"href":"https:\/\/www.ecinews.fr\/fr\/wp-json\/wp\/v2\/domains?post=123060"},{"taxonomy":"author","embeddable":true,"href":"https:\/\/www.ecinews.fr\/fr\/wp-json\/wp\/v2\/ppma_author?post=123060"}],"curies":[{"name":"wp","href":"https:\/\/api.w.org\/{rel}","templated":true}]}}