{"id":12219,"date":"2021-05-12T15:56:01","date_gmt":"2021-05-12T15:56:01","guid":{"rendered":"https:\/\/\/stmicro-ne-participera-pas-a-lalliance-europeenne\/"},"modified":"2021-05-12T15:56:01","modified_gmt":"2021-05-12T15:56:01","slug":"stmicro-ne-participera-pas-a-lalliance-europeenne","status":"publish","type":"post","link":"https:\/\/www.ecinews.fr\/fr\/stmicro-ne-participera-pas-a-lalliance-europeenne\/","title":{"rendered":"STMicro ne participera pas \u00e0 l&rsquo;alliance europ\u00e9enne"},"content":{"rendered":"<p>Chery CEO de STMicro s&rsquo;exprimait sur une cha\u00eene business fran\u00e7aise une semaine apr\u00e8s avoir annonc\u00e9 de solides r\u00e9sultats de vente pour la soci\u00e9t\u00e9 ( voir: <a href=\"https:\/\/www.ecinews.fr\/news\/boom-des-ventes-chez-stmicroelectronics-sur-la-voie-des-12-milliards\">Boom des ventes chez STMicroelectronics, sur la voie des $12 milliards<\/a>).<\/p>\n<p>\u00ab\u00a0Nous voyons cela de mani\u00e8re positive car cela ouvrira la concurrence dans les technologies avanc\u00e9es en Europe\u00a0\u00bb, a d\u00e9clar\u00e9 Chery, mais il a ajout\u00e9: \u00ab\u00a0Si c&rsquo;est sur des technologies avanc\u00e9es, il n&rsquo;y a aucune raison pour nous d&rsquo;en faire partie. C&rsquo;est marginal dans notre activit\u00e9. \u00ab\u00a0<\/p>\n<p>Chery a d\u00e9clar\u00e9 que le d\u00e9sir des politiciens de l&rsquo;Union europ\u00e9enne de cr\u00e9er une alliance pour les semiconducteurs afin de porter la fabrication de puces europ\u00e9ennes \u00e0 20% du total mondial \u00e9tait louable.<\/p>\n<p>Les candidats \u00e9vidents pour une telle alliance sont STMicroelectronics, Infineon, NXP, ASML ainsi que des instituts de recherche tels que IMEC, Leti et Fraunhofer. Mais tout comme elles l&rsquo;ont fait en 2013 et 2014 lorsque la commissaire europ\u00e9enne Neelie Kroes a propos\u00e9 un \u00ab\u00a0 Airbus des semiconducteurs&nbsp;\u00a0\u00bb, les entreprises techniques europ\u00e9ennes ont d\u00e9clar\u00e9 qu&rsquo;elles ne souhaitaient pas \u00eatre dans les domaines \u00e0 la pointe de la technologie, o\u00f9 elles avaient d\u00e9j\u00e0 externalis\u00e9 leur fabrication \u00e0 des fonderies. Dans le m\u00eame temps, ils ont demand\u00e9 plus de soutien financier dans les domaines des&nbsp;capteurs, des composants de&nbsp;puissance et les circuits int\u00e9gr\u00e9s int\u00e9gr\u00e9s embarqu\u00e9s qu&rsquo;ils souhaitaient fabriquer.<\/p>\n<p>Il devient de plus en plus \u00e9vident que l&rsquo;investisseur entrant Intel est la meilleure chance pour l&rsquo;Europe de rapprocher la fabrication locale de puces vers la pointe de la technologie, d\u00e9sormais domin\u00e9e par Samsung et TSMC.<\/p>\n<p><strong>Lire aussi:<\/strong><\/p>\n<p><a href=\"https:\/\/www.ecinews.fr\/news\/intel-reclame-8-milliards-deuros-daides-pour-construire-eurofab\">Intel r\u00e9clame 8 milliards d&rsquo;euros d&rsquo;aides pour construire EuroFab<\/a><\/p>\n<p><span style=\"font-size:10px\"><span style=\"font-family:arial,helvetica,sans-serif\"><a href=\"https:\/\/www.ecinews.fr\/news\/la-commission-europeenne-parle-de-fab-2nm-avec-tsmc-intel-et-samsung\" style=\", sans-serif;font-size: 16px\">La Commission Europ\u00e9enne parle de Fab 2nm avec TSMC, Intel et Samsung<\/a><\/span><\/span><\/p>\n<p><strong>Related links and articles: <\/strong><\/p>\n<p><a href=\"http:\/\/www.st.com\">www.st.com<\/a><\/p>\n<p><strong>News articles:<\/strong><\/p>\n<p><span><a href=\"https:\/\/www.eenewsanalog.com\/news\/intel-build-two-wafer-fabs-be-foundry-europe\">Intel to build two wafer fabs, be foundry for Europe <\/a><\/span><\/p>\n<p class=\"MsoNoSpacing\"><span><a href=\"https:\/\/www.eenewsanalog.com\/news\/tech-firms-call-eu100-billion-european-sovereignty-fund\">Tech firms call for \u20ac100 billion European sovereignty fund<\/a><\/span><\/p>\n<p class=\"MsoNoSpacing\"><span><a href=\"https:\/\/www.eenewsanalog.com\/news\/intel-seeks-10-billion-subsidy-eurofab\">Intel seeks $10 billion subsidy for &lsquo;EuroFab&rsquo;<\/a><\/span><\/p>\n<p class=\"MsoNoSpacing\"><span><a href=\"https:\/\/www.eenewsanalog.com\/news\/ibm-announces-first-2nm-chip-and-manufacturing-process\">IBM announces first 2nm chip and manufacturing process<\/a><\/span><\/p>\n<p class=\"MsoNoSpacing\"><span><a href=\"https:\/\/www.eenewsanalog.com\/news\/european-2nm-chip-fab-futile-endeavour-says-think-tank\">European 2nm chip fab a \u00ab\u00a0futile endeavour,\u00a0\u00bb says think tank<\/a><\/span><\/p>\n","protected":false},"excerpt":{"rendered":"<p>Jean-Marc Chery, PDG de STMicroelectronics, a d\u00e9clar\u00e9 que son entreprise ne participerait pas \u00e0 une \u00e9ventuelle alliance de fabricants de puces europ\u00e9ens pour fabriquer des puces num\u00e9riques avanc\u00e9es. <\/p>\n","protected":false},"author":7,"featured_media":12220,"comment_status":"open","ping_status":"closed","sticky":false,"template":"","format":"standard","meta":{"_acf_changed":false,"footnotes":""},"categories":[883],"tags":[889,920,893,895,899,919,913,905,906,908,916,915],"domains":[47],"ppma_author":[1139],"class_list":["post-12219","post","type-post","status-publish","format-standard","has-post-thumbnail","hentry","category-technologies","tag-analog-fr","tag-artificialintelligence-fr","tag-authentication-encryption-fr","tag-developmentkits-fr","tag-eda-cad-tools-fr","tag-iot-fr","tag-materials-processes-fr","tag-memory-data-storage-fr","tag-mpus-mcus-fr","tag-plds-fpgas-asics-fr","tag-rf-transmission-fr","tag-wireless-communications-fr","domains-electronique-eci"],"acf":[],"yoast_head":"<title>STMicro ne participera pas \u00e0 l&#039;alliance europ\u00e9enne ...<\/title>\n<meta name=\"description\" content=\"Jean-Marc Chery, PDG de STMicroelectronics, a d\u00e9clar\u00e9 que son entreprise ne participerait pas \u00e0 une \u00e9ventuelle alliance de fabricants de puces europ\u00e9ens...\" \/>\n<meta name=\"robots\" content=\"index, follow, max-snippet:-1, max-image-preview:large, max-video-preview:-1\" \/>\n<link rel=\"canonical\" href=\"https:\/\/www.ecinews.fr\/fr\/wp-json\/wp\/v2\/posts\/12219\/\" \/>\n<meta property=\"og:locale\" content=\"fr_FR\" \/>\n<meta property=\"og:type\" content=\"article\" \/>\n<meta property=\"og:title\" content=\"STMicro ne participera pas \u00e0 l&#039;alliance europ\u00e9enne\" \/>\n<meta property=\"og:description\" content=\"Jean-Marc Chery, PDG de STMicroelectronics, a d\u00e9clar\u00e9 que son entreprise ne participerait pas \u00e0 une \u00e9ventuelle alliance de fabricants de puces europ\u00e9ens pour fabriquer des puces num\u00e9riques avanc\u00e9es.\" \/>\n<meta property=\"og:url\" content=\"https:\/\/www.ecinews.fr\/fr\/wp-json\/wp\/v2\/posts\/12219\/\" \/>\n<meta property=\"og:site_name\" content=\"EENewsEurope\" \/>\n<meta property=\"article:published_time\" content=\"2021-05-12T15:56:01+00:00\" \/>\n<meta property=\"og:image\" content=\"https:\/\/www.ecinews.fr\/wp-content\/uploads\/import\/default\/files\/sites\/default\/files\/images\/jeanmarcchery630_1.jpg\" \/>\n\t<meta property=\"og:image:width\" content=\"630\" \/>\n\t<meta property=\"og:image:height\" content=\"479\" \/>\n\t<meta property=\"og:image:type\" content=\"image\/jpeg\" \/>\n<meta name=\"author\" content=\"Wisse Hettinga\" \/>\n<meta name=\"twitter:card\" content=\"summary_large_image\" \/>\n<meta name=\"twitter:label1\" content=\"Written by\" \/>\n\t<meta name=\"twitter:data1\" content=\"Wisse Hettinga\" \/>\n\t<meta name=\"twitter:label2\" content=\"Est. reading time\" \/>\n\t<meta name=\"twitter:data2\" content=\"2 minutes\" \/>\n<script type=\"application\/ld+json\" class=\"yoast-schema-graph\">{\"@context\":\"https:\/\/schema.org\",\"@graph\":[{\"@type\":\"Article\",\"@id\":\"https:\/\/www.ecinews.fr\/fr\/stmicro-ne-participera-pas-a-lalliance-europeenne\/#article\",\"isPartOf\":{\"@id\":\"https:\/\/www.ecinews.fr\/fr\/stmicro-ne-participera-pas-a-lalliance-europeenne\/\"},\"author\":{\"name\":\"Wisse Hettinga\",\"@id\":\"https:\/\/www.eenewseurope.com\/en\/#\/schema\/person\/c6b626c6c65f5e1e7794ce2d17b2ca82\"},\"headline\":\"STMicro ne participera pas \u00e0 l&rsquo;alliance europ\u00e9enne\",\"datePublished\":\"2021-05-12T15:56:01+00:00\",\"dateModified\":\"2021-05-12T15:56:01+00:00\",\"mainEntityOfPage\":{\"@id\":\"https:\/\/www.ecinews.fr\/fr\/stmicro-ne-participera-pas-a-lalliance-europeenne\/\"},\"wordCount\":372,\"commentCount\":0,\"publisher\":{\"@id\":\"https:\/\/www.eenewseurope.com\/en\/#organization\"},\"keywords\":[\"Analog\",\"ArtificialIntelligence\",\"Authentication &amp; Encryption\",\"DevelopmentKits\",\"EDA &amp; CAD tools\",\"IoT\",\"Materials &amp; processes\",\"Memory &amp; Data Storage\",\"MPUs\/MCUs\",\"PLDs\/FPGAs\/ASICs\",\"RF transmission\",\"Wireless Communications\"],\"articleSection\":[\"Technologies\"],\"inLanguage\":\"fr-FR\",\"potentialAction\":[{\"@type\":\"CommentAction\",\"name\":\"Comment\",\"target\":[\"https:\/\/www.ecinews.fr\/fr\/stmicro-ne-participera-pas-a-lalliance-europeenne\/#respond\"]}]},{\"@type\":\"WebPage\",\"@id\":\"https:\/\/www.ecinews.fr\/fr\/stmicro-ne-participera-pas-a-lalliance-europeenne\/\",\"url\":\"https:\/\/www.ecinews.fr\/fr\/stmicro-ne-participera-pas-a-lalliance-europeenne\/\",\"name\":\"STMicro ne participera pas \u00e0 l'alliance europ\u00e9enne -\",\"isPartOf\":{\"@id\":\"https:\/\/www.eenewseurope.com\/en\/#website\"},\"datePublished\":\"2021-05-12T15:56:01+00:00\",\"dateModified\":\"2021-05-12T15:56:01+00:00\",\"breadcrumb\":{\"@id\":\"https:\/\/www.ecinews.fr\/fr\/stmicro-ne-participera-pas-a-lalliance-europeenne\/#breadcrumb\"},\"inLanguage\":\"fr-FR\",\"potentialAction\":[{\"@type\":\"ReadAction\",\"target\":[\"https:\/\/www.ecinews.fr\/fr\/stmicro-ne-participera-pas-a-lalliance-europeenne\/\"]}]},{\"@type\":\"BreadcrumbList\",\"@id\":\"https:\/\/www.ecinews.fr\/fr\/stmicro-ne-participera-pas-a-lalliance-europeenne\/#breadcrumb\",\"itemListElement\":[{\"@type\":\"ListItem\",\"position\":1,\"name\":\"Home\",\"item\":\"https:\/\/www.ecinews.fr\/fr\/\"},{\"@type\":\"ListItem\",\"position\":2,\"name\":\"STMicro ne participera pas \u00e0 l&rsquo;alliance europ\u00e9enne\"}]},{\"@type\":\"WebSite\",\"@id\":\"https:\/\/www.eenewseurope.com\/en\/#website\",\"url\":\"https:\/\/www.eenewseurope.com\/en\/\",\"name\":\"EENewsEurope\",\"description\":\"Just another WordPress site\",\"publisher\":{\"@id\":\"https:\/\/www.eenewseurope.com\/en\/#organization\"},\"potentialAction\":[{\"@type\":\"SearchAction\",\"target\":{\"@type\":\"EntryPoint\",\"urlTemplate\":\"https:\/\/www.eenewseurope.com\/en\/?s={search_term_string}\"},\"query-input\":\"required name=search_term_string\"}],\"inLanguage\":\"fr-FR\"},{\"@type\":\"Organization\",\"@id\":\"https:\/\/www.eenewseurope.com\/en\/#organization\",\"name\":\"EENewsEurope\",\"url\":\"https:\/\/www.eenewseurope.com\/en\/\",\"logo\":{\"@type\":\"ImageObject\",\"inLanguage\":\"fr-FR\",\"@id\":\"https:\/\/www.eenewseurope.com\/en\/#\/schema\/logo\/image\/\",\"url\":\"https:\/\/www.ecinews.fr\/wp-content\/uploads\/2022\/02\/logo-1.jpg\",\"contentUrl\":\"https:\/\/www.ecinews.fr\/wp-content\/uploads\/2022\/02\/logo-1.jpg\",\"width\":283,\"height\":113,\"caption\":\"EENewsEurope\"},\"image\":{\"@id\":\"https:\/\/www.eenewseurope.com\/en\/#\/schema\/logo\/image\/\"}},{\"@type\":\"Person\",\"@id\":\"https:\/\/www.eenewseurope.com\/en\/#\/schema\/person\/c6b626c6c65f5e1e7794ce2d17b2ca82\",\"name\":\"Wisse Hettinga\",\"image\":{\"@type\":\"ImageObject\",\"inLanguage\":\"fr-FR\",\"@id\":\"https:\/\/www.eenewseurope.com\/en\/#\/schema\/person\/image\/5dc5f564ca306d7cb8b22735be49a465\",\"url\":\"https:\/\/secure.gravatar.com\/avatar\/24a36fe68de56eac2a45cbaf9aa4bb58?s=96&d=mm&r=g\",\"contentUrl\":\"https:\/\/secure.gravatar.com\/avatar\/24a36fe68de56eac2a45cbaf9aa4bb58?s=96&d=mm&r=g\",\"caption\":\"Wisse Hettinga\"}}]}<\/script>","yoast_head_json":{"title":"STMicro ne participera pas \u00e0 l'alliance europ\u00e9enne ...","description":"Jean-Marc Chery, PDG de STMicroelectronics, a d\u00e9clar\u00e9 que son entreprise ne participerait pas \u00e0 une \u00e9ventuelle alliance de fabricants de puces europ\u00e9ens...","robots":{"index":"index","follow":"follow","max-snippet":"max-snippet:-1","max-image-preview":"max-image-preview:large","max-video-preview":"max-video-preview:-1"},"canonical":"https:\/\/www.ecinews.fr\/fr\/wp-json\/wp\/v2\/posts\/12219\/","og_locale":"fr_FR","og_type":"article","og_title":"STMicro ne participera pas \u00e0 l'alliance europ\u00e9enne","og_description":"Jean-Marc Chery, PDG de STMicroelectronics, a d\u00e9clar\u00e9 que son entreprise ne participerait pas \u00e0 une \u00e9ventuelle alliance de fabricants de puces europ\u00e9ens pour fabriquer des puces num\u00e9riques avanc\u00e9es.","og_url":"https:\/\/www.ecinews.fr\/fr\/wp-json\/wp\/v2\/posts\/12219\/","og_site_name":"EENewsEurope","article_published_time":"2021-05-12T15:56:01+00:00","og_image":[{"width":630,"height":479,"url":"https:\/\/www.ecinews.fr\/wp-content\/uploads\/import\/default\/files\/sites\/default\/files\/images\/jeanmarcchery630_1.jpg","type":"image\/jpeg"}],"author":"Wisse Hettinga","twitter_card":"summary_large_image","twitter_misc":{"Written by":"Wisse Hettinga","Est. reading time":"2 minutes"},"schema":{"@context":"https:\/\/schema.org","@graph":[{"@type":"Article","@id":"https:\/\/www.ecinews.fr\/fr\/stmicro-ne-participera-pas-a-lalliance-europeenne\/#article","isPartOf":{"@id":"https:\/\/www.ecinews.fr\/fr\/stmicro-ne-participera-pas-a-lalliance-europeenne\/"},"author":{"name":"Wisse Hettinga","@id":"https:\/\/www.eenewseurope.com\/en\/#\/schema\/person\/c6b626c6c65f5e1e7794ce2d17b2ca82"},"headline":"STMicro ne participera pas \u00e0 l&rsquo;alliance europ\u00e9enne","datePublished":"2021-05-12T15:56:01+00:00","dateModified":"2021-05-12T15:56:01+00:00","mainEntityOfPage":{"@id":"https:\/\/www.ecinews.fr\/fr\/stmicro-ne-participera-pas-a-lalliance-europeenne\/"},"wordCount":372,"commentCount":0,"publisher":{"@id":"https:\/\/www.eenewseurope.com\/en\/#organization"},"keywords":["Analog","ArtificialIntelligence","Authentication &amp; Encryption","DevelopmentKits","EDA &amp; CAD tools","IoT","Materials &amp; processes","Memory &amp; Data Storage","MPUs\/MCUs","PLDs\/FPGAs\/ASICs","RF transmission","Wireless Communications"],"articleSection":["Technologies"],"inLanguage":"fr-FR","potentialAction":[{"@type":"CommentAction","name":"Comment","target":["https:\/\/www.ecinews.fr\/fr\/stmicro-ne-participera-pas-a-lalliance-europeenne\/#respond"]}]},{"@type":"WebPage","@id":"https:\/\/www.ecinews.fr\/fr\/stmicro-ne-participera-pas-a-lalliance-europeenne\/","url":"https:\/\/www.ecinews.fr\/fr\/stmicro-ne-participera-pas-a-lalliance-europeenne\/","name":"STMicro ne participera pas \u00e0 l'alliance europ\u00e9enne -","isPartOf":{"@id":"https:\/\/www.eenewseurope.com\/en\/#website"},"datePublished":"2021-05-12T15:56:01+00:00","dateModified":"2021-05-12T15:56:01+00:00","breadcrumb":{"@id":"https:\/\/www.ecinews.fr\/fr\/stmicro-ne-participera-pas-a-lalliance-europeenne\/#breadcrumb"},"inLanguage":"fr-FR","potentialAction":[{"@type":"ReadAction","target":["https:\/\/www.ecinews.fr\/fr\/stmicro-ne-participera-pas-a-lalliance-europeenne\/"]}]},{"@type":"BreadcrumbList","@id":"https:\/\/www.ecinews.fr\/fr\/stmicro-ne-participera-pas-a-lalliance-europeenne\/#breadcrumb","itemListElement":[{"@type":"ListItem","position":1,"name":"Home","item":"https:\/\/www.ecinews.fr\/fr\/"},{"@type":"ListItem","position":2,"name":"STMicro ne participera pas \u00e0 l&rsquo;alliance europ\u00e9enne"}]},{"@type":"WebSite","@id":"https:\/\/www.eenewseurope.com\/en\/#website","url":"https:\/\/www.eenewseurope.com\/en\/","name":"EENewsEurope","description":"Just another WordPress site","publisher":{"@id":"https:\/\/www.eenewseurope.com\/en\/#organization"},"potentialAction":[{"@type":"SearchAction","target":{"@type":"EntryPoint","urlTemplate":"https:\/\/www.eenewseurope.com\/en\/?s={search_term_string}"},"query-input":"required name=search_term_string"}],"inLanguage":"fr-FR"},{"@type":"Organization","@id":"https:\/\/www.eenewseurope.com\/en\/#organization","name":"EENewsEurope","url":"https:\/\/www.eenewseurope.com\/en\/","logo":{"@type":"ImageObject","inLanguage":"fr-FR","@id":"https:\/\/www.eenewseurope.com\/en\/#\/schema\/logo\/image\/","url":"https:\/\/www.ecinews.fr\/wp-content\/uploads\/2022\/02\/logo-1.jpg","contentUrl":"https:\/\/www.ecinews.fr\/wp-content\/uploads\/2022\/02\/logo-1.jpg","width":283,"height":113,"caption":"EENewsEurope"},"image":{"@id":"https:\/\/www.eenewseurope.com\/en\/#\/schema\/logo\/image\/"}},{"@type":"Person","@id":"https:\/\/www.eenewseurope.com\/en\/#\/schema\/person\/c6b626c6c65f5e1e7794ce2d17b2ca82","name":"Wisse Hettinga","image":{"@type":"ImageObject","inLanguage":"fr-FR","@id":"https:\/\/www.eenewseurope.com\/en\/#\/schema\/person\/image\/5dc5f564ca306d7cb8b22735be49a465","url":"https:\/\/secure.gravatar.com\/avatar\/24a36fe68de56eac2a45cbaf9aa4bb58?s=96&d=mm&r=g","contentUrl":"https:\/\/secure.gravatar.com\/avatar\/24a36fe68de56eac2a45cbaf9aa4bb58?s=96&d=mm&r=g","caption":"Wisse Hettinga"}}]}},"authors":[{"term_id":1139,"user_id":7,"is_guest":0,"slug":"wisse-hettinga","display_name":"Wisse Hettinga","avatar_url":"https:\/\/secure.gravatar.com\/avatar\/24a36fe68de56eac2a45cbaf9aa4bb58?s=96&d=mm&r=g","0":null,"1":"","2":"","3":"","4":"","5":"","6":"","7":"","8":""}],"_links":{"self":[{"href":"https:\/\/www.ecinews.fr\/fr\/wp-json\/wp\/v2\/posts\/12219"}],"collection":[{"href":"https:\/\/www.ecinews.fr\/fr\/wp-json\/wp\/v2\/posts"}],"about":[{"href":"https:\/\/www.ecinews.fr\/fr\/wp-json\/wp\/v2\/types\/post"}],"author":[{"embeddable":true,"href":"https:\/\/www.ecinews.fr\/fr\/wp-json\/wp\/v2\/users\/7"}],"replies":[{"embeddable":true,"href":"https:\/\/www.ecinews.fr\/fr\/wp-json\/wp\/v2\/comments?post=12219"}],"version-history":[{"count":0,"href":"https:\/\/www.ecinews.fr\/fr\/wp-json\/wp\/v2\/posts\/12219\/revisions"}],"wp:featuredmedia":[{"embeddable":true,"href":"https:\/\/www.ecinews.fr\/fr\/wp-json\/wp\/v2\/media\/12220"}],"wp:attachment":[{"href":"https:\/\/www.ecinews.fr\/fr\/wp-json\/wp\/v2\/media?parent=12219"}],"wp:term":[{"taxonomy":"category","embeddable":true,"href":"https:\/\/www.ecinews.fr\/fr\/wp-json\/wp\/v2\/categories?post=12219"},{"taxonomy":"post_tag","embeddable":true,"href":"https:\/\/www.ecinews.fr\/fr\/wp-json\/wp\/v2\/tags?post=12219"},{"taxonomy":"domains","embeddable":true,"href":"https:\/\/www.ecinews.fr\/fr\/wp-json\/wp\/v2\/domains?post=12219"},{"taxonomy":"author","embeddable":true,"href":"https:\/\/www.ecinews.fr\/fr\/wp-json\/wp\/v2\/ppma_author?post=12219"}],"curies":[{"name":"wp","href":"https:\/\/api.w.org\/{rel}","templated":true}]}}