{"id":119392,"date":"2018-06-07T22:01:44","date_gmt":"2018-06-07T22:01:44","guid":{"rendered":"https:\/\/\/la-meilleure-solution-pour-tester-le-chargeur-embarque-des-vehicules-hybrides-et-electriques\/"},"modified":"2018-06-07T22:01:44","modified_gmt":"2018-06-07T22:01:44","slug":"la-meilleure-solution-pour-tester-le-chargeur-embarque-des-vehicules-hybrides-et-electriques","status":"publish","type":"post","link":"https:\/\/www.ecinews.fr\/fr\/la-meilleure-solution-pour-tester-le-chargeur-embarque-des-vehicules-hybrides-et-electriques\/","title":{"rendered":"La meilleure solution pour tester le chargeur embarque\u0301 des ve\u0301hicules hybrides et e\u0301lectriques"},"content":{"rendered":"<p>L&rsquo;e\u0301lectrification des ve\u0301hicules continue a\u0300 augmenter pour re\u0301pondre aux objectifs d\u2019\u00ab e\u0301nergie verte \u00bb et atteindre la fiabilite\u0301 accrue que fournissent normalement les composants e\u0301lectriques. Le changement le plus e\u0301vident est l&rsquo;ajout de batteries a\u0300 haute tension et haute puissance a\u0300 une plateforme qui prenait en charge traditionnellement 12 volts. Ces batteries a\u0300 haute tension et haute puissance dans les ve\u0301hicules hybrides (HEV) et e\u0301lectriques (EV) d&rsquo;au moins 300 V accumulent les risques et les cou\u0302ts lie\u0301s aux tests. Un nouveau mode\u0300le de test est ne\u0301cessaire pour faire face a\u0300 l&rsquo;environnement haute tension, haute puissance des ve\u0301hicules HEV\/EV.<\/p>\n<p>Vous trouverez lasuite la suite de cet article dans la rubrique \u00ab\u00a0White Papers\u00a0\u00bb.<\/p>\n<h3 class=\"title\"><a href=\"http:\/\/www.electronique-eci.com\/Learning-center\/la-meilleure-solution-pour-tester-le-chargeur-embarque-des-vehicules-hybrides-et\">La meilleure solution pour tester le chargeur embarqu\u00e9 des v\u00e9hicules hybrides et \u00e9lectriques<\/a><\/h3>\n","protected":false},"excerpt":{"rendered":"<p>Cette solution compacte de test de convertisseur de puissance renouvelable a\u0300 2 quadrants, avec se\u0301curite\u0301 inte\u0301gre\u0301e, raccourcit la dure\u0301e des tests et prote\u0300ge a\u0300 la fois votre personnel et les dispositifs sous test.<\/p>\n","protected":false},"author":9,"featured_media":119393,"comment_status":"closed","ping_status":"closed","sticky":false,"template":"","format":"standard","meta":{"_acf_changed":false,"footnotes":""},"categories":[883],"tags":[],"domains":[47],"ppma_author":[1141],"class_list":["post-119392","post","type-post","status-publish","format-standard","has-post-thumbnail","hentry","category-technologies","domains-electronique-eci"],"acf":[],"yoast_head":"<title>La meilleure solution pour tester le chargeur embarque\u0301 des ve...<\/title>\n<meta name=\"description\" content=\"Cette solution compacte de test de convertisseur de puissance renouvelable a\u0300 2 quadrants, avec se\u0301curite\u0301 inte\u0301gre\u0301e, raccourcit la dure\u0301e des tests...\" \/>\n<meta name=\"robots\" content=\"index, follow, max-snippet:-1, max-image-preview:large, max-video-preview:-1\" \/>\n<link rel=\"canonical\" href=\"https:\/\/www.ecinews.fr\/fr\/wp-json\/wp\/v2\/posts\/119392\/\" \/>\n<meta property=\"og:locale\" content=\"fr_FR\" \/>\n<meta property=\"og:type\" content=\"article\" \/>\n<meta property=\"og:title\" content=\"La meilleure solution pour tester le chargeur embarque\u0301 des ve\u0301hicules hybrides et e\u0301lectriques\" \/>\n<meta property=\"og:description\" content=\"Cette solution compacte de test de convertisseur de puissance renouvelable a\u0300 2 quadrants, avec se\u0301curite\u0301 inte\u0301gre\u0301e, raccourcit la dure\u0301e des tests et prote\u0300ge a\u0300 la fois votre personnel et les dispositifs sous test.\" \/>\n<meta property=\"og:url\" content=\"https:\/\/www.ecinews.fr\/fr\/wp-json\/wp\/v2\/posts\/119392\/\" \/>\n<meta property=\"og:site_name\" content=\"EENewsEurope\" \/>\n<meta property=\"article:published_time\" content=\"2018-06-07T22:01:44+00:00\" \/>\n<meta property=\"og:image\" content=\"https:\/\/www.ecinews.fr\/wp-content\/uploads\/import\/default\/files\/sites\/default\/files\/images\/eci6390_keysight.jpg\" \/>\n\t<meta property=\"og:image:width\" content=\"559\" \/>\n\t<meta property=\"og:image:height\" content=\"318\" \/>\n\t<meta property=\"og:image:type\" content=\"image\/jpeg\" \/>\n<meta name=\"author\" content=\"Alain Dieul\" \/>\n<meta name=\"twitter:card\" content=\"summary_large_image\" \/>\n<meta name=\"twitter:label1\" content=\"Written by\" \/>\n\t<meta name=\"twitter:data1\" content=\"Alain Dieul\" \/>\n\t<meta name=\"twitter:label2\" content=\"Est. reading time\" \/>\n\t<meta name=\"twitter:data2\" content=\"1 minute\" \/>\n<script type=\"application\/ld+json\" class=\"yoast-schema-graph\">{\"@context\":\"https:\/\/schema.org\",\"@graph\":[{\"@type\":\"Article\",\"@id\":\"https:\/\/www.ecinews.fr\/fr\/la-meilleure-solution-pour-tester-le-chargeur-embarque-des-vehicules-hybrides-et-electriques\/#article\",\"isPartOf\":{\"@id\":\"https:\/\/www.ecinews.fr\/fr\/la-meilleure-solution-pour-tester-le-chargeur-embarque-des-vehicules-hybrides-et-electriques\/\"},\"author\":{\"name\":\"Alain Dieul\",\"@id\":\"https:\/\/www.eenewseurope.com\/en\/#\/schema\/person\/568c789a4794bd460460501ba91f5daf\"},\"headline\":\"La meilleure solution pour tester le chargeur embarque\u0301 des ve\u0301hicules hybrides et e\u0301lectriques\",\"datePublished\":\"2018-06-07T22:01:44+00:00\",\"dateModified\":\"2018-06-07T22:01:44+00:00\",\"mainEntityOfPage\":{\"@id\":\"https:\/\/www.ecinews.fr\/fr\/la-meilleure-solution-pour-tester-le-chargeur-embarque-des-vehicules-hybrides-et-electriques\/\"},\"wordCount\":155,\"publisher\":{\"@id\":\"https:\/\/www.eenewseurope.com\/en\/#organization\"},\"articleSection\":[\"Technologies\"],\"inLanguage\":\"fr-FR\"},{\"@type\":\"WebPage\",\"@id\":\"https:\/\/www.ecinews.fr\/fr\/la-meilleure-solution-pour-tester-le-chargeur-embarque-des-vehicules-hybrides-et-electriques\/\",\"url\":\"https:\/\/www.ecinews.fr\/fr\/la-meilleure-solution-pour-tester-le-chargeur-embarque-des-vehicules-hybrides-et-electriques\/\",\"name\":\"La meilleure solution pour tester le chargeur embarque\u0301 des ve\u0301hicules hybrides et e\u0301lectriques -\",\"isPartOf\":{\"@id\":\"https:\/\/www.eenewseurope.com\/en\/#website\"},\"datePublished\":\"2018-06-07T22:01:44+00:00\",\"dateModified\":\"2018-06-07T22:01:44+00:00\",\"breadcrumb\":{\"@id\":\"https:\/\/www.ecinews.fr\/fr\/la-meilleure-solution-pour-tester-le-chargeur-embarque-des-vehicules-hybrides-et-electriques\/#breadcrumb\"},\"inLanguage\":\"fr-FR\",\"potentialAction\":[{\"@type\":\"ReadAction\",\"target\":[\"https:\/\/www.ecinews.fr\/fr\/la-meilleure-solution-pour-tester-le-chargeur-embarque-des-vehicules-hybrides-et-electriques\/\"]}]},{\"@type\":\"BreadcrumbList\",\"@id\":\"https:\/\/www.ecinews.fr\/fr\/la-meilleure-solution-pour-tester-le-chargeur-embarque-des-vehicules-hybrides-et-electriques\/#breadcrumb\",\"itemListElement\":[{\"@type\":\"ListItem\",\"position\":1,\"name\":\"Home\",\"item\":\"https:\/\/www.ecinews.fr\/fr\/\"},{\"@type\":\"ListItem\",\"position\":2,\"name\":\"La meilleure solution pour tester le chargeur embarque\u0301 des ve\u0301hicules hybrides et e\u0301lectriques\"}]},{\"@type\":\"WebSite\",\"@id\":\"https:\/\/www.eenewseurope.com\/en\/#website\",\"url\":\"https:\/\/www.eenewseurope.com\/en\/\",\"name\":\"EENewsEurope\",\"description\":\"Just another WordPress site\",\"publisher\":{\"@id\":\"https:\/\/www.eenewseurope.com\/en\/#organization\"},\"potentialAction\":[{\"@type\":\"SearchAction\",\"target\":{\"@type\":\"EntryPoint\",\"urlTemplate\":\"https:\/\/www.eenewseurope.com\/en\/?s={search_term_string}\"},\"query-input\":\"required name=search_term_string\"}],\"inLanguage\":\"fr-FR\"},{\"@type\":\"Organization\",\"@id\":\"https:\/\/www.eenewseurope.com\/en\/#organization\",\"name\":\"EENewsEurope\",\"url\":\"https:\/\/www.eenewseurope.com\/en\/\",\"logo\":{\"@type\":\"ImageObject\",\"inLanguage\":\"fr-FR\",\"@id\":\"https:\/\/www.eenewseurope.com\/en\/#\/schema\/logo\/image\/\",\"url\":\"https:\/\/www.ecinews.fr\/wp-content\/uploads\/2022\/02\/logo-1.jpg\",\"contentUrl\":\"https:\/\/www.ecinews.fr\/wp-content\/uploads\/2022\/02\/logo-1.jpg\",\"width\":283,\"height\":113,\"caption\":\"EENewsEurope\"},\"image\":{\"@id\":\"https:\/\/www.eenewseurope.com\/en\/#\/schema\/logo\/image\/\"}},{\"@type\":\"Person\",\"@id\":\"https:\/\/www.eenewseurope.com\/en\/#\/schema\/person\/568c789a4794bd460460501ba91f5daf\",\"name\":\"Alain Dieul\",\"image\":{\"@type\":\"ImageObject\",\"inLanguage\":\"fr-FR\",\"@id\":\"https:\/\/www.eenewseurope.com\/en\/#\/schema\/person\/image\/6d32dc651fbcef3b338066625b118364\",\"url\":\"https:\/\/secure.gravatar.com\/avatar\/93708ec89b35deb10f4cfbfe144b4e07?s=96&d=mm&r=g\",\"contentUrl\":\"https:\/\/secure.gravatar.com\/avatar\/93708ec89b35deb10f4cfbfe144b4e07?s=96&d=mm&r=g\",\"caption\":\"Alain Dieul\"}}]}<\/script>","yoast_head_json":{"title":"La meilleure solution pour tester le chargeur embarque\u0301 des ve...","description":"Cette solution compacte de test de convertisseur de puissance renouvelable a\u0300 2 quadrants, avec se\u0301curite\u0301 inte\u0301gre\u0301e, raccourcit la dure\u0301e des tests...","robots":{"index":"index","follow":"follow","max-snippet":"max-snippet:-1","max-image-preview":"max-image-preview:large","max-video-preview":"max-video-preview:-1"},"canonical":"https:\/\/www.ecinews.fr\/fr\/wp-json\/wp\/v2\/posts\/119392\/","og_locale":"fr_FR","og_type":"article","og_title":"La meilleure solution pour tester le chargeur embarque\u0301 des ve\u0301hicules hybrides et e\u0301lectriques","og_description":"Cette solution compacte de test de convertisseur de puissance renouvelable a\u0300 2 quadrants, avec se\u0301curite\u0301 inte\u0301gre\u0301e, raccourcit la dure\u0301e des tests et prote\u0300ge a\u0300 la fois votre personnel et les dispositifs sous test.","og_url":"https:\/\/www.ecinews.fr\/fr\/wp-json\/wp\/v2\/posts\/119392\/","og_site_name":"EENewsEurope","article_published_time":"2018-06-07T22:01:44+00:00","og_image":[{"width":559,"height":318,"url":"https:\/\/www.ecinews.fr\/wp-content\/uploads\/import\/default\/files\/sites\/default\/files\/images\/eci6390_keysight.jpg","type":"image\/jpeg"}],"author":"Alain Dieul","twitter_card":"summary_large_image","twitter_misc":{"Written by":"Alain Dieul","Est. reading time":"1 minute"},"schema":{"@context":"https:\/\/schema.org","@graph":[{"@type":"Article","@id":"https:\/\/www.ecinews.fr\/fr\/la-meilleure-solution-pour-tester-le-chargeur-embarque-des-vehicules-hybrides-et-electriques\/#article","isPartOf":{"@id":"https:\/\/www.ecinews.fr\/fr\/la-meilleure-solution-pour-tester-le-chargeur-embarque-des-vehicules-hybrides-et-electriques\/"},"author":{"name":"Alain Dieul","@id":"https:\/\/www.eenewseurope.com\/en\/#\/schema\/person\/568c789a4794bd460460501ba91f5daf"},"headline":"La meilleure solution pour tester le chargeur embarque\u0301 des ve\u0301hicules hybrides et e\u0301lectriques","datePublished":"2018-06-07T22:01:44+00:00","dateModified":"2018-06-07T22:01:44+00:00","mainEntityOfPage":{"@id":"https:\/\/www.ecinews.fr\/fr\/la-meilleure-solution-pour-tester-le-chargeur-embarque-des-vehicules-hybrides-et-electriques\/"},"wordCount":155,"publisher":{"@id":"https:\/\/www.eenewseurope.com\/en\/#organization"},"articleSection":["Technologies"],"inLanguage":"fr-FR"},{"@type":"WebPage","@id":"https:\/\/www.ecinews.fr\/fr\/la-meilleure-solution-pour-tester-le-chargeur-embarque-des-vehicules-hybrides-et-electriques\/","url":"https:\/\/www.ecinews.fr\/fr\/la-meilleure-solution-pour-tester-le-chargeur-embarque-des-vehicules-hybrides-et-electriques\/","name":"La meilleure solution pour tester le chargeur embarque\u0301 des ve\u0301hicules hybrides et e\u0301lectriques -","isPartOf":{"@id":"https:\/\/www.eenewseurope.com\/en\/#website"},"datePublished":"2018-06-07T22:01:44+00:00","dateModified":"2018-06-07T22:01:44+00:00","breadcrumb":{"@id":"https:\/\/www.ecinews.fr\/fr\/la-meilleure-solution-pour-tester-le-chargeur-embarque-des-vehicules-hybrides-et-electriques\/#breadcrumb"},"inLanguage":"fr-FR","potentialAction":[{"@type":"ReadAction","target":["https:\/\/www.ecinews.fr\/fr\/la-meilleure-solution-pour-tester-le-chargeur-embarque-des-vehicules-hybrides-et-electriques\/"]}]},{"@type":"BreadcrumbList","@id":"https:\/\/www.ecinews.fr\/fr\/la-meilleure-solution-pour-tester-le-chargeur-embarque-des-vehicules-hybrides-et-electriques\/#breadcrumb","itemListElement":[{"@type":"ListItem","position":1,"name":"Home","item":"https:\/\/www.ecinews.fr\/fr\/"},{"@type":"ListItem","position":2,"name":"La meilleure solution pour tester le chargeur embarque\u0301 des ve\u0301hicules hybrides et e\u0301lectriques"}]},{"@type":"WebSite","@id":"https:\/\/www.eenewseurope.com\/en\/#website","url":"https:\/\/www.eenewseurope.com\/en\/","name":"EENewsEurope","description":"Just another WordPress site","publisher":{"@id":"https:\/\/www.eenewseurope.com\/en\/#organization"},"potentialAction":[{"@type":"SearchAction","target":{"@type":"EntryPoint","urlTemplate":"https:\/\/www.eenewseurope.com\/en\/?s={search_term_string}"},"query-input":"required name=search_term_string"}],"inLanguage":"fr-FR"},{"@type":"Organization","@id":"https:\/\/www.eenewseurope.com\/en\/#organization","name":"EENewsEurope","url":"https:\/\/www.eenewseurope.com\/en\/","logo":{"@type":"ImageObject","inLanguage":"fr-FR","@id":"https:\/\/www.eenewseurope.com\/en\/#\/schema\/logo\/image\/","url":"https:\/\/www.ecinews.fr\/wp-content\/uploads\/2022\/02\/logo-1.jpg","contentUrl":"https:\/\/www.ecinews.fr\/wp-content\/uploads\/2022\/02\/logo-1.jpg","width":283,"height":113,"caption":"EENewsEurope"},"image":{"@id":"https:\/\/www.eenewseurope.com\/en\/#\/schema\/logo\/image\/"}},{"@type":"Person","@id":"https:\/\/www.eenewseurope.com\/en\/#\/schema\/person\/568c789a4794bd460460501ba91f5daf","name":"Alain Dieul","image":{"@type":"ImageObject","inLanguage":"fr-FR","@id":"https:\/\/www.eenewseurope.com\/en\/#\/schema\/person\/image\/6d32dc651fbcef3b338066625b118364","url":"https:\/\/secure.gravatar.com\/avatar\/93708ec89b35deb10f4cfbfe144b4e07?s=96&d=mm&r=g","contentUrl":"https:\/\/secure.gravatar.com\/avatar\/93708ec89b35deb10f4cfbfe144b4e07?s=96&d=mm&r=g","caption":"Alain Dieul"}}]}},"authors":[{"term_id":1141,"user_id":9,"is_guest":0,"slug":"alaindieul","display_name":"Alain Dieul","avatar_url":"https:\/\/secure.gravatar.com\/avatar\/93708ec89b35deb10f4cfbfe144b4e07?s=96&d=mm&r=g","0":null,"1":"","2":"","3":"","4":"","5":"","6":"","7":"","8":""}],"_links":{"self":[{"href":"https:\/\/www.ecinews.fr\/fr\/wp-json\/wp\/v2\/posts\/119392"}],"collection":[{"href":"https:\/\/www.ecinews.fr\/fr\/wp-json\/wp\/v2\/posts"}],"about":[{"href":"https:\/\/www.ecinews.fr\/fr\/wp-json\/wp\/v2\/types\/post"}],"author":[{"embeddable":true,"href":"https:\/\/www.ecinews.fr\/fr\/wp-json\/wp\/v2\/users\/9"}],"replies":[{"embeddable":true,"href":"https:\/\/www.ecinews.fr\/fr\/wp-json\/wp\/v2\/comments?post=119392"}],"version-history":[{"count":0,"href":"https:\/\/www.ecinews.fr\/fr\/wp-json\/wp\/v2\/posts\/119392\/revisions"}],"wp:featuredmedia":[{"embeddable":true,"href":"https:\/\/www.ecinews.fr\/fr\/wp-json\/wp\/v2\/media\/119393"}],"wp:attachment":[{"href":"https:\/\/www.ecinews.fr\/fr\/wp-json\/wp\/v2\/media?parent=119392"}],"wp:term":[{"taxonomy":"category","embeddable":true,"href":"https:\/\/www.ecinews.fr\/fr\/wp-json\/wp\/v2\/categories?post=119392"},{"taxonomy":"post_tag","embeddable":true,"href":"https:\/\/www.ecinews.fr\/fr\/wp-json\/wp\/v2\/tags?post=119392"},{"taxonomy":"domains","embeddable":true,"href":"https:\/\/www.ecinews.fr\/fr\/wp-json\/wp\/v2\/domains?post=119392"},{"taxonomy":"author","embeddable":true,"href":"https:\/\/www.ecinews.fr\/fr\/wp-json\/wp\/v2\/ppma_author?post=119392"}],"curies":[{"name":"wp","href":"https:\/\/api.w.org\/{rel}","templated":true}]}}