{"id":116922,"date":"2018-06-26T10:04:19","date_gmt":"2018-06-26T10:04:19","guid":{"rendered":"https:\/\/\/le-ceo-dintel-vire-pour-une-ancienne-relation\/"},"modified":"2018-06-26T10:04:19","modified_gmt":"2018-06-26T10:04:19","slug":"le-ceo-dintel-vire-pour-une-ancienne-relation","status":"publish","type":"post","link":"https:\/\/www.ecinews.fr\/fr\/le-ceo-dintel-vire-pour-une-ancienne-relation\/","title":{"rendered":"Le CEO d&rsquo;Intel vir\u00e9 pour une ancienne \u00ab\u00a0relation\u00a0\u00bb"},"content":{"rendered":"<p><span id=\"result_box\" lang=\"fr\"><span title=\"Intel has named chief financial officer Robert Swan, interim chief executive officer with immediate effect.\n\n\">Intel a nomm\u00e9 le directeur financier Robert Swan, directeur g\u00e9n\u00e9ral par int\u00e9rim avec effet imm\u00e9diat.<\/span><\/span><\/p>\n<p><span id=\"result_box\" lang=\"fr\"><span title=\"Intel said in a statement that the company had been informed recently about the affair and that an investigation by internal and external counsel had confirmed that Krzanich had violated Intel's non-fraternization policy, which applies to all managers.\">Intel a d\u00e9clar\u00e9 dans un communiqu\u00e9 que la soci\u00e9t\u00e9 avait \u00e9t\u00e9 inform\u00e9e r\u00e9cemment de cette relation et qu&rsquo;une enqu\u00eate par un conseil interne et externe avait confirm\u00e9 que Krzanich avait viol\u00e9 la politique de non-fraternisation d&rsquo;Intel, qui s&rsquo;applique \u00e0 tous les managers. <\/span><span title=\"The other party was not named in the statement.\">L&rsquo;autre partie n&rsquo;a pas \u00e9t\u00e9 nomm\u00e9e dans la d\u00e9claration. <\/span><span title=\"Intel added that all staff are expected to respect Intel's values and follow its codes of conduct and therefore the company had no choice but to accept Krzanich's resignation.\n\n\">Intel a ajout\u00e9 que tout le personnel est cens\u00e9 respecter les valeurs d&rsquo;Intel et suivre ses codes de conduite. La soci\u00e9t\u00e9 n&rsquo;a donc pas d&rsquo;autre choix que d&rsquo;accepter la d\u00e9mission de Krzanich.<\/span><\/span><\/p>\n<p><span id=\"result_box\" lang=\"fr\"><span title=\"&quot;The board believes strongly in Intel's strategy and we are confident in Bob Swan's ability to lead the company as we conduct a robust search for our next CEO. Bob has been instrumental to the development and execution of Intel's strategy, and we know the company will\">\u00ab\u00a0Le conseil croit fermement \u00e0 la strat\u00e9gie d&rsquo;Intel et nous sommes confiants dans la capacit\u00e9 de Bob Swan \u00e0 diriger l&rsquo;entreprise alors que nous menons une recherche active pour notre prochain PDG. Bob a jou\u00e9 un r\u00f4le cl\u00e9 dans le d\u00e9veloppement et l&rsquo;ex\u00e9cution de la strat\u00e9gie d&rsquo;Intel et nous somme confiants dans ses capacit\u00e9s. <\/span><span title=\"continue to smoothly execute. We appreciate Brian's many contributions to Intel,&quot; said Intel chairman Andy Bryant, in the statement.\n\n\">Nous appr\u00e9cions les nombreuses contributions de Brian \u00e0 Intel \u00ab\u00a0, a d\u00e9clar\u00e9 le pr\u00e9sident d&rsquo;Intel Andy Bryant, dans la d\u00e9claration.<\/span><\/span><\/p>\n<p><span id=\"result_box\" lang=\"fr\"><span title=\"Swan has been Intel's CFO since October 2016 and leads the global finance, IT and corporate strategy organizations.\">Swan est le directeur financier d&rsquo;Intel depuis octobre 2016 et dirige l&rsquo;aspect financier mondial,&nbsp; l&rsquo;informatique et la strat\u00e9gie d&rsquo;entreprise. <\/span><span title=\"He previously spent nine years as CFO of eBay Inc.\n\n\">Il a pr\u00e9c\u00e9demment pass\u00e9 neuf ans en tant que CFO d&rsquo;eBay Inc.<\/span><\/p>\n<p><span title=\"Intel's board of directors has begun a search for a permanent CEO, including both internal and external candidates and plans to retain an executive search firm to assist in the process.\">Le conseil d&rsquo;administration d&rsquo;Intel a commenc\u00e9 \u00e0 rechercher un PDG permanent, incluant des candidats internes et externes, et pr\u00e9voit de retenir les services d&rsquo;un cabinet de recrutement de cadres pour l&rsquo;assister dans le processus.<\/span><\/span><\/p>\n<p><strong>Lire aussi:<\/strong><\/p>\n<p><a href=\"http:\/\/www.electronique-eci.com\/news\/intel-va-investir-5-milliards-dans-sa-fab-en-israel\"><strong>Intel va investir $5 milliards dans sa Fab en Israel<\/strong><\/a><\/p>\n<p><a href=\"http:\/\/www.electronique-eci.com\/news\/intel-retarde-nouveau-le-passage-au-10-nm\"><strong>Intel retarde \u00e0 nouveau le passage au 10 nm<\/strong><\/a><\/p>\n<p><a href=\"http:\/\/www.electronique-eci.com\/news\/pourquoi-intel-va-revendre-wind-river\"><strong>Pourquoi Intel va revendre Wind River<\/strong><\/a><\/p>\n<p><a href=\"http:\/\/www.electronique-eci.com\/news\/samsung-champion-2017-des-fabricants-de-puces\"><strong>Samsung, champion 2017 des fabricants de puces<\/strong><\/a><\/p>\n<p>&nbsp;<\/p>\n<p><strong>Related links and articles in English: <\/strong><\/p>\n<p><a href=\"http:\/\/www.intel.com\">www.intel.com<\/a><\/p>\n<p><strong>News articles: <\/strong><\/p>\n<p><a href=\"http:\/\/www.eenewsanalog.com\/news\/intel-hires-former-apple-chip-architect-lead-silicon-engineering\">Intel hires former Apple chip architect to lead silicon engineering<\/a><\/p>\n<p><a href=\"http:\/\/www.eenewsanalog.com\/news\/intel-micron-lag-behind-toshiba-96-layer-3d-nand-4bits-cell\">Intel, Micron lag behind Toshiba in 96-layer 3D-NAND, 4bits per cell<\/a><\/p>\n<p><a href=\"http:\/\/www.eenewsanalog.com\/news\/intel-capital-steers-focus-back-towards-silicon\">Intel Capital steers focus back towards silicon<\/a><\/p>\n","protected":false},"excerpt":{"rendered":"<p>Le PDG d&rsquo;Intel, Brian Krzanich, a d\u00e9missionn\u00e9 de son poste de PDG et de membre du conseil d&rsquo;administration apr\u00e8s qu&rsquo;Intel a \u00e9t\u00e9 inform\u00e9 d&rsquo;une relation consensuelle pass\u00e9e avec une employ\u00e9e d&rsquo;Intel ce qui enfreint les r\u00e8gles de \u00abnon-fraternisation\u00bb de la soci\u00e9t\u00e9.<\/p>\n","protected":false},"author":22,"featured_media":116923,"comment_status":"closed","ping_status":"closed","sticky":false,"template":"","format":"standard","meta":{"_acf_changed":false,"footnotes":""},"categories":[],"tags":[889,893,891,909,894,912,895,896,897,898,899,900,901,902,903,892,913,904,905,906,907,908,890,916,910,917,911,914,915],"domains":[47],"ppma_author":[1149],"class_list":["post-116922","post","type-post","status-publish","format-standard","has-post-thumbnail","hentry","tag-analog-fr","tag-authentication-encryption-fr","tag-automotive-fr","tag-batteries-power-supplies-fr","tag-boards-embedded-cards-fr","tag-dataacquisition-fr","tag-developmentkits-fr","tag-digitalsignalprocessing-fr","tag-displays-interfaces-fr","tag-distributors-fr","tag-eda-cad-tools-fr","tag-electromechanical-fr","tag-energyharvesting-fr","tag-flexibleelectronics-fr","tag-interconnect-cables-fr","tag-ledlighting-fr","tag-materials-processes-fr","tag-medicalelectronics-fr","tag-memory-data-storage-fr","tag-mpus-mcus-fr","tag-optoelectronics-fr","tag-plds-fpgas-asics-fr","tag-powermanagement-fr","tag-rf-transmission-fr","tag-sensing-conditioning-fr","tag-software-embedded-tools-fr","tag-testandmeasurement-fr","tag-wearables-fr","tag-wireless-communications-fr","domains-electronique-eci"],"acf":[],"yoast_head":"<title>Le CEO d&#039;Intel vir\u00e9 pour une ancienne &quot;relation&quot; ...<\/title>\n<meta name=\"description\" content=\"Le PDG d&#039;Intel, Brian Krzanich, a d\u00e9missionn\u00e9 de son poste de PDG et de membre du conseil d&#039;administration apr\u00e8s qu&#039;Intel a \u00e9t\u00e9 inform\u00e9 d&#039;une relation...\" \/>\n<meta name=\"robots\" content=\"index, follow, max-snippet:-1, max-image-preview:large, max-video-preview:-1\" \/>\n<link rel=\"canonical\" href=\"https:\/\/www.ecinews.fr\/fr\/wp-json\/wp\/v2\/posts\/116922\/\" \/>\n<meta property=\"og:locale\" content=\"fr_FR\" \/>\n<meta property=\"og:type\" content=\"article\" \/>\n<meta property=\"og:title\" content=\"Le CEO d&#039;Intel vir\u00e9 pour une ancienne &quot;relation&quot;\" \/>\n<meta property=\"og:description\" content=\"Le PDG d&#039;Intel, Brian Krzanich, a d\u00e9missionn\u00e9 de son poste de PDG et de membre du conseil d&#039;administration apr\u00e8s qu&#039;Intel a \u00e9t\u00e9 inform\u00e9 d&#039;une relation consensuelle pass\u00e9e avec une employ\u00e9e d&#039;Intel ce qui enfreint les r\u00e8gles de \u00abnon-fraternisation\u00bb de la soci\u00e9t\u00e9.\" \/>\n<meta property=\"og:url\" content=\"https:\/\/www.ecinews.fr\/fr\/wp-json\/wp\/v2\/posts\/116922\/\" \/>\n<meta property=\"og:site_name\" content=\"EENewsEurope\" \/>\n<meta property=\"article:published_time\" content=\"2018-06-26T10:04:19+00:00\" \/>\n<meta property=\"og:image\" content=\"https:\/\/www.ecinews.fr\/wp-content\/uploads\/import\/default\/files\/sites\/default\/files\/images\/screen_shot_2018-06-21_at_14.35.53.png\" \/>\n\t<meta property=\"og:image:width\" content=\"618\" \/>\n\t<meta property=\"og:image:height\" content=\"348\" \/>\n\t<meta property=\"og:image:type\" content=\"image\/png\" \/>\n<meta name=\"author\" content=\"eeNews Europe\" \/>\n<meta name=\"twitter:card\" content=\"summary_large_image\" \/>\n<meta name=\"twitter:label1\" content=\"Written by\" \/>\n\t<meta name=\"twitter:data1\" content=\"eeNews Europe\" \/>\n\t<meta name=\"twitter:label2\" content=\"Est. reading time\" \/>\n\t<meta name=\"twitter:data2\" content=\"2 minutes\" \/>\n<script type=\"application\/ld+json\" class=\"yoast-schema-graph\">{\"@context\":\"https:\/\/schema.org\",\"@graph\":[{\"@type\":\"Article\",\"@id\":\"https:\/\/www.ecinews.fr\/fr\/le-ceo-dintel-vire-pour-une-ancienne-relation\/#article\",\"isPartOf\":{\"@id\":\"https:\/\/www.ecinews.fr\/fr\/le-ceo-dintel-vire-pour-une-ancienne-relation\/\"},\"author\":{\"name\":\"eeNews Europe\",\"@id\":\"https:\/\/www.eenewseurope.com\/en\/#\/schema\/person\/9eff4051fa9dac8230052de45e32b0f4\"},\"headline\":\"Le CEO d&rsquo;Intel vir\u00e9 pour une ancienne \u00ab\u00a0relation\u00a0\u00bb\",\"datePublished\":\"2018-06-26T10:04:19+00:00\",\"dateModified\":\"2018-06-26T10:04:19+00:00\",\"mainEntityOfPage\":{\"@id\":\"https:\/\/www.ecinews.fr\/fr\/le-ceo-dintel-vire-pour-une-ancienne-relation\/\"},\"wordCount\":360,\"publisher\":{\"@id\":\"https:\/\/www.eenewseurope.com\/en\/#organization\"},\"keywords\":[\"Analog\",\"Authentication &amp; Encryption\",\"Automotive\",\"Batteries \/ Power Supplies\",\"Boards &amp; Embedded Cards\",\"DataAcquisition\",\"DevelopmentKits\",\"DigitalSignalProcessing\",\"Displays &amp; Interfaces\",\"Distributors\",\"EDA &amp; CAD tools\",\"Electromechanical\",\"EnergyHarvesting\",\"FlexibleElectronics\",\"Interconnect &amp; cables\",\"LEDlighting\",\"Materials &amp; processes\",\"MedicalElectronics\",\"Memory &amp; Data Storage\",\"MPUs\/MCUs\",\"Optoelectronics\",\"PLDs\/FPGAs\/ASICs\",\"PowerManagement\",\"RF transmission\",\"Sensing \/ Conditioning\",\"Software &amp; Embedded tools\",\"TestandMeasurement\",\"Wearables\",\"Wireless Communications\"],\"inLanguage\":\"fr-FR\"},{\"@type\":\"WebPage\",\"@id\":\"https:\/\/www.ecinews.fr\/fr\/le-ceo-dintel-vire-pour-une-ancienne-relation\/\",\"url\":\"https:\/\/www.ecinews.fr\/fr\/le-ceo-dintel-vire-pour-une-ancienne-relation\/\",\"name\":\"Le CEO d'Intel vir\u00e9 pour une ancienne \\\"relation\\\" -\",\"isPartOf\":{\"@id\":\"https:\/\/www.eenewseurope.com\/en\/#website\"},\"datePublished\":\"2018-06-26T10:04:19+00:00\",\"dateModified\":\"2018-06-26T10:04:19+00:00\",\"breadcrumb\":{\"@id\":\"https:\/\/www.ecinews.fr\/fr\/le-ceo-dintel-vire-pour-une-ancienne-relation\/#breadcrumb\"},\"inLanguage\":\"fr-FR\",\"potentialAction\":[{\"@type\":\"ReadAction\",\"target\":[\"https:\/\/www.ecinews.fr\/fr\/le-ceo-dintel-vire-pour-une-ancienne-relation\/\"]}]},{\"@type\":\"BreadcrumbList\",\"@id\":\"https:\/\/www.ecinews.fr\/fr\/le-ceo-dintel-vire-pour-une-ancienne-relation\/#breadcrumb\",\"itemListElement\":[{\"@type\":\"ListItem\",\"position\":1,\"name\":\"Home\",\"item\":\"https:\/\/www.ecinews.fr\/fr\/\"},{\"@type\":\"ListItem\",\"position\":2,\"name\":\"Le CEO d&rsquo;Intel vir\u00e9 pour une ancienne \u00ab\u00a0relation\u00a0\u00bb\"}]},{\"@type\":\"WebSite\",\"@id\":\"https:\/\/www.eenewseurope.com\/en\/#website\",\"url\":\"https:\/\/www.eenewseurope.com\/en\/\",\"name\":\"EENewsEurope\",\"description\":\"Just another WordPress site\",\"publisher\":{\"@id\":\"https:\/\/www.eenewseurope.com\/en\/#organization\"},\"potentialAction\":[{\"@type\":\"SearchAction\",\"target\":{\"@type\":\"EntryPoint\",\"urlTemplate\":\"https:\/\/www.eenewseurope.com\/en\/?s={search_term_string}\"},\"query-input\":\"required name=search_term_string\"}],\"inLanguage\":\"fr-FR\"},{\"@type\":\"Organization\",\"@id\":\"https:\/\/www.eenewseurope.com\/en\/#organization\",\"name\":\"EENewsEurope\",\"url\":\"https:\/\/www.eenewseurope.com\/en\/\",\"logo\":{\"@type\":\"ImageObject\",\"inLanguage\":\"fr-FR\",\"@id\":\"https:\/\/www.eenewseurope.com\/en\/#\/schema\/logo\/image\/\",\"url\":\"https:\/\/www.ecinews.fr\/wp-content\/uploads\/2022\/02\/logo-1.jpg\",\"contentUrl\":\"https:\/\/www.ecinews.fr\/wp-content\/uploads\/2022\/02\/logo-1.jpg\",\"width\":283,\"height\":113,\"caption\":\"EENewsEurope\"},\"image\":{\"@id\":\"https:\/\/www.eenewseurope.com\/en\/#\/schema\/logo\/image\/\"}},{\"@type\":\"Person\",\"@id\":\"https:\/\/www.eenewseurope.com\/en\/#\/schema\/person\/9eff4051fa9dac8230052de45e32b0f4\",\"name\":\"eeNews Europe\",\"image\":{\"@type\":\"ImageObject\",\"inLanguage\":\"fr-FR\",\"@id\":\"https:\/\/www.eenewseurope.com\/en\/#\/schema\/person\/image\/fae8f0cb15861c4ae0ed4872e2c9fc22\",\"url\":\"https:\/\/secure.gravatar.com\/avatar\/5081509054e28b04ecd976976e723ce0?s=96&d=mm&r=g\",\"contentUrl\":\"https:\/\/secure.gravatar.com\/avatar\/5081509054e28b04ecd976976e723ce0?s=96&d=mm&r=g\",\"caption\":\"eeNews Europe\"}}]}<\/script>","yoast_head_json":{"title":"Le CEO d'Intel vir\u00e9 pour une ancienne \"relation\" ...","description":"Le PDG d'Intel, Brian Krzanich, a d\u00e9missionn\u00e9 de son poste de PDG et de membre du conseil d'administration apr\u00e8s qu'Intel a \u00e9t\u00e9 inform\u00e9 d'une relation...","robots":{"index":"index","follow":"follow","max-snippet":"max-snippet:-1","max-image-preview":"max-image-preview:large","max-video-preview":"max-video-preview:-1"},"canonical":"https:\/\/www.ecinews.fr\/fr\/wp-json\/wp\/v2\/posts\/116922\/","og_locale":"fr_FR","og_type":"article","og_title":"Le CEO d'Intel vir\u00e9 pour une ancienne \"relation\"","og_description":"Le PDG d'Intel, Brian Krzanich, a d\u00e9missionn\u00e9 de son poste de PDG et de membre du conseil d'administration apr\u00e8s qu'Intel a \u00e9t\u00e9 inform\u00e9 d'une relation consensuelle pass\u00e9e avec une employ\u00e9e d'Intel ce qui enfreint les r\u00e8gles de \u00abnon-fraternisation\u00bb de la soci\u00e9t\u00e9.","og_url":"https:\/\/www.ecinews.fr\/fr\/wp-json\/wp\/v2\/posts\/116922\/","og_site_name":"EENewsEurope","article_published_time":"2018-06-26T10:04:19+00:00","og_image":[{"width":618,"height":348,"url":"https:\/\/www.ecinews.fr\/wp-content\/uploads\/import\/default\/files\/sites\/default\/files\/images\/screen_shot_2018-06-21_at_14.35.53.png","type":"image\/png"}],"author":"eeNews Europe","twitter_card":"summary_large_image","twitter_misc":{"Written by":"eeNews Europe","Est. reading time":"2 minutes"},"schema":{"@context":"https:\/\/schema.org","@graph":[{"@type":"Article","@id":"https:\/\/www.ecinews.fr\/fr\/le-ceo-dintel-vire-pour-une-ancienne-relation\/#article","isPartOf":{"@id":"https:\/\/www.ecinews.fr\/fr\/le-ceo-dintel-vire-pour-une-ancienne-relation\/"},"author":{"name":"eeNews Europe","@id":"https:\/\/www.eenewseurope.com\/en\/#\/schema\/person\/9eff4051fa9dac8230052de45e32b0f4"},"headline":"Le CEO d&rsquo;Intel vir\u00e9 pour une ancienne \u00ab\u00a0relation\u00a0\u00bb","datePublished":"2018-06-26T10:04:19+00:00","dateModified":"2018-06-26T10:04:19+00:00","mainEntityOfPage":{"@id":"https:\/\/www.ecinews.fr\/fr\/le-ceo-dintel-vire-pour-une-ancienne-relation\/"},"wordCount":360,"publisher":{"@id":"https:\/\/www.eenewseurope.com\/en\/#organization"},"keywords":["Analog","Authentication &amp; Encryption","Automotive","Batteries \/ Power Supplies","Boards &amp; Embedded Cards","DataAcquisition","DevelopmentKits","DigitalSignalProcessing","Displays &amp; Interfaces","Distributors","EDA &amp; CAD tools","Electromechanical","EnergyHarvesting","FlexibleElectronics","Interconnect &amp; cables","LEDlighting","Materials &amp; processes","MedicalElectronics","Memory &amp; Data Storage","MPUs\/MCUs","Optoelectronics","PLDs\/FPGAs\/ASICs","PowerManagement","RF transmission","Sensing \/ Conditioning","Software &amp; Embedded tools","TestandMeasurement","Wearables","Wireless Communications"],"inLanguage":"fr-FR"},{"@type":"WebPage","@id":"https:\/\/www.ecinews.fr\/fr\/le-ceo-dintel-vire-pour-une-ancienne-relation\/","url":"https:\/\/www.ecinews.fr\/fr\/le-ceo-dintel-vire-pour-une-ancienne-relation\/","name":"Le CEO d'Intel vir\u00e9 pour une ancienne \"relation\" -","isPartOf":{"@id":"https:\/\/www.eenewseurope.com\/en\/#website"},"datePublished":"2018-06-26T10:04:19+00:00","dateModified":"2018-06-26T10:04:19+00:00","breadcrumb":{"@id":"https:\/\/www.ecinews.fr\/fr\/le-ceo-dintel-vire-pour-une-ancienne-relation\/#breadcrumb"},"inLanguage":"fr-FR","potentialAction":[{"@type":"ReadAction","target":["https:\/\/www.ecinews.fr\/fr\/le-ceo-dintel-vire-pour-une-ancienne-relation\/"]}]},{"@type":"BreadcrumbList","@id":"https:\/\/www.ecinews.fr\/fr\/le-ceo-dintel-vire-pour-une-ancienne-relation\/#breadcrumb","itemListElement":[{"@type":"ListItem","position":1,"name":"Home","item":"https:\/\/www.ecinews.fr\/fr\/"},{"@type":"ListItem","position":2,"name":"Le CEO d&rsquo;Intel vir\u00e9 pour une ancienne \u00ab\u00a0relation\u00a0\u00bb"}]},{"@type":"WebSite","@id":"https:\/\/www.eenewseurope.com\/en\/#website","url":"https:\/\/www.eenewseurope.com\/en\/","name":"EENewsEurope","description":"Just another WordPress site","publisher":{"@id":"https:\/\/www.eenewseurope.com\/en\/#organization"},"potentialAction":[{"@type":"SearchAction","target":{"@type":"EntryPoint","urlTemplate":"https:\/\/www.eenewseurope.com\/en\/?s={search_term_string}"},"query-input":"required name=search_term_string"}],"inLanguage":"fr-FR"},{"@type":"Organization","@id":"https:\/\/www.eenewseurope.com\/en\/#organization","name":"EENewsEurope","url":"https:\/\/www.eenewseurope.com\/en\/","logo":{"@type":"ImageObject","inLanguage":"fr-FR","@id":"https:\/\/www.eenewseurope.com\/en\/#\/schema\/logo\/image\/","url":"https:\/\/www.ecinews.fr\/wp-content\/uploads\/2022\/02\/logo-1.jpg","contentUrl":"https:\/\/www.ecinews.fr\/wp-content\/uploads\/2022\/02\/logo-1.jpg","width":283,"height":113,"caption":"EENewsEurope"},"image":{"@id":"https:\/\/www.eenewseurope.com\/en\/#\/schema\/logo\/image\/"}},{"@type":"Person","@id":"https:\/\/www.eenewseurope.com\/en\/#\/schema\/person\/9eff4051fa9dac8230052de45e32b0f4","name":"eeNews Europe","image":{"@type":"ImageObject","inLanguage":"fr-FR","@id":"https:\/\/www.eenewseurope.com\/en\/#\/schema\/person\/image\/fae8f0cb15861c4ae0ed4872e2c9fc22","url":"https:\/\/secure.gravatar.com\/avatar\/5081509054e28b04ecd976976e723ce0?s=96&d=mm&r=g","contentUrl":"https:\/\/secure.gravatar.com\/avatar\/5081509054e28b04ecd976976e723ce0?s=96&d=mm&r=g","caption":"eeNews Europe"}}]}},"authors":[{"term_id":1149,"user_id":22,"is_guest":0,"slug":"eenews-europe","display_name":"eeNews Europe","avatar_url":"https:\/\/secure.gravatar.com\/avatar\/5081509054e28b04ecd976976e723ce0?s=96&d=mm&r=g","0":null,"1":"","2":"","3":"","4":"","5":"","6":"","7":"","8":""}],"_links":{"self":[{"href":"https:\/\/www.ecinews.fr\/fr\/wp-json\/wp\/v2\/posts\/116922"}],"collection":[{"href":"https:\/\/www.ecinews.fr\/fr\/wp-json\/wp\/v2\/posts"}],"about":[{"href":"https:\/\/www.ecinews.fr\/fr\/wp-json\/wp\/v2\/types\/post"}],"author":[{"embeddable":true,"href":"https:\/\/www.ecinews.fr\/fr\/wp-json\/wp\/v2\/users\/22"}],"replies":[{"embeddable":true,"href":"https:\/\/www.ecinews.fr\/fr\/wp-json\/wp\/v2\/comments?post=116922"}],"version-history":[{"count":0,"href":"https:\/\/www.ecinews.fr\/fr\/wp-json\/wp\/v2\/posts\/116922\/revisions"}],"wp:featuredmedia":[{"embeddable":true,"href":"https:\/\/www.ecinews.fr\/fr\/wp-json\/wp\/v2\/media\/116923"}],"wp:attachment":[{"href":"https:\/\/www.ecinews.fr\/fr\/wp-json\/wp\/v2\/media?parent=116922"}],"wp:term":[{"taxonomy":"category","embeddable":true,"href":"https:\/\/www.ecinews.fr\/fr\/wp-json\/wp\/v2\/categories?post=116922"},{"taxonomy":"post_tag","embeddable":true,"href":"https:\/\/www.ecinews.fr\/fr\/wp-json\/wp\/v2\/tags?post=116922"},{"taxonomy":"domains","embeddable":true,"href":"https:\/\/www.ecinews.fr\/fr\/wp-json\/wp\/v2\/domains?post=116922"},{"taxonomy":"author","embeddable":true,"href":"https:\/\/www.ecinews.fr\/fr\/wp-json\/wp\/v2\/ppma_author?post=116922"}],"curies":[{"name":"wp","href":"https:\/\/api.w.org\/{rel}","templated":true}]}}