{"id":115456,"date":"2018-07-11T21:50:44","date_gmt":"2018-07-11T21:50:44","guid":{"rendered":"https:\/\/\/demo-sur-linteroperabilite-entre-motos-voitures-et-linfrastructure-via-c-v2x\/"},"modified":"2018-07-11T21:50:44","modified_gmt":"2018-07-11T21:50:44","slug":"demo-sur-linteroperabilite-entre-motos-voitures-et-linfrastructure-via-c-v2x","status":"publish","type":"post","link":"https:\/\/www.ecinews.fr\/fr\/demo-sur-linteroperabilite-entre-motos-voitures-et-linfrastructure-via-c-v2x\/","title":{"rendered":"Demo sur l&rsquo;interop\u00e9rabilit\u00e9 entre motos,\u00a0voitures et l&rsquo;infrastructure via C-V2X"},"content":{"rendered":"<p>Les soci\u00e9t\u00e9s qui ont fond\u00e9 le consortium ConVeX (Connected Vehicle to Everything of Tomorrow) l&rsquo;ann\u00e9e derni\u00e8re pour r\u00e9aliser la premi\u00e8re \u00e9tude C-V2X bas\u00e9e sur la version 14 du 3GPP (3\u00e8me Generation Partnership Project) ont organis\u00e9 la manifestation \u00e0 Ingolstadt. Les v\u00e9hicules routiers Audi Q7 et Audi A4 ainsi qu&rsquo;un deux-roues Ducati Multistrada 1200 Enduro avec la technologie C-V2X ont \u00e9t\u00e9 utilis\u00e9s avec la solution de chipset Qualcomm 9150 C-V2X. La d\u00e9monstration a mis en \u0153uvre des situations courantes qui peuvent se produire entre les deux roues et les voitures et comment la technologie C-V2X peut \u00eatre utilis\u00e9e pour am\u00e9liorer la s\u00e9curit\u00e9 routi\u00e8re.<\/p>\n<p>Parmi les fonctions mises en \u0153uvre, notons \u00abIntersection Collision Warning\u00bb, dans lequel un v\u00e9hicule \u00e9quip\u00e9 de la technologie C-V2X sort d&rsquo;une route non prioritaire dans une intersection et emp\u00eache le v\u00e9hicule de heurter un motocycliste avec des droits prioritaires. Un autre cas d&rsquo;utilisation est \u00ab\u00a0Avertissement de risque de collision en virage\u00a0\u00bb, qui emp\u00eache une collision avec une moto et une voiture tournant \u00e0 gauche.<\/p>\n<p>Dans le domaine des applications de communications automatis\u00e9es V2X (v\u00e9hicules \u00e0 tout), la technologie C-V2X est en concurrence avec la technologie C-ITS qui comprend DSRC et la norme radio IEEE802.11p. L&rsquo;argument en faveur de C-ITS est qu&rsquo;il est plus mature alors que les partenaires de C-V2X affirment que cette technologie offre une int\u00e9gration transparente dans les r\u00e9seaux de radiocommunication cellulaires (typiquement bas\u00e9s sur LTE ou 5G).<\/p>\n<p><strong>Autre article<\/strong><\/p>\n<div>\n<p><a href=\"http:\/\/www.electronique-eci.com\/news\/des-progres-sur-les-tests-c-v2x-pour-la-communication-entre-vehicules\">Des progr\u00e8s sur les tests C-V2X pour la communication entre v\u00e9hicules<\/a><\/p>\n<\/div>\n<p>&nbsp;<\/p>\n","protected":false},"excerpt":{"rendered":"<p>Audi, Ducati le fabricant de motos, le su\u00e9dois Ericsson, le fabricant autrichien de syst\u00e8mes de marquage routier Swarco, l&rsquo;universit\u00e9 de technologie de Kaiserslautern et Qualcomm CDMA Technologies ont pr\u00e9sent\u00e9 la premi\u00e8re d\u00e9monstration en direct de l&rsquo;interop\u00e9rabilit\u00e9 C-V2X entre une moto, des voitures et une infrastructure routi\u00e8re.<\/p>\n","protected":false},"author":11,"featured_media":115457,"comment_status":"closed","ping_status":"closed","sticky":false,"template":"","format":"standard","meta":{"_acf_changed":false,"footnotes":""},"categories":[],"tags":[891],"domains":[47],"ppma_author":[1143],"class_list":["post-115456","post","type-post","status-publish","format-standard","has-post-thumbnail","hentry","tag-automotive-fr","domains-electronique-eci"],"acf":[],"yoast_head":"<title>Demo sur l&#039;interop\u00e9rabilit\u00e9 entre motos,\u00a0voitures et l&#039;infra...<\/title>\n<meta name=\"description\" content=\"Audi, Ducati le fabricant de motos, le su\u00e9dois Ericsson, le fabricant autrichien de syst\u00e8mes de marquage routier Swarco, l&#039;universit\u00e9 de technologie de...\" \/>\n<meta name=\"robots\" content=\"index, follow, max-snippet:-1, max-image-preview:large, max-video-preview:-1\" \/>\n<link rel=\"canonical\" href=\"https:\/\/www.ecinews.fr\/fr\/wp-json\/wp\/v2\/posts\/115456\/\" \/>\n<meta property=\"og:locale\" content=\"fr_FR\" \/>\n<meta property=\"og:type\" content=\"article\" \/>\n<meta property=\"og:title\" content=\"Demo sur l&#039;interop\u00e9rabilit\u00e9 entre motos,\u00a0voitures et l&#039;infrastructure via C-V2X\" \/>\n<meta property=\"og:description\" content=\"Audi, Ducati le fabricant de motos, le su\u00e9dois Ericsson, le fabricant autrichien de syst\u00e8mes de marquage routier Swarco, l&#039;universit\u00e9 de technologie de Kaiserslautern et Qualcomm CDMA Technologies ont pr\u00e9sent\u00e9 la premi\u00e8re d\u00e9monstration en direct de l&#039;interop\u00e9rabilit\u00e9 C-V2X entre une moto, des voitures et une infrastructure routi\u00e8re.\" \/>\n<meta property=\"og:url\" content=\"https:\/\/www.ecinews.fr\/fr\/wp-json\/wp\/v2\/posts\/115456\/\" \/>\n<meta property=\"og:site_name\" content=\"EENewsEurope\" \/>\n<meta property=\"article:published_time\" content=\"2018-07-11T21:50:44+00:00\" \/>\n<meta property=\"og:image\" content=\"https:\/\/www.eenewseurope.com\/wp-content\/uploads\/import\/default\/files\/sites\/default\/files\/images\/audi-ducati.jpg\" \/>\n\t<meta property=\"og:image:width\" content=\"595\" \/>\n\t<meta property=\"og:image:height\" content=\"436\" \/>\n\t<meta property=\"og:image:type\" content=\"image\/jpeg\" \/>\n<meta name=\"author\" content=\"Daniel Cardon\" \/>\n<meta name=\"twitter:card\" content=\"summary_large_image\" \/>\n<meta name=\"twitter:label1\" content=\"Written by\" \/>\n\t<meta name=\"twitter:data1\" content=\"Daniel Cardon\" \/>\n\t<meta name=\"twitter:label2\" content=\"Est. reading time\" \/>\n\t<meta name=\"twitter:data2\" content=\"1 minute\" \/>\n<script type=\"application\/ld+json\" class=\"yoast-schema-graph\">{\"@context\":\"https:\/\/schema.org\",\"@graph\":[{\"@type\":\"Article\",\"@id\":\"https:\/\/www.eenewseurope.com\/fr\/demo-sur-linteroperabilite-entre-motos-voitures-et-linfrastructure-via-c-v2x\/#article\",\"isPartOf\":{\"@id\":\"https:\/\/www.eenewseurope.com\/fr\/demo-sur-linteroperabilite-entre-motos-voitures-et-linfrastructure-via-c-v2x\/\"},\"author\":{\"name\":\"Daniel Cardon\",\"@id\":\"https:\/\/www.eenewseurope.com\/en\/#\/schema\/person\/93c44cde463762f40a8236eaa44c1c17\"},\"headline\":\"Demo sur l&rsquo;interop\u00e9rabilit\u00e9 entre motos,\u00a0voitures et l&rsquo;infrastructure via C-V2X\",\"datePublished\":\"2018-07-11T21:50:44+00:00\",\"dateModified\":\"2018-07-11T21:50:44+00:00\",\"mainEntityOfPage\":{\"@id\":\"https:\/\/www.eenewseurope.com\/fr\/demo-sur-linteroperabilite-entre-motos-voitures-et-linfrastructure-via-c-v2x\/\"},\"wordCount\":295,\"publisher\":{\"@id\":\"https:\/\/www.eenewseurope.com\/en\/#organization\"},\"keywords\":[\"Automotive\"],\"inLanguage\":\"fr-FR\"},{\"@type\":\"WebPage\",\"@id\":\"https:\/\/www.eenewseurope.com\/fr\/demo-sur-linteroperabilite-entre-motos-voitures-et-linfrastructure-via-c-v2x\/\",\"url\":\"https:\/\/www.eenewseurope.com\/fr\/demo-sur-linteroperabilite-entre-motos-voitures-et-linfrastructure-via-c-v2x\/\",\"name\":\"Demo sur l'interop\u00e9rabilit\u00e9 entre motos,\u00a0voitures et l'infrastructure via C-V2X -\",\"isPartOf\":{\"@id\":\"https:\/\/www.eenewseurope.com\/en\/#website\"},\"datePublished\":\"2018-07-11T21:50:44+00:00\",\"dateModified\":\"2018-07-11T21:50:44+00:00\",\"breadcrumb\":{\"@id\":\"https:\/\/www.eenewseurope.com\/fr\/demo-sur-linteroperabilite-entre-motos-voitures-et-linfrastructure-via-c-v2x\/#breadcrumb\"},\"inLanguage\":\"fr-FR\",\"potentialAction\":[{\"@type\":\"ReadAction\",\"target\":[\"https:\/\/www.eenewseurope.com\/fr\/demo-sur-linteroperabilite-entre-motos-voitures-et-linfrastructure-via-c-v2x\/\"]}]},{\"@type\":\"BreadcrumbList\",\"@id\":\"https:\/\/www.eenewseurope.com\/fr\/demo-sur-linteroperabilite-entre-motos-voitures-et-linfrastructure-via-c-v2x\/#breadcrumb\",\"itemListElement\":[{\"@type\":\"ListItem\",\"position\":1,\"name\":\"Home\",\"item\":\"https:\/\/www.ecinews.fr\/fr\/\"},{\"@type\":\"ListItem\",\"position\":2,\"name\":\"Demo sur l&rsquo;interop\u00e9rabilit\u00e9 entre motos,\u00a0voitures et l&rsquo;infrastructure via C-V2X\"}]},{\"@type\":\"WebSite\",\"@id\":\"https:\/\/www.eenewseurope.com\/en\/#website\",\"url\":\"https:\/\/www.eenewseurope.com\/en\/\",\"name\":\"EENewsEurope\",\"description\":\"Just another WordPress site\",\"publisher\":{\"@id\":\"https:\/\/www.eenewseurope.com\/en\/#organization\"},\"potentialAction\":[{\"@type\":\"SearchAction\",\"target\":{\"@type\":\"EntryPoint\",\"urlTemplate\":\"https:\/\/www.eenewseurope.com\/en\/?s={search_term_string}\"},\"query-input\":\"required name=search_term_string\"}],\"inLanguage\":\"fr-FR\"},{\"@type\":\"Organization\",\"@id\":\"https:\/\/www.eenewseurope.com\/en\/#organization\",\"name\":\"EENewsEurope\",\"url\":\"https:\/\/www.eenewseurope.com\/en\/\",\"logo\":{\"@type\":\"ImageObject\",\"inLanguage\":\"fr-FR\",\"@id\":\"https:\/\/www.eenewseurope.com\/en\/#\/schema\/logo\/image\/\",\"url\":\"https:\/\/www.ecinews.fr\/wp-content\/uploads\/2022\/02\/logo-1.jpg\",\"contentUrl\":\"https:\/\/www.ecinews.fr\/wp-content\/uploads\/2022\/02\/logo-1.jpg\",\"width\":283,\"height\":113,\"caption\":\"EENewsEurope\"},\"image\":{\"@id\":\"https:\/\/www.eenewseurope.com\/en\/#\/schema\/logo\/image\/\"}},{\"@type\":\"Person\",\"@id\":\"https:\/\/www.eenewseurope.com\/en\/#\/schema\/person\/93c44cde463762f40a8236eaa44c1c17\",\"name\":\"Daniel Cardon\",\"image\":{\"@type\":\"ImageObject\",\"inLanguage\":\"fr-FR\",\"@id\":\"https:\/\/www.eenewseurope.com\/en\/#\/schema\/person\/image\/2b243f6bcc1cff7d86aadfb2cd0bd870\",\"url\":\"https:\/\/secure.gravatar.com\/avatar\/de9edc136dfc061ad4778e04635baefa?s=96&d=mm&r=g\",\"contentUrl\":\"https:\/\/secure.gravatar.com\/avatar\/de9edc136dfc061ad4778e04635baefa?s=96&d=mm&r=g\",\"caption\":\"Daniel Cardon\"}}]}<\/script>","yoast_head_json":{"title":"Demo sur l'interop\u00e9rabilit\u00e9 entre motos,\u00a0voitures et l'infra...","description":"Audi, Ducati le fabricant de motos, le su\u00e9dois Ericsson, le fabricant autrichien de syst\u00e8mes de marquage routier Swarco, l'universit\u00e9 de technologie de...","robots":{"index":"index","follow":"follow","max-snippet":"max-snippet:-1","max-image-preview":"max-image-preview:large","max-video-preview":"max-video-preview:-1"},"canonical":"https:\/\/www.ecinews.fr\/fr\/wp-json\/wp\/v2\/posts\/115456\/","og_locale":"fr_FR","og_type":"article","og_title":"Demo sur l'interop\u00e9rabilit\u00e9 entre motos,\u00a0voitures et l'infrastructure via C-V2X","og_description":"Audi, Ducati le fabricant de motos, le su\u00e9dois Ericsson, le fabricant autrichien de syst\u00e8mes de marquage routier Swarco, l'universit\u00e9 de technologie de Kaiserslautern et Qualcomm CDMA Technologies ont pr\u00e9sent\u00e9 la premi\u00e8re d\u00e9monstration en direct de l'interop\u00e9rabilit\u00e9 C-V2X entre une moto, des voitures et une infrastructure routi\u00e8re.","og_url":"https:\/\/www.ecinews.fr\/fr\/wp-json\/wp\/v2\/posts\/115456\/","og_site_name":"EENewsEurope","article_published_time":"2018-07-11T21:50:44+00:00","og_image":[{"width":595,"height":436,"url":"https:\/\/www.eenewseurope.com\/wp-content\/uploads\/import\/default\/files\/sites\/default\/files\/images\/audi-ducati.jpg","type":"image\/jpeg"}],"author":"Daniel Cardon","twitter_card":"summary_large_image","twitter_misc":{"Written by":"Daniel Cardon","Est. reading time":"1 minute"},"schema":{"@context":"https:\/\/schema.org","@graph":[{"@type":"Article","@id":"https:\/\/www.eenewseurope.com\/fr\/demo-sur-linteroperabilite-entre-motos-voitures-et-linfrastructure-via-c-v2x\/#article","isPartOf":{"@id":"https:\/\/www.eenewseurope.com\/fr\/demo-sur-linteroperabilite-entre-motos-voitures-et-linfrastructure-via-c-v2x\/"},"author":{"name":"Daniel Cardon","@id":"https:\/\/www.eenewseurope.com\/en\/#\/schema\/person\/93c44cde463762f40a8236eaa44c1c17"},"headline":"Demo sur l&rsquo;interop\u00e9rabilit\u00e9 entre motos,\u00a0voitures et l&rsquo;infrastructure via C-V2X","datePublished":"2018-07-11T21:50:44+00:00","dateModified":"2018-07-11T21:50:44+00:00","mainEntityOfPage":{"@id":"https:\/\/www.eenewseurope.com\/fr\/demo-sur-linteroperabilite-entre-motos-voitures-et-linfrastructure-via-c-v2x\/"},"wordCount":295,"publisher":{"@id":"https:\/\/www.eenewseurope.com\/en\/#organization"},"keywords":["Automotive"],"inLanguage":"fr-FR"},{"@type":"WebPage","@id":"https:\/\/www.eenewseurope.com\/fr\/demo-sur-linteroperabilite-entre-motos-voitures-et-linfrastructure-via-c-v2x\/","url":"https:\/\/www.eenewseurope.com\/fr\/demo-sur-linteroperabilite-entre-motos-voitures-et-linfrastructure-via-c-v2x\/","name":"Demo sur l'interop\u00e9rabilit\u00e9 entre motos,\u00a0voitures et l'infrastructure via C-V2X -","isPartOf":{"@id":"https:\/\/www.eenewseurope.com\/en\/#website"},"datePublished":"2018-07-11T21:50:44+00:00","dateModified":"2018-07-11T21:50:44+00:00","breadcrumb":{"@id":"https:\/\/www.eenewseurope.com\/fr\/demo-sur-linteroperabilite-entre-motos-voitures-et-linfrastructure-via-c-v2x\/#breadcrumb"},"inLanguage":"fr-FR","potentialAction":[{"@type":"ReadAction","target":["https:\/\/www.eenewseurope.com\/fr\/demo-sur-linteroperabilite-entre-motos-voitures-et-linfrastructure-via-c-v2x\/"]}]},{"@type":"BreadcrumbList","@id":"https:\/\/www.eenewseurope.com\/fr\/demo-sur-linteroperabilite-entre-motos-voitures-et-linfrastructure-via-c-v2x\/#breadcrumb","itemListElement":[{"@type":"ListItem","position":1,"name":"Home","item":"https:\/\/www.ecinews.fr\/fr\/"},{"@type":"ListItem","position":2,"name":"Demo sur l&rsquo;interop\u00e9rabilit\u00e9 entre motos,\u00a0voitures et l&rsquo;infrastructure via C-V2X"}]},{"@type":"WebSite","@id":"https:\/\/www.eenewseurope.com\/en\/#website","url":"https:\/\/www.eenewseurope.com\/en\/","name":"EENewsEurope","description":"Just another WordPress site","publisher":{"@id":"https:\/\/www.eenewseurope.com\/en\/#organization"},"potentialAction":[{"@type":"SearchAction","target":{"@type":"EntryPoint","urlTemplate":"https:\/\/www.eenewseurope.com\/en\/?s={search_term_string}"},"query-input":"required name=search_term_string"}],"inLanguage":"fr-FR"},{"@type":"Organization","@id":"https:\/\/www.eenewseurope.com\/en\/#organization","name":"EENewsEurope","url":"https:\/\/www.eenewseurope.com\/en\/","logo":{"@type":"ImageObject","inLanguage":"fr-FR","@id":"https:\/\/www.eenewseurope.com\/en\/#\/schema\/logo\/image\/","url":"https:\/\/www.ecinews.fr\/wp-content\/uploads\/2022\/02\/logo-1.jpg","contentUrl":"https:\/\/www.ecinews.fr\/wp-content\/uploads\/2022\/02\/logo-1.jpg","width":283,"height":113,"caption":"EENewsEurope"},"image":{"@id":"https:\/\/www.eenewseurope.com\/en\/#\/schema\/logo\/image\/"}},{"@type":"Person","@id":"https:\/\/www.eenewseurope.com\/en\/#\/schema\/person\/93c44cde463762f40a8236eaa44c1c17","name":"Daniel Cardon","image":{"@type":"ImageObject","inLanguage":"fr-FR","@id":"https:\/\/www.eenewseurope.com\/en\/#\/schema\/person\/image\/2b243f6bcc1cff7d86aadfb2cd0bd870","url":"https:\/\/secure.gravatar.com\/avatar\/de9edc136dfc061ad4778e04635baefa?s=96&d=mm&r=g","contentUrl":"https:\/\/secure.gravatar.com\/avatar\/de9edc136dfc061ad4778e04635baefa?s=96&d=mm&r=g","caption":"Daniel Cardon"}}]}},"authors":[{"term_id":1143,"user_id":11,"is_guest":0,"slug":"danielcardon","display_name":"Daniel Cardon","avatar_url":"https:\/\/secure.gravatar.com\/avatar\/de9edc136dfc061ad4778e04635baefa?s=96&d=mm&r=g","0":null,"1":"","2":"","3":"","4":"","5":"","6":"","7":"","8":""}],"_links":{"self":[{"href":"https:\/\/www.ecinews.fr\/fr\/wp-json\/wp\/v2\/posts\/115456"}],"collection":[{"href":"https:\/\/www.ecinews.fr\/fr\/wp-json\/wp\/v2\/posts"}],"about":[{"href":"https:\/\/www.ecinews.fr\/fr\/wp-json\/wp\/v2\/types\/post"}],"author":[{"embeddable":true,"href":"https:\/\/www.ecinews.fr\/fr\/wp-json\/wp\/v2\/users\/11"}],"replies":[{"embeddable":true,"href":"https:\/\/www.ecinews.fr\/fr\/wp-json\/wp\/v2\/comments?post=115456"}],"version-history":[{"count":0,"href":"https:\/\/www.ecinews.fr\/fr\/wp-json\/wp\/v2\/posts\/115456\/revisions"}],"wp:featuredmedia":[{"embeddable":true,"href":"https:\/\/www.ecinews.fr\/fr\/wp-json\/wp\/v2\/media\/115457"}],"wp:attachment":[{"href":"https:\/\/www.ecinews.fr\/fr\/wp-json\/wp\/v2\/media?parent=115456"}],"wp:term":[{"taxonomy":"category","embeddable":true,"href":"https:\/\/www.ecinews.fr\/fr\/wp-json\/wp\/v2\/categories?post=115456"},{"taxonomy":"post_tag","embeddable":true,"href":"https:\/\/www.ecinews.fr\/fr\/wp-json\/wp\/v2\/tags?post=115456"},{"taxonomy":"domains","embeddable":true,"href":"https:\/\/www.ecinews.fr\/fr\/wp-json\/wp\/v2\/domains?post=115456"},{"taxonomy":"author","embeddable":true,"href":"https:\/\/www.ecinews.fr\/fr\/wp-json\/wp\/v2\/ppma_author?post=115456"}],"curies":[{"name":"wp","href":"https:\/\/api.w.org\/{rel}","templated":true}]}}