{"id":11163,"date":"2021-05-27T16:37:11","date_gmt":"2021-05-27T16:37:11","guid":{"rendered":"https:\/\/\/leurope-se-projette-au-dela-du-telephone-mobile-avec-la-ar\/"},"modified":"2021-05-27T16:37:11","modified_gmt":"2021-05-27T16:37:11","slug":"leurope-se-projette-au-dela-du-telephone-mobile-avec-la-ar","status":"publish","type":"post","link":"https:\/\/www.ecinews.fr\/fr\/leurope-se-projette-au-dela-du-telephone-mobile-avec-la-ar\/","title":{"rendered":"L&rsquo;Europe se projette au del\u00e0 du t\u00e9l\u00e9phone mobile avec la AR"},"content":{"rendered":"<p><!-- Global site tag (gtag.js) - Google Analytics --><\/p>\n<p>\u00a0 window.dataLayer = window.dataLayer || [];<\/p>\n<p>\u00a0 function gtag(){dataLayer.push(arguments);}<\/p>\n<p>\u00a0 gtag(&lsquo;js&rsquo;, new Date());\u00a0 gtag(&lsquo;config&rsquo;, &lsquo;UA-160857065-1&rsquo;);<\/p>\n<p class=\"MsoNormal\">Le r\u00e9cent accord de 500 millions de dollars avec Snap pour acheter un fournisseur cl\u00e9 pour ses lunettes AR (&nbsp;r\u00e9alit\u00e9 augment\u00e9e), WaveOptics, bas\u00e9 \u00e0 Oxford, a des implications beaucoup plus larges. Les fournisseurs voient le plateau du march\u00e9 de la t\u00e9l\u00e9phonie mobile et les syst\u00e8mes de r\u00e9alit\u00e9 augment\u00e9e sont la prochaine technologie d&rsquo;affichage. Tout comme pour les d\u00e9buts des t\u00e9l\u00e9phones mobiles, les entreprises europ\u00e9ennes jouent un r\u00f4le cl\u00e9 dans le d\u00e9veloppement de la technologie AR.<\/p>\n<p class=\"MsoNormal\">\u00abJ&rsquo;aime croire que nous sommes au m\u00eame niveau de changement qu&rsquo;en 2005 avec les acc\u00e9l\u00e9rom\u00e8tres MEMS, maintenant nous voyons un point d&rsquo;inflexion o\u00f9 les t\u00e9l\u00e9phones mobiles sont en baisse et nous pensons que la RA peut \u00eatre la prochaine grande chose\u00bb, a d\u00e9clar\u00e9 Marco Angelici, qui est en&nbsp;charge de l&rsquo;unit\u00e9 commerciale des actionneurs MEMS chez STMicroelectronics, tant du c\u00f4t\u00e9 MEMS que du c\u00f4t\u00e9 \u00ab\u00a0driver\u00a0\u00bb et&nbsp;comprend le LASAR et l&rsquo;alliance Qanta.<\/p>\n<p class=\"MsoNormal\">\u00abNous voulons viser la fin des t\u00e9l\u00e9phones portables\u00bb, a-t-il d\u00e9clar\u00e9.<\/p>\n<ul>\n<li class=\"MsoNormal\"><span class=\"MsoHyperlink\"><a href=\"https:\/\/www.eenewseurope.com\/news\/snap-smart-glasses-waveoptics-500m\">Snap buys UK smart glasses supplier for $500m<\/a><\/span><\/li>\n<li class=\"MsoNormal\"><span class=\"MsoHyperlink\"><a href=\"https:\/\/www.eenewseurope.com\/news\/5g-usher-new-designs-ar-glasses\">5G to usher in new designs for AR glasses<\/a><\/span>\u200b <\/li>\n<\/ul>\n<p class=\"MsoNormal\">ST se concentre sur le balayage de faisceau laser \u00e0 l&rsquo;aide de miroirs micro-usin\u00e9s (MEMS), qui est sur le march\u00e9 avec plusieurs technologies diff\u00e9rentes. Par exemple, Hololens de Microsoft utilise la num\u00e9risation laser, tout comme North qui a \u00e9t\u00e9 acquis par Google. ST a \u00e9galement remport\u00e9 un design win&nbsp;conjoint avec&nbsp;&nbsp;Leddartech dans l&rsquo;automobile pour 2024\/25 avec un&nbsp;lidar automobile utilisant cette technologie.<\/p>\n<p class=\"MsoNormal\">ST dispose d&rsquo;une gamme de technologies MEMS, allant des technologies capacitives et \u00e9lectrostatiques aux pi\u00e9zo\u00e9lectriques, donnant&nbsp;\u00e0 l&rsquo;entreprise une gamme d&rsquo;approches diff\u00e9rentes. Pour les premiers syst\u00e8mes laser AR,&nbsp;la soci\u00e9t\u00e9 a commenc\u00e9 avec le contr\u00f4le \u00e9lectrostatique des faisceaux des diodes laser rouges, vertes et bleues, et ces dispositifs \u00e9chantillonnent maintenant, mais pointe vers des contr\u00f4leurs pi\u00e9zo\u00e9lectriques pour les miroirs MEMS, construits dans les usines 8 pouces de ST \u00e0 Milan et \u00e0 Singapour.<\/p>\n<p style=\"text-align: justify\">\u00abPour AR , nous pensons que le&nbsp;piezo est la bonne technologie\u00bb, a-t-il d\u00e9clar\u00e9. \u00abLe mat\u00e9riau pi\u00e9zo est un grand domaine de recherche, pour am\u00e9liorer la force et l&rsquo;efficacit\u00e9 et cela nous donne une feuille de route d&rsquo;\u00e9volutivit\u00e9 pour am\u00e9liorer la consommation d&rsquo;\u00e9nergie. C\u2019est une charge capacitive et nous int\u00e9grons&nbsp;la r\u00e9cup\u00e9ration d\u2019\u00e9nergie pour r\u00e9duire la consommation d\u2019\u00e9nergie.<\/p>\n<p>La soci\u00e9t\u00e9&nbsp;a commenc\u00e9 \u00e0 travailler sur la technologie pi\u00e9zo\u00e9lectrique en 2009, avec l&rsquo;acquisition de bTendo en 2012 pour son moteur de projection laser \u00e0 balayage. Une capacit\u00e9 cl\u00e9 est la r\u00e9cup\u00e9ration d&rsquo;\u00e9nergie lorsque le mat\u00e9riau pi\u00e9zo\u00e9lectrique se d\u00e9tend, ce qui peut r\u00e9duire la puissance globale et est essentiel&nbsp;pour les conceptions \u00ab\u00a0wearables\u00a0\u00bb (ou portables).<\/p>\n<p>\u00abD\u00e9but 2021, nous avons d\u00e9cid\u00e9 d&rsquo;avoir un chemin parall\u00e8le [pour un produit standard] aux c\u00f4t\u00e9s de clients cl\u00e9s s\u00e9lectionn\u00e9s avec des solutions personnalis\u00e9es pour commencer \u00e0 r\u00e9soudre le probl\u00e8me d&rsquo;un moteur optique pour le march\u00e9 de la RA. Nous ne ciblons pas le march\u00e9 enti\u00e8rement immersif des XR, mais les lunettes intelligentes AR \u00e0 porter toute la journ\u00e9e et nous avons commenc\u00e9 \u00e0 travailler avec des partenaires pour assembler&nbsp;tous les ingr\u00e9dients. \u00ab\u00a0<\/p>\n<p class=\"MsoNormal\">Cela a conduit \u00e0 l&rsquo;Alliance LASAR, r\u00e9unissant diverses entreprises pour un syst\u00e8me AR complet. Cel\u00e0&nbsp;combine les diodes laser et les miroirs MEMS pour le moteur optique et le guide d&rsquo;ondes optique pour fournir l&rsquo;affichage sur les lunettes. Les m\u00eames technologies peuvent \u00eatre utilis\u00e9es dans les conceptions automobiles \u00e0 grand volume.<\/p>\n<p class=\"MsoNormal\">\u00abAvec l&rsquo;alliance LASAR, l&rsquo;intention \u00e9tait de travailler avec des entreprises cl\u00e9s de la cha\u00eene d&rsquo;approvisionnement pour stimuler l&rsquo;ensemble du syst\u00e8me. Ceci est maintenant incorpor\u00e9 dans les normes IEEE et ouvons&nbsp;nous ouvrir \u00e0 la grande liste des entreprises qui souhaitent y adh\u00e9rer \u00bb, a-t-il d\u00e9clar\u00e9.<\/p>\n<p class=\"MsoNormal\">\u00abLe pi\u00e9zo est au c\u0153ur des miroirs et nous travaillons avec le laboratoire A*Star de Singapour et l&rsquo;ULVAC pour construire un centre de R&amp;D pour les mat\u00e9riaux pi\u00e9zo\u00e9lectriques dans notre Fab&nbsp;ST. Cela utilise le m\u00eame \u00e9quipement que la ligne de production pour livrer un prototype pr\u00eat \u00e0 entrer en production. \u00bb<\/p>\n<p class=\"MsoNormal\">\u00ab\u00a0Ensuite, il nous faut&nbsp;quelqu&rsquo;un pour fabriquer les syst\u00e8mes complets en volume pour les clients et c&rsquo;est Quanta qui est tr\u00e8s important pour cette \u00e9tape.\u00a0\u00bb<\/p>\n<p class=\"MsoNormal\">L&rsquo;objectif est de porter des lunettes AR toute la journ\u00e9e et pesant moins de 60 g avec une consommation \u00e9lectrique de 500 mW. \u00abNous pouvons y parvenir cette ann\u00e9e avec 1000 nits pour la luminosit\u00e9 ext\u00e9rieure, contre 500 nits qui n\u00e9cessitent des lentilles assombries, et un champ de vision de 30 \u00e0 50 degr\u00e9s (FoV) suffit\u00bb, a-t-il d\u00e9clar\u00e9.<\/p>\n<p class=\"MsoNormal\">\u00abEn fin de compte, il y a un compromis avec&nbsp;la consommation d&rsquo;\u00e9nergie. La fa\u00e7on dont vous construisez l&rsquo;optique relais est&nbsp;o\u00f9 vous perdez le champ de vision. L&rsquo;augmentation du champ de vision signifie que l&rsquo;\u00e9nergie est relay\u00e9e dans le peigne des lentilles de sorte que la limitation est sur la capacit\u00e9 du guide d&rsquo;ondes \u00e0 avoir une bonne uniformit\u00e9 des couleurs dans le champ de vision, et nous travaillons avec des fabricants de guides d&rsquo;ondes pour atteindre 60 \u00e0 70 degr\u00e9s. Aujourd&rsquo;hui, Hololens a un champ de vision de 55 degr\u00e9s par exemple, mais les militaires demandaient 85 degr\u00e9s.<\/p>\n<p>Les diodes laser avec un miroir MEMS pi\u00e9zo\u00e9lectrique pr\u00e9sentent des avantages en termes de consommation&nbsp;sur l&rsquo;ensemble du syst\u00e8me, dit-il.<\/p>\n<p>\u00abNous sommes en mesure d&rsquo;illuminer pixel&nbsp;par pixel, donc ce que nous avons trouv\u00e9 de l&rsquo;Alliance Lasar, c&rsquo;est que nous n&rsquo;avons pas besoin d&rsquo;un tampon plein cadre dans le processeur vid\u00e9o, nous pouvons utiliser une ou deux lignes, et nous n&rsquo;avons pas besoin d&rsquo;un r\u00e9tro\u00e9clairage ou de substrat \u00e9clair\u00e9.<\/p>\n<p>\u00abLa fa\u00e7on dont nous construisons faisons le pilote laser est personnalis\u00e9e, nous int\u00e9grons une logique d&rsquo;anticipation pour d\u00e9sactiver les pixels lorsqu&rsquo;il y a des pixels noirs cons\u00e9cutifs. Avec un client cl\u00e9, nous trouvons ce qui sort du processeur de pixels afin de pouvoir d\u00e9sactiver plus de pixels pour&nbsp;nous concentrer sur le temps de mont\u00e9e et de descente rapide \u00bb, a-t-il d\u00e9clar\u00e9.<\/p>\n<p>\u00abDu c\u00f4t\u00e9 des MEMS, nous avons d\u00e9velopp\u00e9 la r\u00e9cup\u00e9ration d&rsquo;\u00e9nergie o\u00f9 nous r\u00e9utilisons l&rsquo;\u00e9nergie du cycle pr\u00e9c\u00e9dent &#8211; nous avons construit un driver avec condensateur int\u00e9gr\u00e9 dans le pi\u00e9zo dans la puce et nous avons des brevets sur la synchronisation de celle-ci pour g\u00e9n\u00e9rer la tension suivante. \u00ab\u00a0<\/p>\n<p class=\"MsoNormal\"><span class=\"MsoHyperlink\"><a href=\"https:\/\/www.eenewseurope.com\/news\/reference-design-volume-ar-smart-glasses-shows-market-maturing?fnid=133353\">Reference design for volume AR smart glasses<\/a><\/span><\/p>\n<ul>\n<li class=\"MsoNormal\"><a href=\"https:\/\/www.eenewseurope.com\/news\/new-designs-more-wearable-ar-glasses\"><\/a><span class=\"MsoHyperlink\"><a href=\"https:\/\/www.eenewseurope.com\/news\/new-designs-more-wearable-ar-glasses\">New designs for more wearable AR glasses<\/a><\/span><\/li>\n<li class=\"MsoNormal\"><a href=\"https:\/\/www.eenewseurope.com\/news\/lasar-alliance-targets-smart-glasses\"><\/a><span class=\"MsoHyperlink\"><a href=\"https:\/\/www.eenewseurope.com\/news\/lasar-alliance-targets-smart-glasses\">LaSAR Alliance targets smart glasses<\/a><\/span> <\/li>\n<\/ul>\n<p class=\"MsoNormal\">\u201cWe partner with Osram in Germany for the laser diodes and the beam forming from the optical engine has to be shaped for the coupling with the wave guide. This is a critical element and we worked with key partners and have come out with an efficient design for that and we know how to change it for the next generation.<\/p>\n<p class=\"MsoNormal\">The waveguide is essentially the physical lens of the glasses. In the North design there was a holographic display on the lens of the glasses to project an image into the retina, but this needed a precise fitting. Diffractive etching on the glass of the lens takes the beams from the optical engine and reflects it into the side of the lens of the glasses using total internal reflection with a much larger \u2018eye box\u2019, or viewing area, of 10mm compared to 1mm for the North design which uses a optical engine with an electrostatic mirror called ScanAR.<\/p>\n<p class=\"MsoNormal\">\u201cThe ScanAR is 0.75cc and weighs 2.5g using the 200V electrostatic mirrors,\u201d he said. That is in mass production used by North in first generation glasses 960 x 600p and this is sampling to key customers. The next generation will be 40degree field of view, targeting 50 degrees in the future, he says.<\/p>\n<p class=\"MsoNormal\">The design for the LASAR Alliance is different, with a diffractive waveguide. \u201cWe selected a diffractive waveguide to give a 10mm eye box which retina display or holographics waveguides can\u2019t do,\u201d he said. \u201cThe eye box is important to have one size fits all.\u201d <\/p>\n<p class=\"MsoNormal\">This is supplied by Dispelix in Finland, using 3D printing for a total weight of 58g. This is combined with the next generation optical engine from ST.<\/p>\n<p class=\"MsoNormal\">\u201cWe are building a new generation called Star1 available in a few months from now with 65deg FoV and 1280 x 720p resolution and 0.7cc using the frame buffering and energy recovery which will reduce the power consumption 50 percent from the first generation.\u201d<\/p>\n<p class=\"MsoNormal\">Star0 has a power consumption of 1220mW to 742mW, depending on the complexity of the video, while Star1 is 781mW down to 312mW. <\/p>\n<p class=\"MsoNormal\">\u201cBy 2023\/24 we will have 50 percent improvement in the actuation and that will reduce the die size by 30 percent and the power reduction of 50 percent, or 90 give a FoV or 1080p resolution,\u201d said Angelici.<\/p>\n<p class=\"MsoNormal\"><strong>Lire aussi:<\/strong><\/p>\n<p><a href=\"https:\/\/www.ecinews.fr\/news\/une-startup-microled-leve-45-meu-pour-developper-des-microdisplays\">Une startup microLED l\u00e8ve 4,5 M\u20ac pour dev\u00e9lopper des microdisplays<\/a><\/p>\n<p><a href=\"https:\/\/www.ecinews.fr\/news\/plessey-premier-commercialiser-des-ecrans-microled-monolithiques\">Plessey premier \u00e0 commercialiser des \u00e9crans microLED monolithiques<\/a><\/p>\n<p class=\"MsoNormal\"><a href=\"http:\/\/www.st.com\">www.st.com<\/a><\/p>\n<p class=\"MsoNormal\"><strong>Related AR articles <\/strong><\/p>\n<ul>\n<li class=\"MsoNormal\"><a href=\"https:\/\/www.eenewseurope.com\/news\/snap-smart-glasses-waveoptics-500m\"><\/a><span class=\"MsoHyperlink\"><a href=\"https:\/\/www.eenewseurope.com\/news\/pro-3-AR-smart-glasses\">Next generation augmented reality smart glasses<\/a><\/span><\/li>\n<li class=\"MsoNormal\"><span class=\"MsoHyperlink\"><a href=\"https:\/\/www.eenewseurope.com\/news\/ar-glasses-full-colour-laser-module\/page\/0\/1?fnid=134815\">Smart glasses boost from tiny full colour laser module<\/a><\/span><\/li>\n<li class=\"MsoNormal\"><span class=\"MsoHyperlink\"><a href=\"https:\/\/www.eenewseurope.com\/news\/ar-smart-glasses-merge-ai-computer-vision-id-images\">Smart glasses to merge with AI, computer vision to ID images<\/a><\/span><\/li>\n<\/ul>\n<p class=\"MsoNormal\">\n","protected":false},"excerpt":{"rendered":"<p>Marco Angelici, directeur de l&rsquo;unit\u00e9 commerciale MEMS Micro Actuators chez STMicroelectronics, s&rsquo;entretient avec Nick Flaherty sur le d\u00e9veloppement de syst\u00e8mes AR \u00e0 base de laser en tant que nouvelle g\u00e9n\u00e9ration d&rsquo;appareils de communication <\/p>\n","protected":false},"author":7,"featured_media":11164,"comment_status":"open","ping_status":"closed","sticky":false,"template":"","format":"standard","meta":{"_acf_changed":false,"footnotes":""},"categories":[1],"tags":[889,897,913,907,914],"domains":[47],"ppma_author":[1139],"class_list":["post-11163","post","type-post","status-publish","format-standard","has-post-thumbnail","hentry","category-news","tag-analog-fr","tag-displays-interfaces-fr","tag-materials-processes-fr","tag-optoelectronics-fr","tag-wearables-fr","domains-electronique-eci"],"acf":[],"yoast_head":"<title>L&#039;Europe se projette au del\u00e0 du t\u00e9l\u00e9phone mobile avec la AR ...<\/title>\n<meta name=\"description\" content=\"Marco Angelici, directeur de l&#039;unit\u00e9 commerciale MEMS Micro Actuators chez STMicroelectronics, s&#039;entretient avec Nick Flaherty sur le d\u00e9veloppement de...\" \/>\n<meta name=\"robots\" content=\"index, follow, max-snippet:-1, max-image-preview:large, max-video-preview:-1\" \/>\n<link rel=\"canonical\" href=\"https:\/\/www.ecinews.fr\/fr\/wp-json\/wp\/v2\/posts\/11163\/\" \/>\n<meta property=\"og:locale\" content=\"fr_FR\" \/>\n<meta property=\"og:type\" content=\"article\" \/>\n<meta property=\"og:title\" content=\"L&#039;Europe se projette au del\u00e0 du t\u00e9l\u00e9phone mobile avec la AR\" \/>\n<meta property=\"og:description\" content=\"Marco Angelici, directeur de l&#039;unit\u00e9 commerciale MEMS Micro Actuators chez STMicroelectronics, s&#039;entretient avec Nick Flaherty sur le d\u00e9veloppement de syst\u00e8mes AR \u00e0 base de laser en tant que nouvelle g\u00e9n\u00e9ration d&#039;appareils de communication\" \/>\n<meta property=\"og:url\" content=\"https:\/\/www.ecinews.fr\/fr\/wp-json\/wp\/v2\/posts\/11163\/\" \/>\n<meta property=\"og:site_name\" content=\"EENewsEurope\" \/>\n<meta property=\"article:published_time\" content=\"2021-05-27T16:37:11+00:00\" \/>\n<meta property=\"og:image\" content=\"https:\/\/www.ecinews.fr\/wp-content\/uploads\/import\/default\/files\/sites\/default\/files\/images\/focal-north.jpg\" \/>\n\t<meta property=\"og:image:width\" content=\"2400\" \/>\n\t<meta property=\"og:image:height\" content=\"1260\" \/>\n\t<meta property=\"og:image:type\" content=\"image\/jpeg\" \/>\n<meta name=\"author\" content=\"Wisse Hettinga\" \/>\n<meta name=\"twitter:card\" content=\"summary_large_image\" \/>\n<meta name=\"twitter:label1\" content=\"Written by\" \/>\n\t<meta name=\"twitter:data1\" content=\"Wisse Hettinga\" \/>\n\t<meta name=\"twitter:label2\" content=\"Est. reading time\" \/>\n\t<meta name=\"twitter:data2\" content=\"8 minutes\" \/>\n<script type=\"application\/ld+json\" class=\"yoast-schema-graph\">{\"@context\":\"https:\/\/schema.org\",\"@graph\":[{\"@type\":\"Article\",\"@id\":\"https:\/\/www.ecinews.fr\/fr\/leurope-se-projette-au-dela-du-telephone-mobile-avec-la-ar\/#article\",\"isPartOf\":{\"@id\":\"https:\/\/www.ecinews.fr\/fr\/leurope-se-projette-au-dela-du-telephone-mobile-avec-la-ar\/\"},\"author\":{\"name\":\"Wisse Hettinga\",\"@id\":\"https:\/\/www.ecinews.fr\/fr\/#\/schema\/person\/c6b626c6c65f5e1e7794ce2d17b2ca82\"},\"headline\":\"L&rsquo;Europe se projette au del\u00e0 du t\u00e9l\u00e9phone mobile avec la AR\",\"datePublished\":\"2021-05-27T16:37:11+00:00\",\"dateModified\":\"2021-05-27T16:37:11+00:00\",\"mainEntityOfPage\":{\"@id\":\"https:\/\/www.ecinews.fr\/fr\/leurope-se-projette-au-dela-du-telephone-mobile-avec-la-ar\/\"},\"wordCount\":1651,\"commentCount\":0,\"publisher\":{\"@id\":\"https:\/\/www.ecinews.fr\/fr\/#organization\"},\"keywords\":[\"Analog\",\"Displays &amp; Interfaces\",\"Materials &amp; processes\",\"Optoelectronics\",\"Wearables\"],\"articleSection\":[\"News\"],\"inLanguage\":\"fr-FR\",\"potentialAction\":[{\"@type\":\"CommentAction\",\"name\":\"Comment\",\"target\":[\"https:\/\/www.ecinews.fr\/fr\/leurope-se-projette-au-dela-du-telephone-mobile-avec-la-ar\/#respond\"]}]},{\"@type\":\"WebPage\",\"@id\":\"https:\/\/www.ecinews.fr\/fr\/leurope-se-projette-au-dela-du-telephone-mobile-avec-la-ar\/\",\"url\":\"https:\/\/www.ecinews.fr\/fr\/leurope-se-projette-au-dela-du-telephone-mobile-avec-la-ar\/\",\"name\":\"L'Europe se projette au del\u00e0 du t\u00e9l\u00e9phone mobile avec la AR -\",\"isPartOf\":{\"@id\":\"https:\/\/www.ecinews.fr\/fr\/#website\"},\"datePublished\":\"2021-05-27T16:37:11+00:00\",\"dateModified\":\"2021-05-27T16:37:11+00:00\",\"breadcrumb\":{\"@id\":\"https:\/\/www.ecinews.fr\/fr\/leurope-se-projette-au-dela-du-telephone-mobile-avec-la-ar\/#breadcrumb\"},\"inLanguage\":\"fr-FR\",\"potentialAction\":[{\"@type\":\"ReadAction\",\"target\":[\"https:\/\/www.ecinews.fr\/fr\/leurope-se-projette-au-dela-du-telephone-mobile-avec-la-ar\/\"]}]},{\"@type\":\"BreadcrumbList\",\"@id\":\"https:\/\/www.ecinews.fr\/fr\/leurope-se-projette-au-dela-du-telephone-mobile-avec-la-ar\/#breadcrumb\",\"itemListElement\":[{\"@type\":\"ListItem\",\"position\":1,\"name\":\"Home\",\"item\":\"https:\/\/www.ecinews.fr\/fr\/\"},{\"@type\":\"ListItem\",\"position\":2,\"name\":\"L&rsquo;Europe se projette au del\u00e0 du t\u00e9l\u00e9phone mobile avec la AR\"}]},{\"@type\":\"WebSite\",\"@id\":\"https:\/\/www.ecinews.fr\/fr\/#website\",\"url\":\"https:\/\/www.ecinews.fr\/fr\/\",\"name\":\"EENewsEurope\",\"description\":\"Just another WordPress site\",\"publisher\":{\"@id\":\"https:\/\/www.ecinews.fr\/fr\/#organization\"},\"potentialAction\":[{\"@type\":\"SearchAction\",\"target\":{\"@type\":\"EntryPoint\",\"urlTemplate\":\"https:\/\/www.ecinews.fr\/fr\/?s={search_term_string}\"},\"query-input\":\"required name=search_term_string\"}],\"inLanguage\":\"fr-FR\"},{\"@type\":\"Organization\",\"@id\":\"https:\/\/www.ecinews.fr\/fr\/#organization\",\"name\":\"EENewsEurope\",\"url\":\"https:\/\/www.ecinews.fr\/fr\/\",\"logo\":{\"@type\":\"ImageObject\",\"inLanguage\":\"fr-FR\",\"@id\":\"https:\/\/www.ecinews.fr\/fr\/#\/schema\/logo\/image\/\",\"url\":\"https:\/\/www.ecinews.fr\/wp-content\/uploads\/2022\/02\/logo-1.jpg\",\"contentUrl\":\"https:\/\/www.ecinews.fr\/wp-content\/uploads\/2022\/02\/logo-1.jpg\",\"width\":283,\"height\":113,\"caption\":\"EENewsEurope\"},\"image\":{\"@id\":\"https:\/\/www.ecinews.fr\/fr\/#\/schema\/logo\/image\/\"}},{\"@type\":\"Person\",\"@id\":\"https:\/\/www.ecinews.fr\/fr\/#\/schema\/person\/c6b626c6c65f5e1e7794ce2d17b2ca82\",\"name\":\"Wisse Hettinga\",\"image\":{\"@type\":\"ImageObject\",\"inLanguage\":\"fr-FR\",\"@id\":\"https:\/\/www.ecinews.fr\/fr\/#\/schema\/person\/image\/5dc5f564ca306d7cb8b22735be49a465\",\"url\":\"https:\/\/secure.gravatar.com\/avatar\/24a36fe68de56eac2a45cbaf9aa4bb58?s=96&d=mm&r=g\",\"contentUrl\":\"https:\/\/secure.gravatar.com\/avatar\/24a36fe68de56eac2a45cbaf9aa4bb58?s=96&d=mm&r=g\",\"caption\":\"Wisse Hettinga\"}}]}<\/script>","yoast_head_json":{"title":"L'Europe se projette au del\u00e0 du t\u00e9l\u00e9phone mobile avec la AR ...","description":"Marco Angelici, directeur de l'unit\u00e9 commerciale MEMS Micro Actuators chez STMicroelectronics, s'entretient avec Nick Flaherty sur le d\u00e9veloppement de...","robots":{"index":"index","follow":"follow","max-snippet":"max-snippet:-1","max-image-preview":"max-image-preview:large","max-video-preview":"max-video-preview:-1"},"canonical":"https:\/\/www.ecinews.fr\/fr\/wp-json\/wp\/v2\/posts\/11163\/","og_locale":"fr_FR","og_type":"article","og_title":"L'Europe se projette au del\u00e0 du t\u00e9l\u00e9phone mobile avec la AR","og_description":"Marco Angelici, directeur de l'unit\u00e9 commerciale MEMS Micro Actuators chez STMicroelectronics, s'entretient avec Nick Flaherty sur le d\u00e9veloppement de syst\u00e8mes AR \u00e0 base de laser en tant que nouvelle g\u00e9n\u00e9ration d'appareils de communication","og_url":"https:\/\/www.ecinews.fr\/fr\/wp-json\/wp\/v2\/posts\/11163\/","og_site_name":"EENewsEurope","article_published_time":"2021-05-27T16:37:11+00:00","og_image":[{"width":2400,"height":1260,"url":"https:\/\/www.ecinews.fr\/wp-content\/uploads\/import\/default\/files\/sites\/default\/files\/images\/focal-north.jpg","type":"image\/jpeg"}],"author":"Wisse Hettinga","twitter_card":"summary_large_image","twitter_misc":{"Written by":"Wisse Hettinga","Est. reading time":"8 minutes"},"schema":{"@context":"https:\/\/schema.org","@graph":[{"@type":"Article","@id":"https:\/\/www.ecinews.fr\/fr\/leurope-se-projette-au-dela-du-telephone-mobile-avec-la-ar\/#article","isPartOf":{"@id":"https:\/\/www.ecinews.fr\/fr\/leurope-se-projette-au-dela-du-telephone-mobile-avec-la-ar\/"},"author":{"name":"Wisse Hettinga","@id":"https:\/\/www.ecinews.fr\/fr\/#\/schema\/person\/c6b626c6c65f5e1e7794ce2d17b2ca82"},"headline":"L&rsquo;Europe se projette au del\u00e0 du t\u00e9l\u00e9phone mobile avec la AR","datePublished":"2021-05-27T16:37:11+00:00","dateModified":"2021-05-27T16:37:11+00:00","mainEntityOfPage":{"@id":"https:\/\/www.ecinews.fr\/fr\/leurope-se-projette-au-dela-du-telephone-mobile-avec-la-ar\/"},"wordCount":1651,"commentCount":0,"publisher":{"@id":"https:\/\/www.ecinews.fr\/fr\/#organization"},"keywords":["Analog","Displays &amp; Interfaces","Materials &amp; processes","Optoelectronics","Wearables"],"articleSection":["News"],"inLanguage":"fr-FR","potentialAction":[{"@type":"CommentAction","name":"Comment","target":["https:\/\/www.ecinews.fr\/fr\/leurope-se-projette-au-dela-du-telephone-mobile-avec-la-ar\/#respond"]}]},{"@type":"WebPage","@id":"https:\/\/www.ecinews.fr\/fr\/leurope-se-projette-au-dela-du-telephone-mobile-avec-la-ar\/","url":"https:\/\/www.ecinews.fr\/fr\/leurope-se-projette-au-dela-du-telephone-mobile-avec-la-ar\/","name":"L'Europe se projette au del\u00e0 du t\u00e9l\u00e9phone mobile avec la AR -","isPartOf":{"@id":"https:\/\/www.ecinews.fr\/fr\/#website"},"datePublished":"2021-05-27T16:37:11+00:00","dateModified":"2021-05-27T16:37:11+00:00","breadcrumb":{"@id":"https:\/\/www.ecinews.fr\/fr\/leurope-se-projette-au-dela-du-telephone-mobile-avec-la-ar\/#breadcrumb"},"inLanguage":"fr-FR","potentialAction":[{"@type":"ReadAction","target":["https:\/\/www.ecinews.fr\/fr\/leurope-se-projette-au-dela-du-telephone-mobile-avec-la-ar\/"]}]},{"@type":"BreadcrumbList","@id":"https:\/\/www.ecinews.fr\/fr\/leurope-se-projette-au-dela-du-telephone-mobile-avec-la-ar\/#breadcrumb","itemListElement":[{"@type":"ListItem","position":1,"name":"Home","item":"https:\/\/www.ecinews.fr\/fr\/"},{"@type":"ListItem","position":2,"name":"L&rsquo;Europe se projette au del\u00e0 du t\u00e9l\u00e9phone mobile avec la AR"}]},{"@type":"WebSite","@id":"https:\/\/www.ecinews.fr\/fr\/#website","url":"https:\/\/www.ecinews.fr\/fr\/","name":"EENewsEurope","description":"Just another WordPress site","publisher":{"@id":"https:\/\/www.ecinews.fr\/fr\/#organization"},"potentialAction":[{"@type":"SearchAction","target":{"@type":"EntryPoint","urlTemplate":"https:\/\/www.ecinews.fr\/fr\/?s={search_term_string}"},"query-input":"required name=search_term_string"}],"inLanguage":"fr-FR"},{"@type":"Organization","@id":"https:\/\/www.ecinews.fr\/fr\/#organization","name":"EENewsEurope","url":"https:\/\/www.ecinews.fr\/fr\/","logo":{"@type":"ImageObject","inLanguage":"fr-FR","@id":"https:\/\/www.ecinews.fr\/fr\/#\/schema\/logo\/image\/","url":"https:\/\/www.ecinews.fr\/wp-content\/uploads\/2022\/02\/logo-1.jpg","contentUrl":"https:\/\/www.ecinews.fr\/wp-content\/uploads\/2022\/02\/logo-1.jpg","width":283,"height":113,"caption":"EENewsEurope"},"image":{"@id":"https:\/\/www.ecinews.fr\/fr\/#\/schema\/logo\/image\/"}},{"@type":"Person","@id":"https:\/\/www.ecinews.fr\/fr\/#\/schema\/person\/c6b626c6c65f5e1e7794ce2d17b2ca82","name":"Wisse Hettinga","image":{"@type":"ImageObject","inLanguage":"fr-FR","@id":"https:\/\/www.ecinews.fr\/fr\/#\/schema\/person\/image\/5dc5f564ca306d7cb8b22735be49a465","url":"https:\/\/secure.gravatar.com\/avatar\/24a36fe68de56eac2a45cbaf9aa4bb58?s=96&d=mm&r=g","contentUrl":"https:\/\/secure.gravatar.com\/avatar\/24a36fe68de56eac2a45cbaf9aa4bb58?s=96&d=mm&r=g","caption":"Wisse Hettinga"}}]}},"authors":[{"term_id":1139,"user_id":7,"is_guest":0,"slug":"wisse-hettinga","display_name":"Wisse Hettinga","avatar_url":"https:\/\/secure.gravatar.com\/avatar\/24a36fe68de56eac2a45cbaf9aa4bb58?s=96&d=mm&r=g","0":null,"1":"","2":"","3":"","4":"","5":"","6":"","7":"","8":""}],"_links":{"self":[{"href":"https:\/\/www.ecinews.fr\/fr\/wp-json\/wp\/v2\/posts\/11163"}],"collection":[{"href":"https:\/\/www.ecinews.fr\/fr\/wp-json\/wp\/v2\/posts"}],"about":[{"href":"https:\/\/www.ecinews.fr\/fr\/wp-json\/wp\/v2\/types\/post"}],"author":[{"embeddable":true,"href":"https:\/\/www.ecinews.fr\/fr\/wp-json\/wp\/v2\/users\/7"}],"replies":[{"embeddable":true,"href":"https:\/\/www.ecinews.fr\/fr\/wp-json\/wp\/v2\/comments?post=11163"}],"version-history":[{"count":0,"href":"https:\/\/www.ecinews.fr\/fr\/wp-json\/wp\/v2\/posts\/11163\/revisions"}],"wp:featuredmedia":[{"embeddable":true,"href":"https:\/\/www.ecinews.fr\/fr\/wp-json\/wp\/v2\/media\/11164"}],"wp:attachment":[{"href":"https:\/\/www.ecinews.fr\/fr\/wp-json\/wp\/v2\/media?parent=11163"}],"wp:term":[{"taxonomy":"category","embeddable":true,"href":"https:\/\/www.ecinews.fr\/fr\/wp-json\/wp\/v2\/categories?post=11163"},{"taxonomy":"post_tag","embeddable":true,"href":"https:\/\/www.ecinews.fr\/fr\/wp-json\/wp\/v2\/tags?post=11163"},{"taxonomy":"domains","embeddable":true,"href":"https:\/\/www.ecinews.fr\/fr\/wp-json\/wp\/v2\/domains?post=11163"},{"taxonomy":"author","embeddable":true,"href":"https:\/\/www.ecinews.fr\/fr\/wp-json\/wp\/v2\/ppma_author?post=11163"}],"curies":[{"name":"wp","href":"https:\/\/api.w.org\/{rel}","templated":true}]}}