{"id":11143,"date":"2021-05-28T09:13:36","date_gmt":"2021-05-28T09:13:36","guid":{"rendered":"https:\/\/\/infineon-pas-chaud-pour-le-projet-de-fab-europeenne-a-2nm\/"},"modified":"2021-05-28T09:13:36","modified_gmt":"2021-05-28T09:13:36","slug":"infineon-pas-chaud-pour-le-projet-de-fab-europeenne-a-2nm","status":"publish","type":"post","link":"https:\/\/www.ecinews.fr\/fr\/infineon-pas-chaud-pour-le-projet-de-fab-europeenne-a-2nm\/","title":{"rendered":"Infineon pas chaud pour le projet de Fab europ\u00e9enne \u00e0 2nm"},"content":{"rendered":"<p class=\"MsoNoSpacing\">Gassel a d\u00e9clar\u00e9 que si le plan soutenait les fabricants europ\u00e9ens dans des domaines tels que l&rsquo;automobile, l&rsquo;industrie et l&rsquo;Internet des objets, Infineon serait dispos\u00e9 \u00e0 participer. \u00ab\u00a0Nous pensons que l&rsquo;Europe devrait se concentrer sur l&rsquo;apport de technologies modernes, mais pas de pointe\u00a0\u00bb, a d\u00e9clar\u00e9 Bloomberg, citant Gassel.<\/p>\n<p class=\"MsoNoSpacing\">Les politiciens europ\u00e9ens voient l&rsquo;importance strat\u00e9gique de la conception et de la production de circuits int\u00e9gr\u00e9s et souhaitent augmenter \u00e0 la fois le volume&nbsp; de productiondu continent et sa capacit\u00e9 dans les technologies de pointe. Les politiciens veulent augmenter le volume \u00e0 20 pour cent de l&rsquo;offre mondiale, mais aussi atteindre l&rsquo;avant-garde \u00e0 5 nm \u00e0 2 nm. Cependant, les soci\u00e9t\u00e9s europ\u00e9ennes de puces \u00e9lectroniques ont abandonn\u00e9 la fabrication de puces num\u00e9riques de pointe il y a de nombreuses ann\u00e9es, pr\u00e9f\u00e9rant sous-traiter cette production \u00e0 des fonderies comme TSMC et Samsung entre autres.<\/p>\n<p class=\"MsoNoSpacing\">Cela laisse \u00e0 l&rsquo;Union europ\u00e9enne peu d&rsquo;options pour la r\u00e9alisation de son programme. Gassel a fait valoir que la plupart des \u00e9quipements \u00e9lectroniques fabriqu\u00e9s en Europe n&rsquo;ont pas besoin d&rsquo;une production de pointe. \u00ab\u00a0La grande majorit\u00e9, sinon tous les composants, dans une voiture aujourd&rsquo;hui et dans les cinq prochaines ann\u00e9es \u00e0 venir, ne tireront aucun avantage de capacit\u00e9s de production en dessous de 20 nanom\u00e8tres\u00a0\u00bb, a d\u00e9clar\u00e9 Gassel.<\/p>\n<p class=\"MsoNoSpacing\">Gassel d&rsquo;Infineon a embo\u00eet\u00e9 le pas au CEO&nbsp;de STMicroelectronics, Jean-Marc Chery, qui a r\u00e9cemment d\u00e9clar\u00e9 que son entreprise ne participerait pas \u00e0 une alliance europ\u00e9enne pour atteindre la pointe de la technologie \u00e0 2nm&nbsp; (voir ST ne rejoindra pas l&rsquo;alliance europ\u00e9enne des puces avanc\u00e9es).<\/p>\n<p class=\"MsoNoSpacing\">L&rsquo;Union europ\u00e9enne fait valoir que le continent est trop d\u00e9pendant des cha\u00eenes d&rsquo;approvisionnement offshore et que la crise de l&rsquo;approvisionnement en semiconducteurs est la preuve que l&rsquo;Europe doit prendre plus de contr\u00f4le. Les fabricants&nbsp;de semiconducteurseurop\u00e9ens semblent \u00e9galement peu faire cas des initiatives europ\u00e9\u00e9ennes EPI qui visent \u00e0 une ind\u00e9pendence de l&rsquo;Europe dans les technologies cl\u00e9 du calcul hautes performances HPC et de l&rsquo;Intelligence Artificielle dont les circuits int\u00e9gr\u00e9s devront \u00eatre produits sur des process 2nm.<\/p>\n<p class=\"MsoNoSpacing\"><strong>Lire aussi:<\/strong><\/p>\n<p class=\"MsoNoSpacing\"><a href=\"https:\/\/www.ecinews.fr\/news\/stmicro-ne-participera-pas-lalliance-europeenne\">STMicro ne participera pas \u00e0 l&rsquo;alliance europ\u00e9enne<\/a><\/p>\n<p class=\"MsoNoSpacing\"><a href=\"https:\/\/www.ecinews.fr\/news\/la-commission-europeenne-parle-de-fab-2nm-avec-tsmc-intel-et-samsung\">La Commission Europ\u00e9enne parle de Fab 2nm avec TSMC, Intel et Samsung<\/a><\/p>\n<p><a href=\"https:\/\/www.ecinews.fr\/news\/intel-reclame-8-milliards-deuros-daides-pour-construire-eurofab\">Intel r\u00e9clame 8 milliards d&rsquo;euros d&rsquo;aides pour construire EuroFab<\/a><\/p>\n<p class=\"MsoNoSpacing\"><a href=\"https:\/\/www.ecinews.fr\/news\/leurope-doit-sortir-de-ses-30-ans-de-sommeil-dans-les-semiconducteurs\">L&rsquo;Europe doit sortir de ses 30 ans de sommeil dans les semiconducteurs<\/a><\/p>\n<p class=\"MsoNormal\"><b>Related links and articles: <\/b><\/p>\n<p class=\"MsoNormal\"><span><a href=\"https:\/\/www.eenewsanalog.com\/news\/european-2nm-chip-fab-futile-endeavour-says-think-tank\">European 2nm chip fab a \u00ab\u00a0futile endeavour,\u00a0\u00bb says think tank<\/a><\/span><\/p>\n<p class=\"MsoNormal\">&nbsp;<\/p>\n","protected":false},"excerpt":{"rendered":"<p>Helmut Gassel, directeur du marketing d&rsquo;Infineon Technologies AG, s&rsquo;est joint \u00e0 d&rsquo;autres pour dire que le plan de l&rsquo;Union europ\u00e9enne visant \u00e0 atteindre une production de fabrication de puces de 2 nm n&rsquo;est pas n\u00e9cessaire pour le moment. <\/p>\n","protected":false},"author":7,"featured_media":11144,"comment_status":"open","ping_status":"closed","sticky":false,"template":"","format":"standard","meta":{"_acf_changed":false,"footnotes":""},"categories":[880],"tags":[889,920,893,891,909,894,912,895,896,897,898,899,900,901,902,903,919,892,913,904,905,906,907,908,890,916,910,917,911,914,915],"domains":[47],"ppma_author":[1139],"class_list":["post-11143","post","type-post","status-publish","format-standard","has-post-thumbnail","hentry","category-actualites-economiques","tag-analog-fr","tag-artificialintelligence-fr","tag-authentication-encryption-fr","tag-automotive-fr","tag-batteries-power-supplies-fr","tag-boards-embedded-cards-fr","tag-dataacquisition-fr","tag-developmentkits-fr","tag-digitalsignalprocessing-fr","tag-displays-interfaces-fr","tag-distributors-fr","tag-eda-cad-tools-fr","tag-electromechanical-fr","tag-energyharvesting-fr","tag-flexibleelectronics-fr","tag-interconnect-cables-fr","tag-iot-fr","tag-ledlighting-fr","tag-materials-processes-fr","tag-medicalelectronics-fr","tag-memory-data-storage-fr","tag-mpus-mcus-fr","tag-optoelectronics-fr","tag-plds-fpgas-asics-fr","tag-powermanagement-fr","tag-rf-transmission-fr","tag-sensing-conditioning-fr","tag-software-embedded-tools-fr","tag-testandmeasurement-fr","tag-wearables-fr","tag-wireless-communications-fr","domains-electronique-eci"],"acf":[],"yoast_head":"<title>Infineon pas chaud pour le projet de Fab europ\u00e9enne \u00e0 2nm ...<\/title>\n<meta name=\"description\" content=\"Helmut Gassel, directeur du marketing d&#039;Infineon Technologies AG, s&#039;est joint \u00e0 d&#039;autres pour dire que le plan de l&#039;Union europ\u00e9enne visant \u00e0 atteindre...\" \/>\n<meta name=\"robots\" content=\"index, follow, max-snippet:-1, max-image-preview:large, max-video-preview:-1\" \/>\n<link rel=\"canonical\" href=\"https:\/\/www.ecinews.fr\/fr\/wp-json\/wp\/v2\/posts\/11143\/\" \/>\n<meta property=\"og:locale\" content=\"fr_FR\" \/>\n<meta property=\"og:type\" content=\"article\" \/>\n<meta property=\"og:title\" content=\"Infineon pas chaud pour le projet de Fab europ\u00e9enne \u00e0 2nm\" \/>\n<meta property=\"og:description\" content=\"Helmut Gassel, directeur du marketing d&#039;Infineon Technologies AG, s&#039;est joint \u00e0 d&#039;autres pour dire que le plan de l&#039;Union europ\u00e9enne visant \u00e0 atteindre une production de fabrication de puces de 2 nm n&#039;est pas n\u00e9cessaire pour le moment.\" \/>\n<meta property=\"og:url\" content=\"https:\/\/www.ecinews.fr\/fr\/wp-json\/wp\/v2\/posts\/11143\/\" \/>\n<meta property=\"og:site_name\" content=\"EENewsEurope\" \/>\n<meta property=\"article:published_time\" content=\"2021-05-28T09:13:36+00:00\" \/>\n<meta property=\"og:image\" content=\"https:\/\/www.ecinews.fr\/wp-content\/uploads\/import\/default\/files\/sites\/default\/files\/images\/germaneu630_0.jpg\" \/>\n\t<meta property=\"og:image:width\" content=\"630\" \/>\n\t<meta property=\"og:image:height\" content=\"420\" \/>\n\t<meta property=\"og:image:type\" content=\"image\/jpeg\" \/>\n<meta name=\"author\" content=\"Wisse Hettinga\" \/>\n<meta name=\"twitter:card\" content=\"summary_large_image\" \/>\n<meta name=\"twitter:label1\" content=\"Written by\" \/>\n\t<meta name=\"twitter:data1\" content=\"Wisse Hettinga\" \/>\n\t<meta name=\"twitter:label2\" content=\"Est. reading time\" \/>\n\t<meta name=\"twitter:data2\" content=\"2 minutes\" \/>\n<script type=\"application\/ld+json\" class=\"yoast-schema-graph\">{\"@context\":\"https:\/\/schema.org\",\"@graph\":[{\"@type\":\"Article\",\"@id\":\"https:\/\/www.ecinews.fr\/fr\/infineon-pas-chaud-pour-le-projet-de-fab-europeenne-a-2nm\/#article\",\"isPartOf\":{\"@id\":\"https:\/\/www.ecinews.fr\/fr\/infineon-pas-chaud-pour-le-projet-de-fab-europeenne-a-2nm\/\"},\"author\":{\"name\":\"Wisse Hettinga\",\"@id\":\"https:\/\/www.eenewseurope.com\/en\/#\/schema\/person\/c6b626c6c65f5e1e7794ce2d17b2ca82\"},\"headline\":\"Infineon pas chaud pour le projet de Fab europ\u00e9enne \u00e0 2nm\",\"datePublished\":\"2021-05-28T09:13:36+00:00\",\"dateModified\":\"2021-05-28T09:13:36+00:00\",\"mainEntityOfPage\":{\"@id\":\"https:\/\/www.ecinews.fr\/fr\/infineon-pas-chaud-pour-le-projet-de-fab-europeenne-a-2nm\/\"},\"wordCount\":448,\"commentCount\":0,\"publisher\":{\"@id\":\"https:\/\/www.eenewseurope.com\/en\/#organization\"},\"keywords\":[\"Analog\",\"ArtificialIntelligence\",\"Authentication &amp; Encryption\",\"Automotive\",\"Batteries \/ Power Supplies\",\"Boards &amp; Embedded Cards\",\"DataAcquisition\",\"DevelopmentKits\",\"DigitalSignalProcessing\",\"Displays &amp; Interfaces\",\"Distributors\",\"EDA &amp; CAD tools\",\"Electromechanical\",\"EnergyHarvesting\",\"FlexibleElectronics\",\"Interconnect &amp; cables\",\"IoT\",\"LEDlighting\",\"Materials &amp; processes\",\"MedicalElectronics\",\"Memory &amp; Data Storage\",\"MPUs\/MCUs\",\"Optoelectronics\",\"PLDs\/FPGAs\/ASICs\",\"PowerManagement\",\"RF transmission\",\"Sensing \/ Conditioning\",\"Software &amp; Embedded tools\",\"TestandMeasurement\",\"Wearables\",\"Wireless Communications\"],\"articleSection\":[\"Actualit\u00e9s \u00e9conomiques\"],\"inLanguage\":\"fr-FR\",\"potentialAction\":[{\"@type\":\"CommentAction\",\"name\":\"Comment\",\"target\":[\"https:\/\/www.ecinews.fr\/fr\/infineon-pas-chaud-pour-le-projet-de-fab-europeenne-a-2nm\/#respond\"]}]},{\"@type\":\"WebPage\",\"@id\":\"https:\/\/www.ecinews.fr\/fr\/infineon-pas-chaud-pour-le-projet-de-fab-europeenne-a-2nm\/\",\"url\":\"https:\/\/www.ecinews.fr\/fr\/infineon-pas-chaud-pour-le-projet-de-fab-europeenne-a-2nm\/\",\"name\":\"Infineon pas chaud pour le projet de Fab europ\u00e9enne \u00e0 2nm -\",\"isPartOf\":{\"@id\":\"https:\/\/www.eenewseurope.com\/en\/#website\"},\"datePublished\":\"2021-05-28T09:13:36+00:00\",\"dateModified\":\"2021-05-28T09:13:36+00:00\",\"breadcrumb\":{\"@id\":\"https:\/\/www.ecinews.fr\/fr\/infineon-pas-chaud-pour-le-projet-de-fab-europeenne-a-2nm\/#breadcrumb\"},\"inLanguage\":\"fr-FR\",\"potentialAction\":[{\"@type\":\"ReadAction\",\"target\":[\"https:\/\/www.ecinews.fr\/fr\/infineon-pas-chaud-pour-le-projet-de-fab-europeenne-a-2nm\/\"]}]},{\"@type\":\"BreadcrumbList\",\"@id\":\"https:\/\/www.ecinews.fr\/fr\/infineon-pas-chaud-pour-le-projet-de-fab-europeenne-a-2nm\/#breadcrumb\",\"itemListElement\":[{\"@type\":\"ListItem\",\"position\":1,\"name\":\"Home\",\"item\":\"https:\/\/www.ecinews.fr\/fr\/\"},{\"@type\":\"ListItem\",\"position\":2,\"name\":\"Infineon pas chaud pour le projet de Fab europ\u00e9enne \u00e0 2nm\"}]},{\"@type\":\"WebSite\",\"@id\":\"https:\/\/www.eenewseurope.com\/en\/#website\",\"url\":\"https:\/\/www.eenewseurope.com\/en\/\",\"name\":\"EENewsEurope\",\"description\":\"Just another WordPress site\",\"publisher\":{\"@id\":\"https:\/\/www.eenewseurope.com\/en\/#organization\"},\"potentialAction\":[{\"@type\":\"SearchAction\",\"target\":{\"@type\":\"EntryPoint\",\"urlTemplate\":\"https:\/\/www.eenewseurope.com\/en\/?s={search_term_string}\"},\"query-input\":\"required name=search_term_string\"}],\"inLanguage\":\"fr-FR\"},{\"@type\":\"Organization\",\"@id\":\"https:\/\/www.eenewseurope.com\/en\/#organization\",\"name\":\"EENewsEurope\",\"url\":\"https:\/\/www.eenewseurope.com\/en\/\",\"logo\":{\"@type\":\"ImageObject\",\"inLanguage\":\"fr-FR\",\"@id\":\"https:\/\/www.eenewseurope.com\/en\/#\/schema\/logo\/image\/\",\"url\":\"https:\/\/www.ecinews.fr\/wp-content\/uploads\/2022\/02\/logo-1.jpg\",\"contentUrl\":\"https:\/\/www.ecinews.fr\/wp-content\/uploads\/2022\/02\/logo-1.jpg\",\"width\":283,\"height\":113,\"caption\":\"EENewsEurope\"},\"image\":{\"@id\":\"https:\/\/www.eenewseurope.com\/en\/#\/schema\/logo\/image\/\"}},{\"@type\":\"Person\",\"@id\":\"https:\/\/www.eenewseurope.com\/en\/#\/schema\/person\/c6b626c6c65f5e1e7794ce2d17b2ca82\",\"name\":\"Wisse Hettinga\",\"image\":{\"@type\":\"ImageObject\",\"inLanguage\":\"fr-FR\",\"@id\":\"https:\/\/www.eenewseurope.com\/en\/#\/schema\/person\/image\/5dc5f564ca306d7cb8b22735be49a465\",\"url\":\"https:\/\/secure.gravatar.com\/avatar\/24a36fe68de56eac2a45cbaf9aa4bb58?s=96&d=mm&r=g\",\"contentUrl\":\"https:\/\/secure.gravatar.com\/avatar\/24a36fe68de56eac2a45cbaf9aa4bb58?s=96&d=mm&r=g\",\"caption\":\"Wisse Hettinga\"}}]}<\/script>","yoast_head_json":{"title":"Infineon pas chaud pour le projet de Fab europ\u00e9enne \u00e0 2nm ...","description":"Helmut Gassel, directeur du marketing d'Infineon Technologies AG, s'est joint \u00e0 d'autres pour dire que le plan de l'Union europ\u00e9enne visant \u00e0 atteindre...","robots":{"index":"index","follow":"follow","max-snippet":"max-snippet:-1","max-image-preview":"max-image-preview:large","max-video-preview":"max-video-preview:-1"},"canonical":"https:\/\/www.ecinews.fr\/fr\/wp-json\/wp\/v2\/posts\/11143\/","og_locale":"fr_FR","og_type":"article","og_title":"Infineon pas chaud pour le projet de Fab europ\u00e9enne \u00e0 2nm","og_description":"Helmut Gassel, directeur du marketing d'Infineon Technologies AG, s'est joint \u00e0 d'autres pour dire que le plan de l'Union europ\u00e9enne visant \u00e0 atteindre une production de fabrication de puces de 2 nm n'est pas n\u00e9cessaire pour le moment.","og_url":"https:\/\/www.ecinews.fr\/fr\/wp-json\/wp\/v2\/posts\/11143\/","og_site_name":"EENewsEurope","article_published_time":"2021-05-28T09:13:36+00:00","og_image":[{"width":630,"height":420,"url":"https:\/\/www.ecinews.fr\/wp-content\/uploads\/import\/default\/files\/sites\/default\/files\/images\/germaneu630_0.jpg","type":"image\/jpeg"}],"author":"Wisse Hettinga","twitter_card":"summary_large_image","twitter_misc":{"Written by":"Wisse Hettinga","Est. reading time":"2 minutes"},"schema":{"@context":"https:\/\/schema.org","@graph":[{"@type":"Article","@id":"https:\/\/www.ecinews.fr\/fr\/infineon-pas-chaud-pour-le-projet-de-fab-europeenne-a-2nm\/#article","isPartOf":{"@id":"https:\/\/www.ecinews.fr\/fr\/infineon-pas-chaud-pour-le-projet-de-fab-europeenne-a-2nm\/"},"author":{"name":"Wisse Hettinga","@id":"https:\/\/www.eenewseurope.com\/en\/#\/schema\/person\/c6b626c6c65f5e1e7794ce2d17b2ca82"},"headline":"Infineon pas chaud pour le projet de Fab europ\u00e9enne \u00e0 2nm","datePublished":"2021-05-28T09:13:36+00:00","dateModified":"2021-05-28T09:13:36+00:00","mainEntityOfPage":{"@id":"https:\/\/www.ecinews.fr\/fr\/infineon-pas-chaud-pour-le-projet-de-fab-europeenne-a-2nm\/"},"wordCount":448,"commentCount":0,"publisher":{"@id":"https:\/\/www.eenewseurope.com\/en\/#organization"},"keywords":["Analog","ArtificialIntelligence","Authentication &amp; Encryption","Automotive","Batteries \/ Power Supplies","Boards &amp; Embedded Cards","DataAcquisition","DevelopmentKits","DigitalSignalProcessing","Displays &amp; Interfaces","Distributors","EDA &amp; CAD tools","Electromechanical","EnergyHarvesting","FlexibleElectronics","Interconnect &amp; cables","IoT","LEDlighting","Materials &amp; processes","MedicalElectronics","Memory &amp; Data Storage","MPUs\/MCUs","Optoelectronics","PLDs\/FPGAs\/ASICs","PowerManagement","RF transmission","Sensing \/ Conditioning","Software &amp; Embedded tools","TestandMeasurement","Wearables","Wireless Communications"],"articleSection":["Actualit\u00e9s \u00e9conomiques"],"inLanguage":"fr-FR","potentialAction":[{"@type":"CommentAction","name":"Comment","target":["https:\/\/www.ecinews.fr\/fr\/infineon-pas-chaud-pour-le-projet-de-fab-europeenne-a-2nm\/#respond"]}]},{"@type":"WebPage","@id":"https:\/\/www.ecinews.fr\/fr\/infineon-pas-chaud-pour-le-projet-de-fab-europeenne-a-2nm\/","url":"https:\/\/www.ecinews.fr\/fr\/infineon-pas-chaud-pour-le-projet-de-fab-europeenne-a-2nm\/","name":"Infineon pas chaud pour le projet de Fab europ\u00e9enne \u00e0 2nm -","isPartOf":{"@id":"https:\/\/www.eenewseurope.com\/en\/#website"},"datePublished":"2021-05-28T09:13:36+00:00","dateModified":"2021-05-28T09:13:36+00:00","breadcrumb":{"@id":"https:\/\/www.ecinews.fr\/fr\/infineon-pas-chaud-pour-le-projet-de-fab-europeenne-a-2nm\/#breadcrumb"},"inLanguage":"fr-FR","potentialAction":[{"@type":"ReadAction","target":["https:\/\/www.ecinews.fr\/fr\/infineon-pas-chaud-pour-le-projet-de-fab-europeenne-a-2nm\/"]}]},{"@type":"BreadcrumbList","@id":"https:\/\/www.ecinews.fr\/fr\/infineon-pas-chaud-pour-le-projet-de-fab-europeenne-a-2nm\/#breadcrumb","itemListElement":[{"@type":"ListItem","position":1,"name":"Home","item":"https:\/\/www.ecinews.fr\/fr\/"},{"@type":"ListItem","position":2,"name":"Infineon pas chaud pour le projet de Fab europ\u00e9enne \u00e0 2nm"}]},{"@type":"WebSite","@id":"https:\/\/www.eenewseurope.com\/en\/#website","url":"https:\/\/www.eenewseurope.com\/en\/","name":"EENewsEurope","description":"Just another WordPress site","publisher":{"@id":"https:\/\/www.eenewseurope.com\/en\/#organization"},"potentialAction":[{"@type":"SearchAction","target":{"@type":"EntryPoint","urlTemplate":"https:\/\/www.eenewseurope.com\/en\/?s={search_term_string}"},"query-input":"required name=search_term_string"}],"inLanguage":"fr-FR"},{"@type":"Organization","@id":"https:\/\/www.eenewseurope.com\/en\/#organization","name":"EENewsEurope","url":"https:\/\/www.eenewseurope.com\/en\/","logo":{"@type":"ImageObject","inLanguage":"fr-FR","@id":"https:\/\/www.eenewseurope.com\/en\/#\/schema\/logo\/image\/","url":"https:\/\/www.ecinews.fr\/wp-content\/uploads\/2022\/02\/logo-1.jpg","contentUrl":"https:\/\/www.ecinews.fr\/wp-content\/uploads\/2022\/02\/logo-1.jpg","width":283,"height":113,"caption":"EENewsEurope"},"image":{"@id":"https:\/\/www.eenewseurope.com\/en\/#\/schema\/logo\/image\/"}},{"@type":"Person","@id":"https:\/\/www.eenewseurope.com\/en\/#\/schema\/person\/c6b626c6c65f5e1e7794ce2d17b2ca82","name":"Wisse Hettinga","image":{"@type":"ImageObject","inLanguage":"fr-FR","@id":"https:\/\/www.eenewseurope.com\/en\/#\/schema\/person\/image\/5dc5f564ca306d7cb8b22735be49a465","url":"https:\/\/secure.gravatar.com\/avatar\/24a36fe68de56eac2a45cbaf9aa4bb58?s=96&d=mm&r=g","contentUrl":"https:\/\/secure.gravatar.com\/avatar\/24a36fe68de56eac2a45cbaf9aa4bb58?s=96&d=mm&r=g","caption":"Wisse Hettinga"}}]}},"authors":[{"term_id":1139,"user_id":7,"is_guest":0,"slug":"wisse-hettinga","display_name":"Wisse Hettinga","avatar_url":"https:\/\/secure.gravatar.com\/avatar\/24a36fe68de56eac2a45cbaf9aa4bb58?s=96&d=mm&r=g","0":null,"1":"","2":"","3":"","4":"","5":"","6":"","7":"","8":""}],"_links":{"self":[{"href":"https:\/\/www.ecinews.fr\/fr\/wp-json\/wp\/v2\/posts\/11143"}],"collection":[{"href":"https:\/\/www.ecinews.fr\/fr\/wp-json\/wp\/v2\/posts"}],"about":[{"href":"https:\/\/www.ecinews.fr\/fr\/wp-json\/wp\/v2\/types\/post"}],"author":[{"embeddable":true,"href":"https:\/\/www.ecinews.fr\/fr\/wp-json\/wp\/v2\/users\/7"}],"replies":[{"embeddable":true,"href":"https:\/\/www.ecinews.fr\/fr\/wp-json\/wp\/v2\/comments?post=11143"}],"version-history":[{"count":0,"href":"https:\/\/www.ecinews.fr\/fr\/wp-json\/wp\/v2\/posts\/11143\/revisions"}],"wp:featuredmedia":[{"embeddable":true,"href":"https:\/\/www.ecinews.fr\/fr\/wp-json\/wp\/v2\/media\/11144"}],"wp:attachment":[{"href":"https:\/\/www.ecinews.fr\/fr\/wp-json\/wp\/v2\/media?parent=11143"}],"wp:term":[{"taxonomy":"category","embeddable":true,"href":"https:\/\/www.ecinews.fr\/fr\/wp-json\/wp\/v2\/categories?post=11143"},{"taxonomy":"post_tag","embeddable":true,"href":"https:\/\/www.ecinews.fr\/fr\/wp-json\/wp\/v2\/tags?post=11143"},{"taxonomy":"domains","embeddable":true,"href":"https:\/\/www.ecinews.fr\/fr\/wp-json\/wp\/v2\/domains?post=11143"},{"taxonomy":"author","embeddable":true,"href":"https:\/\/www.ecinews.fr\/fr\/wp-json\/wp\/v2\/ppma_author?post=11143"}],"curies":[{"name":"wp","href":"https:\/\/api.w.org\/{rel}","templated":true}]}}