{"id":11063,"date":"2021-06-03T05:30:15","date_gmt":"2021-06-03T05:30:15","guid":{"rendered":"https:\/\/\/modules-cellulaires-prets-a-etre-deployes-pour-les-reseaux-ido-sans-fil-et-sans-passerelle\/"},"modified":"2021-06-03T05:30:15","modified_gmt":"2021-06-03T05:30:15","slug":"modules-cellulaires-prets-a-etre-deployes-pour-les-reseaux-ido-sans-fil-et-sans-passerelle","status":"publish","type":"post","link":"https:\/\/www.ecinews.fr\/fr\/modules-cellulaires-prets-a-etre-deployes-pour-les-reseaux-ido-sans-fil-et-sans-passerelle\/","title":{"rendered":"Modules cellulaires pr\u00eats \u00e0 \u00eatre d\u00e9ploy\u00e9s pour les r\u00e9seaux IdO sans fil et sans passerelle"},"content":{"rendered":"<p>Cela rend la connexion de chaque appareil \u00e9conomique, ce qui est particuli\u00e8rement avantageux lors de l&rsquo;installation de gros r\u00e9seaux qui n\u00e9cessitent un faible co\u00fbt par unit\u00e9. Le RYZ014A pr\u00e9-test\u00e9 et pr\u00e9-certifi\u00e9 permet aux clients de mettre en \u0153uvre rapidement et \u00e0 moindre co\u00fbt des applications IdO sans fil dans le monde entier.<\/p>\n<p>Le module RYZ014A r\u00e9sout les probl\u00e8mes de conception et de certification des clients par rapport \u00e0 la cr\u00e9ation d&rsquo;une solution IdO sans fil \u00e0 partir de z\u00e9ro. Cela comprend la certification r\u00e9glementaire RF, la certification PTCRB\/GCF et la certification de l&rsquo;op\u00e9rateur pour l&rsquo;op\u00e9rateur r\u00e9seau de choix du client. Le module est construit sur une technologie \u00e9prouv\u00e9e \u00e0 la fois du point de vue mat\u00e9riel et logiciel et est livr\u00e9 enti\u00e8rement test\u00e9 et calibr\u00e9. Il a \u00e9t\u00e9 certifi\u00e9 avec toutes les principales r\u00e9glementations en mati\u00e8re de radiofr\u00e9quences dans le monde ainsi qu&rsquo;avec les principaux op\u00e9rateurs de r\u00e9seau en Am\u00e9rique du Nord, APAC et en Europe. L&rsquo;IdO cellulaire est l&rsquo;un des piliers de la strat\u00e9gie de connectivit\u00e9 de Renesas, qui comprend \u00e9galement le Bluetooth&nbsp;Low Energy, Ultra-Wide Band (UWB) et Wi-SUN, entre autres.<\/p>\n<p>&nbsp;\u00ab La cr\u00e9ation de r\u00e9seaux IdO sans fil \u00e0 travers le monde peut \u00eatre co\u00fbteuse et prendre du temps \u00bb, a d\u00e9clar\u00e9&nbsp;Roger Wendelken, vice-pr\u00e9sident principal de la division IdO et infrastructure de Renesas. \u00ab Le module Renesas RYZ014A fournit une solution \u00e9prouv\u00e9e par le leader de l&rsquo;IdO qui permet aux clients de gagner du temps et de l&rsquo;argent, o\u00f9 qu&rsquo;ils se trouvent. Nous avons re\u00e7u des r\u00e9ponses enthousiastes sur cette solution de la part de clients sur les march\u00e9s du comptage, de la maison intelligente, des infrastructures et de l&rsquo;industrie, o\u00f9 ils peuvent connecter de mani\u00e8re transparente les applications MCU Renesas \u00e0 l\u2019Internet via le r\u00e9seau cellulaire de leur choix. \u00bb<\/p>\n<p>Renesas s&rsquo;associe \u00e0 Sequans Communications pour l&rsquo;IdO. Sequans propose la technologie mat\u00e9rielle et logicielle Monarch LTE CAT-M1 utilis\u00e9e dans le module et poss\u00e8de une vaste exp\u00e9rience dans la mise en \u0153uvre de l&rsquo;IdO sans fil dans le monde entier. \u00ab Ce produit est un excellent exemple des avantages dont b\u00e9n\u00e9ficient les clients de la combinaison de nos deux technologies \u00bb, a d\u00e9clar\u00e9&nbsp;Georges Karam, PDG de Sequans. \u00ab La technologie Monarch de Sequans est un compl\u00e9ment exceptionnel \u00e0 l\u2019expertise in\u00e9gal\u00e9e en mati\u00e8re de microcontr\u00f4leurs fournie par Renesas. \u00bb<\/p>\n<p><a href=\"https:\/\/www.renesas.com\/\" target=\"_blank\" rel=\"noopener\">renesas.com<\/a><\/p>\n","protected":false},"excerpt":{"rendered":"<p>Premier module IdO cellulaire de Renesas prenant en charge la sp\u00e9cification LTE Cat-M1, le RYZ014A est bas\u00e9 sur une technologie permet aux appareils de se connecter directement \u00e0 Internet sans avoir besoin d&rsquo;une passerelle en s&rsquo;appuyant sur l&rsquo;infrastructure de communication existante d\u00e9tenue par les op\u00e9rateurs de r\u00e9seaux mobiles.<\/p>\n","protected":false},"author":9,"featured_media":11064,"comment_status":"open","ping_status":"closed","sticky":false,"template":"","format":"standard","meta":{"_acf_changed":false,"footnotes":""},"categories":[881],"tags":[],"domains":[47],"ppma_author":[1141],"class_list":["post-11063","post","type-post","status-publish","format-standard","has-post-thumbnail","hentry","category-nouveaux-produits","domains-electronique-eci"],"acf":[],"yoast_head":"<title>Modules cellulaires pr\u00eats \u00e0 \u00eatre d\u00e9ploy\u00e9s pour les r\u00e9seau...<\/title>\n<meta name=\"description\" content=\"Premier module IdO cellulaire de Renesas prenant en charge la sp\u00e9cification LTE Cat-M1, le RYZ014A est bas\u00e9 sur une technologie permet aux appareils de se...\" \/>\n<meta name=\"robots\" content=\"index, follow, max-snippet:-1, max-image-preview:large, max-video-preview:-1\" \/>\n<link rel=\"canonical\" href=\"https:\/\/www.ecinews.fr\/fr\/wp-json\/wp\/v2\/posts\/11063\/\" \/>\n<meta property=\"og:locale\" content=\"fr_FR\" \/>\n<meta property=\"og:type\" content=\"article\" \/>\n<meta property=\"og:title\" content=\"Modules cellulaires pr\u00eats \u00e0 \u00eatre d\u00e9ploy\u00e9s pour les r\u00e9seaux IdO sans fil et sans passerelle\" \/>\n<meta property=\"og:description\" content=\"Premier module IdO cellulaire de Renesas prenant en charge la sp\u00e9cification LTE Cat-M1, le RYZ014A est bas\u00e9 sur une technologie permet aux appareils de se connecter directement \u00e0 Internet sans avoir besoin d&#039;une passerelle en s&#039;appuyant sur l&#039;infrastructure de communication existante d\u00e9tenue par les op\u00e9rateurs de r\u00e9seaux mobiles.\" \/>\n<meta property=\"og:url\" content=\"https:\/\/www.ecinews.fr\/fr\/wp-json\/wp\/v2\/posts\/11063\/\" \/>\n<meta property=\"og:site_name\" content=\"EENewsEurope\" \/>\n<meta property=\"article:published_time\" content=\"2021-06-03T05:30:15+00:00\" \/>\n<meta property=\"og:image\" content=\"https:\/\/www.ecinews.fr\/wp-content\/uploads\/import\/default\/files\/sites\/default\/files\/images\/eci9278_renesas.jpg\" \/>\n\t<meta property=\"og:image:width\" content=\"1920\" \/>\n\t<meta property=\"og:image:height\" content=\"1080\" \/>\n\t<meta property=\"og:image:type\" content=\"image\/jpeg\" \/>\n<meta name=\"author\" content=\"Alain Dieul\" \/>\n<meta name=\"twitter:card\" content=\"summary_large_image\" \/>\n<meta name=\"twitter:label1\" content=\"Written by\" \/>\n\t<meta name=\"twitter:data1\" content=\"Alain Dieul\" \/>\n\t<meta name=\"twitter:label2\" content=\"Est. reading time\" \/>\n\t<meta name=\"twitter:data2\" content=\"2 minutes\" \/>\n<script type=\"application\/ld+json\" class=\"yoast-schema-graph\">{\"@context\":\"https:\/\/schema.org\",\"@graph\":[{\"@type\":\"Article\",\"@id\":\"https:\/\/www.ecinews.fr\/fr\/modules-cellulaires-prets-a-etre-deployes-pour-les-reseaux-ido-sans-fil-et-sans-passerelle\/#article\",\"isPartOf\":{\"@id\":\"https:\/\/www.ecinews.fr\/fr\/modules-cellulaires-prets-a-etre-deployes-pour-les-reseaux-ido-sans-fil-et-sans-passerelle\/\"},\"author\":{\"name\":\"Alain Dieul\",\"@id\":\"https:\/\/www.ecinews.fr\/fr\/#\/schema\/person\/568c789a4794bd460460501ba91f5daf\"},\"headline\":\"Modules cellulaires pr\u00eats \u00e0 \u00eatre d\u00e9ploy\u00e9s pour les r\u00e9seaux IdO sans fil et sans passerelle\",\"datePublished\":\"2021-06-03T05:30:15+00:00\",\"dateModified\":\"2021-06-03T05:30:15+00:00\",\"mainEntityOfPage\":{\"@id\":\"https:\/\/www.ecinews.fr\/fr\/modules-cellulaires-prets-a-etre-deployes-pour-les-reseaux-ido-sans-fil-et-sans-passerelle\/\"},\"wordCount\":459,\"commentCount\":0,\"publisher\":{\"@id\":\"https:\/\/www.ecinews.fr\/fr\/#organization\"},\"articleSection\":[\"Nouveaux produits\"],\"inLanguage\":\"fr-FR\",\"potentialAction\":[{\"@type\":\"CommentAction\",\"name\":\"Comment\",\"target\":[\"https:\/\/www.ecinews.fr\/fr\/modules-cellulaires-prets-a-etre-deployes-pour-les-reseaux-ido-sans-fil-et-sans-passerelle\/#respond\"]}]},{\"@type\":\"WebPage\",\"@id\":\"https:\/\/www.ecinews.fr\/fr\/modules-cellulaires-prets-a-etre-deployes-pour-les-reseaux-ido-sans-fil-et-sans-passerelle\/\",\"url\":\"https:\/\/www.ecinews.fr\/fr\/modules-cellulaires-prets-a-etre-deployes-pour-les-reseaux-ido-sans-fil-et-sans-passerelle\/\",\"name\":\"Modules cellulaires pr\u00eats \u00e0 \u00eatre d\u00e9ploy\u00e9s pour les r\u00e9seaux IdO sans fil et sans passerelle -\",\"isPartOf\":{\"@id\":\"https:\/\/www.ecinews.fr\/fr\/#website\"},\"datePublished\":\"2021-06-03T05:30:15+00:00\",\"dateModified\":\"2021-06-03T05:30:15+00:00\",\"breadcrumb\":{\"@id\":\"https:\/\/www.ecinews.fr\/fr\/modules-cellulaires-prets-a-etre-deployes-pour-les-reseaux-ido-sans-fil-et-sans-passerelle\/#breadcrumb\"},\"inLanguage\":\"fr-FR\",\"potentialAction\":[{\"@type\":\"ReadAction\",\"target\":[\"https:\/\/www.ecinews.fr\/fr\/modules-cellulaires-prets-a-etre-deployes-pour-les-reseaux-ido-sans-fil-et-sans-passerelle\/\"]}]},{\"@type\":\"BreadcrumbList\",\"@id\":\"https:\/\/www.ecinews.fr\/fr\/modules-cellulaires-prets-a-etre-deployes-pour-les-reseaux-ido-sans-fil-et-sans-passerelle\/#breadcrumb\",\"itemListElement\":[{\"@type\":\"ListItem\",\"position\":1,\"name\":\"Home\",\"item\":\"https:\/\/www.ecinews.fr\/fr\/\"},{\"@type\":\"ListItem\",\"position\":2,\"name\":\"Modules cellulaires pr\u00eats \u00e0 \u00eatre d\u00e9ploy\u00e9s pour les r\u00e9seaux IdO sans fil et sans passerelle\"}]},{\"@type\":\"WebSite\",\"@id\":\"https:\/\/www.ecinews.fr\/fr\/#website\",\"url\":\"https:\/\/www.ecinews.fr\/fr\/\",\"name\":\"EENewsEurope\",\"description\":\"Just another WordPress site\",\"publisher\":{\"@id\":\"https:\/\/www.ecinews.fr\/fr\/#organization\"},\"potentialAction\":[{\"@type\":\"SearchAction\",\"target\":{\"@type\":\"EntryPoint\",\"urlTemplate\":\"https:\/\/www.ecinews.fr\/fr\/?s={search_term_string}\"},\"query-input\":\"required name=search_term_string\"}],\"inLanguage\":\"fr-FR\"},{\"@type\":\"Organization\",\"@id\":\"https:\/\/www.ecinews.fr\/fr\/#organization\",\"name\":\"EENewsEurope\",\"url\":\"https:\/\/www.ecinews.fr\/fr\/\",\"logo\":{\"@type\":\"ImageObject\",\"inLanguage\":\"fr-FR\",\"@id\":\"https:\/\/www.ecinews.fr\/fr\/#\/schema\/logo\/image\/\",\"url\":\"https:\/\/www.ecinews.fr\/wp-content\/uploads\/2022\/02\/logo-1.jpg\",\"contentUrl\":\"https:\/\/www.ecinews.fr\/wp-content\/uploads\/2022\/02\/logo-1.jpg\",\"width\":283,\"height\":113,\"caption\":\"EENewsEurope\"},\"image\":{\"@id\":\"https:\/\/www.ecinews.fr\/fr\/#\/schema\/logo\/image\/\"}},{\"@type\":\"Person\",\"@id\":\"https:\/\/www.ecinews.fr\/fr\/#\/schema\/person\/568c789a4794bd460460501ba91f5daf\",\"name\":\"Alain Dieul\",\"image\":{\"@type\":\"ImageObject\",\"inLanguage\":\"fr-FR\",\"@id\":\"https:\/\/www.ecinews.fr\/fr\/#\/schema\/person\/image\/6d32dc651fbcef3b338066625b118364\",\"url\":\"https:\/\/secure.gravatar.com\/avatar\/93708ec89b35deb10f4cfbfe144b4e07?s=96&d=mm&r=g\",\"contentUrl\":\"https:\/\/secure.gravatar.com\/avatar\/93708ec89b35deb10f4cfbfe144b4e07?s=96&d=mm&r=g\",\"caption\":\"Alain Dieul\"}}]}<\/script>","yoast_head_json":{"title":"Modules cellulaires pr\u00eats \u00e0 \u00eatre d\u00e9ploy\u00e9s pour les r\u00e9seau...","description":"Premier module IdO cellulaire de Renesas prenant en charge la sp\u00e9cification LTE Cat-M1, le RYZ014A est bas\u00e9 sur une technologie permet aux appareils de se...","robots":{"index":"index","follow":"follow","max-snippet":"max-snippet:-1","max-image-preview":"max-image-preview:large","max-video-preview":"max-video-preview:-1"},"canonical":"https:\/\/www.ecinews.fr\/fr\/wp-json\/wp\/v2\/posts\/11063\/","og_locale":"fr_FR","og_type":"article","og_title":"Modules cellulaires pr\u00eats \u00e0 \u00eatre d\u00e9ploy\u00e9s pour les r\u00e9seaux IdO sans fil et sans passerelle","og_description":"Premier module IdO cellulaire de Renesas prenant en charge la sp\u00e9cification LTE Cat-M1, le RYZ014A est bas\u00e9 sur une technologie permet aux appareils de se connecter directement \u00e0 Internet sans avoir besoin d'une passerelle en s'appuyant sur l'infrastructure de communication existante d\u00e9tenue par les op\u00e9rateurs de r\u00e9seaux mobiles.","og_url":"https:\/\/www.ecinews.fr\/fr\/wp-json\/wp\/v2\/posts\/11063\/","og_site_name":"EENewsEurope","article_published_time":"2021-06-03T05:30:15+00:00","og_image":[{"width":1920,"height":1080,"url":"https:\/\/www.ecinews.fr\/wp-content\/uploads\/import\/default\/files\/sites\/default\/files\/images\/eci9278_renesas.jpg","type":"image\/jpeg"}],"author":"Alain Dieul","twitter_card":"summary_large_image","twitter_misc":{"Written by":"Alain Dieul","Est. reading time":"2 minutes"},"schema":{"@context":"https:\/\/schema.org","@graph":[{"@type":"Article","@id":"https:\/\/www.ecinews.fr\/fr\/modules-cellulaires-prets-a-etre-deployes-pour-les-reseaux-ido-sans-fil-et-sans-passerelle\/#article","isPartOf":{"@id":"https:\/\/www.ecinews.fr\/fr\/modules-cellulaires-prets-a-etre-deployes-pour-les-reseaux-ido-sans-fil-et-sans-passerelle\/"},"author":{"name":"Alain Dieul","@id":"https:\/\/www.ecinews.fr\/fr\/#\/schema\/person\/568c789a4794bd460460501ba91f5daf"},"headline":"Modules cellulaires pr\u00eats \u00e0 \u00eatre d\u00e9ploy\u00e9s pour les r\u00e9seaux IdO sans fil et sans passerelle","datePublished":"2021-06-03T05:30:15+00:00","dateModified":"2021-06-03T05:30:15+00:00","mainEntityOfPage":{"@id":"https:\/\/www.ecinews.fr\/fr\/modules-cellulaires-prets-a-etre-deployes-pour-les-reseaux-ido-sans-fil-et-sans-passerelle\/"},"wordCount":459,"commentCount":0,"publisher":{"@id":"https:\/\/www.ecinews.fr\/fr\/#organization"},"articleSection":["Nouveaux produits"],"inLanguage":"fr-FR","potentialAction":[{"@type":"CommentAction","name":"Comment","target":["https:\/\/www.ecinews.fr\/fr\/modules-cellulaires-prets-a-etre-deployes-pour-les-reseaux-ido-sans-fil-et-sans-passerelle\/#respond"]}]},{"@type":"WebPage","@id":"https:\/\/www.ecinews.fr\/fr\/modules-cellulaires-prets-a-etre-deployes-pour-les-reseaux-ido-sans-fil-et-sans-passerelle\/","url":"https:\/\/www.ecinews.fr\/fr\/modules-cellulaires-prets-a-etre-deployes-pour-les-reseaux-ido-sans-fil-et-sans-passerelle\/","name":"Modules cellulaires pr\u00eats \u00e0 \u00eatre d\u00e9ploy\u00e9s pour les r\u00e9seaux IdO sans fil et sans passerelle -","isPartOf":{"@id":"https:\/\/www.ecinews.fr\/fr\/#website"},"datePublished":"2021-06-03T05:30:15+00:00","dateModified":"2021-06-03T05:30:15+00:00","breadcrumb":{"@id":"https:\/\/www.ecinews.fr\/fr\/modules-cellulaires-prets-a-etre-deployes-pour-les-reseaux-ido-sans-fil-et-sans-passerelle\/#breadcrumb"},"inLanguage":"fr-FR","potentialAction":[{"@type":"ReadAction","target":["https:\/\/www.ecinews.fr\/fr\/modules-cellulaires-prets-a-etre-deployes-pour-les-reseaux-ido-sans-fil-et-sans-passerelle\/"]}]},{"@type":"BreadcrumbList","@id":"https:\/\/www.ecinews.fr\/fr\/modules-cellulaires-prets-a-etre-deployes-pour-les-reseaux-ido-sans-fil-et-sans-passerelle\/#breadcrumb","itemListElement":[{"@type":"ListItem","position":1,"name":"Home","item":"https:\/\/www.ecinews.fr\/fr\/"},{"@type":"ListItem","position":2,"name":"Modules cellulaires pr\u00eats \u00e0 \u00eatre d\u00e9ploy\u00e9s pour les r\u00e9seaux IdO sans fil et sans passerelle"}]},{"@type":"WebSite","@id":"https:\/\/www.ecinews.fr\/fr\/#website","url":"https:\/\/www.ecinews.fr\/fr\/","name":"EENewsEurope","description":"Just another WordPress site","publisher":{"@id":"https:\/\/www.ecinews.fr\/fr\/#organization"},"potentialAction":[{"@type":"SearchAction","target":{"@type":"EntryPoint","urlTemplate":"https:\/\/www.ecinews.fr\/fr\/?s={search_term_string}"},"query-input":"required name=search_term_string"}],"inLanguage":"fr-FR"},{"@type":"Organization","@id":"https:\/\/www.ecinews.fr\/fr\/#organization","name":"EENewsEurope","url":"https:\/\/www.ecinews.fr\/fr\/","logo":{"@type":"ImageObject","inLanguage":"fr-FR","@id":"https:\/\/www.ecinews.fr\/fr\/#\/schema\/logo\/image\/","url":"https:\/\/www.ecinews.fr\/wp-content\/uploads\/2022\/02\/logo-1.jpg","contentUrl":"https:\/\/www.ecinews.fr\/wp-content\/uploads\/2022\/02\/logo-1.jpg","width":283,"height":113,"caption":"EENewsEurope"},"image":{"@id":"https:\/\/www.ecinews.fr\/fr\/#\/schema\/logo\/image\/"}},{"@type":"Person","@id":"https:\/\/www.ecinews.fr\/fr\/#\/schema\/person\/568c789a4794bd460460501ba91f5daf","name":"Alain Dieul","image":{"@type":"ImageObject","inLanguage":"fr-FR","@id":"https:\/\/www.ecinews.fr\/fr\/#\/schema\/person\/image\/6d32dc651fbcef3b338066625b118364","url":"https:\/\/secure.gravatar.com\/avatar\/93708ec89b35deb10f4cfbfe144b4e07?s=96&d=mm&r=g","contentUrl":"https:\/\/secure.gravatar.com\/avatar\/93708ec89b35deb10f4cfbfe144b4e07?s=96&d=mm&r=g","caption":"Alain Dieul"}}]}},"authors":[{"term_id":1141,"user_id":9,"is_guest":0,"slug":"alaindieul","display_name":"Alain Dieul","avatar_url":"https:\/\/secure.gravatar.com\/avatar\/93708ec89b35deb10f4cfbfe144b4e07?s=96&d=mm&r=g","0":null,"1":"","2":"","3":"","4":"","5":"","6":"","7":"","8":""}],"_links":{"self":[{"href":"https:\/\/www.ecinews.fr\/fr\/wp-json\/wp\/v2\/posts\/11063"}],"collection":[{"href":"https:\/\/www.ecinews.fr\/fr\/wp-json\/wp\/v2\/posts"}],"about":[{"href":"https:\/\/www.ecinews.fr\/fr\/wp-json\/wp\/v2\/types\/post"}],"author":[{"embeddable":true,"href":"https:\/\/www.ecinews.fr\/fr\/wp-json\/wp\/v2\/users\/9"}],"replies":[{"embeddable":true,"href":"https:\/\/www.ecinews.fr\/fr\/wp-json\/wp\/v2\/comments?post=11063"}],"version-history":[{"count":0,"href":"https:\/\/www.ecinews.fr\/fr\/wp-json\/wp\/v2\/posts\/11063\/revisions"}],"wp:featuredmedia":[{"embeddable":true,"href":"https:\/\/www.ecinews.fr\/fr\/wp-json\/wp\/v2\/media\/11064"}],"wp:attachment":[{"href":"https:\/\/www.ecinews.fr\/fr\/wp-json\/wp\/v2\/media?parent=11063"}],"wp:term":[{"taxonomy":"category","embeddable":true,"href":"https:\/\/www.ecinews.fr\/fr\/wp-json\/wp\/v2\/categories?post=11063"},{"taxonomy":"post_tag","embeddable":true,"href":"https:\/\/www.ecinews.fr\/fr\/wp-json\/wp\/v2\/tags?post=11063"},{"taxonomy":"domains","embeddable":true,"href":"https:\/\/www.ecinews.fr\/fr\/wp-json\/wp\/v2\/domains?post=11063"},{"taxonomy":"author","embeddable":true,"href":"https:\/\/www.ecinews.fr\/fr\/wp-json\/wp\/v2\/ppma_author?post=11063"}],"curies":[{"name":"wp","href":"https:\/\/api.w.org\/{rel}","templated":true}]}}