{"id":108538,"date":"2018-09-23T15:31:39","date_gmt":"2018-09-23T15:31:39","guid":{"rendered":"https:\/\/\/chery-ceo-de-st-plein-dambitions-pour-leurope\/"},"modified":"2018-09-23T15:31:39","modified_gmt":"2018-09-23T15:31:39","slug":"chery-ceo-de-st-plein-dambitions-pour-leurope","status":"publish","type":"post","link":"https:\/\/www.ecinews.fr\/fr\/chery-ceo-de-st-plein-dambitions-pour-leurope\/","title":{"rendered":"Chery, CEO de ST plein d&rsquo;ambitions pour l&rsquo;Europe"},"content":{"rendered":"<p><span id=\"result_box\" lang=\"fr\"><span title=\"Chery was making one of this first public appearances after having taken over from Carlo Bozotti as CEO of ST on June 1, this year, keynoting the twin-track European MEMS, Imaging and Sensors Summit organized by SEMI in Grenoble this week.\n\n\">Chery a fait l&rsquo;une de ces premi\u00e8res apparitions publiques apr\u00e8s avoir pris le relais de Carlo Bozotti en tant que PDG de ST le 1er Juin de cette ann\u00e9e, donnant la Keynote de la conf\u00e9rence double European MEMS, Imaging and Sensor Summit organis\u00e9e&nbsp;cette semaine<\/span><\/span><span lang=\"fr\"><span title=\"Chery was making one of this first public appearances after having taken over from Carlo Bozotti as CEO of ST on June 1, this year, keynoting the twin-track European MEMS, Imaging and Sensors Summit organized by SEMI in Grenoble this week.\n\n\"> par SEMI \u00e0 Grenoble .<\/span><\/span><\/p>\n<p><span id=\"result_box\" lang=\"fr\"><span title=\"Chery opened: &quot;It is clear that Europe has totally failed to be a leader in connecting 5 to 10 billion people. Europe is out of the PC, out of the phone, out of personal electronics, out of the smartphone. I feel shame to\">Chery a d\u00e9clar\u00e9: \u00ab\u00a0Il est clair que l\u2019Europe n\u2019a pas r\u00e9ussi \u00e0 \u00eatre en premi\u00e8re ligne pour connecter 5 \u00e0 10 milliards de personnes. L\u2019Europe est sortie du PC, du t\u00e9l\u00e9phone, de l\u2019\u00e9lectronique personnelle, du smartphone. Je me sens honteux d&rsquo;avoir particip\u00e9 <\/span><span title=\"have participated in this battle lost.&quot;\n\n\">\u00e0 cette bataille perdue. \u00ab\u00a0<\/span><\/span><\/p>\n<p><span id=\"result_box\" lang=\"fr\"><span title=\"It may be that Chery has just emerged from conducting a strategic review of ST's business and is seeing the bigger picture and feels now is the time for plain speaking.\">Il se peut que Chery vienne juste de terminer une revue strat\u00e9gique de l\u2019activit\u00e9 de ST et qu\u2019il voit maintenant la situation dans son ensemble et pense qu\u2019il est temps de parler ouvertement. <\/span><span title=\"The strategic review is one of the first tasks Chery gave himself in the CEO position and many are waiting to see if there will be any significant changes from the inherited policy of running a broad-line chip company that is fab-lite for digital and makes\">L\u2019examen strat\u00e9gique est l\u2019une des premi\u00e8res t\u00e2ches \u00e0 laquelle Chery s\u2019est attach\u00e9 en prenant ses fonctions de PDG et beaucoup attendent de voir s\u2019il y aura des changements significatifs par rapport \u00e0 la politique h\u00e9rit\u00e9e dans la gestion d\u2019une soci\u00e9t\u00e9 de semiconsucteurs menant une politique de Fablite pour le num\u00e9rique et de <\/span><span title=\"differentiated silicon for More-than-Moore technologies.\n\n\">silicium diff\u00e9renci\u00e9 pour les technologies More-than-Moore.<\/span><\/span><\/p>\n<p><span id=\"result_box\" lang=\"fr\"><span title=\"Speaking to his MEMS and sensors audience Chery continued: &quot;We can do better. We can win the battle to connect 50 billion devices, to connect automobiles, trucks, scooters, to make smart factories, infrastructure, healthcare and planes. We can win the\">S&rsquo;adressant \u00e0 son auditoire MEMS et capteurs, Chery a poursuivi: \u00ab\u00a0Nous pouvons faire mieux. Nous pouvons gagner la bataille pour connecter 50 milliards d&rsquo;appareils, connecter des automobiles, des camions, des scooters, des usines intelligentes, des infrastructures, des appareils m\u00e9dicaux et des avions. <\/span><span title=\"battle to make them more natural and neutral to the climate.&quot;\">Nous pouvons gagner la bataille pour les rendre plus naturels et neutres pour le climat \u00a0\u00bb a-t-i<\/span><span title=\"He added with more emphasis: &quot;We must win this win this battle for young people who want to live in Europe, raise families in Europe.&quot;\">l ajout\u00e9 avec plus d\u2019emphase: \u00ab\u00a0Nous devons gagner cette bataille pour que les jeunes qui veulent vivre en Europe et \u00e9l\u00e8vent des familles en Europe\u00a0\u00bb. <\/span><span title=\"Chery did not spell it out but there is an implication that without winning in technology in some shape or form Europe will not able to sustain its standard of living and will not just be overtaken by other regions such as China but could lose its first-world\">Chery ne l&rsquo;a pas dit clairement, mais il y a une implication que sans gagner dans la technologie sous une forme ou une autre, l&rsquo;Europe ne pourra pas maintenir son niveau de vie et ne sera pas simplement d\u00e9pass\u00e9e par d&rsquo;autres r\u00e9gions comme la Chine mais pourrait aussi perdre son statut de premier dans le monde<\/span><span title=\"status.\n\n\">.<\/span><\/span><br \/>\n&nbsp;<\/p>\n<p><span id=\"result_box\" lang=\"fr\"><span title=\"&quot;To make cars we have all the building blocks to make it: processors, sensors, power semiconductors, power management and actuators.&quot;\">\u00ab\u00a0Pour fabriquer des voitures, nous disposons de tous les composants n\u00e9cessaires: processeurs, capteurs, semi-conducteurs de puissance, gestion de l&rsquo;\u00e9nergie et actionneurs.\u00a0\u00bb <\/span><span title=\"He added that ST would be leveraging success in selling MEMS and sensors into smartphones into the automotive and industrial sectors.\n\n\">Il a ajout\u00e9 que ST tirerait profit de sonsucc\u00e8s dans la vente de MEMS et de capteurs dans les smartphones pour les vendre \u00e9galement dans les secteurs de l\u2019automobile et de l\u2019industrie.<\/span><\/span><\/p>\n<p><span id=\"result_box\" lang=\"fr\"><span title=\"&quot;There is a case for Europe to claim leadership in automotive and industrial. We have the best engineers, the best IP. There are other sectors in which we are excellent. Please leverage this event to create this ambition,&quot; Chery concluded.\n\n\">\u00ab\u00a0L&rsquo;Europe doit revendiquer son leadership dans les secteurs automobile et industriel. Nous avons les meilleurs ing\u00e9nieurs, la meilleure propri\u00e9t\u00e9 intellectuelle. Nous sommes excellents dans d&rsquo;autres secteurs. Veuillez utiliser cet \u00e9v\u00e9nement pour cr\u00e9er cette ambition\u00a0\u00bb, a conclu Chery.<\/span><\/span><\/p>\n<p><span id=\"result_box\" lang=\"fr\"><span title=\"With an intercontinental audience with many here from China all this discussion of helping Europe claim number one position in automotive, industrial and IoT could have irked some.\">Avec une audience intercontinentale dont beaucoup de Chinois, toute cette discussion pour aider l\u2019Europe \u00e0 se positionner en premi\u00e8re position dans les secteurs de l\u2019automobile, de l\u2019industrie et de l\u2019IdO a pu en contrarier certains. <\/span><span title=\"SEMI itself is a global industry organization that emphasizes cooperation and plays down geographical competition.\">SEMI elle-m\u00eame est une organisation industrielle mondiale qui met l\u2019accent sur la coop\u00e9ration et minimise la concurrence g\u00e9ographique. <\/span><span title=\"But here, for once, was a European semiconductor CEO, who was prepared to speak of geographical ambition as a precursor to achievement.\">Mais ici, pour une fois, il y avait un PDG europ\u00e9en des semi-conducteurs, qui \u00e9tait pr\u00eat \u00e0 parler de l&rsquo;ambition g\u00e9ographique en tant que pr\u00e9curseur de la r\u00e9ussite.<\/span><\/span><\/p>\n<p><strong>La r\u00e9daction vous conseille:<\/strong><\/p>\n<p><a href=\"http:\/\/www.electronique-eci.com\/news\/le-conseil-de-bozotti-chery-arriver-vite-12-milliards\">Le conseil de Bozotti \u00e0 Chery: arriver vite \u00e0 $12 milliards!<\/a><\/p>\n<p><a href=\"http:\/\/www.electronique-eci.com\/news\/stmicro-en-pleine-forme\">STMicro en pleine forme<\/a><\/p>\n<p><strong>Related links and articles in English:<\/strong><\/p>\n<p><a href=\"http:\/\/www.semi.org\">www.semi.org<\/a><\/p>\n<p><a href=\"http:\/\/www.st.com\">www.st.com<\/a><\/p>\n<p><strong>News articles: <\/strong><\/p>\n<p><a href=\"http:\/\/www.eenewsanalog.com\/news\/sts-bozotti-chery-get-12-billion-quickly\">ST&rsquo;s Bozotti to Chery: Get to $12 billion quickly<\/a><\/p>\n<p><a href=\"http:\/\/www.eenewsanalog.com\/news\/st-quarterly-results-shake-smartphone-blues\">ST quarterly results shake off smartphone blues<\/a><\/p>\n<p><a href=\"http:\/\/www.eenewsanalog.com\/news\/st-samples-mcu-embedded-phase-change-memory\">ST samples MCU with embedded phase-change memory <\/a><\/p>\n<p><a href=\"http:\/\/www.eenewsanalog.com\/news\/exit-interview-carlo-bozotti-stmicroelectronics\">&lsquo;Exit interview&rsquo; with Carlo Bozotti of STMicroelectronics <\/a><\/p>\n<hr \/>\n<p>&nbsp;<\/p>\n","protected":false},"excerpt":{"rendered":"<p>Jean-Marc Chery, r\u00e9cemment nomm\u00e9 PDG de STMicroelectronics NV, a d\u00e9clar\u00e9 avoir honte de la performance m\u00e9diocre de l\u2019Europe en mati\u00e8re d\u2019\u00e9lectronique. Chery s&rsquo;adressait \u00e0 un auditoire d&rsquo;ing\u00e9nieurs et de cadres de MEMS et de capteurs, o\u00f9 il a \u00e9galement d\u00e9clar\u00e9 qu&rsquo;il souhaitait que l&rsquo;Europe, et vraisemblablement ST, commence \u00e0 avoir plus d&rsquo;ambition et on ne peut qu&rsquo;\u00eatre d&rsquo;accord avec lui.<\/p>\n","protected":false},"author":22,"featured_media":108539,"comment_status":"closed","ping_status":"closed","sticky":false,"template":"","format":"standard","meta":{"_acf_changed":false,"footnotes":""},"categories":[880],"tags":[889,920,893,891,909,894,912,896,897,898,899,900,901,902,903,919,913,904,905,906,908,890,916,917,911,914,915],"domains":[47],"ppma_author":[1149],"class_list":["post-108538","post","type-post","status-publish","format-standard","has-post-thumbnail","hentry","category-actualites-economiques","tag-analog-fr","tag-artificialintelligence-fr","tag-authentication-encryption-fr","tag-automotive-fr","tag-batteries-power-supplies-fr","tag-boards-embedded-cards-fr","tag-dataacquisition-fr","tag-digitalsignalprocessing-fr","tag-displays-interfaces-fr","tag-distributors-fr","tag-eda-cad-tools-fr","tag-electromechanical-fr","tag-energyharvesting-fr","tag-flexibleelectronics-fr","tag-interconnect-cables-fr","tag-iot-fr","tag-materials-processes-fr","tag-medicalelectronics-fr","tag-memory-data-storage-fr","tag-mpus-mcus-fr","tag-plds-fpgas-asics-fr","tag-powermanagement-fr","tag-rf-transmission-fr","tag-software-embedded-tools-fr","tag-testandmeasurement-fr","tag-wearables-fr","tag-wireless-communications-fr","domains-electronique-eci"],"acf":[],"yoast_head":"<title>Chery, CEO de ST plein d&#039;ambitions pour l&#039;Europe ...<\/title>\n<meta name=\"description\" content=\"Jean-Marc Chery, r\u00e9cemment nomm\u00e9 PDG de STMicroelectronics NV, a d\u00e9clar\u00e9 avoir honte de la performance m\u00e9diocre de l\u2019Europe en mati\u00e8re...\" \/>\n<meta name=\"robots\" content=\"index, follow, max-snippet:-1, max-image-preview:large, max-video-preview:-1\" \/>\n<link rel=\"canonical\" href=\"https:\/\/www.ecinews.fr\/fr\/wp-json\/wp\/v2\/posts\/108538\/\" \/>\n<meta property=\"og:locale\" content=\"fr_FR\" \/>\n<meta property=\"og:type\" content=\"article\" \/>\n<meta property=\"og:title\" content=\"Chery, CEO de ST plein d&#039;ambitions pour l&#039;Europe\" \/>\n<meta property=\"og:description\" content=\"Jean-Marc Chery, r\u00e9cemment nomm\u00e9 PDG de STMicroelectronics NV, a d\u00e9clar\u00e9 avoir honte de la performance m\u00e9diocre de l\u2019Europe en mati\u00e8re d\u2019\u00e9lectronique. Chery s&#039;adressait \u00e0 un auditoire d&#039;ing\u00e9nieurs et de cadres de MEMS et de capteurs, o\u00f9 il a \u00e9galement d\u00e9clar\u00e9 qu&#039;il souhaitait que l&#039;Europe, et vraisemblablement ST, commence \u00e0 avoir plus d&#039;ambition et on ne peut qu&#039;\u00eatre d&#039;accord avec lui.\" \/>\n<meta property=\"og:url\" content=\"https:\/\/www.ecinews.fr\/fr\/wp-json\/wp\/v2\/posts\/108538\/\" \/>\n<meta property=\"og:site_name\" content=\"EENewsEurope\" \/>\n<meta property=\"article:published_time\" content=\"2018-09-23T15:31:39+00:00\" \/>\n<meta property=\"og:image\" content=\"https:\/\/www.ecinews.fr\/wp-content\/uploads\/import\/default\/files\/sites\/default\/files\/images\/jeanmarcchery630_0.jpg\" \/>\n\t<meta property=\"og:image:width\" content=\"630\" \/>\n\t<meta property=\"og:image:height\" content=\"360\" \/>\n\t<meta property=\"og:image:type\" content=\"image\/jpeg\" \/>\n<meta name=\"author\" content=\"eeNews Europe\" \/>\n<meta name=\"twitter:card\" content=\"summary_large_image\" \/>\n<meta name=\"twitter:label1\" content=\"Written by\" \/>\n\t<meta name=\"twitter:data1\" content=\"eeNews Europe\" \/>\n\t<meta name=\"twitter:label2\" content=\"Est. reading time\" \/>\n\t<meta name=\"twitter:data2\" content=\"3 minutes\" \/>\n<script type=\"application\/ld+json\" class=\"yoast-schema-graph\">{\"@context\":\"https:\/\/schema.org\",\"@graph\":[{\"@type\":\"Article\",\"@id\":\"https:\/\/www.ecinews.fr\/fr\/chery-ceo-de-st-plein-dambitions-pour-leurope\/#article\",\"isPartOf\":{\"@id\":\"https:\/\/www.ecinews.fr\/fr\/chery-ceo-de-st-plein-dambitions-pour-leurope\/\"},\"author\":{\"name\":\"eeNews Europe\",\"@id\":\"https:\/\/www.eenewseurope.com\/en\/#\/schema\/person\/9eff4051fa9dac8230052de45e32b0f4\"},\"headline\":\"Chery, CEO de ST plein d&rsquo;ambitions pour l&rsquo;Europe\",\"datePublished\":\"2018-09-23T15:31:39+00:00\",\"dateModified\":\"2018-09-23T15:31:39+00:00\",\"mainEntityOfPage\":{\"@id\":\"https:\/\/www.ecinews.fr\/fr\/chery-ceo-de-st-plein-dambitions-pour-leurope\/\"},\"wordCount\":628,\"publisher\":{\"@id\":\"https:\/\/www.eenewseurope.com\/en\/#organization\"},\"keywords\":[\"Analog\",\"ArtificialIntelligence\",\"Authentication &amp; Encryption\",\"Automotive\",\"Batteries \/ Power Supplies\",\"Boards &amp; Embedded Cards\",\"DataAcquisition\",\"DigitalSignalProcessing\",\"Displays &amp; Interfaces\",\"Distributors\",\"EDA &amp; CAD tools\",\"Electromechanical\",\"EnergyHarvesting\",\"FlexibleElectronics\",\"Interconnect &amp; cables\",\"IoT\",\"Materials &amp; processes\",\"MedicalElectronics\",\"Memory &amp; Data Storage\",\"MPUs\/MCUs\",\"PLDs\/FPGAs\/ASICs\",\"PowerManagement\",\"RF transmission\",\"Software &amp; Embedded tools\",\"TestandMeasurement\",\"Wearables\",\"Wireless Communications\"],\"articleSection\":[\"Actualit\u00e9s \u00e9conomiques\"],\"inLanguage\":\"fr-FR\"},{\"@type\":\"WebPage\",\"@id\":\"https:\/\/www.ecinews.fr\/fr\/chery-ceo-de-st-plein-dambitions-pour-leurope\/\",\"url\":\"https:\/\/www.ecinews.fr\/fr\/chery-ceo-de-st-plein-dambitions-pour-leurope\/\",\"name\":\"Chery, CEO de ST plein d'ambitions pour l'Europe -\",\"isPartOf\":{\"@id\":\"https:\/\/www.eenewseurope.com\/en\/#website\"},\"datePublished\":\"2018-09-23T15:31:39+00:00\",\"dateModified\":\"2018-09-23T15:31:39+00:00\",\"breadcrumb\":{\"@id\":\"https:\/\/www.ecinews.fr\/fr\/chery-ceo-de-st-plein-dambitions-pour-leurope\/#breadcrumb\"},\"inLanguage\":\"fr-FR\",\"potentialAction\":[{\"@type\":\"ReadAction\",\"target\":[\"https:\/\/www.ecinews.fr\/fr\/chery-ceo-de-st-plein-dambitions-pour-leurope\/\"]}]},{\"@type\":\"BreadcrumbList\",\"@id\":\"https:\/\/www.ecinews.fr\/fr\/chery-ceo-de-st-plein-dambitions-pour-leurope\/#breadcrumb\",\"itemListElement\":[{\"@type\":\"ListItem\",\"position\":1,\"name\":\"Home\",\"item\":\"https:\/\/www.ecinews.fr\/fr\/\"},{\"@type\":\"ListItem\",\"position\":2,\"name\":\"Chery, CEO de ST plein d&rsquo;ambitions pour l&rsquo;Europe\"}]},{\"@type\":\"WebSite\",\"@id\":\"https:\/\/www.eenewseurope.com\/en\/#website\",\"url\":\"https:\/\/www.eenewseurope.com\/en\/\",\"name\":\"EENewsEurope\",\"description\":\"Just another WordPress site\",\"publisher\":{\"@id\":\"https:\/\/www.eenewseurope.com\/en\/#organization\"},\"potentialAction\":[{\"@type\":\"SearchAction\",\"target\":{\"@type\":\"EntryPoint\",\"urlTemplate\":\"https:\/\/www.eenewseurope.com\/en\/?s={search_term_string}\"},\"query-input\":\"required name=search_term_string\"}],\"inLanguage\":\"fr-FR\"},{\"@type\":\"Organization\",\"@id\":\"https:\/\/www.eenewseurope.com\/en\/#organization\",\"name\":\"EENewsEurope\",\"url\":\"https:\/\/www.eenewseurope.com\/en\/\",\"logo\":{\"@type\":\"ImageObject\",\"inLanguage\":\"fr-FR\",\"@id\":\"https:\/\/www.eenewseurope.com\/en\/#\/schema\/logo\/image\/\",\"url\":\"https:\/\/www.ecinews.fr\/wp-content\/uploads\/2022\/02\/logo-1.jpg\",\"contentUrl\":\"https:\/\/www.ecinews.fr\/wp-content\/uploads\/2022\/02\/logo-1.jpg\",\"width\":283,\"height\":113,\"caption\":\"EENewsEurope\"},\"image\":{\"@id\":\"https:\/\/www.eenewseurope.com\/en\/#\/schema\/logo\/image\/\"}},{\"@type\":\"Person\",\"@id\":\"https:\/\/www.eenewseurope.com\/en\/#\/schema\/person\/9eff4051fa9dac8230052de45e32b0f4\",\"name\":\"eeNews Europe\",\"image\":{\"@type\":\"ImageObject\",\"inLanguage\":\"fr-FR\",\"@id\":\"https:\/\/www.eenewseurope.com\/en\/#\/schema\/person\/image\/fae8f0cb15861c4ae0ed4872e2c9fc22\",\"url\":\"https:\/\/secure.gravatar.com\/avatar\/5081509054e28b04ecd976976e723ce0?s=96&d=mm&r=g\",\"contentUrl\":\"https:\/\/secure.gravatar.com\/avatar\/5081509054e28b04ecd976976e723ce0?s=96&d=mm&r=g\",\"caption\":\"eeNews Europe\"}}]}<\/script>","yoast_head_json":{"title":"Chery, CEO de ST plein d'ambitions pour l'Europe ...","description":"Jean-Marc Chery, r\u00e9cemment nomm\u00e9 PDG de STMicroelectronics NV, a d\u00e9clar\u00e9 avoir honte de la performance m\u00e9diocre de l\u2019Europe en mati\u00e8re...","robots":{"index":"index","follow":"follow","max-snippet":"max-snippet:-1","max-image-preview":"max-image-preview:large","max-video-preview":"max-video-preview:-1"},"canonical":"https:\/\/www.ecinews.fr\/fr\/wp-json\/wp\/v2\/posts\/108538\/","og_locale":"fr_FR","og_type":"article","og_title":"Chery, CEO de ST plein d'ambitions pour l'Europe","og_description":"Jean-Marc Chery, r\u00e9cemment nomm\u00e9 PDG de STMicroelectronics NV, a d\u00e9clar\u00e9 avoir honte de la performance m\u00e9diocre de l\u2019Europe en mati\u00e8re d\u2019\u00e9lectronique. Chery s'adressait \u00e0 un auditoire d'ing\u00e9nieurs et de cadres de MEMS et de capteurs, o\u00f9 il a \u00e9galement d\u00e9clar\u00e9 qu'il souhaitait que l'Europe, et vraisemblablement ST, commence \u00e0 avoir plus d'ambition et on ne peut qu'\u00eatre d'accord avec lui.","og_url":"https:\/\/www.ecinews.fr\/fr\/wp-json\/wp\/v2\/posts\/108538\/","og_site_name":"EENewsEurope","article_published_time":"2018-09-23T15:31:39+00:00","og_image":[{"width":630,"height":360,"url":"https:\/\/www.ecinews.fr\/wp-content\/uploads\/import\/default\/files\/sites\/default\/files\/images\/jeanmarcchery630_0.jpg","type":"image\/jpeg"}],"author":"eeNews Europe","twitter_card":"summary_large_image","twitter_misc":{"Written by":"eeNews Europe","Est. reading time":"3 minutes"},"schema":{"@context":"https:\/\/schema.org","@graph":[{"@type":"Article","@id":"https:\/\/www.ecinews.fr\/fr\/chery-ceo-de-st-plein-dambitions-pour-leurope\/#article","isPartOf":{"@id":"https:\/\/www.ecinews.fr\/fr\/chery-ceo-de-st-plein-dambitions-pour-leurope\/"},"author":{"name":"eeNews Europe","@id":"https:\/\/www.eenewseurope.com\/en\/#\/schema\/person\/9eff4051fa9dac8230052de45e32b0f4"},"headline":"Chery, CEO de ST plein d&rsquo;ambitions pour l&rsquo;Europe","datePublished":"2018-09-23T15:31:39+00:00","dateModified":"2018-09-23T15:31:39+00:00","mainEntityOfPage":{"@id":"https:\/\/www.ecinews.fr\/fr\/chery-ceo-de-st-plein-dambitions-pour-leurope\/"},"wordCount":628,"publisher":{"@id":"https:\/\/www.eenewseurope.com\/en\/#organization"},"keywords":["Analog","ArtificialIntelligence","Authentication &amp; Encryption","Automotive","Batteries \/ Power Supplies","Boards &amp; Embedded Cards","DataAcquisition","DigitalSignalProcessing","Displays &amp; Interfaces","Distributors","EDA &amp; CAD tools","Electromechanical","EnergyHarvesting","FlexibleElectronics","Interconnect &amp; cables","IoT","Materials &amp; processes","MedicalElectronics","Memory &amp; Data Storage","MPUs\/MCUs","PLDs\/FPGAs\/ASICs","PowerManagement","RF transmission","Software &amp; Embedded tools","TestandMeasurement","Wearables","Wireless Communications"],"articleSection":["Actualit\u00e9s \u00e9conomiques"],"inLanguage":"fr-FR"},{"@type":"WebPage","@id":"https:\/\/www.ecinews.fr\/fr\/chery-ceo-de-st-plein-dambitions-pour-leurope\/","url":"https:\/\/www.ecinews.fr\/fr\/chery-ceo-de-st-plein-dambitions-pour-leurope\/","name":"Chery, CEO de ST plein d'ambitions pour l'Europe -","isPartOf":{"@id":"https:\/\/www.eenewseurope.com\/en\/#website"},"datePublished":"2018-09-23T15:31:39+00:00","dateModified":"2018-09-23T15:31:39+00:00","breadcrumb":{"@id":"https:\/\/www.ecinews.fr\/fr\/chery-ceo-de-st-plein-dambitions-pour-leurope\/#breadcrumb"},"inLanguage":"fr-FR","potentialAction":[{"@type":"ReadAction","target":["https:\/\/www.ecinews.fr\/fr\/chery-ceo-de-st-plein-dambitions-pour-leurope\/"]}]},{"@type":"BreadcrumbList","@id":"https:\/\/www.ecinews.fr\/fr\/chery-ceo-de-st-plein-dambitions-pour-leurope\/#breadcrumb","itemListElement":[{"@type":"ListItem","position":1,"name":"Home","item":"https:\/\/www.ecinews.fr\/fr\/"},{"@type":"ListItem","position":2,"name":"Chery, CEO de ST plein d&rsquo;ambitions pour l&rsquo;Europe"}]},{"@type":"WebSite","@id":"https:\/\/www.eenewseurope.com\/en\/#website","url":"https:\/\/www.eenewseurope.com\/en\/","name":"EENewsEurope","description":"Just another WordPress site","publisher":{"@id":"https:\/\/www.eenewseurope.com\/en\/#organization"},"potentialAction":[{"@type":"SearchAction","target":{"@type":"EntryPoint","urlTemplate":"https:\/\/www.eenewseurope.com\/en\/?s={search_term_string}"},"query-input":"required name=search_term_string"}],"inLanguage":"fr-FR"},{"@type":"Organization","@id":"https:\/\/www.eenewseurope.com\/en\/#organization","name":"EENewsEurope","url":"https:\/\/www.eenewseurope.com\/en\/","logo":{"@type":"ImageObject","inLanguage":"fr-FR","@id":"https:\/\/www.eenewseurope.com\/en\/#\/schema\/logo\/image\/","url":"https:\/\/www.ecinews.fr\/wp-content\/uploads\/2022\/02\/logo-1.jpg","contentUrl":"https:\/\/www.ecinews.fr\/wp-content\/uploads\/2022\/02\/logo-1.jpg","width":283,"height":113,"caption":"EENewsEurope"},"image":{"@id":"https:\/\/www.eenewseurope.com\/en\/#\/schema\/logo\/image\/"}},{"@type":"Person","@id":"https:\/\/www.eenewseurope.com\/en\/#\/schema\/person\/9eff4051fa9dac8230052de45e32b0f4","name":"eeNews Europe","image":{"@type":"ImageObject","inLanguage":"fr-FR","@id":"https:\/\/www.eenewseurope.com\/en\/#\/schema\/person\/image\/fae8f0cb15861c4ae0ed4872e2c9fc22","url":"https:\/\/secure.gravatar.com\/avatar\/5081509054e28b04ecd976976e723ce0?s=96&d=mm&r=g","contentUrl":"https:\/\/secure.gravatar.com\/avatar\/5081509054e28b04ecd976976e723ce0?s=96&d=mm&r=g","caption":"eeNews Europe"}}]}},"authors":[{"term_id":1149,"user_id":22,"is_guest":0,"slug":"eenews-europe","display_name":"eeNews Europe","avatar_url":"https:\/\/secure.gravatar.com\/avatar\/5081509054e28b04ecd976976e723ce0?s=96&d=mm&r=g","0":null,"1":"","2":"","3":"","4":"","5":"","6":"","7":"","8":""}],"_links":{"self":[{"href":"https:\/\/www.ecinews.fr\/fr\/wp-json\/wp\/v2\/posts\/108538"}],"collection":[{"href":"https:\/\/www.ecinews.fr\/fr\/wp-json\/wp\/v2\/posts"}],"about":[{"href":"https:\/\/www.ecinews.fr\/fr\/wp-json\/wp\/v2\/types\/post"}],"author":[{"embeddable":true,"href":"https:\/\/www.ecinews.fr\/fr\/wp-json\/wp\/v2\/users\/22"}],"replies":[{"embeddable":true,"href":"https:\/\/www.ecinews.fr\/fr\/wp-json\/wp\/v2\/comments?post=108538"}],"version-history":[{"count":0,"href":"https:\/\/www.ecinews.fr\/fr\/wp-json\/wp\/v2\/posts\/108538\/revisions"}],"wp:featuredmedia":[{"embeddable":true,"href":"https:\/\/www.ecinews.fr\/fr\/wp-json\/wp\/v2\/media\/108539"}],"wp:attachment":[{"href":"https:\/\/www.ecinews.fr\/fr\/wp-json\/wp\/v2\/media?parent=108538"}],"wp:term":[{"taxonomy":"category","embeddable":true,"href":"https:\/\/www.ecinews.fr\/fr\/wp-json\/wp\/v2\/categories?post=108538"},{"taxonomy":"post_tag","embeddable":true,"href":"https:\/\/www.ecinews.fr\/fr\/wp-json\/wp\/v2\/tags?post=108538"},{"taxonomy":"domains","embeddable":true,"href":"https:\/\/www.ecinews.fr\/fr\/wp-json\/wp\/v2\/domains?post=108538"},{"taxonomy":"author","embeddable":true,"href":"https:\/\/www.ecinews.fr\/fr\/wp-json\/wp\/v2\/ppma_author?post=108538"}],"curies":[{"name":"wp","href":"https:\/\/api.w.org\/{rel}","templated":true}]}}