{"id":106978,"date":"2018-10-09T23:58:21","date_gmt":"2018-10-09T23:58:21","guid":{"rendered":"https:\/\/\/batteries-flexibles-pour-equipements-portables\/"},"modified":"2018-10-09T23:58:21","modified_gmt":"2018-10-09T23:58:21","slug":"batteries-flexibles-pour-equipements-portables","status":"publish","type":"post","link":"https:\/\/www.ecinews.fr\/fr\/batteries-flexibles-pour-equipements-portables\/","title":{"rendered":"Batteries flexibles pour \u00e9quipements portables"},"content":{"rendered":"<p>Il existe un \u00e9norme potentiel de croissance dans le secteur des \u00e9quipements portables, qui devrait atteindre une valeur de march\u00e9 de 72 milliards d\u2019euros d\u2019ici 2020.<\/p>\n<p>Les trois batteries segment\u00e9es du bracelet ont chacune une capacit\u00e9 de 300 mAh, une capacit\u00e9 de stockage de 1,1 Wh et une perte de moins de trois pour cent de leur capacit\u00e9 de charge par an. Cela suffit pour alimenter une montre intelligente conventionnelle sans perte d&rsquo;ex\u00e9cution. Le prototype bat des produits bien \u00e9tablis, tels que les montres intelligentes, dans lesquelles la pile est uniquement int\u00e9gr\u00e9e au bo\u00eetier de la montre et non au bracelet.<\/p>\n<p>\u00abSi vous rendez une batterie extr\u00eamement flexible, sa densit\u00e9 \u00e9nerg\u00e9tique sera tr\u00e8s faible. Il est donc pr\u00e9f\u00e9rable d\u2019adopter une approche segment\u00e9e\u00bb, a d\u00e9clar\u00e9 Robert Hahn, chercheur au sein du d\u00e9partement Fraunhofer IZM pour les syst\u00e8mes de capteurs RF et intelligents.<\/p>\n<p>Au lieu de rendre les batteries extr\u00eamement flexibles au d\u00e9triment de la densit\u00e9 \u00e9nerg\u00e9tique et de la fiabilit\u00e9, l&rsquo;institut s&rsquo;est concentr\u00e9 sur la conception de batteries tr\u00e8s petites et puissantes et a optimis\u00e9 la technologie de montage afin que les batteries soient flexibles entre les segments. Cela permet \u00e0 la bande intelligente d&rsquo;\u00eatre flexible tout en conservant beaucoup plus de puissance que les autres bracelets intelligents disponibles sur le march\u00e9.<\/p>\n<p><a href=\"http:\/\/www.fraunhofer.de\">www.fraunhofer.de<\/a><\/p>\n<p><a href=\"http:\/\/www.electronique-eci.com\/news\/le-cea-et-fraunhofer-ise-renforcent-leur-cooperation-dans-les-cellules-solaires-tres-hautes\">Autre article fraunhofer<\/a><\/p>\n","protected":false},"excerpt":{"rendered":"<p>Des chercheurs de Fraunhofer IZM en Allemagne ont mis au point un prototype de bracelet intelligent dot\u00e9 de piles flexibles.<\/p>\n","protected":false},"author":11,"featured_media":106979,"comment_status":"closed","ping_status":"closed","sticky":false,"template":"","format":"standard","meta":{"_acf_changed":false,"footnotes":""},"categories":[883],"tags":[],"domains":[47],"ppma_author":[1143],"class_list":["post-106978","post","type-post","status-publish","format-standard","has-post-thumbnail","hentry","category-technologies","domains-electronique-eci"],"acf":[],"yoast_head":"<title>Batteries flexibles pour \u00e9quipements portables ...<\/title>\n<meta name=\"description\" content=\"Des chercheurs de Fraunhofer IZM en Allemagne ont mis au point un prototype de bracelet intelligent dot\u00e9 de piles flexibles.\" \/>\n<meta name=\"robots\" content=\"index, follow, max-snippet:-1, max-image-preview:large, max-video-preview:-1\" \/>\n<link rel=\"canonical\" href=\"https:\/\/www.ecinews.fr\/fr\/wp-json\/wp\/v2\/posts\/106978\/\" \/>\n<meta property=\"og:locale\" content=\"fr_FR\" \/>\n<meta property=\"og:type\" content=\"article\" \/>\n<meta property=\"og:title\" content=\"Batteries flexibles pour \u00e9quipements portables\" \/>\n<meta property=\"og:description\" content=\"Des chercheurs de Fraunhofer IZM en Allemagne ont mis au point un prototype de bracelet intelligent dot\u00e9 de piles flexibles.\" \/>\n<meta property=\"og:url\" content=\"https:\/\/www.ecinews.fr\/fr\/wp-json\/wp\/v2\/posts\/106978\/\" \/>\n<meta property=\"og:site_name\" content=\"EENewsEurope\" \/>\n<meta property=\"article:published_time\" content=\"2018-10-09T23:58:21+00:00\" \/>\n<meta property=\"og:image\" content=\"https:\/\/www.ecinews.fr\/wp-content\/uploads\/import\/default\/files\/sites\/default\/files\/images\/flexible_microbattery03_0.jpg\" \/>\n\t<meta property=\"og:image:width\" content=\"595\" \/>\n\t<meta property=\"og:image:height\" content=\"397\" \/>\n\t<meta property=\"og:image:type\" content=\"image\/jpeg\" \/>\n<meta name=\"author\" content=\"Daniel Cardon\" \/>\n<meta name=\"twitter:card\" content=\"summary_large_image\" \/>\n<meta name=\"twitter:label1\" content=\"Written by\" \/>\n\t<meta name=\"twitter:data1\" content=\"Daniel Cardon\" \/>\n\t<meta name=\"twitter:label2\" content=\"Est. reading time\" \/>\n\t<meta name=\"twitter:data2\" content=\"1 minute\" \/>\n<script type=\"application\/ld+json\" class=\"yoast-schema-graph\">{\"@context\":\"https:\/\/schema.org\",\"@graph\":[{\"@type\":\"Article\",\"@id\":\"https:\/\/www.ecinews.fr\/fr\/batteries-flexibles-pour-equipements-portables\/#article\",\"isPartOf\":{\"@id\":\"https:\/\/www.ecinews.fr\/fr\/batteries-flexibles-pour-equipements-portables\/\"},\"author\":{\"name\":\"Daniel Cardon\",\"@id\":\"https:\/\/www.eenewseurope.com\/en\/#\/schema\/person\/93c44cde463762f40a8236eaa44c1c17\"},\"headline\":\"Batteries flexibles pour \u00e9quipements portables\",\"datePublished\":\"2018-10-09T23:58:21+00:00\",\"dateModified\":\"2018-10-09T23:58:21+00:00\",\"mainEntityOfPage\":{\"@id\":\"https:\/\/www.ecinews.fr\/fr\/batteries-flexibles-pour-equipements-portables\/\"},\"wordCount\":242,\"publisher\":{\"@id\":\"https:\/\/www.eenewseurope.com\/en\/#organization\"},\"articleSection\":[\"Technologies\"],\"inLanguage\":\"fr-FR\"},{\"@type\":\"WebPage\",\"@id\":\"https:\/\/www.ecinews.fr\/fr\/batteries-flexibles-pour-equipements-portables\/\",\"url\":\"https:\/\/www.ecinews.fr\/fr\/batteries-flexibles-pour-equipements-portables\/\",\"name\":\"Batteries flexibles pour \u00e9quipements portables -\",\"isPartOf\":{\"@id\":\"https:\/\/www.eenewseurope.com\/en\/#website\"},\"datePublished\":\"2018-10-09T23:58:21+00:00\",\"dateModified\":\"2018-10-09T23:58:21+00:00\",\"breadcrumb\":{\"@id\":\"https:\/\/www.ecinews.fr\/fr\/batteries-flexibles-pour-equipements-portables\/#breadcrumb\"},\"inLanguage\":\"fr-FR\",\"potentialAction\":[{\"@type\":\"ReadAction\",\"target\":[\"https:\/\/www.ecinews.fr\/fr\/batteries-flexibles-pour-equipements-portables\/\"]}]},{\"@type\":\"BreadcrumbList\",\"@id\":\"https:\/\/www.ecinews.fr\/fr\/batteries-flexibles-pour-equipements-portables\/#breadcrumb\",\"itemListElement\":[{\"@type\":\"ListItem\",\"position\":1,\"name\":\"Home\",\"item\":\"https:\/\/www.ecinews.fr\/fr\/\"},{\"@type\":\"ListItem\",\"position\":2,\"name\":\"Batteries flexibles pour \u00e9quipements portables\"}]},{\"@type\":\"WebSite\",\"@id\":\"https:\/\/www.eenewseurope.com\/en\/#website\",\"url\":\"https:\/\/www.eenewseurope.com\/en\/\",\"name\":\"EENewsEurope\",\"description\":\"Just another WordPress site\",\"publisher\":{\"@id\":\"https:\/\/www.eenewseurope.com\/en\/#organization\"},\"potentialAction\":[{\"@type\":\"SearchAction\",\"target\":{\"@type\":\"EntryPoint\",\"urlTemplate\":\"https:\/\/www.eenewseurope.com\/en\/?s={search_term_string}\"},\"query-input\":\"required name=search_term_string\"}],\"inLanguage\":\"fr-FR\"},{\"@type\":\"Organization\",\"@id\":\"https:\/\/www.eenewseurope.com\/en\/#organization\",\"name\":\"EENewsEurope\",\"url\":\"https:\/\/www.eenewseurope.com\/en\/\",\"logo\":{\"@type\":\"ImageObject\",\"inLanguage\":\"fr-FR\",\"@id\":\"https:\/\/www.eenewseurope.com\/en\/#\/schema\/logo\/image\/\",\"url\":\"https:\/\/www.ecinews.fr\/wp-content\/uploads\/2022\/02\/logo-1.jpg\",\"contentUrl\":\"https:\/\/www.ecinews.fr\/wp-content\/uploads\/2022\/02\/logo-1.jpg\",\"width\":283,\"height\":113,\"caption\":\"EENewsEurope\"},\"image\":{\"@id\":\"https:\/\/www.eenewseurope.com\/en\/#\/schema\/logo\/image\/\"}},{\"@type\":\"Person\",\"@id\":\"https:\/\/www.eenewseurope.com\/en\/#\/schema\/person\/93c44cde463762f40a8236eaa44c1c17\",\"name\":\"Daniel Cardon\",\"image\":{\"@type\":\"ImageObject\",\"inLanguage\":\"fr-FR\",\"@id\":\"https:\/\/www.eenewseurope.com\/en\/#\/schema\/person\/image\/2b243f6bcc1cff7d86aadfb2cd0bd870\",\"url\":\"https:\/\/secure.gravatar.com\/avatar\/de9edc136dfc061ad4778e04635baefa?s=96&d=mm&r=g\",\"contentUrl\":\"https:\/\/secure.gravatar.com\/avatar\/de9edc136dfc061ad4778e04635baefa?s=96&d=mm&r=g\",\"caption\":\"Daniel Cardon\"}}]}<\/script>","yoast_head_json":{"title":"Batteries flexibles pour \u00e9quipements portables ...","description":"Des chercheurs de Fraunhofer IZM en Allemagne ont mis au point un prototype de bracelet intelligent dot\u00e9 de piles flexibles.","robots":{"index":"index","follow":"follow","max-snippet":"max-snippet:-1","max-image-preview":"max-image-preview:large","max-video-preview":"max-video-preview:-1"},"canonical":"https:\/\/www.ecinews.fr\/fr\/wp-json\/wp\/v2\/posts\/106978\/","og_locale":"fr_FR","og_type":"article","og_title":"Batteries flexibles pour \u00e9quipements portables","og_description":"Des chercheurs de Fraunhofer IZM en Allemagne ont mis au point un prototype de bracelet intelligent dot\u00e9 de piles flexibles.","og_url":"https:\/\/www.ecinews.fr\/fr\/wp-json\/wp\/v2\/posts\/106978\/","og_site_name":"EENewsEurope","article_published_time":"2018-10-09T23:58:21+00:00","og_image":[{"width":595,"height":397,"url":"https:\/\/www.ecinews.fr\/wp-content\/uploads\/import\/default\/files\/sites\/default\/files\/images\/flexible_microbattery03_0.jpg","type":"image\/jpeg"}],"author":"Daniel Cardon","twitter_card":"summary_large_image","twitter_misc":{"Written by":"Daniel Cardon","Est. reading time":"1 minute"},"schema":{"@context":"https:\/\/schema.org","@graph":[{"@type":"Article","@id":"https:\/\/www.ecinews.fr\/fr\/batteries-flexibles-pour-equipements-portables\/#article","isPartOf":{"@id":"https:\/\/www.ecinews.fr\/fr\/batteries-flexibles-pour-equipements-portables\/"},"author":{"name":"Daniel Cardon","@id":"https:\/\/www.eenewseurope.com\/en\/#\/schema\/person\/93c44cde463762f40a8236eaa44c1c17"},"headline":"Batteries flexibles pour \u00e9quipements portables","datePublished":"2018-10-09T23:58:21+00:00","dateModified":"2018-10-09T23:58:21+00:00","mainEntityOfPage":{"@id":"https:\/\/www.ecinews.fr\/fr\/batteries-flexibles-pour-equipements-portables\/"},"wordCount":242,"publisher":{"@id":"https:\/\/www.eenewseurope.com\/en\/#organization"},"articleSection":["Technologies"],"inLanguage":"fr-FR"},{"@type":"WebPage","@id":"https:\/\/www.ecinews.fr\/fr\/batteries-flexibles-pour-equipements-portables\/","url":"https:\/\/www.ecinews.fr\/fr\/batteries-flexibles-pour-equipements-portables\/","name":"Batteries flexibles pour \u00e9quipements portables -","isPartOf":{"@id":"https:\/\/www.eenewseurope.com\/en\/#website"},"datePublished":"2018-10-09T23:58:21+00:00","dateModified":"2018-10-09T23:58:21+00:00","breadcrumb":{"@id":"https:\/\/www.ecinews.fr\/fr\/batteries-flexibles-pour-equipements-portables\/#breadcrumb"},"inLanguage":"fr-FR","potentialAction":[{"@type":"ReadAction","target":["https:\/\/www.ecinews.fr\/fr\/batteries-flexibles-pour-equipements-portables\/"]}]},{"@type":"BreadcrumbList","@id":"https:\/\/www.ecinews.fr\/fr\/batteries-flexibles-pour-equipements-portables\/#breadcrumb","itemListElement":[{"@type":"ListItem","position":1,"name":"Home","item":"https:\/\/www.ecinews.fr\/fr\/"},{"@type":"ListItem","position":2,"name":"Batteries flexibles pour \u00e9quipements portables"}]},{"@type":"WebSite","@id":"https:\/\/www.eenewseurope.com\/en\/#website","url":"https:\/\/www.eenewseurope.com\/en\/","name":"EENewsEurope","description":"Just another WordPress site","publisher":{"@id":"https:\/\/www.eenewseurope.com\/en\/#organization"},"potentialAction":[{"@type":"SearchAction","target":{"@type":"EntryPoint","urlTemplate":"https:\/\/www.eenewseurope.com\/en\/?s={search_term_string}"},"query-input":"required name=search_term_string"}],"inLanguage":"fr-FR"},{"@type":"Organization","@id":"https:\/\/www.eenewseurope.com\/en\/#organization","name":"EENewsEurope","url":"https:\/\/www.eenewseurope.com\/en\/","logo":{"@type":"ImageObject","inLanguage":"fr-FR","@id":"https:\/\/www.eenewseurope.com\/en\/#\/schema\/logo\/image\/","url":"https:\/\/www.ecinews.fr\/wp-content\/uploads\/2022\/02\/logo-1.jpg","contentUrl":"https:\/\/www.ecinews.fr\/wp-content\/uploads\/2022\/02\/logo-1.jpg","width":283,"height":113,"caption":"EENewsEurope"},"image":{"@id":"https:\/\/www.eenewseurope.com\/en\/#\/schema\/logo\/image\/"}},{"@type":"Person","@id":"https:\/\/www.eenewseurope.com\/en\/#\/schema\/person\/93c44cde463762f40a8236eaa44c1c17","name":"Daniel Cardon","image":{"@type":"ImageObject","inLanguage":"fr-FR","@id":"https:\/\/www.eenewseurope.com\/en\/#\/schema\/person\/image\/2b243f6bcc1cff7d86aadfb2cd0bd870","url":"https:\/\/secure.gravatar.com\/avatar\/de9edc136dfc061ad4778e04635baefa?s=96&d=mm&r=g","contentUrl":"https:\/\/secure.gravatar.com\/avatar\/de9edc136dfc061ad4778e04635baefa?s=96&d=mm&r=g","caption":"Daniel Cardon"}}]}},"authors":[{"term_id":1143,"user_id":11,"is_guest":0,"slug":"danielcardon","display_name":"Daniel Cardon","avatar_url":"https:\/\/secure.gravatar.com\/avatar\/de9edc136dfc061ad4778e04635baefa?s=96&d=mm&r=g","0":null,"1":"","2":"","3":"","4":"","5":"","6":"","7":"","8":""}],"_links":{"self":[{"href":"https:\/\/www.ecinews.fr\/fr\/wp-json\/wp\/v2\/posts\/106978"}],"collection":[{"href":"https:\/\/www.ecinews.fr\/fr\/wp-json\/wp\/v2\/posts"}],"about":[{"href":"https:\/\/www.ecinews.fr\/fr\/wp-json\/wp\/v2\/types\/post"}],"author":[{"embeddable":true,"href":"https:\/\/www.ecinews.fr\/fr\/wp-json\/wp\/v2\/users\/11"}],"replies":[{"embeddable":true,"href":"https:\/\/www.ecinews.fr\/fr\/wp-json\/wp\/v2\/comments?post=106978"}],"version-history":[{"count":0,"href":"https:\/\/www.ecinews.fr\/fr\/wp-json\/wp\/v2\/posts\/106978\/revisions"}],"wp:featuredmedia":[{"embeddable":true,"href":"https:\/\/www.ecinews.fr\/fr\/wp-json\/wp\/v2\/media\/106979"}],"wp:attachment":[{"href":"https:\/\/www.ecinews.fr\/fr\/wp-json\/wp\/v2\/media?parent=106978"}],"wp:term":[{"taxonomy":"category","embeddable":true,"href":"https:\/\/www.ecinews.fr\/fr\/wp-json\/wp\/v2\/categories?post=106978"},{"taxonomy":"post_tag","embeddable":true,"href":"https:\/\/www.ecinews.fr\/fr\/wp-json\/wp\/v2\/tags?post=106978"},{"taxonomy":"domains","embeddable":true,"href":"https:\/\/www.ecinews.fr\/fr\/wp-json\/wp\/v2\/domains?post=106978"},{"taxonomy":"author","embeddable":true,"href":"https:\/\/www.ecinews.fr\/fr\/wp-json\/wp\/v2\/ppma_author?post=106978"}],"curies":[{"name":"wp","href":"https:\/\/api.w.org\/{rel}","templated":true}]}}