{"id":105790,"date":"2018-10-21T22:24:10","date_gmt":"2018-10-21T22:24:10","guid":{"rendered":"https:\/\/\/nouvelle-ere-pour-le-lifi-avec-la-2eme-generation-de-lucibel\/"},"modified":"2018-10-21T22:24:10","modified_gmt":"2018-10-21T22:24:10","slug":"nouvelle-ere-pour-le-lifi-avec-la-2eme-generation-de-lucibel","status":"publish","type":"post","link":"https:\/\/www.ecinews.fr\/fr\/nouvelle-ere-pour-le-lifi-avec-la-2eme-generation-de-lucibel\/","title":{"rendered":"Nouvelle \u00e8re pour le LiFi, avec la 2\u00e8me g\u00e9n\u00e9ration de Lucibel"},"content":{"rendered":"<p>Convaincu du tr\u00e8s fort potentiel des technologies de transmission de donn\u00e9es par la lumi\u00e8re dans les prochaines ann\u00e9es, Lucibel, intensifie ses d\u00e9veloppements technologiques dans ce domaine. Ainsi, quatre mois apr\u00e8s l\u2019officialisation par l\u2019organisation internationale IEEE (Institute of Electrical and Electronics Engineers) Standards Association de la cr\u00e9ation du futur standard LiFi 802.11bb, Lucibel met sur le march\u00e9 une 2\u00e8me g\u00e9n\u00e9ration de produits, issue d\u2019un d\u00e9veloppement avec son partenaire, l&rsquo;\u00e9cossais PureLiFi. Cette 2\u00e8me g\u00e9n\u00e9ration sera commercialis\u00e9e par Lucibel d\u00e8s novembre 2018.<\/p>\n<p>La 1\u00e8re g\u00e9n\u00e9ration LiFi de Lucibel &nbsp;a \u00e9t\u00e9 commercialis\u00e9e aupr\u00e8s de plus de 100 clients (banques, entreprises du secteur de la d\u00e9fense, centres de R&amp;D, si\u00e8ges sociaux, usines, h\u00f4pitaux, cr\u00e8ches, \u2026). Ces premiers utilisateurs du LiFi ont confirm\u00e9 l\u2019int\u00e9r\u00eat de cette solution d\u2019\u00e9clairage qui permet une connexion \u00e0 internet sans fil, s\u00e9curis\u00e9e, sans ondes radiofr\u00e9quence et offrant une excellente qualit\u00e9 de service.<\/p>\n<p>Alors que la 1\u00e8re g\u00e9n\u00e9ration a \u00e9t\u00e9 d\u00e9ploy\u00e9e sur des projets pilotes, en phase d\u2019exp\u00e9rimentation, la seconde &nbsp;va permettre un d\u00e9ploiement plus large, gr\u00e2ce \u00e0 des performances am\u00e9lior\u00e9es et \u00e0 un prix de commercialisation sensiblement plus bas.&nbsp;Avec un d\u00e9bit en hausse, qui passe de 42 mbps \u00e0 54 mbps, la 2 \u00e8me g\u00e9n\u00e9ration LiFi de Lucibel va permettre un usage encore plus confortable dans l\u2019acc\u00e8s \u00e0 internet.<\/p>\n<p>De plus, cette 2\u00e8me g\u00e9n\u00e9ration permet la connexion s\u00e9curis\u00e9e &nbsp;simultan\u00e9e de 16 utilisateurs, sous le c\u00f4ne de lumi\u00e8re, contre 8 jusqu\u2019\u00e0 pr\u00e9sent. Le design du produit a \u00e9t\u00e9 revu pour permettre une meilleure int\u00e9gration des fonctions d&rsquo;\u00e9clairage\u2019 et de connectivit\u00e9.&nbsp;Enfin, la technologie Power over Ethernet (PoE), qui pr\u00e9figure une mutation profonde de l\u2019architecture du b\u00e2timent, est d\u00e9sormais int\u00e9gr\u00e9e de fa\u00e7on native dans les luminaires LiFi. Cette fonctionnalit\u00e9 permet de s\u2019affranchir du c\u00e2ble \u00e9lectrique et constitue une avanc\u00e9e majeure dans l\u2019\u00e9volution de l\u2019architecture r\u00e9seau des b\u00e2timents.<\/p>\n<hr \/>\n<p><strong>Un prix de commercialisation divis\u00e9 par plus de 2<\/strong><\/p>\n<p>Le passage d\u2019une technologie de cartes FPGA \u00e0 une carte ASIC permet \u00e0 Lucibel de diviser par plus de 2 le prix de sa solution LiFi. En effet, alors que la 1\u00e8re g\u00e9n\u00e9ration \u00e9tait propos\u00e9e \u00e0 un prix public de 2 500 \u20ac pour un luminaire et une cl\u00e9 LiFi, la 2nde g\u00e9n\u00e9ration sera commercialis\u00e9e 1 100 \u20ac (750 \u20ac pour le luminaire et 350 \u20ac pour la cl\u00e9). Ces performances techniques am\u00e9lior\u00e9es, coupl\u00e9es \u00e0 un prix de vente r\u00e9duit, vont permettre au LiFi de se positionner comme la solution id\u00e9ale pour assurer la connectivit\u00e9 dans tous les environnements o\u00f9 le Wifi est techniquement peu ou pas d\u00e9ployable.<\/p>\n<p>* Light Fidelity, solution d\u2019acc\u00e8s \u00e0 internet par la lumi\u00e8re<\/p>\n<p><a href=\"http:\/\/www.lucibel.io\/web\/guest\/accueil\">http:\/\/www.lucibel.io\/web\/guest\/accueil<\/a><\/p>\n","protected":false},"excerpt":{"rendered":"<p>Alors que le march\u00e9 mondial de l\u2019\u00e9clairage LED est estim\u00e9 \u00e0 39 Mds d\u2019euros en 2023, celui des technologies de transmission de donn\u00e9es par la lumi\u00e8re, dont le LiFi devrait repr\u00e9senter 65 Mds d\u2019euros, selon une \u00e9tude de Research and Markets. En septembre 2016, Lucibel avait mis sur le march\u00e9 le 1er luminaire LiFi industrialis\u00e9 au monde.<\/p>\n","protected":false},"author":11,"featured_media":105791,"comment_status":"closed","ping_status":"closed","sticky":false,"template":"","format":"standard","meta":{"_acf_changed":false,"footnotes":""},"categories":[883],"tags":[892],"domains":[47],"ppma_author":[1143],"class_list":["post-105790","post","type-post","status-publish","format-standard","has-post-thumbnail","hentry","category-technologies","tag-ledlighting-fr","domains-electronique-eci"],"acf":[],"yoast_head":"<title>Nouvelle \u00e8re pour le LiFi, avec la 2\u00e8me g\u00e9n\u00e9ration de Lucibel ...<\/title>\n<meta name=\"description\" content=\"Alors que le march\u00e9 mondial de l\u2019\u00e9clairage LED est estim\u00e9 \u00e0 39 Mds d\u2019euros en 2023, celui des technologies de transmission de donn\u00e9es par la...\" \/>\n<meta name=\"robots\" content=\"index, follow, max-snippet:-1, max-image-preview:large, max-video-preview:-1\" \/>\n<link rel=\"canonical\" href=\"https:\/\/www.ecinews.fr\/fr\/wp-json\/wp\/v2\/posts\/105790\/\" \/>\n<meta property=\"og:locale\" content=\"fr_FR\" \/>\n<meta property=\"og:type\" content=\"article\" \/>\n<meta property=\"og:title\" content=\"Nouvelle \u00e8re pour le LiFi, avec la 2\u00e8me g\u00e9n\u00e9ration de Lucibel\" \/>\n<meta property=\"og:description\" content=\"Alors que le march\u00e9 mondial de l\u2019\u00e9clairage LED est estim\u00e9 \u00e0 39 Mds d\u2019euros en 2023, celui des technologies de transmission de donn\u00e9es par la lumi\u00e8re, dont le LiFi devrait repr\u00e9senter 65 Mds d\u2019euros, selon une \u00e9tude de Research and Markets. En septembre 2016, Lucibel avait mis sur le march\u00e9 le 1er luminaire LiFi industrialis\u00e9 au monde.\" \/>\n<meta property=\"og:url\" content=\"https:\/\/www.ecinews.fr\/fr\/wp-json\/wp\/v2\/posts\/105790\/\" \/>\n<meta property=\"og:site_name\" content=\"EENewsEurope\" \/>\n<meta property=\"article:published_time\" content=\"2018-10-21T22:24:10+00:00\" \/>\n<meta property=\"og:image\" content=\"https:\/\/www.ecinews.fr\/wp-content\/uploads\/import\/default\/files\/sites\/default\/files\/images\/lucibel_lifi.jpg\" \/>\n\t<meta property=\"og:image:width\" content=\"500\" \/>\n\t<meta property=\"og:image:height\" content=\"190\" \/>\n\t<meta property=\"og:image:type\" content=\"image\/jpeg\" \/>\n<meta name=\"author\" content=\"Daniel Cardon\" \/>\n<meta name=\"twitter:card\" content=\"summary_large_image\" \/>\n<meta name=\"twitter:label1\" content=\"Written by\" \/>\n\t<meta name=\"twitter:data1\" content=\"Daniel Cardon\" \/>\n\t<meta name=\"twitter:label2\" content=\"Est. reading time\" \/>\n\t<meta name=\"twitter:data2\" content=\"2 minutes\" \/>\n<script type=\"application\/ld+json\" class=\"yoast-schema-graph\">{\"@context\":\"https:\/\/schema.org\",\"@graph\":[{\"@type\":\"Article\",\"@id\":\"https:\/\/www.ecinews.fr\/fr\/nouvelle-ere-pour-le-lifi-avec-la-2eme-generation-de-lucibel\/#article\",\"isPartOf\":{\"@id\":\"https:\/\/www.ecinews.fr\/fr\/nouvelle-ere-pour-le-lifi-avec-la-2eme-generation-de-lucibel\/\"},\"author\":{\"name\":\"Daniel Cardon\",\"@id\":\"https:\/\/www.eenewseurope.com\/en\/#\/schema\/person\/93c44cde463762f40a8236eaa44c1c17\"},\"headline\":\"Nouvelle \u00e8re pour le LiFi, avec la 2\u00e8me g\u00e9n\u00e9ration de Lucibel\",\"datePublished\":\"2018-10-21T22:24:10+00:00\",\"dateModified\":\"2018-10-21T22:24:10+00:00\",\"mainEntityOfPage\":{\"@id\":\"https:\/\/www.ecinews.fr\/fr\/nouvelle-ere-pour-le-lifi-avec-la-2eme-generation-de-lucibel\/\"},\"wordCount\":506,\"publisher\":{\"@id\":\"https:\/\/www.eenewseurope.com\/en\/#organization\"},\"keywords\":[\"LEDlighting\"],\"articleSection\":[\"Technologies\"],\"inLanguage\":\"fr-FR\"},{\"@type\":\"WebPage\",\"@id\":\"https:\/\/www.ecinews.fr\/fr\/nouvelle-ere-pour-le-lifi-avec-la-2eme-generation-de-lucibel\/\",\"url\":\"https:\/\/www.ecinews.fr\/fr\/nouvelle-ere-pour-le-lifi-avec-la-2eme-generation-de-lucibel\/\",\"name\":\"Nouvelle \u00e8re pour le LiFi, avec la 2\u00e8me g\u00e9n\u00e9ration de Lucibel -\",\"isPartOf\":{\"@id\":\"https:\/\/www.eenewseurope.com\/en\/#website\"},\"datePublished\":\"2018-10-21T22:24:10+00:00\",\"dateModified\":\"2018-10-21T22:24:10+00:00\",\"breadcrumb\":{\"@id\":\"https:\/\/www.ecinews.fr\/fr\/nouvelle-ere-pour-le-lifi-avec-la-2eme-generation-de-lucibel\/#breadcrumb\"},\"inLanguage\":\"fr-FR\",\"potentialAction\":[{\"@type\":\"ReadAction\",\"target\":[\"https:\/\/www.ecinews.fr\/fr\/nouvelle-ere-pour-le-lifi-avec-la-2eme-generation-de-lucibel\/\"]}]},{\"@type\":\"BreadcrumbList\",\"@id\":\"https:\/\/www.ecinews.fr\/fr\/nouvelle-ere-pour-le-lifi-avec-la-2eme-generation-de-lucibel\/#breadcrumb\",\"itemListElement\":[{\"@type\":\"ListItem\",\"position\":1,\"name\":\"Home\",\"item\":\"https:\/\/www.ecinews.fr\/fr\/\"},{\"@type\":\"ListItem\",\"position\":2,\"name\":\"Nouvelle \u00e8re pour le LiFi, avec la 2\u00e8me g\u00e9n\u00e9ration de Lucibel\"}]},{\"@type\":\"WebSite\",\"@id\":\"https:\/\/www.eenewseurope.com\/en\/#website\",\"url\":\"https:\/\/www.eenewseurope.com\/en\/\",\"name\":\"EENewsEurope\",\"description\":\"Just another WordPress site\",\"publisher\":{\"@id\":\"https:\/\/www.eenewseurope.com\/en\/#organization\"},\"potentialAction\":[{\"@type\":\"SearchAction\",\"target\":{\"@type\":\"EntryPoint\",\"urlTemplate\":\"https:\/\/www.eenewseurope.com\/en\/?s={search_term_string}\"},\"query-input\":\"required name=search_term_string\"}],\"inLanguage\":\"fr-FR\"},{\"@type\":\"Organization\",\"@id\":\"https:\/\/www.eenewseurope.com\/en\/#organization\",\"name\":\"EENewsEurope\",\"url\":\"https:\/\/www.eenewseurope.com\/en\/\",\"logo\":{\"@type\":\"ImageObject\",\"inLanguage\":\"fr-FR\",\"@id\":\"https:\/\/www.eenewseurope.com\/en\/#\/schema\/logo\/image\/\",\"url\":\"https:\/\/www.ecinews.fr\/wp-content\/uploads\/2022\/02\/logo-1.jpg\",\"contentUrl\":\"https:\/\/www.ecinews.fr\/wp-content\/uploads\/2022\/02\/logo-1.jpg\",\"width\":283,\"height\":113,\"caption\":\"EENewsEurope\"},\"image\":{\"@id\":\"https:\/\/www.eenewseurope.com\/en\/#\/schema\/logo\/image\/\"}},{\"@type\":\"Person\",\"@id\":\"https:\/\/www.eenewseurope.com\/en\/#\/schema\/person\/93c44cde463762f40a8236eaa44c1c17\",\"name\":\"Daniel Cardon\",\"image\":{\"@type\":\"ImageObject\",\"inLanguage\":\"fr-FR\",\"@id\":\"https:\/\/www.eenewseurope.com\/en\/#\/schema\/person\/image\/2b243f6bcc1cff7d86aadfb2cd0bd870\",\"url\":\"https:\/\/secure.gravatar.com\/avatar\/de9edc136dfc061ad4778e04635baefa?s=96&d=mm&r=g\",\"contentUrl\":\"https:\/\/secure.gravatar.com\/avatar\/de9edc136dfc061ad4778e04635baefa?s=96&d=mm&r=g\",\"caption\":\"Daniel Cardon\"}}]}<\/script>","yoast_head_json":{"title":"Nouvelle \u00e8re pour le LiFi, avec la 2\u00e8me g\u00e9n\u00e9ration de Lucibel ...","description":"Alors que le march\u00e9 mondial de l\u2019\u00e9clairage LED est estim\u00e9 \u00e0 39 Mds d\u2019euros en 2023, celui des technologies de transmission de donn\u00e9es par la...","robots":{"index":"index","follow":"follow","max-snippet":"max-snippet:-1","max-image-preview":"max-image-preview:large","max-video-preview":"max-video-preview:-1"},"canonical":"https:\/\/www.ecinews.fr\/fr\/wp-json\/wp\/v2\/posts\/105790\/","og_locale":"fr_FR","og_type":"article","og_title":"Nouvelle \u00e8re pour le LiFi, avec la 2\u00e8me g\u00e9n\u00e9ration de Lucibel","og_description":"Alors que le march\u00e9 mondial de l\u2019\u00e9clairage LED est estim\u00e9 \u00e0 39 Mds d\u2019euros en 2023, celui des technologies de transmission de donn\u00e9es par la lumi\u00e8re, dont le LiFi devrait repr\u00e9senter 65 Mds d\u2019euros, selon une \u00e9tude de Research and Markets. En septembre 2016, Lucibel avait mis sur le march\u00e9 le 1er luminaire LiFi industrialis\u00e9 au monde.","og_url":"https:\/\/www.ecinews.fr\/fr\/wp-json\/wp\/v2\/posts\/105790\/","og_site_name":"EENewsEurope","article_published_time":"2018-10-21T22:24:10+00:00","og_image":[{"width":500,"height":190,"url":"https:\/\/www.ecinews.fr\/wp-content\/uploads\/import\/default\/files\/sites\/default\/files\/images\/lucibel_lifi.jpg","type":"image\/jpeg"}],"author":"Daniel Cardon","twitter_card":"summary_large_image","twitter_misc":{"Written by":"Daniel Cardon","Est. reading time":"2 minutes"},"schema":{"@context":"https:\/\/schema.org","@graph":[{"@type":"Article","@id":"https:\/\/www.ecinews.fr\/fr\/nouvelle-ere-pour-le-lifi-avec-la-2eme-generation-de-lucibel\/#article","isPartOf":{"@id":"https:\/\/www.ecinews.fr\/fr\/nouvelle-ere-pour-le-lifi-avec-la-2eme-generation-de-lucibel\/"},"author":{"name":"Daniel Cardon","@id":"https:\/\/www.eenewseurope.com\/en\/#\/schema\/person\/93c44cde463762f40a8236eaa44c1c17"},"headline":"Nouvelle \u00e8re pour le LiFi, avec la 2\u00e8me g\u00e9n\u00e9ration de Lucibel","datePublished":"2018-10-21T22:24:10+00:00","dateModified":"2018-10-21T22:24:10+00:00","mainEntityOfPage":{"@id":"https:\/\/www.ecinews.fr\/fr\/nouvelle-ere-pour-le-lifi-avec-la-2eme-generation-de-lucibel\/"},"wordCount":506,"publisher":{"@id":"https:\/\/www.eenewseurope.com\/en\/#organization"},"keywords":["LEDlighting"],"articleSection":["Technologies"],"inLanguage":"fr-FR"},{"@type":"WebPage","@id":"https:\/\/www.ecinews.fr\/fr\/nouvelle-ere-pour-le-lifi-avec-la-2eme-generation-de-lucibel\/","url":"https:\/\/www.ecinews.fr\/fr\/nouvelle-ere-pour-le-lifi-avec-la-2eme-generation-de-lucibel\/","name":"Nouvelle \u00e8re pour le LiFi, avec la 2\u00e8me g\u00e9n\u00e9ration de Lucibel -","isPartOf":{"@id":"https:\/\/www.eenewseurope.com\/en\/#website"},"datePublished":"2018-10-21T22:24:10+00:00","dateModified":"2018-10-21T22:24:10+00:00","breadcrumb":{"@id":"https:\/\/www.ecinews.fr\/fr\/nouvelle-ere-pour-le-lifi-avec-la-2eme-generation-de-lucibel\/#breadcrumb"},"inLanguage":"fr-FR","potentialAction":[{"@type":"ReadAction","target":["https:\/\/www.ecinews.fr\/fr\/nouvelle-ere-pour-le-lifi-avec-la-2eme-generation-de-lucibel\/"]}]},{"@type":"BreadcrumbList","@id":"https:\/\/www.ecinews.fr\/fr\/nouvelle-ere-pour-le-lifi-avec-la-2eme-generation-de-lucibel\/#breadcrumb","itemListElement":[{"@type":"ListItem","position":1,"name":"Home","item":"https:\/\/www.ecinews.fr\/fr\/"},{"@type":"ListItem","position":2,"name":"Nouvelle \u00e8re pour le LiFi, avec la 2\u00e8me g\u00e9n\u00e9ration de Lucibel"}]},{"@type":"WebSite","@id":"https:\/\/www.eenewseurope.com\/en\/#website","url":"https:\/\/www.eenewseurope.com\/en\/","name":"EENewsEurope","description":"Just another WordPress site","publisher":{"@id":"https:\/\/www.eenewseurope.com\/en\/#organization"},"potentialAction":[{"@type":"SearchAction","target":{"@type":"EntryPoint","urlTemplate":"https:\/\/www.eenewseurope.com\/en\/?s={search_term_string}"},"query-input":"required name=search_term_string"}],"inLanguage":"fr-FR"},{"@type":"Organization","@id":"https:\/\/www.eenewseurope.com\/en\/#organization","name":"EENewsEurope","url":"https:\/\/www.eenewseurope.com\/en\/","logo":{"@type":"ImageObject","inLanguage":"fr-FR","@id":"https:\/\/www.eenewseurope.com\/en\/#\/schema\/logo\/image\/","url":"https:\/\/www.ecinews.fr\/wp-content\/uploads\/2022\/02\/logo-1.jpg","contentUrl":"https:\/\/www.ecinews.fr\/wp-content\/uploads\/2022\/02\/logo-1.jpg","width":283,"height":113,"caption":"EENewsEurope"},"image":{"@id":"https:\/\/www.eenewseurope.com\/en\/#\/schema\/logo\/image\/"}},{"@type":"Person","@id":"https:\/\/www.eenewseurope.com\/en\/#\/schema\/person\/93c44cde463762f40a8236eaa44c1c17","name":"Daniel Cardon","image":{"@type":"ImageObject","inLanguage":"fr-FR","@id":"https:\/\/www.eenewseurope.com\/en\/#\/schema\/person\/image\/2b243f6bcc1cff7d86aadfb2cd0bd870","url":"https:\/\/secure.gravatar.com\/avatar\/de9edc136dfc061ad4778e04635baefa?s=96&d=mm&r=g","contentUrl":"https:\/\/secure.gravatar.com\/avatar\/de9edc136dfc061ad4778e04635baefa?s=96&d=mm&r=g","caption":"Daniel Cardon"}}]}},"authors":[{"term_id":1143,"user_id":11,"is_guest":0,"slug":"danielcardon","display_name":"Daniel Cardon","avatar_url":"https:\/\/secure.gravatar.com\/avatar\/de9edc136dfc061ad4778e04635baefa?s=96&d=mm&r=g","0":null,"1":"","2":"","3":"","4":"","5":"","6":"","7":"","8":""}],"_links":{"self":[{"href":"https:\/\/www.ecinews.fr\/fr\/wp-json\/wp\/v2\/posts\/105790"}],"collection":[{"href":"https:\/\/www.ecinews.fr\/fr\/wp-json\/wp\/v2\/posts"}],"about":[{"href":"https:\/\/www.ecinews.fr\/fr\/wp-json\/wp\/v2\/types\/post"}],"author":[{"embeddable":true,"href":"https:\/\/www.ecinews.fr\/fr\/wp-json\/wp\/v2\/users\/11"}],"replies":[{"embeddable":true,"href":"https:\/\/www.ecinews.fr\/fr\/wp-json\/wp\/v2\/comments?post=105790"}],"version-history":[{"count":0,"href":"https:\/\/www.ecinews.fr\/fr\/wp-json\/wp\/v2\/posts\/105790\/revisions"}],"wp:featuredmedia":[{"embeddable":true,"href":"https:\/\/www.ecinews.fr\/fr\/wp-json\/wp\/v2\/media\/105791"}],"wp:attachment":[{"href":"https:\/\/www.ecinews.fr\/fr\/wp-json\/wp\/v2\/media?parent=105790"}],"wp:term":[{"taxonomy":"category","embeddable":true,"href":"https:\/\/www.ecinews.fr\/fr\/wp-json\/wp\/v2\/categories?post=105790"},{"taxonomy":"post_tag","embeddable":true,"href":"https:\/\/www.ecinews.fr\/fr\/wp-json\/wp\/v2\/tags?post=105790"},{"taxonomy":"domains","embeddable":true,"href":"https:\/\/www.ecinews.fr\/fr\/wp-json\/wp\/v2\/domains?post=105790"},{"taxonomy":"author","embeddable":true,"href":"https:\/\/www.ecinews.fr\/fr\/wp-json\/wp\/v2\/ppma_author?post=105790"}],"curies":[{"name":"wp","href":"https:\/\/api.w.org\/{rel}","templated":true}]}}